{"id":162100,"date":"2019-12-27T12:08:06","date_gmt":"2019-12-27T11:08:06","guid":{"rendered":"https:\/\/www.realites.com.tn\/?p=162100"},"modified":"2019-12-27T12:08:06","modified_gmt":"2019-12-27T11:08:06","slug":"les-portefeuilles-de-la-defense-et-des-ae-au-centre-dun-entretien-saied-jemli","status":"publish","type":"post","link":"https:\/\/realites.com.tn\/fr\/les-portefeuilles-de-la-defense-et-des-ae-au-centre-dun-entretien-saied-jemli\/","title":{"rendered":"Les portefeuilles de la D\u00e9fense et des AE au centre d&rsquo;un entretien Sa\u00efed\/ Jemli"},"content":{"rendered":"<p>Le chef du gouvernement d\u00e9sign\u00e9 Habib Jemli devrait rencontrer dans les quelques heures qui suivent le chef de l&rsquo;Etat Ka\u00efs Sa\u00efed.<br \/>\nCet entretien devrait porter sur l&rsquo;\u00e9tat d&rsquo;avancement du processus des n\u00e9gociations li\u00e9es \u00e0 la formation du prochain gouvernement. Cette rencontre portera notamment sur les noms propos\u00e9s par le chef du gouvernement pour occuper les minist\u00e8res de la D\u00e9fense Nationale et des Affaires \u00e9trang\u00e8res.<br \/>\nNotons que selon des sources concordantes, la formation du prochain gouvernement sera annonc\u00e9e ce vendredi.<\/p>\n","protected":false},"excerpt":{"rendered":"<p>Le chef du gouvernement d\u00e9sign\u00e9 Habib Jemli devrait rencontrer dans les quelques heures qui suivent le chef de l&rsquo;Etat Ka\u00efs Sa\u00efed. Cet entretien devrait porter sur l&rsquo;\u00e9tat d&rsquo;avancement du processus&hellip;<\/p>\n","protected":false},"author":60,"featured_media":162101,"comment_status":"closed","ping_status":"closed","sticky":false,"template":"","format":"standard","meta":{"_lmt_disableupdate":"","_lmt_disable":"","_jetpack_memberships_contains_paid_content":false,"footnotes":""},"categories":[5],"tags":[],"class_list":["post-162100","post","type-post","status-publish","format-standard","has-post-thumbnail","hentry","category-politique"],"yoast_head":"<!-- This site is optimized with the Yoast SEO plugin v26.3 - https:\/\/yoast.com\/wordpress\/plugins\/seo\/ -->\n<title>Les portefeuilles de la D\u00e9fense et des AE au centre d&#039;un entretien Sa\u00efed\/ Jemli - R\u00e9alit\u00e9s Magazine<\/title>\n<meta name=\"description\" content=\"Le chef du gouvernement d\u00e9sign\u00e9 Habib Jemli devrait rencontrer dans les quelques heures qui suivent le chef de l&#039;Etat Ka\u00efs Sa\u00efed. Cet entretien devrait\" \/>\n<meta name=\"robots\" content=\"index, follow, max-snippet:-1, max-image-preview:large, max-video-preview:-1\" \/>\n<link rel=\"canonical\" href=\"https:\/\/realites.com.tn\/fr\/les-portefeuilles-de-la-defense-et-des-ae-au-centre-dun-entretien-saied-jemli\/amp\/\" \/>\n<meta property=\"og:locale\" content=\"fr_FR\" \/>\n<meta property=\"og:type\" content=\"article\" \/>\n<meta property=\"og:title\" content=\"Les portefeuilles de la D\u00e9fense et des AE au centre d&#039;un entretien Sa\u00efed\/ Jemli - R\u00e9alit\u00e9s Magazine\" \/>\n<meta property=\"og:description\" content=\"Le chef du gouvernement d\u00e9sign\u00e9 Habib Jemli devrait rencontrer dans les quelques heures qui suivent le chef de l&#039;Etat Ka\u00efs Sa\u00efed. Cet entretien devrait\" \/>\n<meta property=\"og:url\" content=\"https:\/\/realites.com.tn\/fr\/les-portefeuilles-de-la-defense-et-des-ae-au-centre-dun-entretien-saied-jemli\/amp\/\" \/>\n<meta property=\"og:site_name\" content=\"R\u00e9alit\u00e9s Magazine\" \/>\n<meta property=\"article:publisher\" content=\"https:\/\/www.facebook.com\/realites.tn\/\" \/>\n<meta property=\"article:published_time\" content=\"2019-12-27T11:08:06+00:00\" \/>\n<meta property=\"og:image\" content=\"https:\/\/realites.com.tn\/fr\/wp-content\/uploads\/2019\/12\/habib-jemli-kais-saied.jpg\" \/>\n\t<meta property=\"og:image:width\" content=\"766\" \/>\n\t<meta property=\"og:image:height\" content=\"439\" \/>\n\t<meta property=\"og:image:type\" content=\"image\/jpeg\" \/>\n<meta name=\"author\" content=\"La R\u00e9daction\" \/>\n<meta name=\"twitter:card\" content=\"summary_large_image\" \/>\n<meta name=\"twitter:label1\" content=\"\u00c9crit par\" \/>\n\t<meta name=\"twitter:data1\" content=\"La R\u00e9daction\" \/>\n<script type=\"application\/ld+json\" class=\"yoast-schema-graph\">{\"@context\":\"https:\/\/schema.org\",\"@graph\":[{\"@type\":\"WebPage\",\"@id\":\"https:\/\/realites.com.tn\/fr\/les-portefeuilles-de-la-defense-et-des-ae-au-centre-dun-entretien-saied-jemli\/amp\/\",\"url\":\"https:\/\/realites.com.tn\/fr\/les-portefeuilles-de-la-defense-et-des-ae-au-centre-dun-entretien-saied-jemli\/amp\/\",\"name\":\"Les portefeuilles de la D\u00e9fense et des AE au centre d'un entretien Sa\u00efed\/ Jemli - R\u00e9alit\u00e9s Magazine\",\"isPartOf\":{\"@id\":\"https:\/\/realites.com.tn\/fr\/#website\"},\"primaryImageOfPage\":{\"@id\":\"https:\/\/realites.com.tn\/fr\/les-portefeuilles-de-la-defense-et-des-ae-au-centre-dun-entretien-saied-jemli\/amp\/#primaryimage\"},\"image\":{\"@id\":\"https:\/\/realites.com.tn\/fr\/les-portefeuilles-de-la-defense-et-des-ae-au-centre-dun-entretien-saied-jemli\/amp\/#primaryimage\"},\"thumbnailUrl\":\"https:\/\/realites.com.tn\/fr\/wp-content\/uploads\/2019\/12\/habib-jemli-kais-saied.jpg\",\"datePublished\":\"2019-12-27T11:08:06+00:00\",\"author\":{\"@id\":\"https:\/\/realites.com.tn\/fr\/#\/schema\/person\/438b71c29a257d955d96d8aef42336e7\"},\"description\":\"Le chef du gouvernement d\u00e9sign\u00e9 Habib Jemli devrait rencontrer dans les quelques heures qui suivent le chef de l'Etat Ka\u00efs Sa\u00efed. Cet entretien devrait\",\"breadcrumb\":{\"@id\":\"https:\/\/realites.com.tn\/fr\/les-portefeuilles-de-la-defense-et-des-ae-au-centre-dun-entretien-saied-jemli\/amp\/#breadcrumb\"},\"inLanguage\":\"fr-FR\",\"potentialAction\":[{\"@type\":\"ReadAction\",\"target\":[\"https:\/\/realites.com.tn\/fr\/les-portefeuilles-de-la-defense-et-des-ae-au-centre-dun-entretien-saied-jemli\/amp\/\"]}]},{\"@type\":\"ImageObject\",\"inLanguage\":\"fr-FR\",\"@id\":\"https:\/\/realites.com.tn\/fr\/les-portefeuilles-de-la-defense-et-des-ae-au-centre-dun-entretien-saied-jemli\/amp\/#primaryimage\",\"url\":\"https:\/\/realites.com.tn\/fr\/wp-content\/uploads\/2019\/12\/habib-jemli-kais-saied.jpg\",\"contentUrl\":\"https:\/\/realites.com.tn\/fr\/wp-content\/uploads\/2019\/12\/habib-jemli-kais-saied.jpg\",\"width\":766,\"height\":439,\"caption\":\"Des entrevues Sa\u00efed-Jemli \u00e0 n'en plus finir\"},{\"@type\":\"BreadcrumbList\",\"@id\":\"https:\/\/realites.com.tn\/fr\/les-portefeuilles-de-la-defense-et-des-ae-au-centre-dun-entretien-saied-jemli\/amp\/#breadcrumb\",\"itemListElement\":[{\"@type\":\"ListItem\",\"position\":1,\"name\":\"Home\",\"item\":\"https:\/\/realites.com.tn\/fr\/\"},{\"@type\":\"ListItem\",\"position\":2,\"name\":\"Les portefeuilles de la D\u00e9fense et des AE au centre d&rsquo;un entretien Sa\u00efed\/ Jemli\"}]},{\"@type\":\"WebSite\",\"@id\":\"https:\/\/realites.com.tn\/fr\/#website\",\"url\":\"https:\/\/realites.com.tn\/fr\/\",\"name\":\"R\u00e9alit\u00e9s Magazine\",\"description\":\"Actualit\u00e9s de la Tunisie\",\"potentialAction\":[{\"@type\":\"SearchAction\",\"target\":{\"@type\":\"EntryPoint\",\"urlTemplate\":\"https:\/\/realites.com.tn\/fr\/?s={search_term_string}\"},\"query-input\":{\"@type\":\"PropertyValueSpecification\",\"valueRequired\":true,\"valueName\":\"search_term_string\"}}],\"inLanguage\":\"fr-FR\"},{\"@type\":\"Person\",\"@id\":\"https:\/\/realites.com.tn\/fr\/#\/schema\/person\/438b71c29a257d955d96d8aef42336e7\",\"name\":\"La R\u00e9daction\",\"image\":{\"@type\":\"ImageObject\",\"inLanguage\":\"fr-FR\",\"@id\":\"https:\/\/realites.com.tn\/fr\/#\/schema\/person\/image\/\",\"url\":\"https:\/\/secure.gravatar.com\/avatar\/fbe9ab25fcc82b6e660ad5648f91eadb?s=96&d=mm&r=g\",\"contentUrl\":\"https:\/\/secure.gravatar.com\/avatar\/fbe9ab25fcc82b6e660ad5648f91eadb?s=96&d=mm&r=g\",\"caption\":\"La R\u00e9daction\"},\"url\":\"https:\/\/realites.com.tn\/fr\/author\/realites5201\/\"}]}<\/script>\n<!-- \/ Yoast SEO plugin. -->","yoast_head_json":{"title":"Les portefeuilles de la D\u00e9fense et des AE au centre d'un entretien Sa\u00efed\/ Jemli - R\u00e9alit\u00e9s Magazine","description":"Le chef du gouvernement d\u00e9sign\u00e9 Habib Jemli devrait rencontrer dans les quelques heures qui suivent le chef de l'Etat Ka\u00efs Sa\u00efed. Cet entretien devrait","robots":{"index":"index","follow":"follow","max-snippet":"max-snippet:-1","max-image-preview":"max-image-preview:large","max-video-preview":"max-video-preview:-1"},"canonical":"https:\/\/realites.com.tn\/fr\/les-portefeuilles-de-la-defense-et-des-ae-au-centre-dun-entretien-saied-jemli\/amp\/","og_locale":"fr_FR","og_type":"article","og_title":"Les portefeuilles de la D\u00e9fense et des AE au centre d'un entretien Sa\u00efed\/ Jemli - R\u00e9alit\u00e9s Magazine","og_description":"Le chef du gouvernement d\u00e9sign\u00e9 Habib Jemli devrait rencontrer dans les quelques heures qui suivent le chef de l'Etat Ka\u00efs Sa\u00efed. Cet entretien devrait","og_url":"https:\/\/realites.com.tn\/fr\/les-portefeuilles-de-la-defense-et-des-ae-au-centre-dun-entretien-saied-jemli\/amp\/","og_site_name":"R\u00e9alit\u00e9s Magazine","article_publisher":"https:\/\/www.facebook.com\/realites.tn\/","article_published_time":"2019-12-27T11:08:06+00:00","og_image":[{"width":766,"height":439,"url":"https:\/\/realites.com.tn\/fr\/wp-content\/uploads\/2019\/12\/habib-jemli-kais-saied.jpg","type":"image\/jpeg"}],"author":"La R\u00e9daction","twitter_card":"summary_large_image","twitter_misc":{"\u00c9crit par":"La R\u00e9daction"},"schema":{"@context":"https:\/\/schema.org","@graph":[{"@type":"WebPage","@id":"https:\/\/realites.com.tn\/fr\/les-portefeuilles-de-la-defense-et-des-ae-au-centre-dun-entretien-saied-jemli\/amp\/","url":"https:\/\/realites.com.tn\/fr\/les-portefeuilles-de-la-defense-et-des-ae-au-centre-dun-entretien-saied-jemli\/amp\/","name":"Les portefeuilles de la D\u00e9fense et des AE au centre d'un entretien Sa\u00efed\/ Jemli - R\u00e9alit\u00e9s Magazine","isPartOf":{"@id":"https:\/\/realites.com.tn\/fr\/#website"},"primaryImageOfPage":{"@id":"https:\/\/realites.com.tn\/fr\/les-portefeuilles-de-la-defense-et-des-ae-au-centre-dun-entretien-saied-jemli\/amp\/#primaryimage"},"image":{"@id":"https:\/\/realites.com.tn\/fr\/les-portefeuilles-de-la-defense-et-des-ae-au-centre-dun-entretien-saied-jemli\/amp\/#primaryimage"},"thumbnailUrl":"https:\/\/realites.com.tn\/fr\/wp-content\/uploads\/2019\/12\/habib-jemli-kais-saied.jpg","datePublished":"2019-12-27T11:08:06+00:00","author":{"@id":"https:\/\/realites.com.tn\/fr\/#\/schema\/person\/438b71c29a257d955d96d8aef42336e7"},"description":"Le chef du gouvernement d\u00e9sign\u00e9 Habib Jemli devrait rencontrer dans les quelques heures qui suivent le chef de l'Etat Ka\u00efs Sa\u00efed. Cet entretien devrait","breadcrumb":{"@id":"https:\/\/realites.com.tn\/fr\/les-portefeuilles-de-la-defense-et-des-ae-au-centre-dun-entretien-saied-jemli\/amp\/#breadcrumb"},"inLanguage":"fr-FR","potentialAction":[{"@type":"ReadAction","target":["https:\/\/realites.com.tn\/fr\/les-portefeuilles-de-la-defense-et-des-ae-au-centre-dun-entretien-saied-jemli\/amp\/"]}]},{"@type":"ImageObject","inLanguage":"fr-FR","@id":"https:\/\/realites.com.tn\/fr\/les-portefeuilles-de-la-defense-et-des-ae-au-centre-dun-entretien-saied-jemli\/amp\/#primaryimage","url":"https:\/\/realites.com.tn\/fr\/wp-content\/uploads\/2019\/12\/habib-jemli-kais-saied.jpg","contentUrl":"https:\/\/realites.com.tn\/fr\/wp-content\/uploads\/2019\/12\/habib-jemli-kais-saied.jpg","width":766,"height":439,"caption":"Des entrevues Sa\u00efed-Jemli \u00e0 n'en plus finir"},{"@type":"BreadcrumbList","@id":"https:\/\/realites.com.tn\/fr\/les-portefeuilles-de-la-defense-et-des-ae-au-centre-dun-entretien-saied-jemli\/amp\/#breadcrumb","itemListElement":[{"@type":"ListItem","position":1,"name":"Home","item":"https:\/\/realites.com.tn\/fr\/"},{"@type":"ListItem","position":2,"name":"Les portefeuilles de la D\u00e9fense et des AE au centre d&rsquo;un entretien Sa\u00efed\/ Jemli"}]},{"@type":"WebSite","@id":"https:\/\/realites.com.tn\/fr\/#website","url":"https:\/\/realites.com.tn\/fr\/","name":"R\u00e9alit\u00e9s Magazine","description":"Actualit\u00e9s de la Tunisie","potentialAction":[{"@type":"SearchAction","target":{"@type":"EntryPoint","urlTemplate":"https:\/\/realites.com.tn\/fr\/?s={search_term_string}"},"query-input":{"@type":"PropertyValueSpecification","valueRequired":true,"valueName":"search_term_string"}}],"inLanguage":"fr-FR"},{"@type":"Person","@id":"https:\/\/realites.com.tn\/fr\/#\/schema\/person\/438b71c29a257d955d96d8aef42336e7","name":"La R\u00e9daction","image":{"@type":"ImageObject","inLanguage":"fr-FR","@id":"https:\/\/realites.com.tn\/fr\/#\/schema\/person\/image\/","url":"https:\/\/secure.gravatar.com\/avatar\/fbe9ab25fcc82b6e660ad5648f91eadb?s=96&d=mm&r=g","contentUrl":"https:\/\/secure.gravatar.com\/avatar\/fbe9ab25fcc82b6e660ad5648f91eadb?s=96&d=mm&r=g","caption":"La R\u00e9daction"},"url":"https:\/\/realites.com.tn\/fr\/author\/realites5201\/"}]}},"jetpack_featured_media_url":"https:\/\/realites.com.tn\/fr\/wp-content\/uploads\/2019\/12\/habib-jemli-kais-saied.jpg","jetpack_sharing_enabled":true,"views":12,"_links":{"self":[{"href":"https:\/\/realites.com.tn\/fr\/wp-json\/wp\/v2\/posts\/162100","targetHints":{"allow":["GET"]}}],"collection":[{"href":"https:\/\/realites.com.tn\/fr\/wp-json\/wp\/v2\/posts"}],"about":[{"href":"https:\/\/realites.com.tn\/fr\/wp-json\/wp\/v2\/types\/post"}],"author":[{"embeddable":true,"href":"https:\/\/realites.com.tn\/fr\/wp-json\/wp\/v2\/users\/60"}],"replies":[{"embeddable":true,"href":"https:\/\/realites.com.tn\/fr\/wp-json\/wp\/v2\/comments?post=162100"}],"version-history":[{"count":0,"href":"https:\/\/realites.com.tn\/fr\/wp-json\/wp\/v2\/posts\/162100\/revisions"}],"wp:featuredmedia":[{"embeddable":true,"href":"https:\/\/realites.com.tn\/fr\/wp-json\/wp\/v2\/media\/162101"}],"wp:attachment":[{"href":"https:\/\/realites.com.tn\/fr\/wp-json\/wp\/v2\/media?parent=162100"}],"wp:term":[{"taxonomy":"category","embeddable":true,"href":"https:\/\/realites.com.tn\/fr\/wp-json\/wp\/v2\/categories?post=162100"},{"taxonomy":"post_tag","embeddable":true,"href":"https:\/\/realites.com.tn\/fr\/wp-json\/wp\/v2\/tags?post=162100"}],"curies":[{"name":"wp","href":"https:\/\/api.w.org\/{rel}","templated":true}]}}