{"id":323332,"date":"2024-06-08T11:32:51","date_gmt":"2024-06-08T10:32:51","guid":{"rendered":"https:\/\/realites.com.tn\/fr\/?p=323332"},"modified":"2024-06-08T11:33:56","modified_gmt":"2024-06-08T10:33:56","slug":"stimuler-linnovation-pour-renforcer-la-francophonie-et-approfondir-lintegration-economique","status":"publish","type":"post","link":"https:\/\/realites.com.tn\/fr\/stimuler-linnovation-pour-renforcer-la-francophonie-et-approfondir-lintegration-economique\/","title":{"rendered":"Stimuler l\u2019innovation pour renforcer la francophonie et approfondir l\u2019int\u00e9gration \u00e9conomique"},"content":{"rendered":"<p><em><strong>A l\u2019initiative du minist\u00e8re des Affaires \u00e9trang\u00e8res, de la Migration et des Tunisiens \u00e0 l\u2019\u00e9tranger, une table ronde sur les industries culturelles et cr\u00e9atives (ICC) dans l\u2019espace francophone aura lieu le 12 juin \u00e0 l\u2019h\u00f4tel Ramada Plaza Tunis.<\/strong><br \/>\n<\/em><br \/>\nProgramm\u00e9 en marge du \u00ab <i>Tunisia Investment Forum<\/i> \u00bb, organis\u00e9 par l\u2019Agence de promotion des investissements \u00e9trangers (FIPA) sous le th\u00e8me \u00ab Tunisie : o\u00f9 la durabilit\u00e9 rencontre l\u2019opportunit\u00e9 \u00bb, cet \u00e9v\u00e9nement d\u2019envergure a pour\u00a0 objectif \u201c<em>de montrer que la num\u00e9risation de l\u2019\u00e9conomie, le d\u00e9veloppement du secteur de la Tech et les nouvelles technologies comme l\u2019IA sont des leviers de transformation majeure des secteurs des ICC, qui peuvent jouer un r\u00f4le important pour renforcer la francophonie, approfondir l\u2019int\u00e9gration \u00e9conomique par la stimulation des \u00e9changes et la mont\u00e9e en comp\u00e9tences du capital humain afin de r\u00e9pondre au mieux aux besoins des entreprises dans l\u2019espace francophone<\/em>\u201d.<br \/>\nCette table ronde qui sera marqu\u00e9e par la participation d\u2019\u00e9minentes personnalit\u00e9s dont le ministre tunisien des AE, Nabil Ammar, le ministre d\u00e9l\u00e9gu\u00e9 fran\u00e7ais, charg\u00e9 du Commerce ext\u00e9rieur, de l\u2019attractivit\u00e9, de la francophonie et des Fran\u00e7ais de l\u2019\u00e9tranger, Franck Riester, la Repr\u00e9sentante de l\u2019Organisation internationale de la francophonie (OIF) en Afrique du Nord, Haoua Acyl, sera compos\u00e9e de deux panels portant essentiellement sur \u201cLes ICC dans l\u2019espace Francophone : quel apport \u00e9conomique? \u201c et \u201cl\u2019Entrepreneuriat cr\u00e9atif dans l\u2019espace Francophone : enjeux et opportunit\u00e9s ?\u201d.<br \/>\nCes deux panels seront meubl\u00e9s par des interventions assur\u00e9es par une pl\u00e9iade d\u2019experts et de sp\u00e9cialistes des ICC ainsi que des repr\u00e9sentants de startups et acteurs des \u00e9cosyst\u00e8mes cr\u00e9atifs dans l\u2019espace francophone en l&rsquo;occurrence, Mohamed Zoghlemi, Consultant international, vice-Pr\u00e9sident de l&rsquo;Agence francophone et africaine d&rsquo;Intelligence artificielle, Lamia Guiga, Directrice de l\u2019Ecole sup\u00e9rieure de l&rsquo;audiovisuel et du cin\u00e9ma de Gammarth, Loic Oyono, CEO de Kufanya, une startup implant\u00e9e \u00e0 Sfax,\u00a0 Bariq Rifki, Professeur de marketing, sp\u00e9cialiste des ICC, Mariam Abdeljawad, CEO de la startup TokenOpp et Youssef Boufayed, CEO de \u00ab Herodot Studio\u00bb.<br \/>\nFaut-il signaler que cette table ronde qui sera inaugur\u00e9e par le charg\u00e9 de la Direction g\u00e9n\u00e9rale de la diplomatie \u00e9conomique et culturelle au sein du MAE, Mourad Belhassen et anim\u00e9e par Saloua Abdelkhalek, DG du Centre international d&rsquo;\u00e9conomie culturelle num\u00e9rique de Tunis TICDCE,\u00a0 est organis\u00e9 en collaboration avec la FIPA, le TICDCE, l\u2019OIF, l\u2019ambassade de France et le Groupe des ambassadeurs francophones\/GAF (pr\u00e9sid\u00e9 par l\u2019ambassade du Canada).<\/p>\n","protected":false},"excerpt":{"rendered":"<p>A l\u2019initiative du minist\u00e8re des Affaires \u00e9trang\u00e8res, de la Migration et des Tunisiens \u00e0 l\u2019\u00e9tranger, une table ronde sur les industries culturelles et cr\u00e9atives (ICC) dans l\u2019espace francophone aura lieu&hellip;<\/p>\n","protected":false},"author":111,"featured_media":323335,"comment_status":"closed","ping_status":"closed","sticky":false,"template":"","format":"standard","meta":{"_lmt_disableupdate":"","_lmt_disable":"","_jetpack_memberships_contains_paid_content":false,"footnotes":""},"categories":[4],"tags":[4189,3484,4190],"class_list":["post-323332","post","type-post","status-publish","format-standard","has-post-thumbnail","hentry","category-actualites","tag-francophonie","tag-nabil-ammar","tag-tunisia-investment-forum"],"yoast_head":"<!-- This site is optimized with the Yoast SEO plugin v26.3 - https:\/\/yoast.com\/wordpress\/plugins\/seo\/ -->\n<title>Stimuler l\u2019innovation pour renforcer la francophonie et approfondir l\u2019int\u00e9gration \u00e9conomique - R\u00e9alit\u00e9s Magazine<\/title>\n<meta name=\"description\" content=\"A l\u2019initiative du minist\u00e8re des Affaires \u00e9trang\u00e8res, de la Migration et des Tunisiens \u00e0 l\u2019\u00e9tranger, une table ronde sur les industries culturelles et\" \/>\n<meta name=\"robots\" content=\"index, follow, max-snippet:-1, max-image-preview:large, max-video-preview:-1\" \/>\n<link rel=\"canonical\" href=\"https:\/\/realites.com.tn\/fr\/stimuler-linnovation-pour-renforcer-la-francophonie-et-approfondir-lintegration-economique\/\" \/>\n<meta property=\"og:locale\" content=\"fr_FR\" \/>\n<meta property=\"og:type\" content=\"article\" \/>\n<meta property=\"og:title\" content=\"Stimuler l\u2019innovation pour renforcer la francophonie et approfondir l\u2019int\u00e9gration \u00e9conomique - R\u00e9alit\u00e9s Magazine\" \/>\n<meta property=\"og:description\" content=\"A l\u2019initiative du minist\u00e8re des Affaires \u00e9trang\u00e8res, de la Migration et des Tunisiens \u00e0 l\u2019\u00e9tranger, une table ronde sur les industries culturelles et\" \/>\n<meta property=\"og:url\" content=\"https:\/\/realites.com.tn\/fr\/stimuler-linnovation-pour-renforcer-la-francophonie-et-approfondir-lintegration-economique\/\" \/>\n<meta property=\"og:site_name\" content=\"R\u00e9alit\u00e9s Magazine\" \/>\n<meta property=\"article:publisher\" content=\"https:\/\/www.facebook.com\/realites.tn\/\" \/>\n<meta property=\"article:published_time\" content=\"2024-06-08T10:32:51+00:00\" \/>\n<meta property=\"article:modified_time\" content=\"2024-06-08T10:33:56+00:00\" \/>\n<meta property=\"og:image\" content=\"https:\/\/realites.com.tn\/fr\/wp-content\/uploads\/2024\/06\/Sans-titre-1-2.jpg\" \/>\n\t<meta property=\"og:image:width\" content=\"1495\" \/>\n\t<meta property=\"og:image:height\" content=\"1464\" \/>\n\t<meta property=\"og:image:type\" content=\"image\/jpeg\" \/>\n<meta name=\"author\" content=\"M. A. Sgha\u00efer\" \/>\n<meta name=\"twitter:card\" content=\"summary_large_image\" \/>\n<meta name=\"twitter:label1\" content=\"\u00c9crit par\" \/>\n\t<meta name=\"twitter:data1\" content=\"M. A. Sgha\u00efer\" \/>\n\t<meta name=\"twitter:label2\" content=\"Dur\u00e9e de lecture estim\u00e9e\" \/>\n\t<meta name=\"twitter:data2\" content=\"2 minutes\" \/>\n<script type=\"application\/ld+json\" class=\"yoast-schema-graph\">{\"@context\":\"https:\/\/schema.org\",\"@graph\":[{\"@type\":\"WebPage\",\"@id\":\"https:\/\/realites.com.tn\/fr\/stimuler-linnovation-pour-renforcer-la-francophonie-et-approfondir-lintegration-economique\/\",\"url\":\"https:\/\/realites.com.tn\/fr\/stimuler-linnovation-pour-renforcer-la-francophonie-et-approfondir-lintegration-economique\/\",\"name\":\"Stimuler l\u2019innovation pour renforcer la francophonie et approfondir l\u2019int\u00e9gration \u00e9conomique - R\u00e9alit\u00e9s Magazine\",\"isPartOf\":{\"@id\":\"https:\/\/realites.com.tn\/fr\/#website\"},\"primaryImageOfPage\":{\"@id\":\"https:\/\/realites.com.tn\/fr\/stimuler-linnovation-pour-renforcer-la-francophonie-et-approfondir-lintegration-economique\/#primaryimage\"},\"image\":{\"@id\":\"https:\/\/realites.com.tn\/fr\/stimuler-linnovation-pour-renforcer-la-francophonie-et-approfondir-lintegration-economique\/#primaryimage\"},\"thumbnailUrl\":\"https:\/\/realites.com.tn\/fr\/wp-content\/uploads\/2024\/06\/Sans-titre-1-2.jpg\",\"datePublished\":\"2024-06-08T10:32:51+00:00\",\"dateModified\":\"2024-06-08T10:33:56+00:00\",\"author\":{\"@id\":\"https:\/\/realites.com.tn\/fr\/#\/schema\/person\/d111219e16997071b7e5b6f9320ad776\"},\"description\":\"A l\u2019initiative du minist\u00e8re des Affaires \u00e9trang\u00e8res, de la Migration et des Tunisiens \u00e0 l\u2019\u00e9tranger, une table ronde sur les industries culturelles et\",\"breadcrumb\":{\"@id\":\"https:\/\/realites.com.tn\/fr\/stimuler-linnovation-pour-renforcer-la-francophonie-et-approfondir-lintegration-economique\/#breadcrumb\"},\"inLanguage\":\"fr-FR\",\"potentialAction\":[{\"@type\":\"ReadAction\",\"target\":[\"https:\/\/realites.com.tn\/fr\/stimuler-linnovation-pour-renforcer-la-francophonie-et-approfondir-lintegration-economique\/\"]}]},{\"@type\":\"ImageObject\",\"inLanguage\":\"fr-FR\",\"@id\":\"https:\/\/realites.com.tn\/fr\/stimuler-linnovation-pour-renforcer-la-francophonie-et-approfondir-lintegration-economique\/#primaryimage\",\"url\":\"https:\/\/realites.com.tn\/fr\/wp-content\/uploads\/2024\/06\/Sans-titre-1-2.jpg\",\"contentUrl\":\"https:\/\/realites.com.tn\/fr\/wp-content\/uploads\/2024\/06\/Sans-titre-1-2.jpg\",\"width\":1495,\"height\":1464},{\"@type\":\"BreadcrumbList\",\"@id\":\"https:\/\/realites.com.tn\/fr\/stimuler-linnovation-pour-renforcer-la-francophonie-et-approfondir-lintegration-economique\/#breadcrumb\",\"itemListElement\":[{\"@type\":\"ListItem\",\"position\":1,\"name\":\"Home\",\"item\":\"https:\/\/realites.com.tn\/fr\/\"},{\"@type\":\"ListItem\",\"position\":2,\"name\":\"Stimuler l\u2019innovation pour renforcer la francophonie et approfondir l\u2019int\u00e9gration \u00e9conomique\"}]},{\"@type\":\"WebSite\",\"@id\":\"https:\/\/realites.com.tn\/fr\/#website\",\"url\":\"https:\/\/realites.com.tn\/fr\/\",\"name\":\"R\u00e9alit\u00e9s Magazine\",\"description\":\"Actualit\u00e9s de la Tunisie\",\"potentialAction\":[{\"@type\":\"SearchAction\",\"target\":{\"@type\":\"EntryPoint\",\"urlTemplate\":\"https:\/\/realites.com.tn\/fr\/?s={search_term_string}\"},\"query-input\":{\"@type\":\"PropertyValueSpecification\",\"valueRequired\":true,\"valueName\":\"search_term_string\"}}],\"inLanguage\":\"fr-FR\"},{\"@type\":\"Person\",\"@id\":\"https:\/\/realites.com.tn\/fr\/#\/schema\/person\/d111219e16997071b7e5b6f9320ad776\",\"name\":\"M. A. Sgha\u00efer\",\"image\":{\"@type\":\"ImageObject\",\"inLanguage\":\"fr-FR\",\"@id\":\"https:\/\/realites.com.tn\/fr\/#\/schema\/person\/image\/\",\"url\":\"https:\/\/secure.gravatar.com\/avatar\/9bf967d8edd3fe0073af2db4236049e6?s=96&d=mm&r=g\",\"contentUrl\":\"https:\/\/secure.gravatar.com\/avatar\/9bf967d8edd3fe0073af2db4236049e6?s=96&d=mm&r=g\",\"caption\":\"M. A. Sgha\u00efer\"},\"url\":\"https:\/\/realites.com.tn\/fr\/author\/mohamed-ali-sghaier\/\"}]}<\/script>\n<!-- \/ Yoast SEO plugin. -->","yoast_head_json":{"title":"Stimuler l\u2019innovation pour renforcer la francophonie et approfondir l\u2019int\u00e9gration \u00e9conomique - R\u00e9alit\u00e9s Magazine","description":"A l\u2019initiative du minist\u00e8re des Affaires \u00e9trang\u00e8res, de la Migration et des Tunisiens \u00e0 l\u2019\u00e9tranger, une table ronde sur les industries culturelles et","robots":{"index":"index","follow":"follow","max-snippet":"max-snippet:-1","max-image-preview":"max-image-preview:large","max-video-preview":"max-video-preview:-1"},"canonical":"https:\/\/realites.com.tn\/fr\/stimuler-linnovation-pour-renforcer-la-francophonie-et-approfondir-lintegration-economique\/","og_locale":"fr_FR","og_type":"article","og_title":"Stimuler l\u2019innovation pour renforcer la francophonie et approfondir l\u2019int\u00e9gration \u00e9conomique - R\u00e9alit\u00e9s Magazine","og_description":"A l\u2019initiative du minist\u00e8re des Affaires \u00e9trang\u00e8res, de la Migration et des Tunisiens \u00e0 l\u2019\u00e9tranger, une table ronde sur les industries culturelles et","og_url":"https:\/\/realites.com.tn\/fr\/stimuler-linnovation-pour-renforcer-la-francophonie-et-approfondir-lintegration-economique\/","og_site_name":"R\u00e9alit\u00e9s Magazine","article_publisher":"https:\/\/www.facebook.com\/realites.tn\/","article_published_time":"2024-06-08T10:32:51+00:00","article_modified_time":"2024-06-08T10:33:56+00:00","og_image":[{"width":1495,"height":1464,"url":"https:\/\/realites.com.tn\/fr\/wp-content\/uploads\/2024\/06\/Sans-titre-1-2.jpg","type":"image\/jpeg"}],"author":"M. A. Sgha\u00efer","twitter_card":"summary_large_image","twitter_misc":{"\u00c9crit par":"M. A. Sgha\u00efer","Dur\u00e9e de lecture estim\u00e9e":"2 minutes"},"schema":{"@context":"https:\/\/schema.org","@graph":[{"@type":"WebPage","@id":"https:\/\/realites.com.tn\/fr\/stimuler-linnovation-pour-renforcer-la-francophonie-et-approfondir-lintegration-economique\/","url":"https:\/\/realites.com.tn\/fr\/stimuler-linnovation-pour-renforcer-la-francophonie-et-approfondir-lintegration-economique\/","name":"Stimuler l\u2019innovation pour renforcer la francophonie et approfondir l\u2019int\u00e9gration \u00e9conomique - R\u00e9alit\u00e9s Magazine","isPartOf":{"@id":"https:\/\/realites.com.tn\/fr\/#website"},"primaryImageOfPage":{"@id":"https:\/\/realites.com.tn\/fr\/stimuler-linnovation-pour-renforcer-la-francophonie-et-approfondir-lintegration-economique\/#primaryimage"},"image":{"@id":"https:\/\/realites.com.tn\/fr\/stimuler-linnovation-pour-renforcer-la-francophonie-et-approfondir-lintegration-economique\/#primaryimage"},"thumbnailUrl":"https:\/\/realites.com.tn\/fr\/wp-content\/uploads\/2024\/06\/Sans-titre-1-2.jpg","datePublished":"2024-06-08T10:32:51+00:00","dateModified":"2024-06-08T10:33:56+00:00","author":{"@id":"https:\/\/realites.com.tn\/fr\/#\/schema\/person\/d111219e16997071b7e5b6f9320ad776"},"description":"A l\u2019initiative du minist\u00e8re des Affaires \u00e9trang\u00e8res, de la Migration et des Tunisiens \u00e0 l\u2019\u00e9tranger, une table ronde sur les industries culturelles et","breadcrumb":{"@id":"https:\/\/realites.com.tn\/fr\/stimuler-linnovation-pour-renforcer-la-francophonie-et-approfondir-lintegration-economique\/#breadcrumb"},"inLanguage":"fr-FR","potentialAction":[{"@type":"ReadAction","target":["https:\/\/realites.com.tn\/fr\/stimuler-linnovation-pour-renforcer-la-francophonie-et-approfondir-lintegration-economique\/"]}]},{"@type":"ImageObject","inLanguage":"fr-FR","@id":"https:\/\/realites.com.tn\/fr\/stimuler-linnovation-pour-renforcer-la-francophonie-et-approfondir-lintegration-economique\/#primaryimage","url":"https:\/\/realites.com.tn\/fr\/wp-content\/uploads\/2024\/06\/Sans-titre-1-2.jpg","contentUrl":"https:\/\/realites.com.tn\/fr\/wp-content\/uploads\/2024\/06\/Sans-titre-1-2.jpg","width":1495,"height":1464},{"@type":"BreadcrumbList","@id":"https:\/\/realites.com.tn\/fr\/stimuler-linnovation-pour-renforcer-la-francophonie-et-approfondir-lintegration-economique\/#breadcrumb","itemListElement":[{"@type":"ListItem","position":1,"name":"Home","item":"https:\/\/realites.com.tn\/fr\/"},{"@type":"ListItem","position":2,"name":"Stimuler l\u2019innovation pour renforcer la francophonie et approfondir l\u2019int\u00e9gration \u00e9conomique"}]},{"@type":"WebSite","@id":"https:\/\/realites.com.tn\/fr\/#website","url":"https:\/\/realites.com.tn\/fr\/","name":"R\u00e9alit\u00e9s Magazine","description":"Actualit\u00e9s de la Tunisie","potentialAction":[{"@type":"SearchAction","target":{"@type":"EntryPoint","urlTemplate":"https:\/\/realites.com.tn\/fr\/?s={search_term_string}"},"query-input":{"@type":"PropertyValueSpecification","valueRequired":true,"valueName":"search_term_string"}}],"inLanguage":"fr-FR"},{"@type":"Person","@id":"https:\/\/realites.com.tn\/fr\/#\/schema\/person\/d111219e16997071b7e5b6f9320ad776","name":"M. A. Sgha\u00efer","image":{"@type":"ImageObject","inLanguage":"fr-FR","@id":"https:\/\/realites.com.tn\/fr\/#\/schema\/person\/image\/","url":"https:\/\/secure.gravatar.com\/avatar\/9bf967d8edd3fe0073af2db4236049e6?s=96&d=mm&r=g","contentUrl":"https:\/\/secure.gravatar.com\/avatar\/9bf967d8edd3fe0073af2db4236049e6?s=96&d=mm&r=g","caption":"M. A. Sgha\u00efer"},"url":"https:\/\/realites.com.tn\/fr\/author\/mohamed-ali-sghaier\/"}]}},"jetpack_featured_media_url":"https:\/\/realites.com.tn\/fr\/wp-content\/uploads\/2024\/06\/Sans-titre-1-2.jpg","jetpack_sharing_enabled":true,"views":190,"_links":{"self":[{"href":"https:\/\/realites.com.tn\/fr\/wp-json\/wp\/v2\/posts\/323332","targetHints":{"allow":["GET"]}}],"collection":[{"href":"https:\/\/realites.com.tn\/fr\/wp-json\/wp\/v2\/posts"}],"about":[{"href":"https:\/\/realites.com.tn\/fr\/wp-json\/wp\/v2\/types\/post"}],"author":[{"embeddable":true,"href":"https:\/\/realites.com.tn\/fr\/wp-json\/wp\/v2\/users\/111"}],"replies":[{"embeddable":true,"href":"https:\/\/realites.com.tn\/fr\/wp-json\/wp\/v2\/comments?post=323332"}],"version-history":[{"count":1,"href":"https:\/\/realites.com.tn\/fr\/wp-json\/wp\/v2\/posts\/323332\/revisions"}],"predecessor-version":[{"id":323334,"href":"https:\/\/realites.com.tn\/fr\/wp-json\/wp\/v2\/posts\/323332\/revisions\/323334"}],"wp:featuredmedia":[{"embeddable":true,"href":"https:\/\/realites.com.tn\/fr\/wp-json\/wp\/v2\/media\/323335"}],"wp:attachment":[{"href":"https:\/\/realites.com.tn\/fr\/wp-json\/wp\/v2\/media?parent=323332"}],"wp:term":[{"taxonomy":"category","embeddable":true,"href":"https:\/\/realites.com.tn\/fr\/wp-json\/wp\/v2\/categories?post=323332"},{"taxonomy":"post_tag","embeddable":true,"href":"https:\/\/realites.com.tn\/fr\/wp-json\/wp\/v2\/tags?post=323332"}],"curies":[{"name":"wp","href":"https:\/\/api.w.org\/{rel}","templated":true}]}}