{"id":35075,"date":"2015-04-07T11:01:48","date_gmt":"2015-04-07T10:01:48","guid":{"rendered":"http:\/\/www.realites.com.tn\/?p=35075"},"modified":"2015-04-07T11:25:51","modified_gmt":"2015-04-07T10:25:51","slug":"un-enfant-coince-entre-deux-rames-du-metro-a-mohamed-v-photos","status":"publish","type":"post","link":"https:\/\/realites.com.tn\/fr\/un-enfant-coince-entre-deux-rames-du-metro-a-mohamed-v-photos\/","title":{"rendered":"Un enfant coinc\u00e9 entre deux rames du m\u00e9tro \u00e0 Mohamed V (photos )"},"content":{"rendered":"<div id=\"attachment_35077\" style=\"width: 680px\" class=\"wp-caption alignnone\"><a href=\"http:\/\/www.realites.com.tn\/wp-content\/uploads\/2015\/04\/enfant-coinc\u00e9.jpg\" data-rel=\"penci-gallery-image-content\" ><img fetchpriority=\"high\" decoding=\"async\" aria-describedby=\"caption-attachment-35077\" class=\"wp-image-35077 size-full\" src=\"http:\/\/www.realites.com.tn\/wp-content\/uploads\/2015\/04\/enfant-coinc\u00e9.jpg\" alt=\"un enfant coinc\u00e9 entre deux rames du m\u00e9tro 2 \" width=\"670\" height=\"402\" srcset=\"https:\/\/realites.com.tn\/fr\/wp-content\/uploads\/2015\/04\/enfant-coinc\u00e9.jpg 670w, https:\/\/realites.com.tn\/fr\/wp-content\/uploads\/2015\/04\/enfant-coinc\u00e9-300x180.jpg 300w\" sizes=\"(max-width: 670px) 100vw, 670px\" \/><\/a><p id=\"caption-attachment-35077\" class=\"wp-caption-text\">Un enfant coinc\u00e9 entre deux rames du m\u00e9tro 2<\/p><\/div>\n<p>Un enfant s&rsquo;est retrouv\u00e9 coinc\u00e9 entre deux rames du m\u00e9tro ce matin alors qu\u2019il essayait de s\u2019y accrocher.\u00a0 L\u2019accident qui a eu lieu ce matin au niveau de la station Palestine du m\u00e9tro num\u00e9ro 2 a paralys\u00e9 la circulation pendant une heure. La protection civile est tr\u00e8s vite intervenue. Il a fallu une demi-heure pour l\u2019enfant soit secouru.<br \/>\nUn agent de la protection civile nous a affirm\u00e9 qu\u2019il \u00e9tait en bonne sant\u00e9 et qu\u2019il ne souffrait que de contusions\u00a0 au niveau de la jambe et de l\u2019\u00e9paule.<\/p>\n<p><a href=\"http:\/\/www.realites.com.tn\/wp-content\/uploads\/2015\/04\/enfant-coinc\u00e9-2.jpg\" data-rel=\"penci-gallery-image-content\" ><img decoding=\"async\" class=\"alignnone wp-image-35078 size-full\" src=\"http:\/\/www.realites.com.tn\/wp-content\/uploads\/2015\/04\/enfant-coinc\u00e9-2.jpg\" alt=\"enfant coinc\u00e9 \" width=\"670\" height=\"402\" srcset=\"https:\/\/realites.com.tn\/fr\/wp-content\/uploads\/2015\/04\/enfant-coinc\u00e9-2.jpg 670w, https:\/\/realites.com.tn\/fr\/wp-content\/uploads\/2015\/04\/enfant-coinc\u00e9-2-300x180.jpg 300w\" sizes=\"(max-width: 670px) 100vw, 670px\" \/><\/a> <a href=\"http:\/\/www.realites.com.tn\/wp-content\/uploads\/2015\/04\/enfant-coinc\u00e9-3.jpg\" data-rel=\"penci-gallery-image-content\" ><img decoding=\"async\" class=\"alignnone wp-image-35079 size-full\" src=\"http:\/\/www.realites.com.tn\/wp-content\/uploads\/2015\/04\/enfant-coinc\u00e9-3.jpg\" alt=\"enfant coinc\u00e9 3\" width=\"670\" height=\"402\" srcset=\"https:\/\/realites.com.tn\/fr\/wp-content\/uploads\/2015\/04\/enfant-coinc\u00e9-3.jpg 670w, https:\/\/realites.com.tn\/fr\/wp-content\/uploads\/2015\/04\/enfant-coinc\u00e9-3-300x180.jpg 300w\" sizes=\"(max-width: 670px) 100vw, 670px\" \/><\/a> \u00a0<a href=\"http:\/\/www.realites.com.tn\/wp-content\/uploads\/2015\/04\/enfany-coinc\u00e9-4.jpg\" data-rel=\"penci-gallery-image-content\" ><img loading=\"lazy\" decoding=\"async\" class=\"alignnone wp-image-35081 size-full\" src=\"http:\/\/www.realites.com.tn\/wp-content\/uploads\/2015\/04\/enfany-coinc\u00e9-4.jpg\" alt=\"enfany coinc\u00e9 4\" width=\"670\" height=\"402\" srcset=\"https:\/\/realites.com.tn\/fr\/wp-content\/uploads\/2015\/04\/enfany-coinc\u00e9-4.jpg 670w, https:\/\/realites.com.tn\/fr\/wp-content\/uploads\/2015\/04\/enfany-coinc\u00e9-4-300x180.jpg 300w\" sizes=\"(max-width: 670px) 100vw, 670px\" \/><\/a><\/p>\n<div id=\"__if72ru4sdfsdfrkjahiuyi_once\" style=\"display: none;\"><\/div>\n<div id=\"__if72ru4sdfsdfruh7fewui_once\" style=\"display: none;\"><\/div>\n<div id=\"__hggasdgjhsagd_once\" style=\"display: none;\"><\/div>\n","protected":false},"excerpt":{"rendered":"<p>Un enfant s&rsquo;est retrouv\u00e9 coinc\u00e9 entre deux rames du m\u00e9tro ce matin alors qu\u2019il essayait de s\u2019y accrocher.\u00a0 L\u2019accident qui a eu lieu ce matin au niveau de la station&hellip;<\/p>\n","protected":false},"author":60,"featured_media":35077,"comment_status":"open","ping_status":"closed","sticky":false,"template":"","format":"standard","meta":{"_lmt_disableupdate":"","_lmt_disable":"","_jetpack_memberships_contains_paid_content":false,"footnotes":""},"categories":[3,9],"tags":[],"class_list":["post-35075","post","type-post","status-publish","format-standard","has-post-thumbnail","hentry","category-a-la-une","category-societe"],"yoast_head":"<!-- This site is optimized with the Yoast SEO plugin v26.3 - https:\/\/yoast.com\/wordpress\/plugins\/seo\/ -->\n<title>Un enfant coinc\u00e9 entre deux rames du m\u00e9tro \u00e0 Mohamed V (photos ) - R\u00e9alit\u00e9s Magazine<\/title>\n<meta name=\"description\" content=\"Un enfant s&#039;est retrouv\u00e9 coinc\u00e9 entre deux rames du m\u00e9tro ce matin alors qu\u2019il essayait de s\u2019y accrocher.\u00a0 L\u2019accident qui a eu lieu ce matin au niveau de\" \/>\n<meta name=\"robots\" content=\"index, follow, max-snippet:-1, max-image-preview:large, max-video-preview:-1\" \/>\n<link rel=\"canonical\" href=\"https:\/\/realites.com.tn\/fr\/un-enfant-coince-entre-deux-rames-du-metro-a-mohamed-v-photos\/\" \/>\n<meta property=\"og:locale\" content=\"fr_FR\" \/>\n<meta property=\"og:type\" content=\"article\" \/>\n<meta property=\"og:title\" content=\"Un enfant coinc\u00e9 entre deux rames du m\u00e9tro \u00e0 Mohamed V (photos ) - R\u00e9alit\u00e9s Magazine\" \/>\n<meta property=\"og:description\" content=\"Un enfant s&#039;est retrouv\u00e9 coinc\u00e9 entre deux rames du m\u00e9tro ce matin alors qu\u2019il essayait de s\u2019y accrocher.\u00a0 L\u2019accident qui a eu lieu ce matin au niveau de\" \/>\n<meta property=\"og:url\" content=\"https:\/\/realites.com.tn\/fr\/un-enfant-coince-entre-deux-rames-du-metro-a-mohamed-v-photos\/\" \/>\n<meta property=\"og:site_name\" content=\"R\u00e9alit\u00e9s Magazine\" \/>\n<meta property=\"article:publisher\" content=\"https:\/\/www.facebook.com\/realites.tn\/\" \/>\n<meta property=\"article:published_time\" content=\"2015-04-07T10:01:48+00:00\" \/>\n<meta property=\"article:modified_time\" content=\"2015-04-07T10:25:51+00:00\" \/>\n<meta property=\"og:image\" content=\"https:\/\/realites.com.tn\/fr\/wp-content\/uploads\/2015\/04\/enfant-coinc\u00e9.jpg\" \/>\n\t<meta property=\"og:image:width\" content=\"670\" \/>\n\t<meta property=\"og:image:height\" content=\"402\" \/>\n\t<meta property=\"og:image:type\" content=\"image\/jpeg\" \/>\n<meta name=\"author\" content=\"La R\u00e9daction\" \/>\n<meta name=\"twitter:card\" content=\"summary_large_image\" \/>\n<meta name=\"twitter:label1\" content=\"\u00c9crit par\" \/>\n\t<meta name=\"twitter:data1\" content=\"La R\u00e9daction\" \/>\n\t<meta name=\"twitter:label2\" content=\"Dur\u00e9e de lecture estim\u00e9e\" \/>\n\t<meta name=\"twitter:data2\" content=\"1 minute\" \/>\n<script type=\"application\/ld+json\" class=\"yoast-schema-graph\">{\"@context\":\"https:\/\/schema.org\",\"@graph\":[{\"@type\":\"WebPage\",\"@id\":\"https:\/\/realites.com.tn\/fr\/un-enfant-coince-entre-deux-rames-du-metro-a-mohamed-v-photos\/\",\"url\":\"https:\/\/realites.com.tn\/fr\/un-enfant-coince-entre-deux-rames-du-metro-a-mohamed-v-photos\/\",\"name\":\"Un enfant coinc\u00e9 entre deux rames du m\u00e9tro \u00e0 Mohamed V (photos ) - R\u00e9alit\u00e9s Magazine\",\"isPartOf\":{\"@id\":\"https:\/\/realites.com.tn\/fr\/#website\"},\"primaryImageOfPage\":{\"@id\":\"https:\/\/realites.com.tn\/fr\/un-enfant-coince-entre-deux-rames-du-metro-a-mohamed-v-photos\/#primaryimage\"},\"image\":{\"@id\":\"https:\/\/realites.com.tn\/fr\/un-enfant-coince-entre-deux-rames-du-metro-a-mohamed-v-photos\/#primaryimage\"},\"thumbnailUrl\":\"https:\/\/realites.com.tn\/fr\/wp-content\/uploads\/2015\/04\/enfant-coinc\u00e9.jpg\",\"datePublished\":\"2015-04-07T10:01:48+00:00\",\"dateModified\":\"2015-04-07T10:25:51+00:00\",\"author\":{\"@id\":\"https:\/\/realites.com.tn\/fr\/#\/schema\/person\/438b71c29a257d955d96d8aef42336e7\"},\"description\":\"Un enfant s'est retrouv\u00e9 coinc\u00e9 entre deux rames du m\u00e9tro ce matin alors qu\u2019il essayait de s\u2019y accrocher.\u00a0 L\u2019accident qui a eu lieu ce matin au niveau de\",\"breadcrumb\":{\"@id\":\"https:\/\/realites.com.tn\/fr\/un-enfant-coince-entre-deux-rames-du-metro-a-mohamed-v-photos\/#breadcrumb\"},\"inLanguage\":\"fr-FR\",\"potentialAction\":[{\"@type\":\"ReadAction\",\"target\":[\"https:\/\/realites.com.tn\/fr\/un-enfant-coince-entre-deux-rames-du-metro-a-mohamed-v-photos\/\"]}]},{\"@type\":\"ImageObject\",\"inLanguage\":\"fr-FR\",\"@id\":\"https:\/\/realites.com.tn\/fr\/un-enfant-coince-entre-deux-rames-du-metro-a-mohamed-v-photos\/#primaryimage\",\"url\":\"https:\/\/realites.com.tn\/fr\/wp-content\/uploads\/2015\/04\/enfant-coinc\u00e9.jpg\",\"contentUrl\":\"https:\/\/realites.com.tn\/fr\/wp-content\/uploads\/2015\/04\/enfant-coinc\u00e9.jpg\",\"width\":670,\"height\":402,\"caption\":\"un enfant coinc\u00e9 entre deux rames du m\u00e9tro 2\"},{\"@type\":\"BreadcrumbList\",\"@id\":\"https:\/\/realites.com.tn\/fr\/un-enfant-coince-entre-deux-rames-du-metro-a-mohamed-v-photos\/#breadcrumb\",\"itemListElement\":[{\"@type\":\"ListItem\",\"position\":1,\"name\":\"Home\",\"item\":\"https:\/\/realites.com.tn\/fr\/\"},{\"@type\":\"ListItem\",\"position\":2,\"name\":\"Un enfant coinc\u00e9 entre deux rames du m\u00e9tro \u00e0 Mohamed V (photos )\"}]},{\"@type\":\"WebSite\",\"@id\":\"https:\/\/realites.com.tn\/fr\/#website\",\"url\":\"https:\/\/realites.com.tn\/fr\/\",\"name\":\"R\u00e9alit\u00e9s Magazine\",\"description\":\"Actualit\u00e9s de la Tunisie\",\"potentialAction\":[{\"@type\":\"SearchAction\",\"target\":{\"@type\":\"EntryPoint\",\"urlTemplate\":\"https:\/\/realites.com.tn\/fr\/?s={search_term_string}\"},\"query-input\":{\"@type\":\"PropertyValueSpecification\",\"valueRequired\":true,\"valueName\":\"search_term_string\"}}],\"inLanguage\":\"fr-FR\"},{\"@type\":\"Person\",\"@id\":\"https:\/\/realites.com.tn\/fr\/#\/schema\/person\/438b71c29a257d955d96d8aef42336e7\",\"name\":\"La R\u00e9daction\",\"image\":{\"@type\":\"ImageObject\",\"inLanguage\":\"fr-FR\",\"@id\":\"https:\/\/realites.com.tn\/fr\/#\/schema\/person\/image\/\",\"url\":\"https:\/\/secure.gravatar.com\/avatar\/fbe9ab25fcc82b6e660ad5648f91eadb?s=96&d=mm&r=g\",\"contentUrl\":\"https:\/\/secure.gravatar.com\/avatar\/fbe9ab25fcc82b6e660ad5648f91eadb?s=96&d=mm&r=g\",\"caption\":\"La R\u00e9daction\"},\"url\":\"https:\/\/realites.com.tn\/fr\/author\/realites5201\/\"}]}<\/script>\n<!-- \/ Yoast SEO plugin. -->","yoast_head_json":{"title":"Un enfant coinc\u00e9 entre deux rames du m\u00e9tro \u00e0 Mohamed V (photos ) - R\u00e9alit\u00e9s Magazine","description":"Un enfant s'est retrouv\u00e9 coinc\u00e9 entre deux rames du m\u00e9tro ce matin alors qu\u2019il essayait de s\u2019y accrocher.\u00a0 L\u2019accident qui a eu lieu ce matin au niveau de","robots":{"index":"index","follow":"follow","max-snippet":"max-snippet:-1","max-image-preview":"max-image-preview:large","max-video-preview":"max-video-preview:-1"},"canonical":"https:\/\/realites.com.tn\/fr\/un-enfant-coince-entre-deux-rames-du-metro-a-mohamed-v-photos\/","og_locale":"fr_FR","og_type":"article","og_title":"Un enfant coinc\u00e9 entre deux rames du m\u00e9tro \u00e0 Mohamed V (photos ) - R\u00e9alit\u00e9s Magazine","og_description":"Un enfant s'est retrouv\u00e9 coinc\u00e9 entre deux rames du m\u00e9tro ce matin alors qu\u2019il essayait de s\u2019y accrocher.\u00a0 L\u2019accident qui a eu lieu ce matin au niveau de","og_url":"https:\/\/realites.com.tn\/fr\/un-enfant-coince-entre-deux-rames-du-metro-a-mohamed-v-photos\/","og_site_name":"R\u00e9alit\u00e9s Magazine","article_publisher":"https:\/\/www.facebook.com\/realites.tn\/","article_published_time":"2015-04-07T10:01:48+00:00","article_modified_time":"2015-04-07T10:25:51+00:00","og_image":[{"width":670,"height":402,"url":"https:\/\/realites.com.tn\/fr\/wp-content\/uploads\/2015\/04\/enfant-coinc\u00e9.jpg","type":"image\/jpeg"}],"author":"La R\u00e9daction","twitter_card":"summary_large_image","twitter_misc":{"\u00c9crit par":"La R\u00e9daction","Dur\u00e9e de lecture estim\u00e9e":"1 minute"},"schema":{"@context":"https:\/\/schema.org","@graph":[{"@type":"WebPage","@id":"https:\/\/realites.com.tn\/fr\/un-enfant-coince-entre-deux-rames-du-metro-a-mohamed-v-photos\/","url":"https:\/\/realites.com.tn\/fr\/un-enfant-coince-entre-deux-rames-du-metro-a-mohamed-v-photos\/","name":"Un enfant coinc\u00e9 entre deux rames du m\u00e9tro \u00e0 Mohamed V (photos ) - R\u00e9alit\u00e9s Magazine","isPartOf":{"@id":"https:\/\/realites.com.tn\/fr\/#website"},"primaryImageOfPage":{"@id":"https:\/\/realites.com.tn\/fr\/un-enfant-coince-entre-deux-rames-du-metro-a-mohamed-v-photos\/#primaryimage"},"image":{"@id":"https:\/\/realites.com.tn\/fr\/un-enfant-coince-entre-deux-rames-du-metro-a-mohamed-v-photos\/#primaryimage"},"thumbnailUrl":"https:\/\/realites.com.tn\/fr\/wp-content\/uploads\/2015\/04\/enfant-coinc\u00e9.jpg","datePublished":"2015-04-07T10:01:48+00:00","dateModified":"2015-04-07T10:25:51+00:00","author":{"@id":"https:\/\/realites.com.tn\/fr\/#\/schema\/person\/438b71c29a257d955d96d8aef42336e7"},"description":"Un enfant s'est retrouv\u00e9 coinc\u00e9 entre deux rames du m\u00e9tro ce matin alors qu\u2019il essayait de s\u2019y accrocher.\u00a0 L\u2019accident qui a eu lieu ce matin au niveau de","breadcrumb":{"@id":"https:\/\/realites.com.tn\/fr\/un-enfant-coince-entre-deux-rames-du-metro-a-mohamed-v-photos\/#breadcrumb"},"inLanguage":"fr-FR","potentialAction":[{"@type":"ReadAction","target":["https:\/\/realites.com.tn\/fr\/un-enfant-coince-entre-deux-rames-du-metro-a-mohamed-v-photos\/"]}]},{"@type":"ImageObject","inLanguage":"fr-FR","@id":"https:\/\/realites.com.tn\/fr\/un-enfant-coince-entre-deux-rames-du-metro-a-mohamed-v-photos\/#primaryimage","url":"https:\/\/realites.com.tn\/fr\/wp-content\/uploads\/2015\/04\/enfant-coinc\u00e9.jpg","contentUrl":"https:\/\/realites.com.tn\/fr\/wp-content\/uploads\/2015\/04\/enfant-coinc\u00e9.jpg","width":670,"height":402,"caption":"un enfant coinc\u00e9 entre deux rames du m\u00e9tro 2"},{"@type":"BreadcrumbList","@id":"https:\/\/realites.com.tn\/fr\/un-enfant-coince-entre-deux-rames-du-metro-a-mohamed-v-photos\/#breadcrumb","itemListElement":[{"@type":"ListItem","position":1,"name":"Home","item":"https:\/\/realites.com.tn\/fr\/"},{"@type":"ListItem","position":2,"name":"Un enfant coinc\u00e9 entre deux rames du m\u00e9tro \u00e0 Mohamed V (photos )"}]},{"@type":"WebSite","@id":"https:\/\/realites.com.tn\/fr\/#website","url":"https:\/\/realites.com.tn\/fr\/","name":"R\u00e9alit\u00e9s Magazine","description":"Actualit\u00e9s de la Tunisie","potentialAction":[{"@type":"SearchAction","target":{"@type":"EntryPoint","urlTemplate":"https:\/\/realites.com.tn\/fr\/?s={search_term_string}"},"query-input":{"@type":"PropertyValueSpecification","valueRequired":true,"valueName":"search_term_string"}}],"inLanguage":"fr-FR"},{"@type":"Person","@id":"https:\/\/realites.com.tn\/fr\/#\/schema\/person\/438b71c29a257d955d96d8aef42336e7","name":"La R\u00e9daction","image":{"@type":"ImageObject","inLanguage":"fr-FR","@id":"https:\/\/realites.com.tn\/fr\/#\/schema\/person\/image\/","url":"https:\/\/secure.gravatar.com\/avatar\/fbe9ab25fcc82b6e660ad5648f91eadb?s=96&d=mm&r=g","contentUrl":"https:\/\/secure.gravatar.com\/avatar\/fbe9ab25fcc82b6e660ad5648f91eadb?s=96&d=mm&r=g","caption":"La R\u00e9daction"},"url":"https:\/\/realites.com.tn\/fr\/author\/realites5201\/"}]}},"jetpack_featured_media_url":"https:\/\/realites.com.tn\/fr\/wp-content\/uploads\/2015\/04\/enfant-coinc\u00e9.jpg","jetpack_sharing_enabled":true,"views":26,"_links":{"self":[{"href":"https:\/\/realites.com.tn\/fr\/wp-json\/wp\/v2\/posts\/35075","targetHints":{"allow":["GET"]}}],"collection":[{"href":"https:\/\/realites.com.tn\/fr\/wp-json\/wp\/v2\/posts"}],"about":[{"href":"https:\/\/realites.com.tn\/fr\/wp-json\/wp\/v2\/types\/post"}],"author":[{"embeddable":true,"href":"https:\/\/realites.com.tn\/fr\/wp-json\/wp\/v2\/users\/60"}],"replies":[{"embeddable":true,"href":"https:\/\/realites.com.tn\/fr\/wp-json\/wp\/v2\/comments?post=35075"}],"version-history":[{"count":0,"href":"https:\/\/realites.com.tn\/fr\/wp-json\/wp\/v2\/posts\/35075\/revisions"}],"wp:featuredmedia":[{"embeddable":true,"href":"https:\/\/realites.com.tn\/fr\/wp-json\/wp\/v2\/media\/35077"}],"wp:attachment":[{"href":"https:\/\/realites.com.tn\/fr\/wp-json\/wp\/v2\/media?parent=35075"}],"wp:term":[{"taxonomy":"category","embeddable":true,"href":"https:\/\/realites.com.tn\/fr\/wp-json\/wp\/v2\/categories?post=35075"},{"taxonomy":"post_tag","embeddable":true,"href":"https:\/\/realites.com.tn\/fr\/wp-json\/wp\/v2\/tags?post=35075"}],"curies":[{"name":"wp","href":"https:\/\/api.w.org\/{rel}","templated":true}]}}