{"id":382029,"date":"2026-02-16T13:18:03","date_gmt":"2026-02-16T12:18:03","guid":{"rendered":"https:\/\/realites.com.tn\/fr\/?p=382029"},"modified":"2026-02-16T13:18:03","modified_gmt":"2026-02-16T12:18:03","slug":"democratie-tunisienne-lexception-en-pause","status":"publish","type":"post","link":"https:\/\/realites.com.tn\/fr\/democratie-tunisienne-lexception-en-pause\/","title":{"rendered":"D\u00e9mocratie tunisienne\u00a0: L\u2019exception en pause\u00a0?"},"content":{"rendered":"<p style=\"text-align: center;\"><strong>Pendant<\/strong><strong><em>\u00a0plus d\u2019une d\u00e9cennie, au lendemain des \u00e9v\u00e9nements de 2010-2011, la Tunisie a \u00e9t\u00e9 consid\u00e9r\u00e9e, de fait, comme l\u2019exception d\u00e9mocratique du monde arabe. Mais qu\u2019en reste-t-il,\u00a0aujourd\u2019hui ? Il ne s\u2019agit plus d\u2019id\u00e9aliser une transition politique in\u00e9dite dans son contexte g\u00e9ographique et historique ni d\u2019en d\u00e9plorer l\u2019\u00e9chec act\u00e9 par le coup de force du 25 juillet 2021 mais de constater que l\u2019exp\u00e9rience d\u00e9mocratique est grav\u00e9e \u00e0 jamais dans la m\u00e9moire nationale et que le syst\u00e8me d\u00e9mocratique n\u2019a pas \u00e9t\u00e9 totalement aboli mais mis en suspens. Pour les opposants, il est parodi\u00e9.<\/em><\/strong><\/p>\n<p><strong>\u00a0<\/strong>Depuis l\u2019instauration du r\u00e9gime d\u2019exception en 2021, en cours depuis plus de quatorze ans, le pays vit une crise politique profonde qui impacte tous les autres secteurs. Les indicateurs \u00e9conomiques, pass\u00e9s tout de m\u00eame au vert en 2025, restent en de\u00e7\u00e0 des capacit\u00e9s de croissance r\u00e9elles de la Tunisie. Le volet social pass\u00e9 au-devant de toutes les priorit\u00e9s de l\u2019Etat peine \u00e0 r\u00e9pondre dans les temps \u00e0 toutes les attentes et les revendications. Si des r\u00e9sultats positifs, lents mais s\u00fbrs, voire encourageants sont enregistr\u00e9s dans les deux pr\u00e9c\u00e9dents domaines, celui des libert\u00e9s individuelles et collectives est carr\u00e9ment sinistr\u00e9, en \u00e9tat d\u2019apn\u00e9e, souffrant d\u2019\u00e9touffement apr\u00e8s avoir v\u00e9cu une d\u00e9cennie post-r\u00e9volution sans limites, sans contr\u00f4le, sans reddition des comptes, sans garde-fous que les pays du monde entier tentent aujourd\u2019hui de mettre en place pour mettre fin aux d\u00e9rives dangereuses des r\u00e9seaux sociaux.<\/p>\n<p><strong>\u00a0<\/strong><strong>Etat fort vs opposition fragment\u00e9e<br \/>\n<\/strong>Dans ce que les opposants au processus du 25 juillet appellent \u00abparodie d\u00e9mocratique\u00a0\u00bb, force est de constater que tout n\u2019est pas noir et tout n\u2019est pas blanc. Le pays tourne, la panne g\u00e9n\u00e9rale que certains ont souhait\u00e9e de tous leurs v\u0153ux, \u00e0 une certaine \u00e9poque, n\u2019a pas eu lieu. Les institutions r\u00e9galiennes fonctionnent toujours, les \u00e9lections sont organis\u00e9es dans les d\u00e9lais et l\u2019administration tourne, malgr\u00e9 ses atermoiements. Il y a m\u00eame un sentiment que le pays se redresse, petit \u00e0 petit. Seule entrave et pas des moindres\u00a0: la concentration des pouvoirs au niveau de l\u2019Ex\u00e9cutif, le Parlement affaibli, le d\u00e9bat public vid\u00e9 et le pluralisme marginalis\u00e9. Cette situation nourrit nombre de d\u00e9fiances, notamment \u00e0 l\u2019\u00e9gard de la justice accus\u00e9e par une certaine opposition de ne pas \u00eatre ind\u00e9pendante et, \u00e0 l\u2019\u00e9gard de la lutte contre la corruption, accus\u00e9e de cibler des adversaires politiques et d\u2019intimider les groupes de pression comme l\u2019Union g\u00e9n\u00e9rale tunisienne du travail et la soci\u00e9t\u00e9 civile en g\u00e9n\u00e9ral. A noter qu\u2019une partie non n\u00e9gligeable des Tunisiens (masse silencieuse) approuve les d\u00e9cisions \u00ab\u00a0controvers\u00e9es\u00a0\u00bb de l\u2019Ex\u00e9cutif, les consid\u00e9rant comme n\u00e9cessaires afin de stopper la fuite en avant et les d\u00e9rives constat\u00e9es au cours de la d\u00e9cennie chaotique de la transition d\u00e9mocratique qui avait mis le pays \u00e0 genoux et \u00e9loign\u00e9 les citoyens des \u00e9lus et de l\u2019\u00e9lite politique en g\u00e9n\u00e9ral, un fait dont les Tunisiens supportent encore les cons\u00e9quences. \u00a0Cette partie de l\u2019opinion publique voit dans la concentration des pouvoirs une r\u00e9ponse \u00e0 l\u2019instabilit\u00e9 des gouvernements de l\u2019\u00e9poque post-r\u00e9volution, \u00e0 ses crises interminables, \u00e0 ses coalitions partisanes de circonstance, \u00e0 la corruption per\u00e7ue de plus en plus forte\u00a0; pour certains, c\u2019est m\u00eame un soulagement. D\u2019o\u00f9 la l\u00e9gitimit\u00e9 populaire qu\u2019en tire le pouvoir ex\u00e9cutif face, par ailleurs, \u00e0 un front opposant qui d\u00e9nonce encore \u00ab\u00a0un coup d\u2019Etat\u00a0\u00bb du 25 juillet 2021. Mais cette l\u00e9gitimit\u00e9 populaire, \u2014r\u00e9elle, la large mobilisation c\u00e9l\u00e9brant le 17 d\u00e9cembre 2025 en \u00e9tant l\u2019expression ind\u00e9niable \u2014, a \u00e9t\u00e9, malgr\u00e9 tout, mise \u00e0 mal et, par cons\u00e9quent, fragilis\u00e9e par l\u2019absence d\u2019une adh\u00e9sion enthousiaste aux scrutins successifs organis\u00e9s apr\u00e8s le coup de force du 25 juillet. Les faibles taux de participation ont sem\u00e9 le doute, voire nourri l\u2019espoir d\u2019un changement rapide. Avec le temps, cela a d\u00e9montr\u00e9 plus un d\u00e9sengagement civique populaire, les Tunisiens s\u2019\u00e9tant lass\u00e9s des op\u00e9rations \u00e9lectorales aux promesses creuses, qu\u2019un d\u00e9saveu du processus du 25 juillet et de son instigateur. La d\u00e9mocratie en Tunisie ne se heurte pas seulement \u00e0 un pouvoir centralis\u00e9 mais \u00e9galement \u00e0 des citoyens d\u00e9sabus\u00e9s et \u00e0 une masse silencieuse aussi pr\u00e9occup\u00e9e qu\u2019ind\u00e9cise.<br \/>\nDans ce contexte, l\u2019opposition peine \u00e0 retrouver son leadership au sein de l\u2019opinion publique. Toutes les mobilisations d\u00e9non\u00e7ant le recul des libert\u00e9s, la concentration des pouvoirs, la poursuite judiciaire des hommes et des femmes politiques, tous les appels \u00e0 la participation, n\u2019ont pas eu l\u2019effet escompt\u00e9 et sont rest\u00e9s inaudibles. Fragment\u00e9e, discr\u00e9dit\u00e9e par son propre bilan de la d\u00e9cennie post-r\u00e9volution, elle ne r\u00e9ussit toujours pas \u00e0 d\u00e9velopper un discours cr\u00e9dible, mobilisateur. Cette opposition est victime de l\u2019orientation autoritaire du syst\u00e8me actuel mais elle est aussi et surtout victime de son propre \u00e9chec \u00e0 b\u00e2tir un projet politique sur un pilier central de la vie politique\u00a0: la confiance durable avec les citoyens. D\u2019o\u00f9 le dilemme\u00a0: en l\u2019absence de contre-pouvoirs cr\u00e9dibles, f\u00e9d\u00e9rateurs, mobilisateurs, la concentration des pouvoirs devient, \u00e0 tort ou \u00e0 raison, la seule alternative.<\/p>\n<p><strong>Entre les espoirs de 2011 et la r\u00e9alit\u00e9 contraignante<br \/>\n<\/strong>D\u00e8s lors, l\u2019Etat a pris toute la place et les notions de souverainet\u00e9 nationale, de s\u00e9curit\u00e9 et de stabilit\u00e9 s\u2019imposent comme des priorit\u00e9s nationales absolues devant certains principes d\u00e9mocratiques (libert\u00e9 d\u2019expression) \u00a0d\u00e9sormais jug\u00e9s secondaires, voire dangereux, en temps de crises. Le r\u00e9sultat est on ne peut plus mitig\u00e9\u00a0: d\u2019un c\u00f4t\u00e9, les verrous impos\u00e9s \u00e0 la libert\u00e9 de presse, d\u2019expression, d\u2019opinion ont instaur\u00e9 un climat de crise, de d\u00e9fiance, de tentation \u00e0 la r\u00e9bellion et, de l\u2019autre, la position forte de l\u2019Etat rassure une partie de l\u2019opinion et certains partenaires \u00e9trangers qui reviennent investir en Tunisie, apr\u00e8s une longue travers\u00e9e du d\u00e9sert.<br \/>\nFaut-il pour autant s\u2019acculer \u00e0 choisir entre l\u2019Etat et la d\u00e9mocratie\u00a0? Sans conteste, non. Les Tunisiens ne sont pas pr\u00eats \u00e0 sacrifier leurs acquis d\u00e9mocratiques obtenus par le sang et apr\u00e8s de longues ann\u00e9es de militantisme, cette p\u00e9riode contraignante est provisoire, mais une partie d\u2019entre eux se sont, aussi, d\u00e9solidaris\u00e9s de l\u2019exp\u00e9rience d\u00e9mocratique pass\u00e9e qui a consist\u00e9 \u00e0 affaiblir l\u2019Etat au profit de l\u2019h\u00e9g\u00e9monie des partis politiques et de leur cercle du pouvoir, \u00e0 savoir le Parlement. L\u2019id\u00e9al pour toutes les parties, auquel devraient s\u2019atteler toutes les oppositions et les institutions de l\u2019Etat, appara\u00eet donc sous la forme d\u2019une d\u00e9mocratie populaire, et non d\u2019\u00e9lite, qui serait instaur\u00e9e dans un Etat fort, et \u00e0 deux, ensemble, ils agiraient de mani\u00e8re concert\u00e9e pour la garantie des libert\u00e9s et des droits \u00e9conomiques, sociaux et politiques.<br \/>\nL\u2019exception tunisienne r\u00e9side aujourd\u2019hui dans l\u2019\u00e9cart entre les espoirs excessifs n\u00e9s en 2011 et la r\u00e9alit\u00e9 actuelle plus contraignante qui compose avec des menaces de tout genre\u00a0: ing\u00e9rence \u00e9trang\u00e8re, bouleversements g\u00e9ostrat\u00e9giques, urgence \u00e9conomique, lobbys, terrorisme, corruption. Mais force est de constater qu\u2019une exception qui dure devient un syst\u00e8me. Alors, la question se pose\u00a0: la Tunisie, vit-elle une phase transitoire, in\u00e9vitable apr\u00e8s la d\u00e9cennie 2010-2020, avant d\u2019instaurer dans quelques ann\u00e9es une v\u00e9ritable d\u00e9mocratie durable ou est-ce que les bases du red\u00e9marrage d\u00e9mocratique ont \u00e9t\u00e9 totalement d\u00e9truites, favorisant soit une normalisation avec la concentration des pouvoirs, soit une autre r\u00e9volution\u00a0? L\u2019avenir le dira.<\/p>\n","protected":false},"excerpt":{"rendered":"<p>Pendant\u00a0plus d\u2019une d\u00e9cennie, au lendemain des \u00e9v\u00e9nements de 2010-2011, la Tunisie a \u00e9t\u00e9 consid\u00e9r\u00e9e, de fait, comme l\u2019exception d\u00e9mocratique du monde arabe. Mais qu\u2019en reste-t-il,\u00a0aujourd\u2019hui ? Il ne s\u2019agit plus&hellip;<\/p>\n","protected":false},"author":107,"featured_media":382036,"comment_status":"closed","ping_status":"closed","sticky":false,"template":"","format":"standard","meta":{"_lmt_disableupdate":"","_lmt_disable":"","_jetpack_memberships_contains_paid_content":false,"footnotes":""},"categories":[11],"tags":[],"class_list":["post-382029","post","type-post","status-publish","format-standard","has-post-thumbnail","hentry","category-opinions"],"yoast_head":"<!-- This site is optimized with the Yoast SEO plugin v26.3 - https:\/\/yoast.com\/wordpress\/plugins\/seo\/ -->\n<title>D\u00e9mocratie tunisienne\u00a0: L\u2019exception en pause\u00a0? - R\u00e9alit\u00e9s Magazine<\/title>\n<meta name=\"description\" content=\"Pendant\u00a0plus d\u2019une d\u00e9cennie, au lendemain des \u00e9v\u00e9nements de 2010-2011, la Tunisie a \u00e9t\u00e9 consid\u00e9r\u00e9e, de fait, comme l\u2019exception d\u00e9mocratique du monde\" \/>\n<meta name=\"robots\" content=\"index, follow, max-snippet:-1, max-image-preview:large, max-video-preview:-1\" \/>\n<link rel=\"canonical\" href=\"https:\/\/realites.com.tn\/fr\/democratie-tunisienne-lexception-en-pause\/\" \/>\n<meta property=\"og:locale\" content=\"fr_FR\" \/>\n<meta property=\"og:type\" content=\"article\" \/>\n<meta property=\"og:title\" content=\"D\u00e9mocratie tunisienne\u00a0: L\u2019exception en pause\u00a0? - R\u00e9alit\u00e9s Magazine\" \/>\n<meta property=\"og:description\" content=\"Pendant\u00a0plus d\u2019une d\u00e9cennie, au lendemain des \u00e9v\u00e9nements de 2010-2011, la Tunisie a \u00e9t\u00e9 consid\u00e9r\u00e9e, de fait, comme l\u2019exception d\u00e9mocratique du monde\" \/>\n<meta property=\"og:url\" content=\"https:\/\/realites.com.tn\/fr\/democratie-tunisienne-lexception-en-pause\/\" \/>\n<meta property=\"og:site_name\" content=\"R\u00e9alit\u00e9s Magazine\" \/>\n<meta property=\"article:publisher\" content=\"https:\/\/www.facebook.com\/realites.tn\/\" \/>\n<meta property=\"article:published_time\" content=\"2026-02-16T12:18:03+00:00\" \/>\n<meta property=\"og:image\" content=\"https:\/\/realites.com.tn\/fr\/wp-content\/uploads\/2026\/02\/15945.jpg\" \/>\n\t<meta property=\"og:image:width\" content=\"1920\" \/>\n\t<meta property=\"og:image:height\" content=\"1125\" \/>\n\t<meta property=\"og:image:type\" content=\"image\/jpeg\" \/>\n<meta name=\"author\" content=\"Yasmine Arabi\" \/>\n<meta name=\"twitter:card\" content=\"summary_large_image\" \/>\n<meta name=\"twitter:label1\" content=\"\u00c9crit par\" \/>\n\t<meta name=\"twitter:data1\" content=\"Yasmine Arabi\" \/>\n\t<meta name=\"twitter:label2\" content=\"Dur\u00e9e de lecture estim\u00e9e\" \/>\n\t<meta name=\"twitter:data2\" content=\"7 minutes\" \/>\n<script type=\"application\/ld+json\" class=\"yoast-schema-graph\">{\"@context\":\"https:\/\/schema.org\",\"@graph\":[{\"@type\":\"WebPage\",\"@id\":\"https:\/\/realites.com.tn\/fr\/democratie-tunisienne-lexception-en-pause\/\",\"url\":\"https:\/\/realites.com.tn\/fr\/democratie-tunisienne-lexception-en-pause\/\",\"name\":\"D\u00e9mocratie tunisienne\u00a0: L\u2019exception en pause\u00a0? - R\u00e9alit\u00e9s Magazine\",\"isPartOf\":{\"@id\":\"https:\/\/realites.com.tn\/fr\/#website\"},\"primaryImageOfPage\":{\"@id\":\"https:\/\/realites.com.tn\/fr\/democratie-tunisienne-lexception-en-pause\/#primaryimage\"},\"image\":{\"@id\":\"https:\/\/realites.com.tn\/fr\/democratie-tunisienne-lexception-en-pause\/#primaryimage\"},\"thumbnailUrl\":\"https:\/\/realites.com.tn\/fr\/wp-content\/uploads\/2026\/02\/15945.jpg\",\"datePublished\":\"2026-02-16T12:18:03+00:00\",\"author\":{\"@id\":\"https:\/\/realites.com.tn\/fr\/#\/schema\/person\/06a511b4d2fe915f476de4f87e6bb2c8\"},\"description\":\"Pendant\u00a0plus d\u2019une d\u00e9cennie, au lendemain des \u00e9v\u00e9nements de 2010-2011, la Tunisie a \u00e9t\u00e9 consid\u00e9r\u00e9e, de fait, comme l\u2019exception d\u00e9mocratique du monde\",\"breadcrumb\":{\"@id\":\"https:\/\/realites.com.tn\/fr\/democratie-tunisienne-lexception-en-pause\/#breadcrumb\"},\"inLanguage\":\"fr-FR\",\"potentialAction\":[{\"@type\":\"ReadAction\",\"target\":[\"https:\/\/realites.com.tn\/fr\/democratie-tunisienne-lexception-en-pause\/\"]}]},{\"@type\":\"ImageObject\",\"inLanguage\":\"fr-FR\",\"@id\":\"https:\/\/realites.com.tn\/fr\/democratie-tunisienne-lexception-en-pause\/#primaryimage\",\"url\":\"https:\/\/realites.com.tn\/fr\/wp-content\/uploads\/2026\/02\/15945.jpg\",\"contentUrl\":\"https:\/\/realites.com.tn\/fr\/wp-content\/uploads\/2026\/02\/15945.jpg\",\"width\":1920,\"height\":1125},{\"@type\":\"BreadcrumbList\",\"@id\":\"https:\/\/realites.com.tn\/fr\/democratie-tunisienne-lexception-en-pause\/#breadcrumb\",\"itemListElement\":[{\"@type\":\"ListItem\",\"position\":1,\"name\":\"Home\",\"item\":\"https:\/\/realites.com.tn\/fr\/\"},{\"@type\":\"ListItem\",\"position\":2,\"name\":\"D\u00e9mocratie tunisienne\u00a0: L\u2019exception en pause\u00a0?\"}]},{\"@type\":\"WebSite\",\"@id\":\"https:\/\/realites.com.tn\/fr\/#website\",\"url\":\"https:\/\/realites.com.tn\/fr\/\",\"name\":\"R\u00e9alit\u00e9s Magazine\",\"description\":\"Actualit\u00e9s de la Tunisie\",\"potentialAction\":[{\"@type\":\"SearchAction\",\"target\":{\"@type\":\"EntryPoint\",\"urlTemplate\":\"https:\/\/realites.com.tn\/fr\/?s={search_term_string}\"},\"query-input\":{\"@type\":\"PropertyValueSpecification\",\"valueRequired\":true,\"valueName\":\"search_term_string\"}}],\"inLanguage\":\"fr-FR\"},{\"@type\":\"Person\",\"@id\":\"https:\/\/realites.com.tn\/fr\/#\/schema\/person\/06a511b4d2fe915f476de4f87e6bb2c8\",\"name\":\"Yasmine Arabi\",\"image\":{\"@type\":\"ImageObject\",\"inLanguage\":\"fr-FR\",\"@id\":\"https:\/\/realites.com.tn\/fr\/#\/schema\/person\/image\/\",\"url\":\"https:\/\/secure.gravatar.com\/avatar\/72452549604596af346e7e0fd432b2db?s=96&d=mm&r=g\",\"contentUrl\":\"https:\/\/secure.gravatar.com\/avatar\/72452549604596af346e7e0fd432b2db?s=96&d=mm&r=g\",\"caption\":\"Yasmine Arabi\"},\"url\":\"https:\/\/realites.com.tn\/fr\/author\/yasmine-arabi\/\"}]}<\/script>\n<!-- \/ Yoast SEO plugin. -->","yoast_head_json":{"title":"D\u00e9mocratie tunisienne\u00a0: L\u2019exception en pause\u00a0? - R\u00e9alit\u00e9s Magazine","description":"Pendant\u00a0plus d\u2019une d\u00e9cennie, au lendemain des \u00e9v\u00e9nements de 2010-2011, la Tunisie a \u00e9t\u00e9 consid\u00e9r\u00e9e, de fait, comme l\u2019exception d\u00e9mocratique du monde","robots":{"index":"index","follow":"follow","max-snippet":"max-snippet:-1","max-image-preview":"max-image-preview:large","max-video-preview":"max-video-preview:-1"},"canonical":"https:\/\/realites.com.tn\/fr\/democratie-tunisienne-lexception-en-pause\/","og_locale":"fr_FR","og_type":"article","og_title":"D\u00e9mocratie tunisienne\u00a0: L\u2019exception en pause\u00a0? - R\u00e9alit\u00e9s Magazine","og_description":"Pendant\u00a0plus d\u2019une d\u00e9cennie, au lendemain des \u00e9v\u00e9nements de 2010-2011, la Tunisie a \u00e9t\u00e9 consid\u00e9r\u00e9e, de fait, comme l\u2019exception d\u00e9mocratique du monde","og_url":"https:\/\/realites.com.tn\/fr\/democratie-tunisienne-lexception-en-pause\/","og_site_name":"R\u00e9alit\u00e9s Magazine","article_publisher":"https:\/\/www.facebook.com\/realites.tn\/","article_published_time":"2026-02-16T12:18:03+00:00","og_image":[{"width":1920,"height":1125,"url":"https:\/\/realites.com.tn\/fr\/wp-content\/uploads\/2026\/02\/15945.jpg","type":"image\/jpeg"}],"author":"Yasmine Arabi","twitter_card":"summary_large_image","twitter_misc":{"\u00c9crit par":"Yasmine Arabi","Dur\u00e9e de lecture estim\u00e9e":"7 minutes"},"schema":{"@context":"https:\/\/schema.org","@graph":[{"@type":"WebPage","@id":"https:\/\/realites.com.tn\/fr\/democratie-tunisienne-lexception-en-pause\/","url":"https:\/\/realites.com.tn\/fr\/democratie-tunisienne-lexception-en-pause\/","name":"D\u00e9mocratie tunisienne\u00a0: L\u2019exception en pause\u00a0? - R\u00e9alit\u00e9s Magazine","isPartOf":{"@id":"https:\/\/realites.com.tn\/fr\/#website"},"primaryImageOfPage":{"@id":"https:\/\/realites.com.tn\/fr\/democratie-tunisienne-lexception-en-pause\/#primaryimage"},"image":{"@id":"https:\/\/realites.com.tn\/fr\/democratie-tunisienne-lexception-en-pause\/#primaryimage"},"thumbnailUrl":"https:\/\/realites.com.tn\/fr\/wp-content\/uploads\/2026\/02\/15945.jpg","datePublished":"2026-02-16T12:18:03+00:00","author":{"@id":"https:\/\/realites.com.tn\/fr\/#\/schema\/person\/06a511b4d2fe915f476de4f87e6bb2c8"},"description":"Pendant\u00a0plus d\u2019une d\u00e9cennie, au lendemain des \u00e9v\u00e9nements de 2010-2011, la Tunisie a \u00e9t\u00e9 consid\u00e9r\u00e9e, de fait, comme l\u2019exception d\u00e9mocratique du monde","breadcrumb":{"@id":"https:\/\/realites.com.tn\/fr\/democratie-tunisienne-lexception-en-pause\/#breadcrumb"},"inLanguage":"fr-FR","potentialAction":[{"@type":"ReadAction","target":["https:\/\/realites.com.tn\/fr\/democratie-tunisienne-lexception-en-pause\/"]}]},{"@type":"ImageObject","inLanguage":"fr-FR","@id":"https:\/\/realites.com.tn\/fr\/democratie-tunisienne-lexception-en-pause\/#primaryimage","url":"https:\/\/realites.com.tn\/fr\/wp-content\/uploads\/2026\/02\/15945.jpg","contentUrl":"https:\/\/realites.com.tn\/fr\/wp-content\/uploads\/2026\/02\/15945.jpg","width":1920,"height":1125},{"@type":"BreadcrumbList","@id":"https:\/\/realites.com.tn\/fr\/democratie-tunisienne-lexception-en-pause\/#breadcrumb","itemListElement":[{"@type":"ListItem","position":1,"name":"Home","item":"https:\/\/realites.com.tn\/fr\/"},{"@type":"ListItem","position":2,"name":"D\u00e9mocratie tunisienne\u00a0: L\u2019exception en pause\u00a0?"}]},{"@type":"WebSite","@id":"https:\/\/realites.com.tn\/fr\/#website","url":"https:\/\/realites.com.tn\/fr\/","name":"R\u00e9alit\u00e9s Magazine","description":"Actualit\u00e9s de la Tunisie","potentialAction":[{"@type":"SearchAction","target":{"@type":"EntryPoint","urlTemplate":"https:\/\/realites.com.tn\/fr\/?s={search_term_string}"},"query-input":{"@type":"PropertyValueSpecification","valueRequired":true,"valueName":"search_term_string"}}],"inLanguage":"fr-FR"},{"@type":"Person","@id":"https:\/\/realites.com.tn\/fr\/#\/schema\/person\/06a511b4d2fe915f476de4f87e6bb2c8","name":"Yasmine Arabi","image":{"@type":"ImageObject","inLanguage":"fr-FR","@id":"https:\/\/realites.com.tn\/fr\/#\/schema\/person\/image\/","url":"https:\/\/secure.gravatar.com\/avatar\/72452549604596af346e7e0fd432b2db?s=96&d=mm&r=g","contentUrl":"https:\/\/secure.gravatar.com\/avatar\/72452549604596af346e7e0fd432b2db?s=96&d=mm&r=g","caption":"Yasmine Arabi"},"url":"https:\/\/realites.com.tn\/fr\/author\/yasmine-arabi\/"}]}},"jetpack_featured_media_url":"https:\/\/realites.com.tn\/fr\/wp-content\/uploads\/2026\/02\/15945.jpg","jetpack_sharing_enabled":true,"views":133,"_links":{"self":[{"href":"https:\/\/realites.com.tn\/fr\/wp-json\/wp\/v2\/posts\/382029","targetHints":{"allow":["GET"]}}],"collection":[{"href":"https:\/\/realites.com.tn\/fr\/wp-json\/wp\/v2\/posts"}],"about":[{"href":"https:\/\/realites.com.tn\/fr\/wp-json\/wp\/v2\/types\/post"}],"author":[{"embeddable":true,"href":"https:\/\/realites.com.tn\/fr\/wp-json\/wp\/v2\/users\/107"}],"replies":[{"embeddable":true,"href":"https:\/\/realites.com.tn\/fr\/wp-json\/wp\/v2\/comments?post=382029"}],"version-history":[{"count":1,"href":"https:\/\/realites.com.tn\/fr\/wp-json\/wp\/v2\/posts\/382029\/revisions"}],"predecessor-version":[{"id":382037,"href":"https:\/\/realites.com.tn\/fr\/wp-json\/wp\/v2\/posts\/382029\/revisions\/382037"}],"wp:featuredmedia":[{"embeddable":true,"href":"https:\/\/realites.com.tn\/fr\/wp-json\/wp\/v2\/media\/382036"}],"wp:attachment":[{"href":"https:\/\/realites.com.tn\/fr\/wp-json\/wp\/v2\/media?parent=382029"}],"wp:term":[{"taxonomy":"category","embeddable":true,"href":"https:\/\/realites.com.tn\/fr\/wp-json\/wp\/v2\/categories?post=382029"},{"taxonomy":"post_tag","embeddable":true,"href":"https:\/\/realites.com.tn\/fr\/wp-json\/wp\/v2\/tags?post=382029"}],"curies":[{"name":"wp","href":"https:\/\/api.w.org\/{rel}","templated":true}]}}