{"id":383333,"date":"2026-03-07T09:16:32","date_gmt":"2026-03-07T08:16:32","guid":{"rendered":"https:\/\/realites.com.tn\/fr\/?p=383333"},"modified":"2026-03-07T09:51:40","modified_gmt":"2026-03-07T08:51:40","slug":"sadok-belaid-tire-sa-reverence","status":"publish","type":"post","link":"https:\/\/realites.com.tn\/fr\/sadok-belaid-tire-sa-reverence\/","title":{"rendered":"Sadok Bela\u00efd tire sa r\u00e9v\u00e9rence"},"content":{"rendered":"<p data-start=\"0\" data-end=\"288\">Le professeur de droit constitutionnel <span class=\"hover:entity-accent entity-underline inline cursor-pointer align-baseline\"><span class=\"whitespace-normal\">Sadok Bela\u00efd<\/span><\/span> est d\u00e9c\u00e9d\u00e9 samedi 7 mars 2026 \u00e0 l\u2019\u00e2ge de 83 ans. Figure \u00e9minente du droit public en Tunisie, il laisse derri\u00e8re lui un parcours acad\u00e9mique et intellectuel riche qui a marqu\u00e9 plusieurs g\u00e9n\u00e9rations d\u2019\u00e9tudiants et de juristes.<br \/>\nOriginaire de <span class=\"hover:entity-accent entity-underline inline cursor-pointer align-baseline\"><span class=\"whitespace-normal\">Kala\u00e2 Kebira<\/span><\/span>, dans le gouvernorat de <span class=\"hover:entity-accent entity-underline inline cursor-pointer align-baseline\"><span class=\"whitespace-normal\">Sousse<\/span><\/span>, Sadok Bela\u00efd a consacr\u00e9 l\u2019essentiel de sa carri\u00e8re \u00e0 l\u2019enseignement et \u00e0 la recherche en droit constitutionnel. Professeur \u00e0 l\u2019Universit\u00e9 de Tunis et membre de l\u2019Acad\u00e9mie tunisienne des sciences, des lettres et des arts, Be\u00eft al-Hikma, il s\u2019est impos\u00e9 comme l\u2019un des sp\u00e9cialistes les plus reconnus dans le domaine du droit public et des syst\u00e8mes constitutionnels. Il a notamment occup\u00e9 le poste de doyen de la Facult\u00e9 des sciences juridiques, politiques et sociales de Tunis (1971-1977), p\u00e9riode durant laquelle il a contribu\u00e9 \u00e0 renforcer la formation juridique et \u00e0 encadrer de nombreuses g\u00e9n\u00e9rations d\u2019\u00e9tudiants.<br \/>\nAu-del\u00e0 de ses responsabilit\u00e9s universitaires, Sadok Bela\u00efd a \u00e9galement particip\u00e9 activement \u00e0 plusieurs institutions scientifiques et juridiques. Il a dirig\u00e9 l\u2019Universit\u00e9 libre de Tunis et a \u00e9t\u00e9 membre de diff\u00e9rentes organisations acad\u00e9miques et de recherche consacr\u00e9es au droit constitutionnel et aux sciences juridiques. Son expertise l\u2019a conduit \u00e0 intervenir dans plusieurs universit\u00e9s et centres de recherche \u00e0 l\u2019\u00e9tranger, o\u00f9 il a donn\u00e9 des conf\u00e9rences et particip\u00e9 \u00e0 des travaux acad\u00e9miques consacr\u00e9s aux questions constitutionnelles et aux r\u00e9formes institutionnelles.<br \/>\nSon nom a \u00e9galement \u00e9t\u00e9 associ\u00e9 au processus politique tunisien r\u00e9cent. En 2022, il a \u00e9t\u00e9 nomm\u00e9 par le pr\u00e9sident de la R\u00e9publique <span class=\"hover:entity-accent entity-underline inline cursor-pointer align-baseline\"><span class=\"whitespace-normal\">Kais Saied<\/span><\/span> \u00e0 la t\u00eate de l\u2019Instance nationale consultative pour une nouvelle R\u00e9publique, charg\u00e9e d\u2019\u00e9laborer un projet de Constitution. Cette commission avait pour mission de proposer une nouvelle architecture institutionnelle pour le pays dans le cadre des r\u00e9formes politiques engag\u00e9es \u00e0 cette p\u00e9riode.<br \/>\nPar son parcours universitaire, ses contributions intellectuelles et son implication dans les d\u00e9bats constitutionnels, Sadok Bela\u00efd s\u2019est impos\u00e9 comme l\u2019une des figures marquantes de la pens\u00e9e juridique en Tunisie. Sa disparition repr\u00e9sente une perte importante pour la communaut\u00e9 acad\u00e9mique et pour le monde du droit dans le pays.<br \/>\n<em>Que Dieu le Tout-Puissant lui accorde<\/em> Son infinie Mis\u00e9ricorde et l&rsquo;accueille dans Son \u00e9ternel Paradis.<\/p>\n","protected":false},"excerpt":{"rendered":"<p>Le professeur de droit constitutionnel Sadok Bela\u00efd est d\u00e9c\u00e9d\u00e9 samedi 7 mars 2026 \u00e0 l\u2019\u00e2ge de 83 ans. Figure \u00e9minente du droit public en Tunisie, il laisse derri\u00e8re lui un&hellip;<\/p>\n","protected":false},"author":144,"featured_media":383334,"comment_status":"closed","ping_status":"closed","sticky":false,"template":"","format":"standard","meta":{"_lmt_disableupdate":"no","_lmt_disable":"","_jetpack_memberships_contains_paid_content":false,"footnotes":""},"categories":[3,27],"tags":[],"class_list":["post-383333","post","type-post","status-publish","format-standard","has-post-thumbnail","hentry","category-a-la-une","category-actualite"],"yoast_head":"<!-- This site is optimized with the Yoast SEO plugin v26.3 - https:\/\/yoast.com\/wordpress\/plugins\/seo\/ -->\n<title>Sadok Bela\u00efd tire sa r\u00e9v\u00e9rence - R\u00e9alit\u00e9s Magazine<\/title>\n<meta name=\"description\" content=\"Le professeur de droit constitutionnel Sadok Bela\u00efd est d\u00e9c\u00e9d\u00e9 samedi 7 mars 2026 \u00e0 l\u2019\u00e2ge de 83 ans. Figure \u00e9minente du droit public en Tunisie, il laisse\" \/>\n<meta name=\"robots\" content=\"index, follow, max-snippet:-1, max-image-preview:large, max-video-preview:-1\" \/>\n<link rel=\"canonical\" href=\"https:\/\/realites.com.tn\/fr\/sadok-belaid-tire-sa-reverence\/\" \/>\n<meta property=\"og:locale\" content=\"fr_FR\" \/>\n<meta property=\"og:type\" content=\"article\" \/>\n<meta property=\"og:title\" content=\"Sadok Bela\u00efd tire sa r\u00e9v\u00e9rence - R\u00e9alit\u00e9s Magazine\" \/>\n<meta property=\"og:description\" content=\"Le professeur de droit constitutionnel Sadok Bela\u00efd est d\u00e9c\u00e9d\u00e9 samedi 7 mars 2026 \u00e0 l\u2019\u00e2ge de 83 ans. Figure \u00e9minente du droit public en Tunisie, il laisse\" \/>\n<meta property=\"og:url\" content=\"https:\/\/realites.com.tn\/fr\/sadok-belaid-tire-sa-reverence\/\" \/>\n<meta property=\"og:site_name\" content=\"R\u00e9alit\u00e9s Magazine\" \/>\n<meta property=\"article:publisher\" content=\"https:\/\/www.facebook.com\/realites.tn\/\" \/>\n<meta property=\"article:published_time\" content=\"2026-03-07T08:16:32+00:00\" \/>\n<meta property=\"article:modified_time\" content=\"2026-03-07T08:51:40+00:00\" \/>\n<meta property=\"og:image\" content=\"https:\/\/realites.com.tn\/fr\/wp-content\/uploads\/2026\/03\/647684898_1480025520403957_5039943730154471654_n.jpg\" \/>\n\t<meta property=\"og:image:width\" content=\"1080\" \/>\n\t<meta property=\"og:image:height\" content=\"694\" \/>\n\t<meta property=\"og:image:type\" content=\"image\/jpeg\" \/>\n<meta name=\"author\" content=\"WKB\" \/>\n<meta name=\"twitter:card\" content=\"summary_large_image\" \/>\n<meta name=\"twitter:label1\" content=\"\u00c9crit par\" \/>\n\t<meta name=\"twitter:data1\" content=\"WKB\" \/>\n\t<meta name=\"twitter:label2\" content=\"Dur\u00e9e de lecture estim\u00e9e\" \/>\n\t<meta name=\"twitter:data2\" content=\"2 minutes\" \/>\n<script type=\"application\/ld+json\" class=\"yoast-schema-graph\">{\"@context\":\"https:\/\/schema.org\",\"@graph\":[{\"@type\":\"WebPage\",\"@id\":\"https:\/\/realites.com.tn\/fr\/sadok-belaid-tire-sa-reverence\/\",\"url\":\"https:\/\/realites.com.tn\/fr\/sadok-belaid-tire-sa-reverence\/\",\"name\":\"Sadok Bela\u00efd tire sa r\u00e9v\u00e9rence - R\u00e9alit\u00e9s Magazine\",\"isPartOf\":{\"@id\":\"https:\/\/realites.com.tn\/fr\/#website\"},\"primaryImageOfPage\":{\"@id\":\"https:\/\/realites.com.tn\/fr\/sadok-belaid-tire-sa-reverence\/#primaryimage\"},\"image\":{\"@id\":\"https:\/\/realites.com.tn\/fr\/sadok-belaid-tire-sa-reverence\/#primaryimage\"},\"thumbnailUrl\":\"https:\/\/realites.com.tn\/fr\/wp-content\/uploads\/2026\/03\/647684898_1480025520403957_5039943730154471654_n.jpg\",\"datePublished\":\"2026-03-07T08:16:32+00:00\",\"dateModified\":\"2026-03-07T08:51:40+00:00\",\"author\":{\"@id\":\"https:\/\/realites.com.tn\/fr\/#\/schema\/person\/3017fbbf260e8228acd3e8ebf0cdd37f\"},\"description\":\"Le professeur de droit constitutionnel Sadok Bela\u00efd est d\u00e9c\u00e9d\u00e9 samedi 7 mars 2026 \u00e0 l\u2019\u00e2ge de 83 ans. Figure \u00e9minente du droit public en Tunisie, il laisse\",\"breadcrumb\":{\"@id\":\"https:\/\/realites.com.tn\/fr\/sadok-belaid-tire-sa-reverence\/#breadcrumb\"},\"inLanguage\":\"fr-FR\",\"potentialAction\":[{\"@type\":\"ReadAction\",\"target\":[\"https:\/\/realites.com.tn\/fr\/sadok-belaid-tire-sa-reverence\/\"]}]},{\"@type\":\"ImageObject\",\"inLanguage\":\"fr-FR\",\"@id\":\"https:\/\/realites.com.tn\/fr\/sadok-belaid-tire-sa-reverence\/#primaryimage\",\"url\":\"https:\/\/realites.com.tn\/fr\/wp-content\/uploads\/2026\/03\/647684898_1480025520403957_5039943730154471654_n.jpg\",\"contentUrl\":\"https:\/\/realites.com.tn\/fr\/wp-content\/uploads\/2026\/03\/647684898_1480025520403957_5039943730154471654_n.jpg\",\"width\":1080,\"height\":694},{\"@type\":\"BreadcrumbList\",\"@id\":\"https:\/\/realites.com.tn\/fr\/sadok-belaid-tire-sa-reverence\/#breadcrumb\",\"itemListElement\":[{\"@type\":\"ListItem\",\"position\":1,\"name\":\"Home\",\"item\":\"https:\/\/realites.com.tn\/fr\/\"},{\"@type\":\"ListItem\",\"position\":2,\"name\":\"Sadok Bela\u00efd tire sa r\u00e9v\u00e9rence\"}]},{\"@type\":\"WebSite\",\"@id\":\"https:\/\/realites.com.tn\/fr\/#website\",\"url\":\"https:\/\/realites.com.tn\/fr\/\",\"name\":\"R\u00e9alit\u00e9s Magazine\",\"description\":\"Actualit\u00e9s de la Tunisie\",\"potentialAction\":[{\"@type\":\"SearchAction\",\"target\":{\"@type\":\"EntryPoint\",\"urlTemplate\":\"https:\/\/realites.com.tn\/fr\/?s={search_term_string}\"},\"query-input\":{\"@type\":\"PropertyValueSpecification\",\"valueRequired\":true,\"valueName\":\"search_term_string\"}}],\"inLanguage\":\"fr-FR\"},{\"@type\":\"Person\",\"@id\":\"https:\/\/realites.com.tn\/fr\/#\/schema\/person\/3017fbbf260e8228acd3e8ebf0cdd37f\",\"name\":\"WKB\",\"image\":{\"@type\":\"ImageObject\",\"inLanguage\":\"fr-FR\",\"@id\":\"https:\/\/realites.com.tn\/fr\/#\/schema\/person\/image\/\",\"url\":\"https:\/\/secure.gravatar.com\/avatar\/90f27863f4f5326a9b64d42421f4a20f?s=96&d=mm&r=g\",\"contentUrl\":\"https:\/\/secure.gravatar.com\/avatar\/90f27863f4f5326a9b64d42421f4a20f?s=96&d=mm&r=g\",\"caption\":\"WKB\"},\"url\":\"https:\/\/realites.com.tn\/fr\/author\/wkb2025\/\"}]}<\/script>\n<!-- \/ Yoast SEO plugin. -->","yoast_head_json":{"title":"Sadok Bela\u00efd tire sa r\u00e9v\u00e9rence - R\u00e9alit\u00e9s Magazine","description":"Le professeur de droit constitutionnel Sadok Bela\u00efd est d\u00e9c\u00e9d\u00e9 samedi 7 mars 2026 \u00e0 l\u2019\u00e2ge de 83 ans. Figure \u00e9minente du droit public en Tunisie, il laisse","robots":{"index":"index","follow":"follow","max-snippet":"max-snippet:-1","max-image-preview":"max-image-preview:large","max-video-preview":"max-video-preview:-1"},"canonical":"https:\/\/realites.com.tn\/fr\/sadok-belaid-tire-sa-reverence\/","og_locale":"fr_FR","og_type":"article","og_title":"Sadok Bela\u00efd tire sa r\u00e9v\u00e9rence - R\u00e9alit\u00e9s Magazine","og_description":"Le professeur de droit constitutionnel Sadok Bela\u00efd est d\u00e9c\u00e9d\u00e9 samedi 7 mars 2026 \u00e0 l\u2019\u00e2ge de 83 ans. Figure \u00e9minente du droit public en Tunisie, il laisse","og_url":"https:\/\/realites.com.tn\/fr\/sadok-belaid-tire-sa-reverence\/","og_site_name":"R\u00e9alit\u00e9s Magazine","article_publisher":"https:\/\/www.facebook.com\/realites.tn\/","article_published_time":"2026-03-07T08:16:32+00:00","article_modified_time":"2026-03-07T08:51:40+00:00","og_image":[{"width":1080,"height":694,"url":"https:\/\/realites.com.tn\/fr\/wp-content\/uploads\/2026\/03\/647684898_1480025520403957_5039943730154471654_n.jpg","type":"image\/jpeg"}],"author":"WKB","twitter_card":"summary_large_image","twitter_misc":{"\u00c9crit par":"WKB","Dur\u00e9e de lecture estim\u00e9e":"2 minutes"},"schema":{"@context":"https:\/\/schema.org","@graph":[{"@type":"WebPage","@id":"https:\/\/realites.com.tn\/fr\/sadok-belaid-tire-sa-reverence\/","url":"https:\/\/realites.com.tn\/fr\/sadok-belaid-tire-sa-reverence\/","name":"Sadok Bela\u00efd tire sa r\u00e9v\u00e9rence - R\u00e9alit\u00e9s Magazine","isPartOf":{"@id":"https:\/\/realites.com.tn\/fr\/#website"},"primaryImageOfPage":{"@id":"https:\/\/realites.com.tn\/fr\/sadok-belaid-tire-sa-reverence\/#primaryimage"},"image":{"@id":"https:\/\/realites.com.tn\/fr\/sadok-belaid-tire-sa-reverence\/#primaryimage"},"thumbnailUrl":"https:\/\/realites.com.tn\/fr\/wp-content\/uploads\/2026\/03\/647684898_1480025520403957_5039943730154471654_n.jpg","datePublished":"2026-03-07T08:16:32+00:00","dateModified":"2026-03-07T08:51:40+00:00","author":{"@id":"https:\/\/realites.com.tn\/fr\/#\/schema\/person\/3017fbbf260e8228acd3e8ebf0cdd37f"},"description":"Le professeur de droit constitutionnel Sadok Bela\u00efd est d\u00e9c\u00e9d\u00e9 samedi 7 mars 2026 \u00e0 l\u2019\u00e2ge de 83 ans. Figure \u00e9minente du droit public en Tunisie, il laisse","breadcrumb":{"@id":"https:\/\/realites.com.tn\/fr\/sadok-belaid-tire-sa-reverence\/#breadcrumb"},"inLanguage":"fr-FR","potentialAction":[{"@type":"ReadAction","target":["https:\/\/realites.com.tn\/fr\/sadok-belaid-tire-sa-reverence\/"]}]},{"@type":"ImageObject","inLanguage":"fr-FR","@id":"https:\/\/realites.com.tn\/fr\/sadok-belaid-tire-sa-reverence\/#primaryimage","url":"https:\/\/realites.com.tn\/fr\/wp-content\/uploads\/2026\/03\/647684898_1480025520403957_5039943730154471654_n.jpg","contentUrl":"https:\/\/realites.com.tn\/fr\/wp-content\/uploads\/2026\/03\/647684898_1480025520403957_5039943730154471654_n.jpg","width":1080,"height":694},{"@type":"BreadcrumbList","@id":"https:\/\/realites.com.tn\/fr\/sadok-belaid-tire-sa-reverence\/#breadcrumb","itemListElement":[{"@type":"ListItem","position":1,"name":"Home","item":"https:\/\/realites.com.tn\/fr\/"},{"@type":"ListItem","position":2,"name":"Sadok Bela\u00efd tire sa r\u00e9v\u00e9rence"}]},{"@type":"WebSite","@id":"https:\/\/realites.com.tn\/fr\/#website","url":"https:\/\/realites.com.tn\/fr\/","name":"R\u00e9alit\u00e9s Magazine","description":"Actualit\u00e9s de la Tunisie","potentialAction":[{"@type":"SearchAction","target":{"@type":"EntryPoint","urlTemplate":"https:\/\/realites.com.tn\/fr\/?s={search_term_string}"},"query-input":{"@type":"PropertyValueSpecification","valueRequired":true,"valueName":"search_term_string"}}],"inLanguage":"fr-FR"},{"@type":"Person","@id":"https:\/\/realites.com.tn\/fr\/#\/schema\/person\/3017fbbf260e8228acd3e8ebf0cdd37f","name":"WKB","image":{"@type":"ImageObject","inLanguage":"fr-FR","@id":"https:\/\/realites.com.tn\/fr\/#\/schema\/person\/image\/","url":"https:\/\/secure.gravatar.com\/avatar\/90f27863f4f5326a9b64d42421f4a20f?s=96&d=mm&r=g","contentUrl":"https:\/\/secure.gravatar.com\/avatar\/90f27863f4f5326a9b64d42421f4a20f?s=96&d=mm&r=g","caption":"WKB"},"url":"https:\/\/realites.com.tn\/fr\/author\/wkb2025\/"}]}},"jetpack_featured_media_url":"https:\/\/realites.com.tn\/fr\/wp-content\/uploads\/2026\/03\/647684898_1480025520403957_5039943730154471654_n.jpg","jetpack_sharing_enabled":true,"views":364,"_links":{"self":[{"href":"https:\/\/realites.com.tn\/fr\/wp-json\/wp\/v2\/posts\/383333","targetHints":{"allow":["GET"]}}],"collection":[{"href":"https:\/\/realites.com.tn\/fr\/wp-json\/wp\/v2\/posts"}],"about":[{"href":"https:\/\/realites.com.tn\/fr\/wp-json\/wp\/v2\/types\/post"}],"author":[{"embeddable":true,"href":"https:\/\/realites.com.tn\/fr\/wp-json\/wp\/v2\/users\/144"}],"replies":[{"embeddable":true,"href":"https:\/\/realites.com.tn\/fr\/wp-json\/wp\/v2\/comments?post=383333"}],"version-history":[{"count":2,"href":"https:\/\/realites.com.tn\/fr\/wp-json\/wp\/v2\/posts\/383333\/revisions"}],"predecessor-version":[{"id":383341,"href":"https:\/\/realites.com.tn\/fr\/wp-json\/wp\/v2\/posts\/383333\/revisions\/383341"}],"wp:featuredmedia":[{"embeddable":true,"href":"https:\/\/realites.com.tn\/fr\/wp-json\/wp\/v2\/media\/383334"}],"wp:attachment":[{"href":"https:\/\/realites.com.tn\/fr\/wp-json\/wp\/v2\/media?parent=383333"}],"wp:term":[{"taxonomy":"category","embeddable":true,"href":"https:\/\/realites.com.tn\/fr\/wp-json\/wp\/v2\/categories?post=383333"},{"taxonomy":"post_tag","embeddable":true,"href":"https:\/\/realites.com.tn\/fr\/wp-json\/wp\/v2\/tags?post=383333"}],"curies":[{"name":"wp","href":"https:\/\/api.w.org\/{rel}","templated":true}]}}