{"id":388337,"date":"2026-05-16T08:32:13","date_gmt":"2026-05-16T07:32:13","guid":{"rendered":"https:\/\/realites.com.tn\/fr\/?p=388337"},"modified":"2026-05-16T08:32:13","modified_gmt":"2026-05-16T07:32:13","slug":"didon-et-enee-renait-a-lopera-de-tunis-dans-une-fresque-spectaculaire-photos","status":"publish","type":"post","link":"https:\/\/realites.com.tn\/fr\/didon-et-enee-renait-a-lopera-de-tunis-dans-une-fresque-spectaculaire-photos\/","title":{"rendered":"Didon et En\u00e9e rena\u00eet \u00e0 l\u2019Op\u00e9ra de Tunis dans une fresque spectaculaire (PHOTOS)"},"content":{"rendered":"<p data-start=\"68\" data-end=\"737\">\u00c0 la Cit\u00e9 de la culture Chedly Klibi, le public de l\u2019Op\u00e9ra de Tunis a pu d\u00e9couvrir, les 14 et 15 mai, une nouvelle cr\u00e9ation de <em data-start=\"195\" data-end=\"209\">Didon &amp; En\u00e9e<\/em> dans une version tunisienne in\u00e9dite. Port\u00e9 par la mise en sc\u00e8ne du chor\u00e9graphe libanais <span class=\"hover:entity-accent entity-underline inline cursor-pointer align-baseline\"><span class=\"whitespace-normal\">Omar Rajeh<\/span><\/span> et la direction musicale inspir\u00e9e de <span class=\"hover:entity-accent entity-underline inline cursor-pointer align-baseline\"><span class=\"whitespace-normal\">St\u00e9phane Fuget<\/span><\/span>, pas moins de 120 artistes \u2014 danseurs, chanteurs et musiciens \u2014 \u00e9taient r\u00e9unis sur sc\u00e8ne pour s\u2019emparer de l\u2019op\u00e9ra baroque de <span class=\"hover:entity-accent entity-underline inline cursor-pointer align-baseline\"><span class=\"whitespace-normal\">Henry Purcell<\/span><\/span>. Les spectateurs ont \u00e9t\u00e9 transport\u00e9s dans un univers o\u00f9 le mythe antique virgilien dialogue avec la finesse de la musique de Purcell et l\u2019audace de la modernit\u00e9.<\/p>\n<p data-start=\"745\" data-end=\"1056\">Dans une esth\u00e9tique \u00e9pur\u00e9e, un d\u00e9cor fait de blocs de polystyr\u00e8ne bleu et blanc \u00e9voque l\u2019univers m\u00e9diterran\u00e9en et inscrit cet op\u00e9ra, inspir\u00e9 du mythe antique, dans son territoire d\u2019origine. Modulables, ces blocs se d\u00e9placent et se reconfigurent au fil de l\u2019action pour composer des tableaux toujours renouvel\u00e9s.<\/p>\n<blockquote>\n<div dir=\"auto\">\ud835\uddd7\ud835\uddf6\ud835\ude00\ud835\ude01\ud835\uddff\ud835\uddf6\ud835\uddef\ud835\ude02\ud835\ude01\ud835\uddf6\ud835\uddfc\ud835\uddfb :<\/div>\n<div dir=\"auto\">\ud835\uddd7\ud835\uddf6\ud835\uddf1\ud835\uddfc\ud835\uddfb : Nesrine Mahbouli<\/div>\n<div dir=\"auto\">\ud835\uddd5\ud835\uddf2\ud835\uddf9\ud835\uddf6\ud835\uddfb\ud835\uddf1\ud835\uddee : Lilia Ben Chikha<\/div>\n<div dir=\"auto\">\ud835\udde6\ud835\uddfc\ud835\uddff\ud835\uddf0\ud835\uddf2\ud835\uddff\ud835\uddf2\ud835\ude00\ud835\ude00 : Maram Bouhbal<\/div>\n<div dir=\"auto\">\ud835\uddd8\ud835\uddfb\ud835\uddf2\u0301\ud835\uddf2 : Khalil Saied<\/div>\n<div dir=\"auto\">\ud835\uddd9\ud835\uddf6\ud835\uddff\ud835\ude00\ud835\ude01 \ud835\ude04\ud835\uddf6\ud835\ude01\ud835\uddf0\ud835\uddf5 : Wajd Akrout<\/div>\n<div dir=\"auto\">\ud835\udde6\ud835\uddf2\ud835\uddf0\ud835\uddfc\ud835\uddfb\ud835\uddf1 \ud835\ude04\ud835\uddf6\ud835\ude01\ud835\uddf0\ud835\uddf5 : Oumaima Ben Amar<\/div>\n<div dir=\"auto\">\ud835\udde6\ud835\uddf2\ud835\uddf0\ud835\uddfc\ud835\uddfb\ud835\uddf1 \ud835\ude04\ud835\uddfc\ud835\uddfa\ud835\uddee\ud835\uddfb : Mayssa Attar<\/div>\n<div dir=\"auto\">\ud835\udde6\ud835\uddee\ud835\uddf6\ud835\uddf9\ud835\uddfc\ud835\uddff : Hatem Nasri<\/div>\n<div dir=\"auto\">\ud835\udde6\ud835\uddfd\ud835\uddf6\ud835\uddff\ud835\uddf6\ud835\ude01 : Mohamed Ali Zouch<\/div>\n<\/blockquote>\n<p data-start=\"1064\" data-end=\"1388\">Cette repr\u00e9sentation a rassembl\u00e9 l\u2019ensemble baroque fran\u00e7ais <span class=\"hover:entity-accent entity-underline inline cursor-pointer align-baseline\"><span class=\"whitespace-normal\">Les \u00c9pop\u00e9es<\/span><\/span>, la soprano <span class=\"hover:entity-accent entity-underline inline cursor-pointer align-baseline\"><span class=\"whitespace-normal\">Claire Lefilli\u00e2tre<\/span><\/span> en invit\u00e9e d\u2019exception le 15 mai, des musiciens baroques des \u00c9pop\u00e9es aux c\u00f4t\u00e9s de ceux de l\u2019Orchestre de Tunis, ainsi que le ballet et le ch\u0153ur du Th\u00e9\u00e2tre de l\u2019Op\u00e9ra de Tunis.<\/p>\n<p data-start=\"1396\" data-end=\"1770\">Ces repr\u00e9sentations ont co\u00efncid\u00e9 avec l\u2019ouverture de la saison M\u00e9diterran\u00e9e \u00e0 Marseille, vitrine de la richesse des cultures m\u00e9diterran\u00e9ennes en France. Dans cet \u00e9lan de coop\u00e9ration, des \u00e9v\u00e9nements co-construits mettront \u00e0 l\u2019honneur la cr\u00e9ation tunisienne sur la sc\u00e8ne fran\u00e7aise, tandis que des rendez-vous tuniso-fran\u00e7ais viendront enrichir le calendrier culturel tunisien.<\/p>\n<p data-start=\"1778\" data-end=\"1970\">Le comit\u00e9 d\u2019organisation a profit\u00e9 de ces soir\u00e9es pour annoncer la date de la prochaine \u00e9dition des Nocturnes d\u2019El Jem. Ce festival international de musique symphonique d\u00e9butera le 11 juillet.<\/p>\n<p data-start=\"1978\" data-end=\"1982\" data-is-last-node=\"\" data-is-only-node=\"\">R.L.<\/p>\n<p data-start=\"1978\" data-end=\"1982\" data-is-last-node=\"\" data-is-only-node=\"\">Cr\u00e9dit photos: <a class=\"x1i10hfl xjbqb8w x1ejq31n x18oe1m7 x1sy0etr xstzfhl x972fbf x10w94by x1qhh985 x14e42zd x9f619 x1ypdohk xt0psk2 x3ct3a4 xdj266r x14z9mp xat24cr x1lziwak xexx8yu xyri2b x18d9i69 x1c1uobl x16tdsg8 x1hl2dhg xggy1nq x1a2a7pz xkrqix3 x1sur9pj xzsf02u x1s688f\" tabindex=\"0\" role=\"link\" href=\"https:\/\/www.facebook.com\/TheatreOperaTunis?__cft__[0]=AZZwmbLCVkhjz8Ap2L8CWnnNSimWD48Mc_SvzbDkFCXzUrs3pnL4OhXIO75yBibYg8708R27b_8DAr4UzMWFvFhPs3Dg5EKax31Rg-E08trabPj8h9GEGAAKowOlkK1cT3xKw9-YyFY0l0-F_sSlc6tQ&amp;__tn__=-UC%2CP-R\"><b class=\"html-b xdj266r x14z9mp xat24cr x1lziwak xexx8yu xyri2b x18d9i69 x1c1uobl x1hl2dhg x16tdsg8 x1vvkbs x1s688f\"><span class=\"html-span xdj266r x14z9mp xat24cr x1lziwak xexx8yu xyri2b x18d9i69 x1c1uobl x1hl2dhg x16tdsg8 x1vvkbs\">Th\u00e9\u00e2tre de l&rsquo;Op\u00e9ra de Tunis<\/span><\/b><\/a><\/p>\n<div data-sliderid=\"95792\" id=\"penci-post-gallery__95792\" class=\"penci-post-gallery-container  penci-image-gallery-thumbnail-slider thumbnail-slider column-2\" data-height=\"150\" data-margin=\"3\"><div data-id=\"pcthumb-m-95792\" class=\"swiper penci-slick-carousel pcthumb-s-msl pcthumb-m-95792\"><div class=\"swiper-wrapper\"><figure class=\"swiper-slide\"><a class=\"penci-gallery-ite item-gallery-thumbnail-slider item-link-relative\" href=\"https:\/\/realites.com.tn\/fr\/wp-content\/uploads\/2026\/05\/Theatre-de-lOpera-de-Tunis-2.jpg\"><span class=\"penci-isotope-padding\" style=\"padding-bottom:65.77148438%;\"><\/span><img decoding=\"async\" src=\"https:\/\/realites.com.tn\/fr\/wp-content\/uploads\/2026\/05\/Theatre-de-lOpera-de-Tunis-2.jpg\" alt=\"\" title=\"Th\u00e9\u00e2tre de l&rsquo;Op\u00e9ra de Tunis (2)\"><\/a><\/figure><figure class=\"swiper-slide\"><a class=\"penci-gallery-ite item-gallery-thumbnail-slider item-link-relative\" href=\"https:\/\/realites.com.tn\/fr\/wp-content\/uploads\/2026\/05\/Theatre-de-lOpera-de-Tunis-3.jpg\"><span class=\"penci-isotope-padding\" style=\"padding-bottom:66.65039063%;\"><\/span><img decoding=\"async\" src=\"https:\/\/realites.com.tn\/fr\/wp-content\/uploads\/2026\/05\/Theatre-de-lOpera-de-Tunis-3.jpg\" alt=\"\" title=\"Th\u00e9\u00e2tre de l&rsquo;Op\u00e9ra de Tunis (3)\"><\/a><\/figure><figure class=\"swiper-slide\"><a class=\"penci-gallery-ite item-gallery-thumbnail-slider item-link-relative\" href=\"https:\/\/realites.com.tn\/fr\/wp-content\/uploads\/2026\/05\/Theatre-de-lOpera-de-Tunis-4.jpg\"><span class=\"penci-isotope-padding\" style=\"padding-bottom:66.65039063%;\"><\/span><img decoding=\"async\" src=\"https:\/\/realites.com.tn\/fr\/wp-content\/uploads\/2026\/05\/Theatre-de-lOpera-de-Tunis-4.jpg\" alt=\"\" title=\"Th\u00e9\u00e2tre de l&rsquo;Op\u00e9ra de Tunis (4)\"><\/a><\/figure><figure class=\"swiper-slide\"><a class=\"penci-gallery-ite item-gallery-thumbnail-slider item-link-relative\" href=\"https:\/\/realites.com.tn\/fr\/wp-content\/uploads\/2026\/05\/Theatre-de-lOpera-de-Tunis-5.jpg\"><span class=\"penci-isotope-padding\" style=\"padding-bottom:66.65039063%;\"><\/span><img decoding=\"async\" src=\"https:\/\/realites.com.tn\/fr\/wp-content\/uploads\/2026\/05\/Theatre-de-lOpera-de-Tunis-5.jpg\" alt=\"\" title=\"Th\u00e9\u00e2tre de l&rsquo;Op\u00e9ra de Tunis (5)\"><\/a><\/figure><figure class=\"swiper-slide\"><a class=\"penci-gallery-ite item-gallery-thumbnail-slider item-link-relative\" href=\"https:\/\/realites.com.tn\/fr\/wp-content\/uploads\/2026\/05\/Theatre-de-lOpera-de-Tunis-1.jpg\"><span class=\"penci-isotope-padding\" style=\"padding-bottom:66.65039063%;\"><\/span><img decoding=\"async\" src=\"https:\/\/realites.com.tn\/fr\/wp-content\/uploads\/2026\/05\/Theatre-de-lOpera-de-Tunis-1.jpg\" alt=\"\" title=\"Th\u00e9\u00e2tre de l&rsquo;Op\u00e9ra de Tunis (1)\"><\/a><\/figure><\/div><\/div><div data-cols=\"7\" data-total=\"5\" data-id=\"pcthumb-c-95792\" class=\"swiper pcthumb-s-csl pcgl-thumb-slider penci-slick-carousel pcthumb-c-95792\"><div class=\"swiper-wrapper\"><div class=\"pcgl-thumb-item swiper-slide\"><div class=\"pcgl-thumb-item-img\"><span class=\"penci-image-holder\" style=\"background-image:url(https:\/\/realites.com.tn\/fr\/wp-content\/uploads\/2026\/05\/Theatre-de-lOpera-de-Tunis-2-150x150.jpg)\"><\/div><\/div><div class=\"pcgl-thumb-item swiper-slide\"><div class=\"pcgl-thumb-item-img\"><span class=\"penci-image-holder\" style=\"background-image:url(https:\/\/realites.com.tn\/fr\/wp-content\/uploads\/2026\/05\/Theatre-de-lOpera-de-Tunis-3-150x150.jpg)\"><\/div><\/div><div class=\"pcgl-thumb-item swiper-slide\"><div class=\"pcgl-thumb-item-img\"><span class=\"penci-image-holder\" style=\"background-image:url(https:\/\/realites.com.tn\/fr\/wp-content\/uploads\/2026\/05\/Theatre-de-lOpera-de-Tunis-4-150x150.jpg)\"><\/div><\/div><div class=\"pcgl-thumb-item swiper-slide\"><div class=\"pcgl-thumb-item-img\"><span class=\"penci-image-holder\" style=\"background-image:url(https:\/\/realites.com.tn\/fr\/wp-content\/uploads\/2026\/05\/Theatre-de-lOpera-de-Tunis-5-150x150.jpg)\"><\/div><\/div><div class=\"pcgl-thumb-item swiper-slide\"><div class=\"pcgl-thumb-item-img\"><span class=\"penci-image-holder\" style=\"background-image:url(https:\/\/realites.com.tn\/fr\/wp-content\/uploads\/2026\/05\/Theatre-de-lOpera-de-Tunis-1-150x150.jpg)\"><\/div><\/div><\/div><div class=\"penci-slick-carousel-top-nav\"><div class=\"pcslick-nav-area\"><div class=\"pcslick-nav\"><button type=\"button\" class=\"slick-prev\"><i class=\"penciicon-left-chevron\"><\/i><\/button><button type=\"button\" class=\"slick-next\"><i class=\"penciicon-right-chevron\"><\/i><\/button><\/div><div class=\"slider-num\"><span class=\"current\">1<\/span> of <span class=\"total\">5<\/span><\/div><\/div><\/div><\/div><\/div>\n","protected":false},"excerpt":{"rendered":"<p>\u00c0 la Cit\u00e9 de la culture Chedly Klibi, le public de l\u2019Op\u00e9ra de Tunis a pu d\u00e9couvrir, les 14 et 15 mai, une nouvelle cr\u00e9ation de Didon &amp; En\u00e9e dans&hellip;<\/p>\n","protected":false},"author":149,"featured_media":388339,"comment_status":"closed","ping_status":"closed","sticky":false,"template":"","format":"standard","meta":{"_lmt_disableupdate":"","_lmt_disable":"","_jetpack_memberships_contains_paid_content":false,"footnotes":""},"categories":[3,8],"tags":[10779,10780],"class_list":["post-388337","post","type-post","status-publish","format-standard","has-post-thumbnail","hentry","category-a-la-une","category-culture","tag-didon-et-enee","tag-lopera-de-tunis"],"yoast_head":"<!-- This site is optimized with the Yoast SEO plugin v26.3 - https:\/\/yoast.com\/wordpress\/plugins\/seo\/ -->\n<title>Didon et En\u00e9e rena\u00eet \u00e0 l\u2019Op\u00e9ra de Tunis dans une fresque spectaculaire (PHOTOS) - R\u00e9alit\u00e9s Magazine<\/title>\n<meta name=\"description\" content=\"\u00c0 la Cit\u00e9 de la culture Chedly Klibi, le public de l\u2019Op\u00e9ra de Tunis a pu d\u00e9couvrir, les 14 et 15 mai, une nouvelle cr\u00e9ation de Didon &amp; En\u00e9e dans une\" \/>\n<meta name=\"robots\" content=\"index, follow, max-snippet:-1, max-image-preview:large, max-video-preview:-1\" \/>\n<link rel=\"canonical\" href=\"https:\/\/realites.com.tn\/fr\/didon-et-enee-renait-a-lopera-de-tunis-dans-une-fresque-spectaculaire-photos\/\" \/>\n<meta property=\"og:locale\" content=\"fr_FR\" \/>\n<meta property=\"og:type\" content=\"article\" \/>\n<meta property=\"og:title\" content=\"Didon et En\u00e9e rena\u00eet \u00e0 l\u2019Op\u00e9ra de Tunis dans une fresque spectaculaire (PHOTOS) - R\u00e9alit\u00e9s Magazine\" \/>\n<meta property=\"og:description\" content=\"\u00c0 la Cit\u00e9 de la culture Chedly Klibi, le public de l\u2019Op\u00e9ra de Tunis a pu d\u00e9couvrir, les 14 et 15 mai, une nouvelle cr\u00e9ation de Didon &amp; En\u00e9e dans une\" \/>\n<meta property=\"og:url\" content=\"https:\/\/realites.com.tn\/fr\/didon-et-enee-renait-a-lopera-de-tunis-dans-une-fresque-spectaculaire-photos\/\" \/>\n<meta property=\"og:site_name\" content=\"R\u00e9alit\u00e9s Magazine\" \/>\n<meta property=\"article:publisher\" content=\"https:\/\/www.facebook.com\/realites.tn\/\" \/>\n<meta property=\"article:published_time\" content=\"2026-05-16T07:32:13+00:00\" \/>\n<meta property=\"og:image\" content=\"https:\/\/realites.com.tn\/fr\/wp-content\/uploads\/2026\/05\/700431024_1791273162262446_3761794383614451022_n.jpg\" \/>\n\t<meta property=\"og:image:width\" content=\"2048\" \/>\n\t<meta property=\"og:image:height\" content=\"1365\" \/>\n\t<meta property=\"og:image:type\" content=\"image\/jpeg\" \/>\n<meta name=\"author\" content=\"Romane Losardo\" \/>\n<meta name=\"twitter:card\" content=\"summary_large_image\" \/>\n<meta name=\"twitter:label1\" content=\"\u00c9crit par\" \/>\n\t<meta name=\"twitter:data1\" content=\"Romane Losardo\" \/>\n\t<meta name=\"twitter:label2\" content=\"Dur\u00e9e de lecture estim\u00e9e\" \/>\n\t<meta name=\"twitter:data2\" content=\"2 minutes\" \/>\n<script type=\"application\/ld+json\" class=\"yoast-schema-graph\">{\"@context\":\"https:\/\/schema.org\",\"@graph\":[{\"@type\":\"WebPage\",\"@id\":\"https:\/\/realites.com.tn\/fr\/didon-et-enee-renait-a-lopera-de-tunis-dans-une-fresque-spectaculaire-photos\/\",\"url\":\"https:\/\/realites.com.tn\/fr\/didon-et-enee-renait-a-lopera-de-tunis-dans-une-fresque-spectaculaire-photos\/\",\"name\":\"Didon et En\u00e9e rena\u00eet \u00e0 l\u2019Op\u00e9ra de Tunis dans une fresque spectaculaire (PHOTOS) - R\u00e9alit\u00e9s Magazine\",\"isPartOf\":{\"@id\":\"https:\/\/realites.com.tn\/fr\/#website\"},\"primaryImageOfPage\":{\"@id\":\"https:\/\/realites.com.tn\/fr\/didon-et-enee-renait-a-lopera-de-tunis-dans-une-fresque-spectaculaire-photos\/#primaryimage\"},\"image\":{\"@id\":\"https:\/\/realites.com.tn\/fr\/didon-et-enee-renait-a-lopera-de-tunis-dans-une-fresque-spectaculaire-photos\/#primaryimage\"},\"thumbnailUrl\":\"https:\/\/realites.com.tn\/fr\/wp-content\/uploads\/2026\/05\/700431024_1791273162262446_3761794383614451022_n.jpg\",\"datePublished\":\"2026-05-16T07:32:13+00:00\",\"author\":{\"@id\":\"https:\/\/realites.com.tn\/fr\/#\/schema\/person\/35c7357f68f4c6f92ec93b556f0c8275\"},\"description\":\"\u00c0 la Cit\u00e9 de la culture Chedly Klibi, le public de l\u2019Op\u00e9ra de Tunis a pu d\u00e9couvrir, les 14 et 15 mai, une nouvelle cr\u00e9ation de Didon &amp; En\u00e9e dans une\",\"breadcrumb\":{\"@id\":\"https:\/\/realites.com.tn\/fr\/didon-et-enee-renait-a-lopera-de-tunis-dans-une-fresque-spectaculaire-photos\/#breadcrumb\"},\"inLanguage\":\"fr-FR\",\"potentialAction\":[{\"@type\":\"ReadAction\",\"target\":[\"https:\/\/realites.com.tn\/fr\/didon-et-enee-renait-a-lopera-de-tunis-dans-une-fresque-spectaculaire-photos\/\"]}]},{\"@type\":\"ImageObject\",\"inLanguage\":\"fr-FR\",\"@id\":\"https:\/\/realites.com.tn\/fr\/didon-et-enee-renait-a-lopera-de-tunis-dans-une-fresque-spectaculaire-photos\/#primaryimage\",\"url\":\"https:\/\/realites.com.tn\/fr\/wp-content\/uploads\/2026\/05\/700431024_1791273162262446_3761794383614451022_n.jpg\",\"contentUrl\":\"https:\/\/realites.com.tn\/fr\/wp-content\/uploads\/2026\/05\/700431024_1791273162262446_3761794383614451022_n.jpg\",\"width\":2048,\"height\":1365},{\"@type\":\"BreadcrumbList\",\"@id\":\"https:\/\/realites.com.tn\/fr\/didon-et-enee-renait-a-lopera-de-tunis-dans-une-fresque-spectaculaire-photos\/#breadcrumb\",\"itemListElement\":[{\"@type\":\"ListItem\",\"position\":1,\"name\":\"Home\",\"item\":\"https:\/\/realites.com.tn\/fr\/\"},{\"@type\":\"ListItem\",\"position\":2,\"name\":\"Didon et En\u00e9e rena\u00eet \u00e0 l\u2019Op\u00e9ra de Tunis dans une fresque spectaculaire (PHOTOS)\"}]},{\"@type\":\"WebSite\",\"@id\":\"https:\/\/realites.com.tn\/fr\/#website\",\"url\":\"https:\/\/realites.com.tn\/fr\/\",\"name\":\"R\u00e9alit\u00e9s Magazine\",\"description\":\"Actualit\u00e9s de la Tunisie\",\"potentialAction\":[{\"@type\":\"SearchAction\",\"target\":{\"@type\":\"EntryPoint\",\"urlTemplate\":\"https:\/\/realites.com.tn\/fr\/?s={search_term_string}\"},\"query-input\":{\"@type\":\"PropertyValueSpecification\",\"valueRequired\":true,\"valueName\":\"search_term_string\"}}],\"inLanguage\":\"fr-FR\"},{\"@type\":\"Person\",\"@id\":\"https:\/\/realites.com.tn\/fr\/#\/schema\/person\/35c7357f68f4c6f92ec93b556f0c8275\",\"name\":\"Romane Losardo\",\"image\":{\"@type\":\"ImageObject\",\"inLanguage\":\"fr-FR\",\"@id\":\"https:\/\/realites.com.tn\/fr\/#\/schema\/person\/image\/\",\"url\":\"https:\/\/secure.gravatar.com\/avatar\/bbed7d38cd5c8451b45ccbc6ad9c0b37?s=96&d=mm&r=g\",\"contentUrl\":\"https:\/\/secure.gravatar.com\/avatar\/bbed7d38cd5c8451b45ccbc6ad9c0b37?s=96&d=mm&r=g\",\"caption\":\"Romane Losardo\"},\"url\":\"https:\/\/realites.com.tn\/fr\/author\/losardo\/\"}]}<\/script>\n<!-- \/ Yoast SEO plugin. -->","yoast_head_json":{"title":"Didon et En\u00e9e rena\u00eet \u00e0 l\u2019Op\u00e9ra de Tunis dans une fresque spectaculaire (PHOTOS) - R\u00e9alit\u00e9s Magazine","description":"\u00c0 la Cit\u00e9 de la culture Chedly Klibi, le public de l\u2019Op\u00e9ra de Tunis a pu d\u00e9couvrir, les 14 et 15 mai, une nouvelle cr\u00e9ation de Didon &amp; En\u00e9e dans une","robots":{"index":"index","follow":"follow","max-snippet":"max-snippet:-1","max-image-preview":"max-image-preview:large","max-video-preview":"max-video-preview:-1"},"canonical":"https:\/\/realites.com.tn\/fr\/didon-et-enee-renait-a-lopera-de-tunis-dans-une-fresque-spectaculaire-photos\/","og_locale":"fr_FR","og_type":"article","og_title":"Didon et En\u00e9e rena\u00eet \u00e0 l\u2019Op\u00e9ra de Tunis dans une fresque spectaculaire (PHOTOS) - R\u00e9alit\u00e9s Magazine","og_description":"\u00c0 la Cit\u00e9 de la culture Chedly Klibi, le public de l\u2019Op\u00e9ra de Tunis a pu d\u00e9couvrir, les 14 et 15 mai, une nouvelle cr\u00e9ation de Didon &amp; En\u00e9e dans une","og_url":"https:\/\/realites.com.tn\/fr\/didon-et-enee-renait-a-lopera-de-tunis-dans-une-fresque-spectaculaire-photos\/","og_site_name":"R\u00e9alit\u00e9s Magazine","article_publisher":"https:\/\/www.facebook.com\/realites.tn\/","article_published_time":"2026-05-16T07:32:13+00:00","og_image":[{"width":2048,"height":1365,"url":"https:\/\/realites.com.tn\/fr\/wp-content\/uploads\/2026\/05\/700431024_1791273162262446_3761794383614451022_n.jpg","type":"image\/jpeg"}],"author":"Romane Losardo","twitter_card":"summary_large_image","twitter_misc":{"\u00c9crit par":"Romane Losardo","Dur\u00e9e de lecture estim\u00e9e":"2 minutes"},"schema":{"@context":"https:\/\/schema.org","@graph":[{"@type":"WebPage","@id":"https:\/\/realites.com.tn\/fr\/didon-et-enee-renait-a-lopera-de-tunis-dans-une-fresque-spectaculaire-photos\/","url":"https:\/\/realites.com.tn\/fr\/didon-et-enee-renait-a-lopera-de-tunis-dans-une-fresque-spectaculaire-photos\/","name":"Didon et En\u00e9e rena\u00eet \u00e0 l\u2019Op\u00e9ra de Tunis dans une fresque spectaculaire (PHOTOS) - R\u00e9alit\u00e9s Magazine","isPartOf":{"@id":"https:\/\/realites.com.tn\/fr\/#website"},"primaryImageOfPage":{"@id":"https:\/\/realites.com.tn\/fr\/didon-et-enee-renait-a-lopera-de-tunis-dans-une-fresque-spectaculaire-photos\/#primaryimage"},"image":{"@id":"https:\/\/realites.com.tn\/fr\/didon-et-enee-renait-a-lopera-de-tunis-dans-une-fresque-spectaculaire-photos\/#primaryimage"},"thumbnailUrl":"https:\/\/realites.com.tn\/fr\/wp-content\/uploads\/2026\/05\/700431024_1791273162262446_3761794383614451022_n.jpg","datePublished":"2026-05-16T07:32:13+00:00","author":{"@id":"https:\/\/realites.com.tn\/fr\/#\/schema\/person\/35c7357f68f4c6f92ec93b556f0c8275"},"description":"\u00c0 la Cit\u00e9 de la culture Chedly Klibi, le public de l\u2019Op\u00e9ra de Tunis a pu d\u00e9couvrir, les 14 et 15 mai, une nouvelle cr\u00e9ation de Didon &amp; En\u00e9e dans une","breadcrumb":{"@id":"https:\/\/realites.com.tn\/fr\/didon-et-enee-renait-a-lopera-de-tunis-dans-une-fresque-spectaculaire-photos\/#breadcrumb"},"inLanguage":"fr-FR","potentialAction":[{"@type":"ReadAction","target":["https:\/\/realites.com.tn\/fr\/didon-et-enee-renait-a-lopera-de-tunis-dans-une-fresque-spectaculaire-photos\/"]}]},{"@type":"ImageObject","inLanguage":"fr-FR","@id":"https:\/\/realites.com.tn\/fr\/didon-et-enee-renait-a-lopera-de-tunis-dans-une-fresque-spectaculaire-photos\/#primaryimage","url":"https:\/\/realites.com.tn\/fr\/wp-content\/uploads\/2026\/05\/700431024_1791273162262446_3761794383614451022_n.jpg","contentUrl":"https:\/\/realites.com.tn\/fr\/wp-content\/uploads\/2026\/05\/700431024_1791273162262446_3761794383614451022_n.jpg","width":2048,"height":1365},{"@type":"BreadcrumbList","@id":"https:\/\/realites.com.tn\/fr\/didon-et-enee-renait-a-lopera-de-tunis-dans-une-fresque-spectaculaire-photos\/#breadcrumb","itemListElement":[{"@type":"ListItem","position":1,"name":"Home","item":"https:\/\/realites.com.tn\/fr\/"},{"@type":"ListItem","position":2,"name":"Didon et En\u00e9e rena\u00eet \u00e0 l\u2019Op\u00e9ra de Tunis dans une fresque spectaculaire (PHOTOS)"}]},{"@type":"WebSite","@id":"https:\/\/realites.com.tn\/fr\/#website","url":"https:\/\/realites.com.tn\/fr\/","name":"R\u00e9alit\u00e9s Magazine","description":"Actualit\u00e9s de la Tunisie","potentialAction":[{"@type":"SearchAction","target":{"@type":"EntryPoint","urlTemplate":"https:\/\/realites.com.tn\/fr\/?s={search_term_string}"},"query-input":{"@type":"PropertyValueSpecification","valueRequired":true,"valueName":"search_term_string"}}],"inLanguage":"fr-FR"},{"@type":"Person","@id":"https:\/\/realites.com.tn\/fr\/#\/schema\/person\/35c7357f68f4c6f92ec93b556f0c8275","name":"Romane Losardo","image":{"@type":"ImageObject","inLanguage":"fr-FR","@id":"https:\/\/realites.com.tn\/fr\/#\/schema\/person\/image\/","url":"https:\/\/secure.gravatar.com\/avatar\/bbed7d38cd5c8451b45ccbc6ad9c0b37?s=96&d=mm&r=g","contentUrl":"https:\/\/secure.gravatar.com\/avatar\/bbed7d38cd5c8451b45ccbc6ad9c0b37?s=96&d=mm&r=g","caption":"Romane Losardo"},"url":"https:\/\/realites.com.tn\/fr\/author\/losardo\/"}]}},"jetpack_featured_media_url":"https:\/\/realites.com.tn\/fr\/wp-content\/uploads\/2026\/05\/700431024_1791273162262446_3761794383614451022_n.jpg","jetpack_sharing_enabled":true,"views":232,"_links":{"self":[{"href":"https:\/\/realites.com.tn\/fr\/wp-json\/wp\/v2\/posts\/388337","targetHints":{"allow":["GET"]}}],"collection":[{"href":"https:\/\/realites.com.tn\/fr\/wp-json\/wp\/v2\/posts"}],"about":[{"href":"https:\/\/realites.com.tn\/fr\/wp-json\/wp\/v2\/types\/post"}],"author":[{"embeddable":true,"href":"https:\/\/realites.com.tn\/fr\/wp-json\/wp\/v2\/users\/149"}],"replies":[{"embeddable":true,"href":"https:\/\/realites.com.tn\/fr\/wp-json\/wp\/v2\/comments?post=388337"}],"version-history":[{"count":1,"href":"https:\/\/realites.com.tn\/fr\/wp-json\/wp\/v2\/posts\/388337\/revisions"}],"predecessor-version":[{"id":388345,"href":"https:\/\/realites.com.tn\/fr\/wp-json\/wp\/v2\/posts\/388337\/revisions\/388345"}],"wp:featuredmedia":[{"embeddable":true,"href":"https:\/\/realites.com.tn\/fr\/wp-json\/wp\/v2\/media\/388339"}],"wp:attachment":[{"href":"https:\/\/realites.com.tn\/fr\/wp-json\/wp\/v2\/media?parent=388337"}],"wp:term":[{"taxonomy":"category","embeddable":true,"href":"https:\/\/realites.com.tn\/fr\/wp-json\/wp\/v2\/categories?post=388337"},{"taxonomy":"post_tag","embeddable":true,"href":"https:\/\/realites.com.tn\/fr\/wp-json\/wp\/v2\/tags?post=388337"}],"curies":[{"name":"wp","href":"https:\/\/api.w.org\/{rel}","templated":true}]}}