{"id":389152,"date":"2026-05-27T08:41:11","date_gmt":"2026-05-27T07:41:11","guid":{"rendered":"https:\/\/realites.com.tn\/fr\/?p=389152"},"modified":"2026-05-27T08:41:11","modified_gmt":"2026-05-27T07:41:11","slug":"ministere-du-tourisme-firas-abed-laureat-du-prix-national-du-meilleur-projet-de-lartisanat","status":"publish","type":"post","link":"https:\/\/realites.com.tn\/fr\/ministere-du-tourisme-firas-abed-laureat-du-prix-national-du-meilleur-projet-de-lartisanat\/","title":{"rendered":"Minist\u00e8re du Tourisme : Firas Abed laur\u00e9at du Prix national du meilleur projet de l\u2019artisanat"},"content":{"rendered":"<p><span style=\"font-weight: 400;\">Par un arr\u00eat\u00e9 du ministre du Tourisme publi\u00e9 mardi 26 mai 2026 au Journal officiel de la R\u00e9publique tunisienne (JORT), le Prix national du meilleur projet pour les nouveaux promoteurs dans l\u2019artisanat, au titre de l\u2019ann\u00e9e 2025, a \u00e9t\u00e9 officiellement attribu\u00e9 \u00e0 Firas Abed.<\/span><span style=\"font-weight: 400;\"><br \/>\n<\/span><\/p>\n<p data-path-to-node=\"3\">Artisan talentueux et passionn\u00e9, le laur\u00e9at affiche un solide bagage acad\u00e9mique, \u00e9tant titulaire d\u2019une licence en sculpture et d\u2019un master en art et technologie de la c\u00e9ramique. Son travail se distingue par une signature esth\u00e9tique singuli\u00e8re, au carrefour de l&rsquo;histoire et de la modernit\u00e9 : ses \u0153uvres marient avec audace l\u2019esth\u00e9tique des civilisations carthaginoise et romaine \u00e0 l&rsquo;art de la sculpture, donnant naissance \u00e0 des cr\u00e9ations \u00e0 la fois contemporaines et utilitaires.<\/p>\n<p data-path-to-node=\"4\">Cette haute distinction vient saluer l&rsquo;excellence d&rsquo;un projet unique d\u00e9di\u00e9 \u00e0 la poterie artisanale. Au-del\u00e0 de la cr\u00e9ativit\u00e9 et de l&rsquo;audace de ce nouveau promoteur, ce prix met en lumi\u00e8re la richesse du patrimoine national, r\u00e9affirmant le r\u00f4le essentiel d&rsquo;une jeune g\u00e9n\u00e9ration de cr\u00e9ateurs form\u00e9s et visionnaires dans la pr\u00e9servation et le renouveau des m\u00e9tiers d&rsquo;art en Tunisie.<\/p>\n","protected":false},"excerpt":{"rendered":"<p>Par un arr\u00eat\u00e9 du ministre du Tourisme publi\u00e9 mardi 26 mai 2026 au Journal officiel de la R\u00e9publique tunisienne (JORT), le Prix national du meilleur projet pour les nouveaux promoteurs&hellip;<\/p>\n","protected":false},"author":144,"featured_media":389153,"comment_status":"closed","ping_status":"closed","sticky":false,"template":"","format":"standard","meta":{"_lmt_disableupdate":"","_lmt_disable":"","_jetpack_memberships_contains_paid_content":false,"footnotes":""},"categories":[4],"tags":[4345,4527,3736],"class_list":["post-389152","post","type-post","status-publish","format-standard","has-post-thumbnail","hentry","category-actualites","tag-artisanat","tag-ministre-du-tourisme","tag-realites-online"],"yoast_head":"<!-- This site is optimized with the Yoast SEO plugin v26.3 - https:\/\/yoast.com\/wordpress\/plugins\/seo\/ -->\n<title>Minist\u00e8re du Tourisme : Firas Abed laur\u00e9at du Prix national du meilleur projet de l\u2019artisanat - R\u00e9alit\u00e9s Magazine<\/title>\n<meta name=\"description\" content=\"Par un arr\u00eat\u00e9 du ministre du Tourisme publi\u00e9 mardi 26 mai 2026 au Journal officiel de la R\u00e9publique tunisienne (JORT), le Prix national du meilleur projet\" \/>\n<meta name=\"robots\" content=\"index, follow, max-snippet:-1, max-image-preview:large, max-video-preview:-1\" \/>\n<link rel=\"canonical\" href=\"https:\/\/realites.com.tn\/fr\/ministere-du-tourisme-firas-abed-laureat-du-prix-national-du-meilleur-projet-de-lartisanat\/\" \/>\n<meta property=\"og:locale\" content=\"fr_FR\" \/>\n<meta property=\"og:type\" content=\"article\" \/>\n<meta property=\"og:title\" content=\"Minist\u00e8re du Tourisme : Firas Abed laur\u00e9at du Prix national du meilleur projet de l\u2019artisanat - R\u00e9alit\u00e9s Magazine\" \/>\n<meta property=\"og:description\" content=\"Par un arr\u00eat\u00e9 du ministre du Tourisme publi\u00e9 mardi 26 mai 2026 au Journal officiel de la R\u00e9publique tunisienne (JORT), le Prix national du meilleur projet\" \/>\n<meta property=\"og:url\" content=\"https:\/\/realites.com.tn\/fr\/ministere-du-tourisme-firas-abed-laureat-du-prix-national-du-meilleur-projet-de-lartisanat\/\" \/>\n<meta property=\"og:site_name\" content=\"R\u00e9alit\u00e9s Magazine\" \/>\n<meta property=\"article:publisher\" content=\"https:\/\/www.facebook.com\/realites.tn\/\" \/>\n<meta property=\"article:published_time\" content=\"2026-05-27T07:41:11+00:00\" \/>\n<meta property=\"og:image\" content=\"https:\/\/realites.com.tn\/fr\/wp-content\/uploads\/2026\/05\/Capture-decran-2026-05-27-083259.png\" \/>\n\t<meta property=\"og:image:width\" content=\"511\" \/>\n\t<meta property=\"og:image:height\" content=\"427\" \/>\n\t<meta property=\"og:image:type\" content=\"image\/png\" \/>\n<meta name=\"author\" content=\"WKB\" \/>\n<meta name=\"twitter:card\" content=\"summary_large_image\" \/>\n<meta name=\"twitter:label1\" content=\"\u00c9crit par\" \/>\n\t<meta name=\"twitter:data1\" content=\"WKB\" \/>\n\t<meta name=\"twitter:label2\" content=\"Dur\u00e9e de lecture estim\u00e9e\" \/>\n\t<meta name=\"twitter:data2\" content=\"2 minutes\" \/>\n<script type=\"application\/ld+json\" class=\"yoast-schema-graph\">{\"@context\":\"https:\/\/schema.org\",\"@graph\":[{\"@type\":\"WebPage\",\"@id\":\"https:\/\/realites.com.tn\/fr\/ministere-du-tourisme-firas-abed-laureat-du-prix-national-du-meilleur-projet-de-lartisanat\/\",\"url\":\"https:\/\/realites.com.tn\/fr\/ministere-du-tourisme-firas-abed-laureat-du-prix-national-du-meilleur-projet-de-lartisanat\/\",\"name\":\"Minist\u00e8re du Tourisme : Firas Abed laur\u00e9at du Prix national du meilleur projet de l\u2019artisanat - R\u00e9alit\u00e9s Magazine\",\"isPartOf\":{\"@id\":\"https:\/\/realites.com.tn\/fr\/#website\"},\"primaryImageOfPage\":{\"@id\":\"https:\/\/realites.com.tn\/fr\/ministere-du-tourisme-firas-abed-laureat-du-prix-national-du-meilleur-projet-de-lartisanat\/#primaryimage\"},\"image\":{\"@id\":\"https:\/\/realites.com.tn\/fr\/ministere-du-tourisme-firas-abed-laureat-du-prix-national-du-meilleur-projet-de-lartisanat\/#primaryimage\"},\"thumbnailUrl\":\"https:\/\/realites.com.tn\/fr\/wp-content\/uploads\/2026\/05\/Capture-decran-2026-05-27-083259.png\",\"datePublished\":\"2026-05-27T07:41:11+00:00\",\"author\":{\"@id\":\"https:\/\/realites.com.tn\/fr\/#\/schema\/person\/3017fbbf260e8228acd3e8ebf0cdd37f\"},\"description\":\"Par un arr\u00eat\u00e9 du ministre du Tourisme publi\u00e9 mardi 26 mai 2026 au Journal officiel de la R\u00e9publique tunisienne (JORT), le Prix national du meilleur projet\",\"breadcrumb\":{\"@id\":\"https:\/\/realites.com.tn\/fr\/ministere-du-tourisme-firas-abed-laureat-du-prix-national-du-meilleur-projet-de-lartisanat\/#breadcrumb\"},\"inLanguage\":\"fr-FR\",\"potentialAction\":[{\"@type\":\"ReadAction\",\"target\":[\"https:\/\/realites.com.tn\/fr\/ministere-du-tourisme-firas-abed-laureat-du-prix-national-du-meilleur-projet-de-lartisanat\/\"]}]},{\"@type\":\"ImageObject\",\"inLanguage\":\"fr-FR\",\"@id\":\"https:\/\/realites.com.tn\/fr\/ministere-du-tourisme-firas-abed-laureat-du-prix-national-du-meilleur-projet-de-lartisanat\/#primaryimage\",\"url\":\"https:\/\/realites.com.tn\/fr\/wp-content\/uploads\/2026\/05\/Capture-decran-2026-05-27-083259.png\",\"contentUrl\":\"https:\/\/realites.com.tn\/fr\/wp-content\/uploads\/2026\/05\/Capture-decran-2026-05-27-083259.png\",\"width\":511,\"height\":427},{\"@type\":\"BreadcrumbList\",\"@id\":\"https:\/\/realites.com.tn\/fr\/ministere-du-tourisme-firas-abed-laureat-du-prix-national-du-meilleur-projet-de-lartisanat\/#breadcrumb\",\"itemListElement\":[{\"@type\":\"ListItem\",\"position\":1,\"name\":\"Home\",\"item\":\"https:\/\/realites.com.tn\/fr\/\"},{\"@type\":\"ListItem\",\"position\":2,\"name\":\"Minist\u00e8re du Tourisme : Firas Abed laur\u00e9at du Prix national du meilleur projet de l\u2019artisanat\"}]},{\"@type\":\"WebSite\",\"@id\":\"https:\/\/realites.com.tn\/fr\/#website\",\"url\":\"https:\/\/realites.com.tn\/fr\/\",\"name\":\"R\u00e9alit\u00e9s Magazine\",\"description\":\"Actualit\u00e9s de la Tunisie\",\"potentialAction\":[{\"@type\":\"SearchAction\",\"target\":{\"@type\":\"EntryPoint\",\"urlTemplate\":\"https:\/\/realites.com.tn\/fr\/?s={search_term_string}\"},\"query-input\":{\"@type\":\"PropertyValueSpecification\",\"valueRequired\":true,\"valueName\":\"search_term_string\"}}],\"inLanguage\":\"fr-FR\"},{\"@type\":\"Person\",\"@id\":\"https:\/\/realites.com.tn\/fr\/#\/schema\/person\/3017fbbf260e8228acd3e8ebf0cdd37f\",\"name\":\"WKB\",\"image\":{\"@type\":\"ImageObject\",\"inLanguage\":\"fr-FR\",\"@id\":\"https:\/\/realites.com.tn\/fr\/#\/schema\/person\/image\/\",\"url\":\"https:\/\/secure.gravatar.com\/avatar\/90f27863f4f5326a9b64d42421f4a20f?s=96&d=mm&r=g\",\"contentUrl\":\"https:\/\/secure.gravatar.com\/avatar\/90f27863f4f5326a9b64d42421f4a20f?s=96&d=mm&r=g\",\"caption\":\"WKB\"},\"url\":\"https:\/\/realites.com.tn\/fr\/author\/wkb2025\/\"}]}<\/script>\n<!-- \/ Yoast SEO plugin. -->","yoast_head_json":{"title":"Minist\u00e8re du Tourisme : Firas Abed laur\u00e9at du Prix national du meilleur projet de l\u2019artisanat - R\u00e9alit\u00e9s Magazine","description":"Par un arr\u00eat\u00e9 du ministre du Tourisme publi\u00e9 mardi 26 mai 2026 au Journal officiel de la R\u00e9publique tunisienne (JORT), le Prix national du meilleur projet","robots":{"index":"index","follow":"follow","max-snippet":"max-snippet:-1","max-image-preview":"max-image-preview:large","max-video-preview":"max-video-preview:-1"},"canonical":"https:\/\/realites.com.tn\/fr\/ministere-du-tourisme-firas-abed-laureat-du-prix-national-du-meilleur-projet-de-lartisanat\/","og_locale":"fr_FR","og_type":"article","og_title":"Minist\u00e8re du Tourisme : Firas Abed laur\u00e9at du Prix national du meilleur projet de l\u2019artisanat - R\u00e9alit\u00e9s Magazine","og_description":"Par un arr\u00eat\u00e9 du ministre du Tourisme publi\u00e9 mardi 26 mai 2026 au Journal officiel de la R\u00e9publique tunisienne (JORT), le Prix national du meilleur projet","og_url":"https:\/\/realites.com.tn\/fr\/ministere-du-tourisme-firas-abed-laureat-du-prix-national-du-meilleur-projet-de-lartisanat\/","og_site_name":"R\u00e9alit\u00e9s Magazine","article_publisher":"https:\/\/www.facebook.com\/realites.tn\/","article_published_time":"2026-05-27T07:41:11+00:00","og_image":[{"width":511,"height":427,"url":"https:\/\/realites.com.tn\/fr\/wp-content\/uploads\/2026\/05\/Capture-decran-2026-05-27-083259.png","type":"image\/png"}],"author":"WKB","twitter_card":"summary_large_image","twitter_misc":{"\u00c9crit par":"WKB","Dur\u00e9e de lecture estim\u00e9e":"2 minutes"},"schema":{"@context":"https:\/\/schema.org","@graph":[{"@type":"WebPage","@id":"https:\/\/realites.com.tn\/fr\/ministere-du-tourisme-firas-abed-laureat-du-prix-national-du-meilleur-projet-de-lartisanat\/","url":"https:\/\/realites.com.tn\/fr\/ministere-du-tourisme-firas-abed-laureat-du-prix-national-du-meilleur-projet-de-lartisanat\/","name":"Minist\u00e8re du Tourisme : Firas Abed laur\u00e9at du Prix national du meilleur projet de l\u2019artisanat - R\u00e9alit\u00e9s Magazine","isPartOf":{"@id":"https:\/\/realites.com.tn\/fr\/#website"},"primaryImageOfPage":{"@id":"https:\/\/realites.com.tn\/fr\/ministere-du-tourisme-firas-abed-laureat-du-prix-national-du-meilleur-projet-de-lartisanat\/#primaryimage"},"image":{"@id":"https:\/\/realites.com.tn\/fr\/ministere-du-tourisme-firas-abed-laureat-du-prix-national-du-meilleur-projet-de-lartisanat\/#primaryimage"},"thumbnailUrl":"https:\/\/realites.com.tn\/fr\/wp-content\/uploads\/2026\/05\/Capture-decran-2026-05-27-083259.png","datePublished":"2026-05-27T07:41:11+00:00","author":{"@id":"https:\/\/realites.com.tn\/fr\/#\/schema\/person\/3017fbbf260e8228acd3e8ebf0cdd37f"},"description":"Par un arr\u00eat\u00e9 du ministre du Tourisme publi\u00e9 mardi 26 mai 2026 au Journal officiel de la R\u00e9publique tunisienne (JORT), le Prix national du meilleur projet","breadcrumb":{"@id":"https:\/\/realites.com.tn\/fr\/ministere-du-tourisme-firas-abed-laureat-du-prix-national-du-meilleur-projet-de-lartisanat\/#breadcrumb"},"inLanguage":"fr-FR","potentialAction":[{"@type":"ReadAction","target":["https:\/\/realites.com.tn\/fr\/ministere-du-tourisme-firas-abed-laureat-du-prix-national-du-meilleur-projet-de-lartisanat\/"]}]},{"@type":"ImageObject","inLanguage":"fr-FR","@id":"https:\/\/realites.com.tn\/fr\/ministere-du-tourisme-firas-abed-laureat-du-prix-national-du-meilleur-projet-de-lartisanat\/#primaryimage","url":"https:\/\/realites.com.tn\/fr\/wp-content\/uploads\/2026\/05\/Capture-decran-2026-05-27-083259.png","contentUrl":"https:\/\/realites.com.tn\/fr\/wp-content\/uploads\/2026\/05\/Capture-decran-2026-05-27-083259.png","width":511,"height":427},{"@type":"BreadcrumbList","@id":"https:\/\/realites.com.tn\/fr\/ministere-du-tourisme-firas-abed-laureat-du-prix-national-du-meilleur-projet-de-lartisanat\/#breadcrumb","itemListElement":[{"@type":"ListItem","position":1,"name":"Home","item":"https:\/\/realites.com.tn\/fr\/"},{"@type":"ListItem","position":2,"name":"Minist\u00e8re du Tourisme : Firas Abed laur\u00e9at du Prix national du meilleur projet de l\u2019artisanat"}]},{"@type":"WebSite","@id":"https:\/\/realites.com.tn\/fr\/#website","url":"https:\/\/realites.com.tn\/fr\/","name":"R\u00e9alit\u00e9s Magazine","description":"Actualit\u00e9s de la Tunisie","potentialAction":[{"@type":"SearchAction","target":{"@type":"EntryPoint","urlTemplate":"https:\/\/realites.com.tn\/fr\/?s={search_term_string}"},"query-input":{"@type":"PropertyValueSpecification","valueRequired":true,"valueName":"search_term_string"}}],"inLanguage":"fr-FR"},{"@type":"Person","@id":"https:\/\/realites.com.tn\/fr\/#\/schema\/person\/3017fbbf260e8228acd3e8ebf0cdd37f","name":"WKB","image":{"@type":"ImageObject","inLanguage":"fr-FR","@id":"https:\/\/realites.com.tn\/fr\/#\/schema\/person\/image\/","url":"https:\/\/secure.gravatar.com\/avatar\/90f27863f4f5326a9b64d42421f4a20f?s=96&d=mm&r=g","contentUrl":"https:\/\/secure.gravatar.com\/avatar\/90f27863f4f5326a9b64d42421f4a20f?s=96&d=mm&r=g","caption":"WKB"},"url":"https:\/\/realites.com.tn\/fr\/author\/wkb2025\/"}]}},"jetpack_featured_media_url":"https:\/\/realites.com.tn\/fr\/wp-content\/uploads\/2026\/05\/Capture-decran-2026-05-27-083259.png","jetpack_sharing_enabled":true,"views":112,"_links":{"self":[{"href":"https:\/\/realites.com.tn\/fr\/wp-json\/wp\/v2\/posts\/389152","targetHints":{"allow":["GET"]}}],"collection":[{"href":"https:\/\/realites.com.tn\/fr\/wp-json\/wp\/v2\/posts"}],"about":[{"href":"https:\/\/realites.com.tn\/fr\/wp-json\/wp\/v2\/types\/post"}],"author":[{"embeddable":true,"href":"https:\/\/realites.com.tn\/fr\/wp-json\/wp\/v2\/users\/144"}],"replies":[{"embeddable":true,"href":"https:\/\/realites.com.tn\/fr\/wp-json\/wp\/v2\/comments?post=389152"}],"version-history":[{"count":1,"href":"https:\/\/realites.com.tn\/fr\/wp-json\/wp\/v2\/posts\/389152\/revisions"}],"predecessor-version":[{"id":389154,"href":"https:\/\/realites.com.tn\/fr\/wp-json\/wp\/v2\/posts\/389152\/revisions\/389154"}],"wp:featuredmedia":[{"embeddable":true,"href":"https:\/\/realites.com.tn\/fr\/wp-json\/wp\/v2\/media\/389153"}],"wp:attachment":[{"href":"https:\/\/realites.com.tn\/fr\/wp-json\/wp\/v2\/media?parent=389152"}],"wp:term":[{"taxonomy":"category","embeddable":true,"href":"https:\/\/realites.com.tn\/fr\/wp-json\/wp\/v2\/categories?post=389152"},{"taxonomy":"post_tag","embeddable":true,"href":"https:\/\/realites.com.tn\/fr\/wp-json\/wp\/v2\/tags?post=389152"}],"curies":[{"name":"wp","href":"https:\/\/api.w.org\/{rel}","templated":true}]}}