{"id":389324,"date":"2026-06-01T13:19:45","date_gmt":"2026-06-01T12:19:45","guid":{"rendered":"https:\/\/realites.com.tn\/fr\/?p=389324"},"modified":"2026-06-01T13:19:45","modified_gmt":"2026-06-01T12:19:45","slug":"israel-intensifie-ses-operations-dans-le-sud-liban","status":"publish","type":"post","link":"https:\/\/realites.com.tn\/fr\/israel-intensifie-ses-operations-dans-le-sud-liban\/","title":{"rendered":"Isra\u00ebl intensifie ses op\u00e9rations dans le Sud-Liban"},"content":{"rendered":"<div class=\"qMYqUG_convSearchResultHighlightRoot\">\n<div class=\"\" data-turn-id-container=\"request-WEB:82a3be93-d19c-466b-a27d-cd01e2cca62a-0\" data-is-intersecting=\"true\">\n<section class=\"text-token-text-primary w-full focus:outline-none has-data-writing-block:pointer-events-none [&amp;:has([data-writing-block])&gt;*]:pointer-events-auto R6Vx5W_threadScrollVars scroll-mb-[calc(var(--scroll-root-safe-area-inset-bottom,0px)+var(--thread-response-height))] scroll-mt-[calc(var(--header-height)+min(200px,max(70px,20svh)))]\" dir=\"auto\" data-turn-id=\"request-WEB:82a3be93-d19c-466b-a27d-cd01e2cca62a-0\" data-turn-id-container=\"request-WEB:82a3be93-d19c-466b-a27d-cd01e2cca62a-0\" data-testid=\"conversation-turn-2\" data-scroll-anchor=\"false\" data-turn=\"assistant\">\n<div class=\"text-base my-auto mx-auto pb-10 [--thread-content-margin:var(--thread-content-margin-xs,calc(var(--spacing)*4))] @w-sm\/main:[--thread-content-margin:var(--thread-content-margin-sm,calc(var(--spacing)*6))] @w-lg\/main:[--thread-content-margin:var(--thread-content-margin-lg,calc(var(--spacing)*16))] px-(--thread-content-margin)\">\n<div class=\"[--thread-content-max-width:40rem] @w-lg\/main:[--thread-content-max-width:48rem] mx-auto max-w-(--thread-content-max-width) flex-1 group\/turn-messages focus-visible:outline-hidden relative flex w-full min-w-0 flex-col agent-turn\">\n<div class=\"flex max-w-full flex-col gap-4 grow\">\n<div class=\"min-h-8 text-message relative flex w-full flex-col items-end gap-2 text-start break-words whitespace-normal outline-none keyboard-focused:focus-ring [.text-message+&amp;]:mt-1\" dir=\"auto\" tabindex=\"0\" data-message-author-role=\"assistant\" data-message-id=\"0bb95256-959f-4332-9371-a88c75a45913\" data-message-model-slug=\"gpt-5-5\" data-turn-start-message=\"true\">\n<div class=\"flex w-full flex-col gap-1 empty:hidden\">\n<div class=\"markdown prose dark:prose-invert wrap-break-word w-full light markdown-new-styling\">\n<p data-start=\"56\" data-end=\"194\">Le premier ministre isra\u00e9lien Benjamin Netanyahu et le ministre de la D\u00e9fense ont ordonn\u00e9 \u00e0 l\u2019arm\u00e9e de frapper la banlieue sud de Beyrouth lundi 1er juin.<\/p>\n<p data-start=\"196\" data-end=\"391\">Plus d\u2019un mois apr\u00e8s l\u2019entr\u00e9e en vigueur d\u2019une tr\u00eave, Isra\u00ebl a poursuivi ses offensives dans le Sud-Liban. Nabatiy\u00e9, grande ville \u00e0 majorit\u00e9 chiite, a notamment \u00e9t\u00e9 la cible de plusieurs frappes.<\/p>\n<p data-start=\"393\" data-end=\"802\">Les affrontements directs avec le Hezbollah ont redoubl\u00e9 d\u2019intensit\u00e9 dans la nuit du 30 au 31 mai. L\u2019arm\u00e9e isra\u00e9lienne s\u2019est empar\u00e9e de l\u2019embl\u00e9matique forteresse m\u00e9di\u00e9vale de Beaufort, situ\u00e9e au nord-est de Tyr, pour y hisser son drapeau bleu et blanc. Ce lieu historique, perch\u00e9 \u00e0 700 m\u00e8tres d\u2019altitude, avait d\u00e9j\u00e0 servi de base \u00e0 Tsahal durant ses deux d\u00e9cennies d\u2019occupation du Sud-Liban jusqu\u2019en 2000.<\/p>\n<p data-start=\"804\" data-end=\"1311\">\u00ab La prise de Beaufort est une \u00e9tape d\u00e9cisive, un tournant majeur de la politique que nous menons \u00bb, a affirm\u00e9 Benjamin Netanyahu, alors qu\u2019il avait ordonn\u00e9 \u00e0 Tsahal d\u2019\u00e9largir les op\u00e9rations au Liban et d\u2019\u00e9tendre son contr\u00f4le sur les zones d\u2019influence du Hezbollah. Isra\u00ebl appelle d\u00e9sormais les Libanais \u00e0 respecter cette nouvelle ligne d\u2019occupation, situ\u00e9e \u00e0 40 kilom\u00e8tres au nord de la fronti\u00e8re. Tsahal a ainsi ordonn\u00e9 l\u2019\u00e9vacuation imm\u00e9diate de tous les habitants vivant au sud du fleuve Zahrani.<\/p>\n<p data-start=\"1313\" data-end=\"1358\"><strong>Les r\u00e9actions politiques et diplomatiques<\/strong><\/p>\n<p data-start=\"1360\" data-end=\"1665\">Le Premier ministre libanais, Nawaf Salam, a fermement condamn\u00e9 ces op\u00e9rations militaires : \u00ab Les politiques de la terre br\u00fbl\u00e9e, du ch\u00e2timent collectif et de la destruction de villages et localit\u00e9s ne garantiront ni s\u00e9curit\u00e9 ni stabilit\u00e9. Au contraire, elles creuseront le foss\u00e9 avec le peuple libanais. \u00bb<\/p>\n<p data-start=\"1667\" data-end=\"2260\">Alors que des pourparlers doivent reprendre cette semaine sous l\u2019\u00e9gide des \u00c9tats-Unis, Na\u00efm Qassem, secr\u00e9taire g\u00e9n\u00e9ral du Hezbollah, s\u2019oppose fermement \u00e0 toute discussion directe. Il a rappel\u00e9 que la pr\u00e9c\u00e9dente session, apr\u00e8s 35 cycles de n\u00e9gociations, n\u2019avait abouti \u00e0 aucun r\u00e9sultat. \u00ab Les n\u00e9gociations directes repr\u00e9sentent un gain sans contrepartie pour Isra\u00ebl. Le d\u00e9sarmement signifie notre an\u00e9antissement, et nous ne pouvons pas l\u2019accepter \u00bb, a-t-il d\u00e9clar\u00e9. Malgr\u00e9 l\u2019interdiction th\u00e9orique de ses activit\u00e9s militaires, le Hezbollah continue de bombarder \u00e9pisodiquement le nord d\u2019Isra\u00ebl.<\/p>\n<p data-start=\"2262\" data-end=\"2476\" data-is-last-node=\"\" data-is-only-node=\"\">Face \u00e0 la gravit\u00e9 de la situation, la France a r\u00e9clam\u00e9 une r\u00e9union d\u2019urgence du Conseil de s\u00e9curit\u00e9 de l\u2019ONU. Le pr\u00e9sident Emmanuel Macron a estim\u00e9 que \u00ab rien ne justifie l\u2019escalade majeure en cours au Sud-Liban \u00bb.<\/p>\n<p style=\"text-align: right;\" data-start=\"2262\" data-end=\"2476\" data-is-last-node=\"\" data-is-only-node=\"\"><strong>R.L<\/strong><\/p>\n<p style=\"text-align: right;\" data-start=\"2262\" data-end=\"2476\" data-is-last-node=\"\" data-is-only-node=\"\"><strong>Cr\u00e9dit photo: AFP<\/strong><\/p>\n<\/div>\n<\/div>\n<\/div>\n<\/div>\n<div class=\"z-0 flex min-h-[46px] justify-start\"><\/div>\n<div class=\"mt-3 w-full empty:hidden\">\n<div class=\"text-center\"><\/div>\n<\/div>\n<\/div>\n<\/div>\n<\/section>\n<\/div>\n<\/div>\n<div class=\"pointer-events-none -mt-px h-px translate-y-[calc(var(--scroll-root-safe-area-inset-bottom)-14*var(--spacing))]\" aria-hidden=\"true\"><\/div>\n","protected":false},"excerpt":{"rendered":"<p>Le premier ministre isra\u00e9lien Benjamin Netanyahu et le ministre de la D\u00e9fense ont ordonn\u00e9 \u00e0 l\u2019arm\u00e9e de frapper la banlieue sud de Beyrouth lundi 1er juin. Plus d\u2019un mois apr\u00e8s&hellip;<\/p>\n","protected":false},"author":149,"featured_media":389340,"comment_status":"closed","ping_status":"closed","sticky":false,"template":"","format":"standard","meta":{"_lmt_disableupdate":"no","_lmt_disable":"","_jetpack_memberships_contains_paid_content":false,"footnotes":""},"categories":[4,7],"tags":[1552,10500],"class_list":["post-389324","post","type-post","status-publish","format-standard","has-post-thumbnail","hentry","category-actualites","category-monde","tag-israel","tag-sud-liban"],"yoast_head":"<!-- This site is optimized with the Yoast SEO plugin v26.3 - https:\/\/yoast.com\/wordpress\/plugins\/seo\/ -->\n<title>Isra\u00ebl intensifie ses op\u00e9rations dans le Sud-Liban - R\u00e9alit\u00e9s Magazine<\/title>\n<meta name=\"description\" content=\"Le premier ministre isra\u00e9lien Benjamin Netanyahu et le ministre de la D\u00e9fense ont ordonn\u00e9 \u00e0 l\u2019arm\u00e9e de frapper la banlieue sud de Beyrouth lundi 1er juin.\" \/>\n<meta name=\"robots\" content=\"index, follow, max-snippet:-1, max-image-preview:large, max-video-preview:-1\" \/>\n<link rel=\"canonical\" href=\"https:\/\/realites.com.tn\/fr\/israel-intensifie-ses-operations-dans-le-sud-liban\/\" \/>\n<meta property=\"og:locale\" content=\"fr_FR\" \/>\n<meta property=\"og:type\" content=\"article\" \/>\n<meta property=\"og:title\" content=\"Isra\u00ebl intensifie ses op\u00e9rations dans le Sud-Liban - R\u00e9alit\u00e9s Magazine\" \/>\n<meta property=\"og:description\" content=\"Le premier ministre isra\u00e9lien Benjamin Netanyahu et le ministre de la D\u00e9fense ont ordonn\u00e9 \u00e0 l\u2019arm\u00e9e de frapper la banlieue sud de Beyrouth lundi 1er juin.\" \/>\n<meta property=\"og:url\" content=\"https:\/\/realites.com.tn\/fr\/israel-intensifie-ses-operations-dans-le-sud-liban\/\" \/>\n<meta property=\"og:site_name\" content=\"R\u00e9alit\u00e9s Magazine\" \/>\n<meta property=\"article:publisher\" content=\"https:\/\/www.facebook.com\/realites.tn\/\" \/>\n<meta property=\"article:published_time\" content=\"2026-06-01T12:19:45+00:00\" \/>\n<meta property=\"og:image\" content=\"https:\/\/realites.com.tn\/fr\/wp-content\/uploads\/2026\/06\/F5E9E811-3498-424B-8F33-8590393D9DD5.jpeg\" \/>\n\t<meta property=\"og:image:width\" content=\"1540\" \/>\n\t<meta property=\"og:image:height\" content=\"1026\" \/>\n\t<meta property=\"og:image:type\" content=\"image\/jpeg\" \/>\n<meta name=\"author\" content=\"Romane Losardo\" \/>\n<meta name=\"twitter:card\" content=\"summary_large_image\" \/>\n<meta name=\"twitter:label1\" content=\"\u00c9crit par\" \/>\n\t<meta name=\"twitter:data1\" content=\"Romane Losardo\" \/>\n\t<meta name=\"twitter:label2\" content=\"Dur\u00e9e de lecture estim\u00e9e\" \/>\n\t<meta name=\"twitter:data2\" content=\"3 minutes\" \/>\n<script type=\"application\/ld+json\" class=\"yoast-schema-graph\">{\"@context\":\"https:\/\/schema.org\",\"@graph\":[{\"@type\":\"WebPage\",\"@id\":\"https:\/\/realites.com.tn\/fr\/israel-intensifie-ses-operations-dans-le-sud-liban\/\",\"url\":\"https:\/\/realites.com.tn\/fr\/israel-intensifie-ses-operations-dans-le-sud-liban\/\",\"name\":\"Isra\u00ebl intensifie ses op\u00e9rations dans le Sud-Liban - R\u00e9alit\u00e9s Magazine\",\"isPartOf\":{\"@id\":\"https:\/\/realites.com.tn\/fr\/#website\"},\"primaryImageOfPage\":{\"@id\":\"https:\/\/realites.com.tn\/fr\/israel-intensifie-ses-operations-dans-le-sud-liban\/#primaryimage\"},\"image\":{\"@id\":\"https:\/\/realites.com.tn\/fr\/israel-intensifie-ses-operations-dans-le-sud-liban\/#primaryimage\"},\"thumbnailUrl\":\"https:\/\/realites.com.tn\/fr\/wp-content\/uploads\/2026\/06\/F5E9E811-3498-424B-8F33-8590393D9DD5.jpeg\",\"datePublished\":\"2026-06-01T12:19:45+00:00\",\"author\":{\"@id\":\"https:\/\/realites.com.tn\/fr\/#\/schema\/person\/35c7357f68f4c6f92ec93b556f0c8275\"},\"description\":\"Le premier ministre isra\u00e9lien Benjamin Netanyahu et le ministre de la D\u00e9fense ont ordonn\u00e9 \u00e0 l\u2019arm\u00e9e de frapper la banlieue sud de Beyrouth lundi 1er juin.\",\"breadcrumb\":{\"@id\":\"https:\/\/realites.com.tn\/fr\/israel-intensifie-ses-operations-dans-le-sud-liban\/#breadcrumb\"},\"inLanguage\":\"fr-FR\",\"potentialAction\":[{\"@type\":\"ReadAction\",\"target\":[\"https:\/\/realites.com.tn\/fr\/israel-intensifie-ses-operations-dans-le-sud-liban\/\"]}]},{\"@type\":\"ImageObject\",\"inLanguage\":\"fr-FR\",\"@id\":\"https:\/\/realites.com.tn\/fr\/israel-intensifie-ses-operations-dans-le-sud-liban\/#primaryimage\",\"url\":\"https:\/\/realites.com.tn\/fr\/wp-content\/uploads\/2026\/06\/F5E9E811-3498-424B-8F33-8590393D9DD5.jpeg\",\"contentUrl\":\"https:\/\/realites.com.tn\/fr\/wp-content\/uploads\/2026\/06\/F5E9E811-3498-424B-8F33-8590393D9DD5.jpeg\",\"width\":1540,\"height\":1026},{\"@type\":\"BreadcrumbList\",\"@id\":\"https:\/\/realites.com.tn\/fr\/israel-intensifie-ses-operations-dans-le-sud-liban\/#breadcrumb\",\"itemListElement\":[{\"@type\":\"ListItem\",\"position\":1,\"name\":\"Home\",\"item\":\"https:\/\/realites.com.tn\/fr\/\"},{\"@type\":\"ListItem\",\"position\":2,\"name\":\"Isra\u00ebl intensifie ses op\u00e9rations dans le Sud-Liban\"}]},{\"@type\":\"WebSite\",\"@id\":\"https:\/\/realites.com.tn\/fr\/#website\",\"url\":\"https:\/\/realites.com.tn\/fr\/\",\"name\":\"R\u00e9alit\u00e9s Magazine\",\"description\":\"Actualit\u00e9s de la Tunisie\",\"potentialAction\":[{\"@type\":\"SearchAction\",\"target\":{\"@type\":\"EntryPoint\",\"urlTemplate\":\"https:\/\/realites.com.tn\/fr\/?s={search_term_string}\"},\"query-input\":{\"@type\":\"PropertyValueSpecification\",\"valueRequired\":true,\"valueName\":\"search_term_string\"}}],\"inLanguage\":\"fr-FR\"},{\"@type\":\"Person\",\"@id\":\"https:\/\/realites.com.tn\/fr\/#\/schema\/person\/35c7357f68f4c6f92ec93b556f0c8275\",\"name\":\"Romane Losardo\",\"image\":{\"@type\":\"ImageObject\",\"inLanguage\":\"fr-FR\",\"@id\":\"https:\/\/realites.com.tn\/fr\/#\/schema\/person\/image\/\",\"url\":\"https:\/\/secure.gravatar.com\/avatar\/bbed7d38cd5c8451b45ccbc6ad9c0b37?s=96&d=mm&r=g\",\"contentUrl\":\"https:\/\/secure.gravatar.com\/avatar\/bbed7d38cd5c8451b45ccbc6ad9c0b37?s=96&d=mm&r=g\",\"caption\":\"Romane Losardo\"},\"url\":\"https:\/\/realites.com.tn\/fr\/author\/losardo\/\"}]}<\/script>\n<!-- \/ Yoast SEO plugin. -->","yoast_head_json":{"title":"Isra\u00ebl intensifie ses op\u00e9rations dans le Sud-Liban - R\u00e9alit\u00e9s Magazine","description":"Le premier ministre isra\u00e9lien Benjamin Netanyahu et le ministre de la D\u00e9fense ont ordonn\u00e9 \u00e0 l\u2019arm\u00e9e de frapper la banlieue sud de Beyrouth lundi 1er juin.","robots":{"index":"index","follow":"follow","max-snippet":"max-snippet:-1","max-image-preview":"max-image-preview:large","max-video-preview":"max-video-preview:-1"},"canonical":"https:\/\/realites.com.tn\/fr\/israel-intensifie-ses-operations-dans-le-sud-liban\/","og_locale":"fr_FR","og_type":"article","og_title":"Isra\u00ebl intensifie ses op\u00e9rations dans le Sud-Liban - R\u00e9alit\u00e9s Magazine","og_description":"Le premier ministre isra\u00e9lien Benjamin Netanyahu et le ministre de la D\u00e9fense ont ordonn\u00e9 \u00e0 l\u2019arm\u00e9e de frapper la banlieue sud de Beyrouth lundi 1er juin.","og_url":"https:\/\/realites.com.tn\/fr\/israel-intensifie-ses-operations-dans-le-sud-liban\/","og_site_name":"R\u00e9alit\u00e9s Magazine","article_publisher":"https:\/\/www.facebook.com\/realites.tn\/","article_published_time":"2026-06-01T12:19:45+00:00","og_image":[{"width":1540,"height":1026,"url":"https:\/\/realites.com.tn\/fr\/wp-content\/uploads\/2026\/06\/F5E9E811-3498-424B-8F33-8590393D9DD5.jpeg","type":"image\/jpeg"}],"author":"Romane Losardo","twitter_card":"summary_large_image","twitter_misc":{"\u00c9crit par":"Romane Losardo","Dur\u00e9e de lecture estim\u00e9e":"3 minutes"},"schema":{"@context":"https:\/\/schema.org","@graph":[{"@type":"WebPage","@id":"https:\/\/realites.com.tn\/fr\/israel-intensifie-ses-operations-dans-le-sud-liban\/","url":"https:\/\/realites.com.tn\/fr\/israel-intensifie-ses-operations-dans-le-sud-liban\/","name":"Isra\u00ebl intensifie ses op\u00e9rations dans le Sud-Liban - R\u00e9alit\u00e9s Magazine","isPartOf":{"@id":"https:\/\/realites.com.tn\/fr\/#website"},"primaryImageOfPage":{"@id":"https:\/\/realites.com.tn\/fr\/israel-intensifie-ses-operations-dans-le-sud-liban\/#primaryimage"},"image":{"@id":"https:\/\/realites.com.tn\/fr\/israel-intensifie-ses-operations-dans-le-sud-liban\/#primaryimage"},"thumbnailUrl":"https:\/\/realites.com.tn\/fr\/wp-content\/uploads\/2026\/06\/F5E9E811-3498-424B-8F33-8590393D9DD5.jpeg","datePublished":"2026-06-01T12:19:45+00:00","author":{"@id":"https:\/\/realites.com.tn\/fr\/#\/schema\/person\/35c7357f68f4c6f92ec93b556f0c8275"},"description":"Le premier ministre isra\u00e9lien Benjamin Netanyahu et le ministre de la D\u00e9fense ont ordonn\u00e9 \u00e0 l\u2019arm\u00e9e de frapper la banlieue sud de Beyrouth lundi 1er juin.","breadcrumb":{"@id":"https:\/\/realites.com.tn\/fr\/israel-intensifie-ses-operations-dans-le-sud-liban\/#breadcrumb"},"inLanguage":"fr-FR","potentialAction":[{"@type":"ReadAction","target":["https:\/\/realites.com.tn\/fr\/israel-intensifie-ses-operations-dans-le-sud-liban\/"]}]},{"@type":"ImageObject","inLanguage":"fr-FR","@id":"https:\/\/realites.com.tn\/fr\/israel-intensifie-ses-operations-dans-le-sud-liban\/#primaryimage","url":"https:\/\/realites.com.tn\/fr\/wp-content\/uploads\/2026\/06\/F5E9E811-3498-424B-8F33-8590393D9DD5.jpeg","contentUrl":"https:\/\/realites.com.tn\/fr\/wp-content\/uploads\/2026\/06\/F5E9E811-3498-424B-8F33-8590393D9DD5.jpeg","width":1540,"height":1026},{"@type":"BreadcrumbList","@id":"https:\/\/realites.com.tn\/fr\/israel-intensifie-ses-operations-dans-le-sud-liban\/#breadcrumb","itemListElement":[{"@type":"ListItem","position":1,"name":"Home","item":"https:\/\/realites.com.tn\/fr\/"},{"@type":"ListItem","position":2,"name":"Isra\u00ebl intensifie ses op\u00e9rations dans le Sud-Liban"}]},{"@type":"WebSite","@id":"https:\/\/realites.com.tn\/fr\/#website","url":"https:\/\/realites.com.tn\/fr\/","name":"R\u00e9alit\u00e9s Magazine","description":"Actualit\u00e9s de la Tunisie","potentialAction":[{"@type":"SearchAction","target":{"@type":"EntryPoint","urlTemplate":"https:\/\/realites.com.tn\/fr\/?s={search_term_string}"},"query-input":{"@type":"PropertyValueSpecification","valueRequired":true,"valueName":"search_term_string"}}],"inLanguage":"fr-FR"},{"@type":"Person","@id":"https:\/\/realites.com.tn\/fr\/#\/schema\/person\/35c7357f68f4c6f92ec93b556f0c8275","name":"Romane Losardo","image":{"@type":"ImageObject","inLanguage":"fr-FR","@id":"https:\/\/realites.com.tn\/fr\/#\/schema\/person\/image\/","url":"https:\/\/secure.gravatar.com\/avatar\/bbed7d38cd5c8451b45ccbc6ad9c0b37?s=96&d=mm&r=g","contentUrl":"https:\/\/secure.gravatar.com\/avatar\/bbed7d38cd5c8451b45ccbc6ad9c0b37?s=96&d=mm&r=g","caption":"Romane Losardo"},"url":"https:\/\/realites.com.tn\/fr\/author\/losardo\/"}]}},"jetpack_featured_media_url":"https:\/\/realites.com.tn\/fr\/wp-content\/uploads\/2026\/06\/F5E9E811-3498-424B-8F33-8590393D9DD5.jpeg","jetpack_sharing_enabled":true,"views":65,"_links":{"self":[{"href":"https:\/\/realites.com.tn\/fr\/wp-json\/wp\/v2\/posts\/389324","targetHints":{"allow":["GET"]}}],"collection":[{"href":"https:\/\/realites.com.tn\/fr\/wp-json\/wp\/v2\/posts"}],"about":[{"href":"https:\/\/realites.com.tn\/fr\/wp-json\/wp\/v2\/types\/post"}],"author":[{"embeddable":true,"href":"https:\/\/realites.com.tn\/fr\/wp-json\/wp\/v2\/users\/149"}],"replies":[{"embeddable":true,"href":"https:\/\/realites.com.tn\/fr\/wp-json\/wp\/v2\/comments?post=389324"}],"version-history":[{"count":2,"href":"https:\/\/realites.com.tn\/fr\/wp-json\/wp\/v2\/posts\/389324\/revisions"}],"predecessor-version":[{"id":389343,"href":"https:\/\/realites.com.tn\/fr\/wp-json\/wp\/v2\/posts\/389324\/revisions\/389343"}],"wp:featuredmedia":[{"embeddable":true,"href":"https:\/\/realites.com.tn\/fr\/wp-json\/wp\/v2\/media\/389340"}],"wp:attachment":[{"href":"https:\/\/realites.com.tn\/fr\/wp-json\/wp\/v2\/media?parent=389324"}],"wp:term":[{"taxonomy":"category","embeddable":true,"href":"https:\/\/realites.com.tn\/fr\/wp-json\/wp\/v2\/categories?post=389324"},{"taxonomy":"post_tag","embeddable":true,"href":"https:\/\/realites.com.tn\/fr\/wp-json\/wp\/v2\/tags?post=389324"}],"curies":[{"name":"wp","href":"https:\/\/api.w.org\/{rel}","templated":true}]}}