{"id":394813,"date":"2026-08-31T12:54:04","date_gmt":"2026-08-31T11:54:04","guid":{"rendered":"https:\/\/realites.com.tn\/fr\/?p=394813"},"modified":"2026-08-31T12:55:33","modified_gmt":"2026-08-31T11:55:33","slug":"le-ministre-allemand-des-affaires-etrangeres-en-visite-en-tunisie","status":"publish","type":"post","link":"https:\/\/realites.com.tn\/fr\/le-ministre-allemand-des-affaires-etrangeres-en-visite-en-tunisie\/","title":{"rendered":"Le ministre allemand des Affaires \u00e9trang\u00e8res en visite en Tunisie"},"content":{"rendered":"<p data-start=\"71\" data-end=\"242\">L\u2019ambassade d\u2019Allemagne en Tunisie a annonc\u00e9, ce lundi 31 ao\u00fbt 2026, la visite officielle en Tunisie du ministre f\u00e9d\u00e9ral allemand des Affaires \u00e9trang\u00e8res, Johann Wadephul.<\/p>\n<p data-start=\"244\" data-end=\"530\">Selon l\u2019ambassade, qui a communiqu\u00e9 l\u2019information sur sa page officielle Facebook, le ministre allemand doit s\u2019entretenir avec le pr\u00e9sident de la R\u00e9publique, Ka\u00efs Sa\u00efed, ainsi qu\u2019avec le ministre des Affaires \u00e9trang\u00e8res, de la Migration et des Tunisiens \u00e0 l\u2019\u00e9tranger, Mohamed Ali Nafti.<\/p>\n<p data-start=\"532\" data-end=\"657\">Cette visite pr\u00e9voit \u00e9galement des rencontres avec des repr\u00e9sentants du monde des affaires et plusieurs start-up tunisiennes.<\/p>\n<p><iframe style=\"border: none; overflow: hidden;\" src=\"https:\/\/www.facebook.com\/plugins\/post.php?href=https%3A%2F%2Fwww.facebook.com%2FallemagnediploTunis%2Fposts%2Fpfbid02qPYXqCyBVSaceNXtAzG8yk6eEjNBRqWzAM4YHKvh3hmCRQvMNEu3DoE2BbCYTDVKl&amp;show_text=true&amp;width=500\" width=\"500\" height=\"532\" frameborder=\"0\" scrolling=\"no\" allowfullscreen=\"allowfullscreen\"><\/iframe><\/p>\n","protected":false},"excerpt":{"rendered":"<p>L\u2019ambassade d\u2019Allemagne en Tunisie a annonc\u00e9, ce lundi 31 ao\u00fbt 2026, la visite officielle en Tunisie du ministre f\u00e9d\u00e9ral allemand des Affaires \u00e9trang\u00e8res, Johann Wadephul. Selon l\u2019ambassade, qui a communiqu\u00e9&hellip;<\/p>\n","protected":false},"author":145,"featured_media":394814,"comment_status":"open","ping_status":"closed","sticky":false,"template":"","format":"standard","meta":{"_lmt_disableupdate":"no","_lmt_disable":"","_jetpack_memberships_contains_paid_content":false,"footnotes":""},"categories":[3,4,5],"tags":[10304],"class_list":["post-394813","post","type-post","status-publish","format-standard","has-post-thumbnail","hentry","category-a-la-une","category-actualites","category-politique","tag-johann-wadephul"],"yoast_head":"<!-- This site is optimized with the Yoast SEO plugin v26.3 - https:\/\/yoast.com\/wordpress\/plugins\/seo\/ -->\n<title>Le ministre allemand des Affaires \u00e9trang\u00e8res en visite en Tunisie - R\u00e9alit\u00e9s Magazine<\/title>\n<meta name=\"description\" content=\"L\u2019ambassade d\u2019Allemagne en Tunisie a annonc\u00e9, ce lundi 31 ao\u00fbt 2026, la visite officielle en Tunisie du ministre f\u00e9d\u00e9ral allemand des Affaires \u00e9trang\u00e8res,\" \/>\n<meta name=\"robots\" content=\"index, follow, max-snippet:-1, max-image-preview:large, max-video-preview:-1\" \/>\n<link rel=\"canonical\" href=\"https:\/\/realites.com.tn\/fr\/le-ministre-allemand-des-affaires-etrangeres-en-visite-en-tunisie\/\" \/>\n<meta property=\"og:locale\" content=\"fr_FR\" \/>\n<meta property=\"og:type\" content=\"article\" \/>\n<meta property=\"og:title\" content=\"Le ministre allemand des Affaires \u00e9trang\u00e8res en visite en Tunisie - R\u00e9alit\u00e9s Magazine\" \/>\n<meta property=\"og:description\" content=\"L\u2019ambassade d\u2019Allemagne en Tunisie a annonc\u00e9, ce lundi 31 ao\u00fbt 2026, la visite officielle en Tunisie du ministre f\u00e9d\u00e9ral allemand des Affaires \u00e9trang\u00e8res,\" \/>\n<meta property=\"og:url\" content=\"https:\/\/realites.com.tn\/fr\/le-ministre-allemand-des-affaires-etrangeres-en-visite-en-tunisie\/\" \/>\n<meta property=\"og:site_name\" content=\"R\u00e9alit\u00e9s Magazine\" \/>\n<meta property=\"article:publisher\" content=\"https:\/\/www.facebook.com\/realites.tn\/\" \/>\n<meta property=\"article:published_time\" content=\"2026-08-31T11:54:04+00:00\" \/>\n<meta property=\"article:modified_time\" content=\"2026-08-31T11:55:33+00:00\" \/>\n<meta property=\"og:image\" content=\"https:\/\/realites.com.tn\/fr\/wp-content\/uploads\/2026\/08\/ministre-allemand.jpg\" \/>\n\t<meta property=\"og:image:width\" content=\"1600\" \/>\n\t<meta property=\"og:image:height\" content=\"1066\" \/>\n\t<meta property=\"og:image:type\" content=\"image\/jpeg\" \/>\n<meta name=\"author\" content=\"M. A\" \/>\n<meta name=\"twitter:card\" content=\"summary_large_image\" \/>\n<meta name=\"twitter:label1\" content=\"\u00c9crit par\" \/>\n\t<meta name=\"twitter:data1\" content=\"M. A\" \/>\n\t<meta name=\"twitter:label2\" content=\"Dur\u00e9e de lecture estim\u00e9e\" \/>\n\t<meta name=\"twitter:data2\" content=\"1 minute\" \/>\n<script type=\"application\/ld+json\" class=\"yoast-schema-graph\">{\"@context\":\"https:\/\/schema.org\",\"@graph\":[{\"@type\":\"WebPage\",\"@id\":\"https:\/\/realites.com.tn\/fr\/le-ministre-allemand-des-affaires-etrangeres-en-visite-en-tunisie\/\",\"url\":\"https:\/\/realites.com.tn\/fr\/le-ministre-allemand-des-affaires-etrangeres-en-visite-en-tunisie\/\",\"name\":\"Le ministre allemand des Affaires \u00e9trang\u00e8res en visite en Tunisie - R\u00e9alit\u00e9s Magazine\",\"isPartOf\":{\"@id\":\"https:\/\/realites.com.tn\/fr\/#website\"},\"primaryImageOfPage\":{\"@id\":\"https:\/\/realites.com.tn\/fr\/le-ministre-allemand-des-affaires-etrangeres-en-visite-en-tunisie\/#primaryimage\"},\"image\":{\"@id\":\"https:\/\/realites.com.tn\/fr\/le-ministre-allemand-des-affaires-etrangeres-en-visite-en-tunisie\/#primaryimage\"},\"thumbnailUrl\":\"https:\/\/realites.com.tn\/fr\/wp-content\/uploads\/2026\/08\/ministre-allemand.jpg\",\"datePublished\":\"2026-08-31T11:54:04+00:00\",\"dateModified\":\"2026-08-31T11:55:33+00:00\",\"author\":{\"@id\":\"https:\/\/realites.com.tn\/fr\/#\/schema\/person\/515fe3e54fbbc075df64dd746b52c530\"},\"description\":\"L\u2019ambassade d\u2019Allemagne en Tunisie a annonc\u00e9, ce lundi 31 ao\u00fbt 2026, la visite officielle en Tunisie du ministre f\u00e9d\u00e9ral allemand des Affaires \u00e9trang\u00e8res,\",\"breadcrumb\":{\"@id\":\"https:\/\/realites.com.tn\/fr\/le-ministre-allemand-des-affaires-etrangeres-en-visite-en-tunisie\/#breadcrumb\"},\"inLanguage\":\"fr-FR\",\"potentialAction\":[{\"@type\":\"ReadAction\",\"target\":[\"https:\/\/realites.com.tn\/fr\/le-ministre-allemand-des-affaires-etrangeres-en-visite-en-tunisie\/\"]}]},{\"@type\":\"ImageObject\",\"inLanguage\":\"fr-FR\",\"@id\":\"https:\/\/realites.com.tn\/fr\/le-ministre-allemand-des-affaires-etrangeres-en-visite-en-tunisie\/#primaryimage\",\"url\":\"https:\/\/realites.com.tn\/fr\/wp-content\/uploads\/2026\/08\/ministre-allemand.jpg\",\"contentUrl\":\"https:\/\/realites.com.tn\/fr\/wp-content\/uploads\/2026\/08\/ministre-allemand.jpg\",\"width\":1600,\"height\":1066},{\"@type\":\"BreadcrumbList\",\"@id\":\"https:\/\/realites.com.tn\/fr\/le-ministre-allemand-des-affaires-etrangeres-en-visite-en-tunisie\/#breadcrumb\",\"itemListElement\":[{\"@type\":\"ListItem\",\"position\":1,\"name\":\"Home\",\"item\":\"https:\/\/realites.com.tn\/fr\/\"},{\"@type\":\"ListItem\",\"position\":2,\"name\":\"Le ministre allemand des Affaires \u00e9trang\u00e8res en visite en Tunisie\"}]},{\"@type\":\"WebSite\",\"@id\":\"https:\/\/realites.com.tn\/fr\/#website\",\"url\":\"https:\/\/realites.com.tn\/fr\/\",\"name\":\"R\u00e9alit\u00e9s Magazine\",\"description\":\"Actualit\u00e9s de la Tunisie\",\"potentialAction\":[{\"@type\":\"SearchAction\",\"target\":{\"@type\":\"EntryPoint\",\"urlTemplate\":\"https:\/\/realites.com.tn\/fr\/?s={search_term_string}\"},\"query-input\":{\"@type\":\"PropertyValueSpecification\",\"valueRequired\":true,\"valueName\":\"search_term_string\"}}],\"inLanguage\":\"fr-FR\"},{\"@type\":\"Person\",\"@id\":\"https:\/\/realites.com.tn\/fr\/#\/schema\/person\/515fe3e54fbbc075df64dd746b52c530\",\"name\":\"M. A\",\"image\":{\"@type\":\"ImageObject\",\"inLanguage\":\"fr-FR\",\"@id\":\"https:\/\/realites.com.tn\/fr\/#\/schema\/person\/image\/\",\"url\":\"https:\/\/secure.gravatar.com\/avatar\/6cb0d0a36abd98854e1d819008d7569a?s=96&d=mm&r=g\",\"contentUrl\":\"https:\/\/secure.gravatar.com\/avatar\/6cb0d0a36abd98854e1d819008d7569a?s=96&d=mm&r=g\",\"caption\":\"M. A\"},\"url\":\"https:\/\/realites.com.tn\/fr\/author\/ma2025\/\"}]}<\/script>\n<!-- \/ Yoast SEO plugin. -->","yoast_head_json":{"title":"Le ministre allemand des Affaires \u00e9trang\u00e8res en visite en Tunisie - R\u00e9alit\u00e9s Magazine","description":"L\u2019ambassade d\u2019Allemagne en Tunisie a annonc\u00e9, ce lundi 31 ao\u00fbt 2026, la visite officielle en Tunisie du ministre f\u00e9d\u00e9ral allemand des Affaires \u00e9trang\u00e8res,","robots":{"index":"index","follow":"follow","max-snippet":"max-snippet:-1","max-image-preview":"max-image-preview:large","max-video-preview":"max-video-preview:-1"},"canonical":"https:\/\/realites.com.tn\/fr\/le-ministre-allemand-des-affaires-etrangeres-en-visite-en-tunisie\/","og_locale":"fr_FR","og_type":"article","og_title":"Le ministre allemand des Affaires \u00e9trang\u00e8res en visite en Tunisie - R\u00e9alit\u00e9s Magazine","og_description":"L\u2019ambassade d\u2019Allemagne en Tunisie a annonc\u00e9, ce lundi 31 ao\u00fbt 2026, la visite officielle en Tunisie du ministre f\u00e9d\u00e9ral allemand des Affaires \u00e9trang\u00e8res,","og_url":"https:\/\/realites.com.tn\/fr\/le-ministre-allemand-des-affaires-etrangeres-en-visite-en-tunisie\/","og_site_name":"R\u00e9alit\u00e9s Magazine","article_publisher":"https:\/\/www.facebook.com\/realites.tn\/","article_published_time":"2026-08-31T11:54:04+00:00","article_modified_time":"2026-08-31T11:55:33+00:00","og_image":[{"width":1600,"height":1066,"url":"https:\/\/realites.com.tn\/fr\/wp-content\/uploads\/2026\/08\/ministre-allemand.jpg","type":"image\/jpeg"}],"author":"M. A","twitter_card":"summary_large_image","twitter_misc":{"\u00c9crit par":"M. A","Dur\u00e9e de lecture estim\u00e9e":"1 minute"},"schema":{"@context":"https:\/\/schema.org","@graph":[{"@type":"WebPage","@id":"https:\/\/realites.com.tn\/fr\/le-ministre-allemand-des-affaires-etrangeres-en-visite-en-tunisie\/","url":"https:\/\/realites.com.tn\/fr\/le-ministre-allemand-des-affaires-etrangeres-en-visite-en-tunisie\/","name":"Le ministre allemand des Affaires \u00e9trang\u00e8res en visite en Tunisie - R\u00e9alit\u00e9s Magazine","isPartOf":{"@id":"https:\/\/realites.com.tn\/fr\/#website"},"primaryImageOfPage":{"@id":"https:\/\/realites.com.tn\/fr\/le-ministre-allemand-des-affaires-etrangeres-en-visite-en-tunisie\/#primaryimage"},"image":{"@id":"https:\/\/realites.com.tn\/fr\/le-ministre-allemand-des-affaires-etrangeres-en-visite-en-tunisie\/#primaryimage"},"thumbnailUrl":"https:\/\/realites.com.tn\/fr\/wp-content\/uploads\/2026\/08\/ministre-allemand.jpg","datePublished":"2026-08-31T11:54:04+00:00","dateModified":"2026-08-31T11:55:33+00:00","author":{"@id":"https:\/\/realites.com.tn\/fr\/#\/schema\/person\/515fe3e54fbbc075df64dd746b52c530"},"description":"L\u2019ambassade d\u2019Allemagne en Tunisie a annonc\u00e9, ce lundi 31 ao\u00fbt 2026, la visite officielle en Tunisie du ministre f\u00e9d\u00e9ral allemand des Affaires \u00e9trang\u00e8res,","breadcrumb":{"@id":"https:\/\/realites.com.tn\/fr\/le-ministre-allemand-des-affaires-etrangeres-en-visite-en-tunisie\/#breadcrumb"},"inLanguage":"fr-FR","potentialAction":[{"@type":"ReadAction","target":["https:\/\/realites.com.tn\/fr\/le-ministre-allemand-des-affaires-etrangeres-en-visite-en-tunisie\/"]}]},{"@type":"ImageObject","inLanguage":"fr-FR","@id":"https:\/\/realites.com.tn\/fr\/le-ministre-allemand-des-affaires-etrangeres-en-visite-en-tunisie\/#primaryimage","url":"https:\/\/realites.com.tn\/fr\/wp-content\/uploads\/2026\/08\/ministre-allemand.jpg","contentUrl":"https:\/\/realites.com.tn\/fr\/wp-content\/uploads\/2026\/08\/ministre-allemand.jpg","width":1600,"height":1066},{"@type":"BreadcrumbList","@id":"https:\/\/realites.com.tn\/fr\/le-ministre-allemand-des-affaires-etrangeres-en-visite-en-tunisie\/#breadcrumb","itemListElement":[{"@type":"ListItem","position":1,"name":"Home","item":"https:\/\/realites.com.tn\/fr\/"},{"@type":"ListItem","position":2,"name":"Le ministre allemand des Affaires \u00e9trang\u00e8res en visite en Tunisie"}]},{"@type":"WebSite","@id":"https:\/\/realites.com.tn\/fr\/#website","url":"https:\/\/realites.com.tn\/fr\/","name":"R\u00e9alit\u00e9s Magazine","description":"Actualit\u00e9s de la Tunisie","potentialAction":[{"@type":"SearchAction","target":{"@type":"EntryPoint","urlTemplate":"https:\/\/realites.com.tn\/fr\/?s={search_term_string}"},"query-input":{"@type":"PropertyValueSpecification","valueRequired":true,"valueName":"search_term_string"}}],"inLanguage":"fr-FR"},{"@type":"Person","@id":"https:\/\/realites.com.tn\/fr\/#\/schema\/person\/515fe3e54fbbc075df64dd746b52c530","name":"M. A","image":{"@type":"ImageObject","inLanguage":"fr-FR","@id":"https:\/\/realites.com.tn\/fr\/#\/schema\/person\/image\/","url":"https:\/\/secure.gravatar.com\/avatar\/6cb0d0a36abd98854e1d819008d7569a?s=96&d=mm&r=g","contentUrl":"https:\/\/secure.gravatar.com\/avatar\/6cb0d0a36abd98854e1d819008d7569a?s=96&d=mm&r=g","caption":"M. A"},"url":"https:\/\/realites.com.tn\/fr\/author\/ma2025\/"}]}},"jetpack_featured_media_url":"https:\/\/realites.com.tn\/fr\/wp-content\/uploads\/2026\/08\/ministre-allemand.jpg","jetpack_sharing_enabled":true,"views":6,"_links":{"self":[{"href":"https:\/\/realites.com.tn\/fr\/wp-json\/wp\/v2\/posts\/394813","targetHints":{"allow":["GET"]}}],"collection":[{"href":"https:\/\/realites.com.tn\/fr\/wp-json\/wp\/v2\/posts"}],"about":[{"href":"https:\/\/realites.com.tn\/fr\/wp-json\/wp\/v2\/types\/post"}],"author":[{"embeddable":true,"href":"https:\/\/realites.com.tn\/fr\/wp-json\/wp\/v2\/users\/145"}],"replies":[{"embeddable":true,"href":"https:\/\/realites.com.tn\/fr\/wp-json\/wp\/v2\/comments?post=394813"}],"version-history":[{"count":1,"href":"https:\/\/realites.com.tn\/fr\/wp-json\/wp\/v2\/posts\/394813\/revisions"}],"predecessor-version":[{"id":394815,"href":"https:\/\/realites.com.tn\/fr\/wp-json\/wp\/v2\/posts\/394813\/revisions\/394815"}],"wp:featuredmedia":[{"embeddable":true,"href":"https:\/\/realites.com.tn\/fr\/wp-json\/wp\/v2\/media\/394814"}],"wp:attachment":[{"href":"https:\/\/realites.com.tn\/fr\/wp-json\/wp\/v2\/media?parent=394813"}],"wp:term":[{"taxonomy":"category","embeddable":true,"href":"https:\/\/realites.com.tn\/fr\/wp-json\/wp\/v2\/categories?post=394813"},{"taxonomy":"post_tag","embeddable":true,"href":"https:\/\/realites.com.tn\/fr\/wp-json\/wp\/v2\/tags?post=394813"}],"curies":[{"name":"wp","href":"https:\/\/api.w.org\/{rel}","templated":true}]}}