{"id":394819,"date":"2026-08-31T13:06:45","date_gmt":"2026-08-31T12:06:45","guid":{"rendered":"https:\/\/realites.com.tn\/fr\/?p=394819"},"modified":"2026-08-31T13:06:45","modified_gmt":"2026-08-31T12:06:45","slug":"sfax-deces-du-dr-safouen-bouaziz","status":"publish","type":"post","link":"https:\/\/realites.com.tn\/fr\/sfax-deces-du-dr-safouen-bouaziz\/","title":{"rendered":"Sfax : d\u00e9c\u00e8s du Dr Safouen Bouaziz"},"content":{"rendered":"<p class=\"isSelectedEnd\">Le Dr Safouen Bouaziz, sp\u00e9cialiste en chirurgie et maladies du nez, de la gorge et des oreilles (ORL), est d\u00e9c\u00e9d\u00e9 ce lundi 31 ao\u00fbt \u00e0 Sfax, des suites d\u2019un arr\u00eat cardiaque, selon les informations communiqu\u00e9es par ses proches.<\/p>\n<p class=\"isSelectedEnd\">Ancien attach\u00e9 des h\u00f4pitaux, le d\u00e9funt \u00e9tait sp\u00e9cialis\u00e9 dans la chirurgie de la face et du cou, ainsi que dans l\u2019audiom\u00e9trie et l\u2019endoscopie.<\/p>\n<p>Paix \u00e0 son \u00e2me.<\/p>\n","protected":false},"excerpt":{"rendered":"<p>Le Dr Safouen Bouaziz, sp\u00e9cialiste en chirurgie et maladies du nez, de la gorge et des oreilles (ORL), est d\u00e9c\u00e9d\u00e9 ce lundi 31 ao\u00fbt \u00e0 Sfax, des suites d\u2019un arr\u00eat&hellip;<\/p>\n","protected":false},"author":145,"featured_media":394820,"comment_status":"open","ping_status":"closed","sticky":false,"template":"","format":"standard","meta":{"_lmt_disableupdate":"","_lmt_disable":"","_jetpack_memberships_contains_paid_content":false,"footnotes":""},"categories":[4,1291],"tags":[11669],"class_list":["post-394819","post","type-post","status-publish","format-standard","has-post-thumbnail","hentry","category-actualites","category-regions","tag-dr-safouen-bouaziz"],"yoast_head":"<!-- This site is optimized with the Yoast SEO plugin v26.3 - https:\/\/yoast.com\/wordpress\/plugins\/seo\/ -->\n<title>Sfax : d\u00e9c\u00e8s du Dr Safouen Bouaziz - R\u00e9alit\u00e9s Magazine<\/title>\n<meta name=\"description\" content=\"Le Dr Safouen Bouaziz, sp\u00e9cialiste en chirurgie et maladies du nez, de la gorge et des oreilles (ORL), est d\u00e9c\u00e9d\u00e9 ce lundi 31 ao\u00fbt \u00e0 Sfax, des suites d\u2019un\" \/>\n<meta name=\"robots\" content=\"index, follow, max-snippet:-1, max-image-preview:large, max-video-preview:-1\" \/>\n<link rel=\"canonical\" href=\"https:\/\/realites.com.tn\/fr\/sfax-deces-du-dr-safouen-bouaziz\/\" \/>\n<meta property=\"og:locale\" content=\"fr_FR\" \/>\n<meta property=\"og:type\" content=\"article\" \/>\n<meta property=\"og:title\" content=\"Sfax : d\u00e9c\u00e8s du Dr Safouen Bouaziz - R\u00e9alit\u00e9s Magazine\" \/>\n<meta property=\"og:description\" content=\"Le Dr Safouen Bouaziz, sp\u00e9cialiste en chirurgie et maladies du nez, de la gorge et des oreilles (ORL), est d\u00e9c\u00e9d\u00e9 ce lundi 31 ao\u00fbt \u00e0 Sfax, des suites d\u2019un\" \/>\n<meta property=\"og:url\" content=\"https:\/\/realites.com.tn\/fr\/sfax-deces-du-dr-safouen-bouaziz\/\" \/>\n<meta property=\"og:site_name\" content=\"R\u00e9alit\u00e9s Magazine\" \/>\n<meta property=\"article:publisher\" content=\"https:\/\/www.facebook.com\/realites.tn\/\" \/>\n<meta property=\"article:published_time\" content=\"2026-08-31T12:06:45+00:00\" \/>\n<meta property=\"og:image\" content=\"https:\/\/realites.com.tn\/fr\/wp-content\/uploads\/2026\/08\/sofiene-bouazouz.jpg\" \/>\n\t<meta property=\"og:image:width\" content=\"886\" \/>\n\t<meta property=\"og:image:height\" content=\"886\" \/>\n\t<meta property=\"og:image:type\" content=\"image\/jpeg\" \/>\n<meta name=\"author\" content=\"M. A\" \/>\n<meta name=\"twitter:card\" content=\"summary_large_image\" \/>\n<meta name=\"twitter:label1\" content=\"\u00c9crit par\" \/>\n\t<meta name=\"twitter:data1\" content=\"M. A\" \/>\n\t<meta name=\"twitter:label2\" content=\"Dur\u00e9e de lecture estim\u00e9e\" \/>\n\t<meta name=\"twitter:data2\" content=\"1 minute\" \/>\n<script type=\"application\/ld+json\" class=\"yoast-schema-graph\">{\"@context\":\"https:\/\/schema.org\",\"@graph\":[{\"@type\":\"WebPage\",\"@id\":\"https:\/\/realites.com.tn\/fr\/sfax-deces-du-dr-safouen-bouaziz\/\",\"url\":\"https:\/\/realites.com.tn\/fr\/sfax-deces-du-dr-safouen-bouaziz\/\",\"name\":\"Sfax : d\u00e9c\u00e8s du Dr Safouen Bouaziz - R\u00e9alit\u00e9s Magazine\",\"isPartOf\":{\"@id\":\"https:\/\/realites.com.tn\/fr\/#website\"},\"primaryImageOfPage\":{\"@id\":\"https:\/\/realites.com.tn\/fr\/sfax-deces-du-dr-safouen-bouaziz\/#primaryimage\"},\"image\":{\"@id\":\"https:\/\/realites.com.tn\/fr\/sfax-deces-du-dr-safouen-bouaziz\/#primaryimage\"},\"thumbnailUrl\":\"https:\/\/realites.com.tn\/fr\/wp-content\/uploads\/2026\/08\/sofiene-bouazouz.jpg\",\"datePublished\":\"2026-08-31T12:06:45+00:00\",\"author\":{\"@id\":\"https:\/\/realites.com.tn\/fr\/#\/schema\/person\/515fe3e54fbbc075df64dd746b52c530\"},\"description\":\"Le Dr Safouen Bouaziz, sp\u00e9cialiste en chirurgie et maladies du nez, de la gorge et des oreilles (ORL), est d\u00e9c\u00e9d\u00e9 ce lundi 31 ao\u00fbt \u00e0 Sfax, des suites d\u2019un\",\"breadcrumb\":{\"@id\":\"https:\/\/realites.com.tn\/fr\/sfax-deces-du-dr-safouen-bouaziz\/#breadcrumb\"},\"inLanguage\":\"fr-FR\",\"potentialAction\":[{\"@type\":\"ReadAction\",\"target\":[\"https:\/\/realites.com.tn\/fr\/sfax-deces-du-dr-safouen-bouaziz\/\"]}]},{\"@type\":\"ImageObject\",\"inLanguage\":\"fr-FR\",\"@id\":\"https:\/\/realites.com.tn\/fr\/sfax-deces-du-dr-safouen-bouaziz\/#primaryimage\",\"url\":\"https:\/\/realites.com.tn\/fr\/wp-content\/uploads\/2026\/08\/sofiene-bouazouz.jpg\",\"contentUrl\":\"https:\/\/realites.com.tn\/fr\/wp-content\/uploads\/2026\/08\/sofiene-bouazouz.jpg\",\"width\":886,\"height\":886},{\"@type\":\"BreadcrumbList\",\"@id\":\"https:\/\/realites.com.tn\/fr\/sfax-deces-du-dr-safouen-bouaziz\/#breadcrumb\",\"itemListElement\":[{\"@type\":\"ListItem\",\"position\":1,\"name\":\"Home\",\"item\":\"https:\/\/realites.com.tn\/fr\/\"},{\"@type\":\"ListItem\",\"position\":2,\"name\":\"Sfax : d\u00e9c\u00e8s du Dr Safouen Bouaziz\"}]},{\"@type\":\"WebSite\",\"@id\":\"https:\/\/realites.com.tn\/fr\/#website\",\"url\":\"https:\/\/realites.com.tn\/fr\/\",\"name\":\"R\u00e9alit\u00e9s Magazine\",\"description\":\"Actualit\u00e9s de la Tunisie\",\"potentialAction\":[{\"@type\":\"SearchAction\",\"target\":{\"@type\":\"EntryPoint\",\"urlTemplate\":\"https:\/\/realites.com.tn\/fr\/?s={search_term_string}\"},\"query-input\":{\"@type\":\"PropertyValueSpecification\",\"valueRequired\":true,\"valueName\":\"search_term_string\"}}],\"inLanguage\":\"fr-FR\"},{\"@type\":\"Person\",\"@id\":\"https:\/\/realites.com.tn\/fr\/#\/schema\/person\/515fe3e54fbbc075df64dd746b52c530\",\"name\":\"M. A\",\"image\":{\"@type\":\"ImageObject\",\"inLanguage\":\"fr-FR\",\"@id\":\"https:\/\/realites.com.tn\/fr\/#\/schema\/person\/image\/\",\"url\":\"https:\/\/secure.gravatar.com\/avatar\/6cb0d0a36abd98854e1d819008d7569a?s=96&d=mm&r=g\",\"contentUrl\":\"https:\/\/secure.gravatar.com\/avatar\/6cb0d0a36abd98854e1d819008d7569a?s=96&d=mm&r=g\",\"caption\":\"M. A\"},\"url\":\"https:\/\/realites.com.tn\/fr\/author\/ma2025\/\"}]}<\/script>\n<!-- \/ Yoast SEO plugin. -->","yoast_head_json":{"title":"Sfax : d\u00e9c\u00e8s du Dr Safouen Bouaziz - R\u00e9alit\u00e9s Magazine","description":"Le Dr Safouen Bouaziz, sp\u00e9cialiste en chirurgie et maladies du nez, de la gorge et des oreilles (ORL), est d\u00e9c\u00e9d\u00e9 ce lundi 31 ao\u00fbt \u00e0 Sfax, des suites d\u2019un","robots":{"index":"index","follow":"follow","max-snippet":"max-snippet:-1","max-image-preview":"max-image-preview:large","max-video-preview":"max-video-preview:-1"},"canonical":"https:\/\/realites.com.tn\/fr\/sfax-deces-du-dr-safouen-bouaziz\/","og_locale":"fr_FR","og_type":"article","og_title":"Sfax : d\u00e9c\u00e8s du Dr Safouen Bouaziz - R\u00e9alit\u00e9s Magazine","og_description":"Le Dr Safouen Bouaziz, sp\u00e9cialiste en chirurgie et maladies du nez, de la gorge et des oreilles (ORL), est d\u00e9c\u00e9d\u00e9 ce lundi 31 ao\u00fbt \u00e0 Sfax, des suites d\u2019un","og_url":"https:\/\/realites.com.tn\/fr\/sfax-deces-du-dr-safouen-bouaziz\/","og_site_name":"R\u00e9alit\u00e9s Magazine","article_publisher":"https:\/\/www.facebook.com\/realites.tn\/","article_published_time":"2026-08-31T12:06:45+00:00","og_image":[{"width":886,"height":886,"url":"https:\/\/realites.com.tn\/fr\/wp-content\/uploads\/2026\/08\/sofiene-bouazouz.jpg","type":"image\/jpeg"}],"author":"M. A","twitter_card":"summary_large_image","twitter_misc":{"\u00c9crit par":"M. A","Dur\u00e9e de lecture estim\u00e9e":"1 minute"},"schema":{"@context":"https:\/\/schema.org","@graph":[{"@type":"WebPage","@id":"https:\/\/realites.com.tn\/fr\/sfax-deces-du-dr-safouen-bouaziz\/","url":"https:\/\/realites.com.tn\/fr\/sfax-deces-du-dr-safouen-bouaziz\/","name":"Sfax : d\u00e9c\u00e8s du Dr Safouen Bouaziz - R\u00e9alit\u00e9s Magazine","isPartOf":{"@id":"https:\/\/realites.com.tn\/fr\/#website"},"primaryImageOfPage":{"@id":"https:\/\/realites.com.tn\/fr\/sfax-deces-du-dr-safouen-bouaziz\/#primaryimage"},"image":{"@id":"https:\/\/realites.com.tn\/fr\/sfax-deces-du-dr-safouen-bouaziz\/#primaryimage"},"thumbnailUrl":"https:\/\/realites.com.tn\/fr\/wp-content\/uploads\/2026\/08\/sofiene-bouazouz.jpg","datePublished":"2026-08-31T12:06:45+00:00","author":{"@id":"https:\/\/realites.com.tn\/fr\/#\/schema\/person\/515fe3e54fbbc075df64dd746b52c530"},"description":"Le Dr Safouen Bouaziz, sp\u00e9cialiste en chirurgie et maladies du nez, de la gorge et des oreilles (ORL), est d\u00e9c\u00e9d\u00e9 ce lundi 31 ao\u00fbt \u00e0 Sfax, des suites d\u2019un","breadcrumb":{"@id":"https:\/\/realites.com.tn\/fr\/sfax-deces-du-dr-safouen-bouaziz\/#breadcrumb"},"inLanguage":"fr-FR","potentialAction":[{"@type":"ReadAction","target":["https:\/\/realites.com.tn\/fr\/sfax-deces-du-dr-safouen-bouaziz\/"]}]},{"@type":"ImageObject","inLanguage":"fr-FR","@id":"https:\/\/realites.com.tn\/fr\/sfax-deces-du-dr-safouen-bouaziz\/#primaryimage","url":"https:\/\/realites.com.tn\/fr\/wp-content\/uploads\/2026\/08\/sofiene-bouazouz.jpg","contentUrl":"https:\/\/realites.com.tn\/fr\/wp-content\/uploads\/2026\/08\/sofiene-bouazouz.jpg","width":886,"height":886},{"@type":"BreadcrumbList","@id":"https:\/\/realites.com.tn\/fr\/sfax-deces-du-dr-safouen-bouaziz\/#breadcrumb","itemListElement":[{"@type":"ListItem","position":1,"name":"Home","item":"https:\/\/realites.com.tn\/fr\/"},{"@type":"ListItem","position":2,"name":"Sfax : d\u00e9c\u00e8s du Dr Safouen Bouaziz"}]},{"@type":"WebSite","@id":"https:\/\/realites.com.tn\/fr\/#website","url":"https:\/\/realites.com.tn\/fr\/","name":"R\u00e9alit\u00e9s Magazine","description":"Actualit\u00e9s de la Tunisie","potentialAction":[{"@type":"SearchAction","target":{"@type":"EntryPoint","urlTemplate":"https:\/\/realites.com.tn\/fr\/?s={search_term_string}"},"query-input":{"@type":"PropertyValueSpecification","valueRequired":true,"valueName":"search_term_string"}}],"inLanguage":"fr-FR"},{"@type":"Person","@id":"https:\/\/realites.com.tn\/fr\/#\/schema\/person\/515fe3e54fbbc075df64dd746b52c530","name":"M. A","image":{"@type":"ImageObject","inLanguage":"fr-FR","@id":"https:\/\/realites.com.tn\/fr\/#\/schema\/person\/image\/","url":"https:\/\/secure.gravatar.com\/avatar\/6cb0d0a36abd98854e1d819008d7569a?s=96&d=mm&r=g","contentUrl":"https:\/\/secure.gravatar.com\/avatar\/6cb0d0a36abd98854e1d819008d7569a?s=96&d=mm&r=g","caption":"M. A"},"url":"https:\/\/realites.com.tn\/fr\/author\/ma2025\/"}]}},"jetpack_featured_media_url":"https:\/\/realites.com.tn\/fr\/wp-content\/uploads\/2026\/08\/sofiene-bouazouz.jpg","jetpack_sharing_enabled":true,"views":7,"_links":{"self":[{"href":"https:\/\/realites.com.tn\/fr\/wp-json\/wp\/v2\/posts\/394819","targetHints":{"allow":["GET"]}}],"collection":[{"href":"https:\/\/realites.com.tn\/fr\/wp-json\/wp\/v2\/posts"}],"about":[{"href":"https:\/\/realites.com.tn\/fr\/wp-json\/wp\/v2\/types\/post"}],"author":[{"embeddable":true,"href":"https:\/\/realites.com.tn\/fr\/wp-json\/wp\/v2\/users\/145"}],"replies":[{"embeddable":true,"href":"https:\/\/realites.com.tn\/fr\/wp-json\/wp\/v2\/comments?post=394819"}],"version-history":[{"count":1,"href":"https:\/\/realites.com.tn\/fr\/wp-json\/wp\/v2\/posts\/394819\/revisions"}],"predecessor-version":[{"id":394821,"href":"https:\/\/realites.com.tn\/fr\/wp-json\/wp\/v2\/posts\/394819\/revisions\/394821"}],"wp:featuredmedia":[{"embeddable":true,"href":"https:\/\/realites.com.tn\/fr\/wp-json\/wp\/v2\/media\/394820"}],"wp:attachment":[{"href":"https:\/\/realites.com.tn\/fr\/wp-json\/wp\/v2\/media?parent=394819"}],"wp:term":[{"taxonomy":"category","embeddable":true,"href":"https:\/\/realites.com.tn\/fr\/wp-json\/wp\/v2\/categories?post=394819"},{"taxonomy":"post_tag","embeddable":true,"href":"https:\/\/realites.com.tn\/fr\/wp-json\/wp\/v2\/tags?post=394819"}],"curies":[{"name":"wp","href":"https:\/\/api.w.org\/{rel}","templated":true}]}}