{"id":394822,"date":"2026-08-31T13:10:14","date_gmt":"2026-08-31T12:10:14","guid":{"rendered":"https:\/\/realites.com.tn\/fr\/?p=394822"},"modified":"2026-08-31T13:10:14","modified_gmt":"2026-08-31T12:10:14","slug":"tunisie-baisse-de-la-production-et-tensions-sur-le-marche-de-la-volaille","status":"publish","type":"post","link":"https:\/\/realites.com.tn\/fr\/tunisie-baisse-de-la-production-et-tensions-sur-le-marche-de-la-volaille\/","title":{"rendered":"Tunisie : baisse de la production et tensions sur le march\u00e9 de la volaille"},"content":{"rendered":"<p class=\"isSelectedEnd\">Le march\u00e9 tunisien de la volaille conna\u00eet actuellement des tensions d\u2019approvisionnement, avec une baisse notable de la disponibilit\u00e9 des viandes blanches, a indiqu\u00e9 ce lundi 31 ao\u00fbt 2026 Ibrahim Nefzaoui, pr\u00e9sident de la Chambre nationale des commer\u00e7ants de volailles et de viandes blanches relevant de l\u2019Union tunisienne de l\u2019industrie, du commerce et de l\u2019artisanat (UTICA).<\/p>\n<p class=\"isSelectedEnd\">Intervenant sur une radio, le responsable a expliqu\u00e9 que la production mensuelle de viande de volaille est pass\u00e9e de 16.000 \u00e0 13.600 tonnes, \u00e0 la suite des derniers ajustements op\u00e9r\u00e9s dans le secteur afin de r\u00e9sorber la situation de surproduction et de m\u00e9vente qui pr\u00e9valait auparavant.<\/p>\n<p class=\"isSelectedEnd\">La production d\u2019\u0153ufs est \u00e9galement en recul. Le march\u00e9 compte actuellement quelque 157 millions d\u2019\u0153ufs, contre 162 millions pr\u00e9c\u00e9demment, selon la m\u00eame source.<\/p>\n<p class=\"isSelectedEnd\">Concernant les prix, Ibrahim Nefzaoui a indiqu\u00e9 que le poulet de chair r\u00e9glement\u00e9 est vendu \u00e0 8,950 dinars le kilogramme, tandis que le prix de l\u2019escalope de poulet oscille entre 19,400 et 19,800 dinars le kilogramme, tout en assurant qu\u2019il ne devrait pas d\u00e9passer le seuil de 20 dinars.<\/p>\n<p class=\"isSelectedEnd\">Pour les \u0153ufs, les quatre unit\u00e9s sont propos\u00e9es \u00e0 1,200 dinar dans les march\u00e9s organis\u00e9s. Des consommateurs font toutefois \u00e9tat de prix pouvant atteindre 1,400 dinar les quatre \u0153ufs dans certaines r\u00e9gions.<\/p>\n<p class=\"isSelectedEnd\">Selon le pr\u00e9sident de la Chambre nationale, les perturbations actuelles s\u2019expliquent notamment par la diminution du nombre d\u2019abattoirs agr\u00e9\u00e9s, pass\u00e9 de 35 \u00e0 seulement 12 unit\u00e9s actuellement en activit\u00e9. Ces \u00e9tablissements seraient, par ailleurs, confront\u00e9s \u00e0 d\u2019importantes pertes financi\u00e8res, dans un contexte marqu\u00e9 par la hausse des co\u00fbts de production.<\/p>\n<p>Ibrahim Nefzaoui a toutefois pr\u00e9cis\u00e9 que la p\u00e9nurie ne concerne pas les grandes surfaces commerciales. Il a enfin assur\u00e9 que la profession poursuit sa coordination avec les autorit\u00e9s locales et le minist\u00e8re du Commerce afin de suivre l\u2019approvisionnement du march\u00e9 et de contribuer \u00e0 la stabilit\u00e9 des prix.<\/p>\n","protected":false},"excerpt":{"rendered":"<p>Le march\u00e9 tunisien de la volaille conna\u00eet actuellement des tensions d\u2019approvisionnement, avec une baisse notable de la disponibilit\u00e9 des viandes blanches, a indiqu\u00e9 ce lundi 31 ao\u00fbt 2026 Ibrahim Nefzaoui,&hellip;<\/p>\n","protected":false},"author":60,"featured_media":118251,"comment_status":"open","ping_status":"closed","sticky":false,"template":"","format":"standard","meta":{"_lmt_disableupdate":"","_lmt_disable":"","_jetpack_memberships_contains_paid_content":false,"footnotes":""},"categories":[4,6],"tags":[5219],"class_list":["post-394822","post","type-post","status-publish","format-standard","has-post-thumbnail","hentry","category-actualites","category-economie","tag-volaille"],"yoast_head":"<!-- This site is optimized with the Yoast SEO plugin v26.3 - https:\/\/yoast.com\/wordpress\/plugins\/seo\/ -->\n<title>Tunisie : baisse de la production et tensions sur le march\u00e9 de la volaille - R\u00e9alit\u00e9s Magazine<\/title>\n<meta name=\"description\" content=\"Le march\u00e9 tunisien de la volaille conna\u00eet actuellement des tensions d\u2019approvisionnement, avec une baisse notable de la disponibilit\u00e9 des viandes blanches,\" \/>\n<meta name=\"robots\" content=\"index, follow, max-snippet:-1, max-image-preview:large, max-video-preview:-1\" \/>\n<link rel=\"canonical\" href=\"https:\/\/realites.com.tn\/fr\/tunisie-baisse-de-la-production-et-tensions-sur-le-marche-de-la-volaille\/\" \/>\n<meta property=\"og:locale\" content=\"fr_FR\" \/>\n<meta property=\"og:type\" content=\"article\" \/>\n<meta property=\"og:title\" content=\"Tunisie : baisse de la production et tensions sur le march\u00e9 de la volaille - R\u00e9alit\u00e9s Magazine\" \/>\n<meta property=\"og:description\" content=\"Le march\u00e9 tunisien de la volaille conna\u00eet actuellement des tensions d\u2019approvisionnement, avec une baisse notable de la disponibilit\u00e9 des viandes blanches,\" \/>\n<meta property=\"og:url\" content=\"https:\/\/realites.com.tn\/fr\/tunisie-baisse-de-la-production-et-tensions-sur-le-marche-de-la-volaille\/\" \/>\n<meta property=\"og:site_name\" content=\"R\u00e9alit\u00e9s Magazine\" \/>\n<meta property=\"article:publisher\" content=\"https:\/\/www.facebook.com\/realites.tn\/\" \/>\n<meta property=\"article:published_time\" content=\"2026-08-31T12:10:14+00:00\" \/>\n<meta property=\"og:image\" content=\"https:\/\/realites.com.tn\/fr\/wp-content\/uploads\/2018\/06\/volaille-nabeul.jpg\" \/>\n\t<meta property=\"og:image:width\" content=\"640\" \/>\n\t<meta property=\"og:image:height\" content=\"300\" \/>\n\t<meta property=\"og:image:type\" content=\"image\/jpeg\" \/>\n<meta name=\"author\" content=\"La R\u00e9daction\" \/>\n<meta name=\"twitter:card\" content=\"summary_large_image\" \/>\n<meta name=\"twitter:label1\" content=\"\u00c9crit par\" \/>\n\t<meta name=\"twitter:data1\" content=\"La R\u00e9daction\" \/>\n\t<meta name=\"twitter:label2\" content=\"Dur\u00e9e de lecture estim\u00e9e\" \/>\n\t<meta name=\"twitter:data2\" content=\"2 minutes\" \/>\n<script type=\"application\/ld+json\" class=\"yoast-schema-graph\">{\"@context\":\"https:\/\/schema.org\",\"@graph\":[{\"@type\":\"WebPage\",\"@id\":\"https:\/\/realites.com.tn\/fr\/tunisie-baisse-de-la-production-et-tensions-sur-le-marche-de-la-volaille\/\",\"url\":\"https:\/\/realites.com.tn\/fr\/tunisie-baisse-de-la-production-et-tensions-sur-le-marche-de-la-volaille\/\",\"name\":\"Tunisie : baisse de la production et tensions sur le march\u00e9 de la volaille - R\u00e9alit\u00e9s Magazine\",\"isPartOf\":{\"@id\":\"https:\/\/realites.com.tn\/fr\/#website\"},\"primaryImageOfPage\":{\"@id\":\"https:\/\/realites.com.tn\/fr\/tunisie-baisse-de-la-production-et-tensions-sur-le-marche-de-la-volaille\/#primaryimage\"},\"image\":{\"@id\":\"https:\/\/realites.com.tn\/fr\/tunisie-baisse-de-la-production-et-tensions-sur-le-marche-de-la-volaille\/#primaryimage\"},\"thumbnailUrl\":\"https:\/\/realites.com.tn\/fr\/wp-content\/uploads\/2018\/06\/volaille-nabeul.jpg\",\"datePublished\":\"2026-08-31T12:10:14+00:00\",\"author\":{\"@id\":\"https:\/\/realites.com.tn\/fr\/#\/schema\/person\/438b71c29a257d955d96d8aef42336e7\"},\"description\":\"Le march\u00e9 tunisien de la volaille conna\u00eet actuellement des tensions d\u2019approvisionnement, avec une baisse notable de la disponibilit\u00e9 des viandes blanches,\",\"breadcrumb\":{\"@id\":\"https:\/\/realites.com.tn\/fr\/tunisie-baisse-de-la-production-et-tensions-sur-le-marche-de-la-volaille\/#breadcrumb\"},\"inLanguage\":\"fr-FR\",\"potentialAction\":[{\"@type\":\"ReadAction\",\"target\":[\"https:\/\/realites.com.tn\/fr\/tunisie-baisse-de-la-production-et-tensions-sur-le-marche-de-la-volaille\/\"]}]},{\"@type\":\"ImageObject\",\"inLanguage\":\"fr-FR\",\"@id\":\"https:\/\/realites.com.tn\/fr\/tunisie-baisse-de-la-production-et-tensions-sur-le-marche-de-la-volaille\/#primaryimage\",\"url\":\"https:\/\/realites.com.tn\/fr\/wp-content\/uploads\/2018\/06\/volaille-nabeul.jpg\",\"contentUrl\":\"https:\/\/realites.com.tn\/fr\/wp-content\/uploads\/2018\/06\/volaille-nabeul.jpg\",\"width\":640,\"height\":300},{\"@type\":\"BreadcrumbList\",\"@id\":\"https:\/\/realites.com.tn\/fr\/tunisie-baisse-de-la-production-et-tensions-sur-le-marche-de-la-volaille\/#breadcrumb\",\"itemListElement\":[{\"@type\":\"ListItem\",\"position\":1,\"name\":\"Home\",\"item\":\"https:\/\/realites.com.tn\/fr\/\"},{\"@type\":\"ListItem\",\"position\":2,\"name\":\"Tunisie : baisse de la production et tensions sur le march\u00e9 de la volaille\"}]},{\"@type\":\"WebSite\",\"@id\":\"https:\/\/realites.com.tn\/fr\/#website\",\"url\":\"https:\/\/realites.com.tn\/fr\/\",\"name\":\"R\u00e9alit\u00e9s Magazine\",\"description\":\"Actualit\u00e9s de la Tunisie\",\"potentialAction\":[{\"@type\":\"SearchAction\",\"target\":{\"@type\":\"EntryPoint\",\"urlTemplate\":\"https:\/\/realites.com.tn\/fr\/?s={search_term_string}\"},\"query-input\":{\"@type\":\"PropertyValueSpecification\",\"valueRequired\":true,\"valueName\":\"search_term_string\"}}],\"inLanguage\":\"fr-FR\"},{\"@type\":\"Person\",\"@id\":\"https:\/\/realites.com.tn\/fr\/#\/schema\/person\/438b71c29a257d955d96d8aef42336e7\",\"name\":\"La R\u00e9daction\",\"image\":{\"@type\":\"ImageObject\",\"inLanguage\":\"fr-FR\",\"@id\":\"https:\/\/realites.com.tn\/fr\/#\/schema\/person\/image\/\",\"url\":\"https:\/\/secure.gravatar.com\/avatar\/fbe9ab25fcc82b6e660ad5648f91eadb?s=96&d=mm&r=g\",\"contentUrl\":\"https:\/\/secure.gravatar.com\/avatar\/fbe9ab25fcc82b6e660ad5648f91eadb?s=96&d=mm&r=g\",\"caption\":\"La R\u00e9daction\"},\"url\":\"https:\/\/realites.com.tn\/fr\/author\/realites5201\/\"}]}<\/script>\n<!-- \/ Yoast SEO plugin. -->","yoast_head_json":{"title":"Tunisie : baisse de la production et tensions sur le march\u00e9 de la volaille - R\u00e9alit\u00e9s Magazine","description":"Le march\u00e9 tunisien de la volaille conna\u00eet actuellement des tensions d\u2019approvisionnement, avec une baisse notable de la disponibilit\u00e9 des viandes blanches,","robots":{"index":"index","follow":"follow","max-snippet":"max-snippet:-1","max-image-preview":"max-image-preview:large","max-video-preview":"max-video-preview:-1"},"canonical":"https:\/\/realites.com.tn\/fr\/tunisie-baisse-de-la-production-et-tensions-sur-le-marche-de-la-volaille\/","og_locale":"fr_FR","og_type":"article","og_title":"Tunisie : baisse de la production et tensions sur le march\u00e9 de la volaille - R\u00e9alit\u00e9s Magazine","og_description":"Le march\u00e9 tunisien de la volaille conna\u00eet actuellement des tensions d\u2019approvisionnement, avec une baisse notable de la disponibilit\u00e9 des viandes blanches,","og_url":"https:\/\/realites.com.tn\/fr\/tunisie-baisse-de-la-production-et-tensions-sur-le-marche-de-la-volaille\/","og_site_name":"R\u00e9alit\u00e9s Magazine","article_publisher":"https:\/\/www.facebook.com\/realites.tn\/","article_published_time":"2026-08-31T12:10:14+00:00","og_image":[{"width":640,"height":300,"url":"https:\/\/realites.com.tn\/fr\/wp-content\/uploads\/2018\/06\/volaille-nabeul.jpg","type":"image\/jpeg"}],"author":"La R\u00e9daction","twitter_card":"summary_large_image","twitter_misc":{"\u00c9crit par":"La R\u00e9daction","Dur\u00e9e de lecture estim\u00e9e":"2 minutes"},"schema":{"@context":"https:\/\/schema.org","@graph":[{"@type":"WebPage","@id":"https:\/\/realites.com.tn\/fr\/tunisie-baisse-de-la-production-et-tensions-sur-le-marche-de-la-volaille\/","url":"https:\/\/realites.com.tn\/fr\/tunisie-baisse-de-la-production-et-tensions-sur-le-marche-de-la-volaille\/","name":"Tunisie : baisse de la production et tensions sur le march\u00e9 de la volaille - R\u00e9alit\u00e9s Magazine","isPartOf":{"@id":"https:\/\/realites.com.tn\/fr\/#website"},"primaryImageOfPage":{"@id":"https:\/\/realites.com.tn\/fr\/tunisie-baisse-de-la-production-et-tensions-sur-le-marche-de-la-volaille\/#primaryimage"},"image":{"@id":"https:\/\/realites.com.tn\/fr\/tunisie-baisse-de-la-production-et-tensions-sur-le-marche-de-la-volaille\/#primaryimage"},"thumbnailUrl":"https:\/\/realites.com.tn\/fr\/wp-content\/uploads\/2018\/06\/volaille-nabeul.jpg","datePublished":"2026-08-31T12:10:14+00:00","author":{"@id":"https:\/\/realites.com.tn\/fr\/#\/schema\/person\/438b71c29a257d955d96d8aef42336e7"},"description":"Le march\u00e9 tunisien de la volaille conna\u00eet actuellement des tensions d\u2019approvisionnement, avec une baisse notable de la disponibilit\u00e9 des viandes blanches,","breadcrumb":{"@id":"https:\/\/realites.com.tn\/fr\/tunisie-baisse-de-la-production-et-tensions-sur-le-marche-de-la-volaille\/#breadcrumb"},"inLanguage":"fr-FR","potentialAction":[{"@type":"ReadAction","target":["https:\/\/realites.com.tn\/fr\/tunisie-baisse-de-la-production-et-tensions-sur-le-marche-de-la-volaille\/"]}]},{"@type":"ImageObject","inLanguage":"fr-FR","@id":"https:\/\/realites.com.tn\/fr\/tunisie-baisse-de-la-production-et-tensions-sur-le-marche-de-la-volaille\/#primaryimage","url":"https:\/\/realites.com.tn\/fr\/wp-content\/uploads\/2018\/06\/volaille-nabeul.jpg","contentUrl":"https:\/\/realites.com.tn\/fr\/wp-content\/uploads\/2018\/06\/volaille-nabeul.jpg","width":640,"height":300},{"@type":"BreadcrumbList","@id":"https:\/\/realites.com.tn\/fr\/tunisie-baisse-de-la-production-et-tensions-sur-le-marche-de-la-volaille\/#breadcrumb","itemListElement":[{"@type":"ListItem","position":1,"name":"Home","item":"https:\/\/realites.com.tn\/fr\/"},{"@type":"ListItem","position":2,"name":"Tunisie : baisse de la production et tensions sur le march\u00e9 de la volaille"}]},{"@type":"WebSite","@id":"https:\/\/realites.com.tn\/fr\/#website","url":"https:\/\/realites.com.tn\/fr\/","name":"R\u00e9alit\u00e9s Magazine","description":"Actualit\u00e9s de la Tunisie","potentialAction":[{"@type":"SearchAction","target":{"@type":"EntryPoint","urlTemplate":"https:\/\/realites.com.tn\/fr\/?s={search_term_string}"},"query-input":{"@type":"PropertyValueSpecification","valueRequired":true,"valueName":"search_term_string"}}],"inLanguage":"fr-FR"},{"@type":"Person","@id":"https:\/\/realites.com.tn\/fr\/#\/schema\/person\/438b71c29a257d955d96d8aef42336e7","name":"La R\u00e9daction","image":{"@type":"ImageObject","inLanguage":"fr-FR","@id":"https:\/\/realites.com.tn\/fr\/#\/schema\/person\/image\/","url":"https:\/\/secure.gravatar.com\/avatar\/fbe9ab25fcc82b6e660ad5648f91eadb?s=96&d=mm&r=g","contentUrl":"https:\/\/secure.gravatar.com\/avatar\/fbe9ab25fcc82b6e660ad5648f91eadb?s=96&d=mm&r=g","caption":"La R\u00e9daction"},"url":"https:\/\/realites.com.tn\/fr\/author\/realites5201\/"}]}},"jetpack_featured_media_url":"https:\/\/realites.com.tn\/fr\/wp-content\/uploads\/2018\/06\/volaille-nabeul.jpg","jetpack_sharing_enabled":true,"views":6,"_links":{"self":[{"href":"https:\/\/realites.com.tn\/fr\/wp-json\/wp\/v2\/posts\/394822","targetHints":{"allow":["GET"]}}],"collection":[{"href":"https:\/\/realites.com.tn\/fr\/wp-json\/wp\/v2\/posts"}],"about":[{"href":"https:\/\/realites.com.tn\/fr\/wp-json\/wp\/v2\/types\/post"}],"author":[{"embeddable":true,"href":"https:\/\/realites.com.tn\/fr\/wp-json\/wp\/v2\/users\/60"}],"replies":[{"embeddable":true,"href":"https:\/\/realites.com.tn\/fr\/wp-json\/wp\/v2\/comments?post=394822"}],"version-history":[{"count":1,"href":"https:\/\/realites.com.tn\/fr\/wp-json\/wp\/v2\/posts\/394822\/revisions"}],"predecessor-version":[{"id":394823,"href":"https:\/\/realites.com.tn\/fr\/wp-json\/wp\/v2\/posts\/394822\/revisions\/394823"}],"wp:featuredmedia":[{"embeddable":true,"href":"https:\/\/realites.com.tn\/fr\/wp-json\/wp\/v2\/media\/118251"}],"wp:attachment":[{"href":"https:\/\/realites.com.tn\/fr\/wp-json\/wp\/v2\/media?parent=394822"}],"wp:term":[{"taxonomy":"category","embeddable":true,"href":"https:\/\/realites.com.tn\/fr\/wp-json\/wp\/v2\/categories?post=394822"},{"taxonomy":"post_tag","embeddable":true,"href":"https:\/\/realites.com.tn\/fr\/wp-json\/wp\/v2\/tags?post=394822"}],"curies":[{"name":"wp","href":"https:\/\/api.w.org\/{rel}","templated":true}]}}