{"id":394832,"date":"2026-08-31T13:43:28","date_gmt":"2026-08-31T12:43:28","guid":{"rendered":"https:\/\/realites.com.tn\/fr\/?p=394832"},"modified":"2026-08-31T13:43:28","modified_gmt":"2026-08-31T12:43:28","slug":"kerkennah-la-sonotrak-modifie-le-programme-des-traversees-a-partir-du-1er-septembre","status":"publish","type":"post","link":"https:\/\/realites.com.tn\/fr\/kerkennah-la-sonotrak-modifie-le-programme-des-traversees-a-partir-du-1er-septembre\/","title":{"rendered":"Kerkennah : la Sonotrak modifie le programme des travers\u00e9es \u00e0 partir du 1er septembre"},"content":{"rendered":"<p data-start=\"91\" data-end=\"306\">La Soci\u00e9t\u00e9 nouvelle de transport de Kerkennah (Sonotrak) annonce une modification du programme des travers\u00e9es maritimes entre Sfax et Kerkennah, \u00e0 compter du mardi 1er septembre 2026 et jusqu\u2019\u00e0 nouvel ordre.<\/p>\n<p data-start=\"308\" data-end=\"438\">Selon le nouveau programme, les d\u00e9parts de Sfax sont pr\u00e9vus \u00e0 4h15, 6h, 8h, 10h30, 12h30, 14h30, 16h30, 18h30, 20h et 22h.<\/p>\n<p data-start=\"440\" data-end=\"566\">Dans le sens Kerkennah-Sfax, les d\u00e9parts sont programm\u00e9s \u00e0 4h, 6h, 8h, 9h45, 12h15, 14h15, 16h15, 18h15, 20h15 et 22h.<\/p>\n<p data-start=\"568\" data-end=\"839\" data-is-last-node=\"\" data-is-only-node=\"\">La Sonotrak pr\u00e9cise qu\u2019il est possible d\u2019ajouter des travers\u00e9es suppl\u00e9mentaires en cas de besoin. Les r\u00e9servations peuvent \u00eatre effectu\u00e9es \u00e0 l\u2019avance via son site officiel, tandis que le suivi en temps r\u00e9el des navettes est disponible sur l\u2019application SONO_TRACKing.<\/p>\n","protected":false},"excerpt":{"rendered":"<p>La Soci\u00e9t\u00e9 nouvelle de transport de Kerkennah (Sonotrak) annonce une modification du programme des travers\u00e9es maritimes entre Sfax et Kerkennah, \u00e0 compter du mardi 1er septembre 2026 et jusqu\u2019\u00e0 nouvel&hellip;<\/p>\n","protected":false},"author":145,"featured_media":363671,"comment_status":"open","ping_status":"closed","sticky":false,"template":"","format":"standard","meta":{"_lmt_disableupdate":"","_lmt_disable":"","_jetpack_memberships_contains_paid_content":false,"footnotes":""},"categories":[4,1291],"tags":[4976,1460,8975],"class_list":["post-394832","post","type-post","status-publish","format-standard","has-post-thumbnail","hentry","category-actualites","category-regions","tag-kerkennah","tag-sfax","tag-sonotrak"],"yoast_head":"<!-- This site is optimized with the Yoast SEO plugin v26.3 - https:\/\/yoast.com\/wordpress\/plugins\/seo\/ -->\n<title>Kerkennah : la Sonotrak modifie le programme des travers\u00e9es \u00e0 partir du 1er septembre - R\u00e9alit\u00e9s Magazine<\/title>\n<meta name=\"description\" content=\"La Soci\u00e9t\u00e9 nouvelle de transport de Kerkennah (Sonotrak) annonce une modification du programme des travers\u00e9es maritimes entre Sfax et Kerkennah, \u00e0 compter\" \/>\n<meta name=\"robots\" content=\"index, follow, max-snippet:-1, max-image-preview:large, max-video-preview:-1\" \/>\n<link rel=\"canonical\" href=\"https:\/\/realites.com.tn\/fr\/kerkennah-la-sonotrak-modifie-le-programme-des-traversees-a-partir-du-1er-septembre\/\" \/>\n<meta property=\"og:locale\" content=\"fr_FR\" \/>\n<meta property=\"og:type\" content=\"article\" \/>\n<meta property=\"og:title\" content=\"Kerkennah : la Sonotrak modifie le programme des travers\u00e9es \u00e0 partir du 1er septembre - R\u00e9alit\u00e9s Magazine\" \/>\n<meta property=\"og:description\" content=\"La Soci\u00e9t\u00e9 nouvelle de transport de Kerkennah (Sonotrak) annonce une modification du programme des travers\u00e9es maritimes entre Sfax et Kerkennah, \u00e0 compter\" \/>\n<meta property=\"og:url\" content=\"https:\/\/realites.com.tn\/fr\/kerkennah-la-sonotrak-modifie-le-programme-des-traversees-a-partir-du-1er-septembre\/\" \/>\n<meta property=\"og:site_name\" content=\"R\u00e9alit\u00e9s Magazine\" \/>\n<meta property=\"article:publisher\" content=\"https:\/\/www.facebook.com\/realites.tn\/\" \/>\n<meta property=\"article:published_time\" content=\"2026-08-31T12:43:28+00:00\" \/>\n<meta property=\"og:image\" content=\"https:\/\/realites.com.tn\/fr\/wp-content\/uploads\/2025\/07\/bac-kerkennah.jpg\" \/>\n\t<meta property=\"og:image:width\" content=\"850\" \/>\n\t<meta property=\"og:image:height\" content=\"491\" \/>\n\t<meta property=\"og:image:type\" content=\"image\/jpeg\" \/>\n<meta name=\"author\" content=\"M. A\" \/>\n<meta name=\"twitter:card\" content=\"summary_large_image\" \/>\n<meta name=\"twitter:label1\" content=\"\u00c9crit par\" \/>\n\t<meta name=\"twitter:data1\" content=\"M. A\" \/>\n\t<meta name=\"twitter:label2\" content=\"Dur\u00e9e de lecture estim\u00e9e\" \/>\n\t<meta name=\"twitter:data2\" content=\"1 minute\" \/>\n<script type=\"application\/ld+json\" class=\"yoast-schema-graph\">{\"@context\":\"https:\/\/schema.org\",\"@graph\":[{\"@type\":\"WebPage\",\"@id\":\"https:\/\/realites.com.tn\/fr\/kerkennah-la-sonotrak-modifie-le-programme-des-traversees-a-partir-du-1er-septembre\/\",\"url\":\"https:\/\/realites.com.tn\/fr\/kerkennah-la-sonotrak-modifie-le-programme-des-traversees-a-partir-du-1er-septembre\/\",\"name\":\"Kerkennah : la Sonotrak modifie le programme des travers\u00e9es \u00e0 partir du 1er septembre - R\u00e9alit\u00e9s Magazine\",\"isPartOf\":{\"@id\":\"https:\/\/realites.com.tn\/fr\/#website\"},\"primaryImageOfPage\":{\"@id\":\"https:\/\/realites.com.tn\/fr\/kerkennah-la-sonotrak-modifie-le-programme-des-traversees-a-partir-du-1er-septembre\/#primaryimage\"},\"image\":{\"@id\":\"https:\/\/realites.com.tn\/fr\/kerkennah-la-sonotrak-modifie-le-programme-des-traversees-a-partir-du-1er-septembre\/#primaryimage\"},\"thumbnailUrl\":\"https:\/\/realites.com.tn\/fr\/wp-content\/uploads\/2025\/07\/bac-kerkennah.jpg\",\"datePublished\":\"2026-08-31T12:43:28+00:00\",\"author\":{\"@id\":\"https:\/\/realites.com.tn\/fr\/#\/schema\/person\/515fe3e54fbbc075df64dd746b52c530\"},\"description\":\"La Soci\u00e9t\u00e9 nouvelle de transport de Kerkennah (Sonotrak) annonce une modification du programme des travers\u00e9es maritimes entre Sfax et Kerkennah, \u00e0 compter\",\"breadcrumb\":{\"@id\":\"https:\/\/realites.com.tn\/fr\/kerkennah-la-sonotrak-modifie-le-programme-des-traversees-a-partir-du-1er-septembre\/#breadcrumb\"},\"inLanguage\":\"fr-FR\",\"potentialAction\":[{\"@type\":\"ReadAction\",\"target\":[\"https:\/\/realites.com.tn\/fr\/kerkennah-la-sonotrak-modifie-le-programme-des-traversees-a-partir-du-1er-septembre\/\"]}]},{\"@type\":\"ImageObject\",\"inLanguage\":\"fr-FR\",\"@id\":\"https:\/\/realites.com.tn\/fr\/kerkennah-la-sonotrak-modifie-le-programme-des-traversees-a-partir-du-1er-septembre\/#primaryimage\",\"url\":\"https:\/\/realites.com.tn\/fr\/wp-content\/uploads\/2025\/07\/bac-kerkennah.jpg\",\"contentUrl\":\"https:\/\/realites.com.tn\/fr\/wp-content\/uploads\/2025\/07\/bac-kerkennah.jpg\",\"width\":850,\"height\":491},{\"@type\":\"BreadcrumbList\",\"@id\":\"https:\/\/realites.com.tn\/fr\/kerkennah-la-sonotrak-modifie-le-programme-des-traversees-a-partir-du-1er-septembre\/#breadcrumb\",\"itemListElement\":[{\"@type\":\"ListItem\",\"position\":1,\"name\":\"Home\",\"item\":\"https:\/\/realites.com.tn\/fr\/\"},{\"@type\":\"ListItem\",\"position\":2,\"name\":\"Kerkennah : la Sonotrak modifie le programme des travers\u00e9es \u00e0 partir du 1er septembre\"}]},{\"@type\":\"WebSite\",\"@id\":\"https:\/\/realites.com.tn\/fr\/#website\",\"url\":\"https:\/\/realites.com.tn\/fr\/\",\"name\":\"R\u00e9alit\u00e9s Magazine\",\"description\":\"Actualit\u00e9s de la Tunisie\",\"potentialAction\":[{\"@type\":\"SearchAction\",\"target\":{\"@type\":\"EntryPoint\",\"urlTemplate\":\"https:\/\/realites.com.tn\/fr\/?s={search_term_string}\"},\"query-input\":{\"@type\":\"PropertyValueSpecification\",\"valueRequired\":true,\"valueName\":\"search_term_string\"}}],\"inLanguage\":\"fr-FR\"},{\"@type\":\"Person\",\"@id\":\"https:\/\/realites.com.tn\/fr\/#\/schema\/person\/515fe3e54fbbc075df64dd746b52c530\",\"name\":\"M. A\",\"image\":{\"@type\":\"ImageObject\",\"inLanguage\":\"fr-FR\",\"@id\":\"https:\/\/realites.com.tn\/fr\/#\/schema\/person\/image\/\",\"url\":\"https:\/\/secure.gravatar.com\/avatar\/6cb0d0a36abd98854e1d819008d7569a?s=96&d=mm&r=g\",\"contentUrl\":\"https:\/\/secure.gravatar.com\/avatar\/6cb0d0a36abd98854e1d819008d7569a?s=96&d=mm&r=g\",\"caption\":\"M. A\"},\"url\":\"https:\/\/realites.com.tn\/fr\/author\/ma2025\/\"}]}<\/script>\n<!-- \/ Yoast SEO plugin. -->","yoast_head_json":{"title":"Kerkennah : la Sonotrak modifie le programme des travers\u00e9es \u00e0 partir du 1er septembre - R\u00e9alit\u00e9s Magazine","description":"La Soci\u00e9t\u00e9 nouvelle de transport de Kerkennah (Sonotrak) annonce une modification du programme des travers\u00e9es maritimes entre Sfax et Kerkennah, \u00e0 compter","robots":{"index":"index","follow":"follow","max-snippet":"max-snippet:-1","max-image-preview":"max-image-preview:large","max-video-preview":"max-video-preview:-1"},"canonical":"https:\/\/realites.com.tn\/fr\/kerkennah-la-sonotrak-modifie-le-programme-des-traversees-a-partir-du-1er-septembre\/","og_locale":"fr_FR","og_type":"article","og_title":"Kerkennah : la Sonotrak modifie le programme des travers\u00e9es \u00e0 partir du 1er septembre - R\u00e9alit\u00e9s Magazine","og_description":"La Soci\u00e9t\u00e9 nouvelle de transport de Kerkennah (Sonotrak) annonce une modification du programme des travers\u00e9es maritimes entre Sfax et Kerkennah, \u00e0 compter","og_url":"https:\/\/realites.com.tn\/fr\/kerkennah-la-sonotrak-modifie-le-programme-des-traversees-a-partir-du-1er-septembre\/","og_site_name":"R\u00e9alit\u00e9s Magazine","article_publisher":"https:\/\/www.facebook.com\/realites.tn\/","article_published_time":"2026-08-31T12:43:28+00:00","og_image":[{"width":850,"height":491,"url":"https:\/\/realites.com.tn\/fr\/wp-content\/uploads\/2025\/07\/bac-kerkennah.jpg","type":"image\/jpeg"}],"author":"M. A","twitter_card":"summary_large_image","twitter_misc":{"\u00c9crit par":"M. A","Dur\u00e9e de lecture estim\u00e9e":"1 minute"},"schema":{"@context":"https:\/\/schema.org","@graph":[{"@type":"WebPage","@id":"https:\/\/realites.com.tn\/fr\/kerkennah-la-sonotrak-modifie-le-programme-des-traversees-a-partir-du-1er-septembre\/","url":"https:\/\/realites.com.tn\/fr\/kerkennah-la-sonotrak-modifie-le-programme-des-traversees-a-partir-du-1er-septembre\/","name":"Kerkennah : la Sonotrak modifie le programme des travers\u00e9es \u00e0 partir du 1er septembre - R\u00e9alit\u00e9s Magazine","isPartOf":{"@id":"https:\/\/realites.com.tn\/fr\/#website"},"primaryImageOfPage":{"@id":"https:\/\/realites.com.tn\/fr\/kerkennah-la-sonotrak-modifie-le-programme-des-traversees-a-partir-du-1er-septembre\/#primaryimage"},"image":{"@id":"https:\/\/realites.com.tn\/fr\/kerkennah-la-sonotrak-modifie-le-programme-des-traversees-a-partir-du-1er-septembre\/#primaryimage"},"thumbnailUrl":"https:\/\/realites.com.tn\/fr\/wp-content\/uploads\/2025\/07\/bac-kerkennah.jpg","datePublished":"2026-08-31T12:43:28+00:00","author":{"@id":"https:\/\/realites.com.tn\/fr\/#\/schema\/person\/515fe3e54fbbc075df64dd746b52c530"},"description":"La Soci\u00e9t\u00e9 nouvelle de transport de Kerkennah (Sonotrak) annonce une modification du programme des travers\u00e9es maritimes entre Sfax et Kerkennah, \u00e0 compter","breadcrumb":{"@id":"https:\/\/realites.com.tn\/fr\/kerkennah-la-sonotrak-modifie-le-programme-des-traversees-a-partir-du-1er-septembre\/#breadcrumb"},"inLanguage":"fr-FR","potentialAction":[{"@type":"ReadAction","target":["https:\/\/realites.com.tn\/fr\/kerkennah-la-sonotrak-modifie-le-programme-des-traversees-a-partir-du-1er-septembre\/"]}]},{"@type":"ImageObject","inLanguage":"fr-FR","@id":"https:\/\/realites.com.tn\/fr\/kerkennah-la-sonotrak-modifie-le-programme-des-traversees-a-partir-du-1er-septembre\/#primaryimage","url":"https:\/\/realites.com.tn\/fr\/wp-content\/uploads\/2025\/07\/bac-kerkennah.jpg","contentUrl":"https:\/\/realites.com.tn\/fr\/wp-content\/uploads\/2025\/07\/bac-kerkennah.jpg","width":850,"height":491},{"@type":"BreadcrumbList","@id":"https:\/\/realites.com.tn\/fr\/kerkennah-la-sonotrak-modifie-le-programme-des-traversees-a-partir-du-1er-septembre\/#breadcrumb","itemListElement":[{"@type":"ListItem","position":1,"name":"Home","item":"https:\/\/realites.com.tn\/fr\/"},{"@type":"ListItem","position":2,"name":"Kerkennah : la Sonotrak modifie le programme des travers\u00e9es \u00e0 partir du 1er septembre"}]},{"@type":"WebSite","@id":"https:\/\/realites.com.tn\/fr\/#website","url":"https:\/\/realites.com.tn\/fr\/","name":"R\u00e9alit\u00e9s Magazine","description":"Actualit\u00e9s de la Tunisie","potentialAction":[{"@type":"SearchAction","target":{"@type":"EntryPoint","urlTemplate":"https:\/\/realites.com.tn\/fr\/?s={search_term_string}"},"query-input":{"@type":"PropertyValueSpecification","valueRequired":true,"valueName":"search_term_string"}}],"inLanguage":"fr-FR"},{"@type":"Person","@id":"https:\/\/realites.com.tn\/fr\/#\/schema\/person\/515fe3e54fbbc075df64dd746b52c530","name":"M. A","image":{"@type":"ImageObject","inLanguage":"fr-FR","@id":"https:\/\/realites.com.tn\/fr\/#\/schema\/person\/image\/","url":"https:\/\/secure.gravatar.com\/avatar\/6cb0d0a36abd98854e1d819008d7569a?s=96&d=mm&r=g","contentUrl":"https:\/\/secure.gravatar.com\/avatar\/6cb0d0a36abd98854e1d819008d7569a?s=96&d=mm&r=g","caption":"M. A"},"url":"https:\/\/realites.com.tn\/fr\/author\/ma2025\/"}]}},"jetpack_featured_media_url":"https:\/\/realites.com.tn\/fr\/wp-content\/uploads\/2025\/07\/bac-kerkennah.jpg","jetpack_sharing_enabled":true,"views":5,"_links":{"self":[{"href":"https:\/\/realites.com.tn\/fr\/wp-json\/wp\/v2\/posts\/394832","targetHints":{"allow":["GET"]}}],"collection":[{"href":"https:\/\/realites.com.tn\/fr\/wp-json\/wp\/v2\/posts"}],"about":[{"href":"https:\/\/realites.com.tn\/fr\/wp-json\/wp\/v2\/types\/post"}],"author":[{"embeddable":true,"href":"https:\/\/realites.com.tn\/fr\/wp-json\/wp\/v2\/users\/145"}],"replies":[{"embeddable":true,"href":"https:\/\/realites.com.tn\/fr\/wp-json\/wp\/v2\/comments?post=394832"}],"version-history":[{"count":1,"href":"https:\/\/realites.com.tn\/fr\/wp-json\/wp\/v2\/posts\/394832\/revisions"}],"predecessor-version":[{"id":394833,"href":"https:\/\/realites.com.tn\/fr\/wp-json\/wp\/v2\/posts\/394832\/revisions\/394833"}],"wp:featuredmedia":[{"embeddable":true,"href":"https:\/\/realites.com.tn\/fr\/wp-json\/wp\/v2\/media\/363671"}],"wp:attachment":[{"href":"https:\/\/realites.com.tn\/fr\/wp-json\/wp\/v2\/media?parent=394832"}],"wp:term":[{"taxonomy":"category","embeddable":true,"href":"https:\/\/realites.com.tn\/fr\/wp-json\/wp\/v2\/categories?post=394832"},{"taxonomy":"post_tag","embeddable":true,"href":"https:\/\/realites.com.tn\/fr\/wp-json\/wp\/v2\/tags?post=394832"}],"curies":[{"name":"wp","href":"https:\/\/api.w.org\/{rel}","templated":true}]}}