{"id":394834,"date":"2026-08-31T14:29:06","date_gmt":"2026-08-31T13:29:06","guid":{"rendered":"https:\/\/realites.com.tn\/fr\/?p=394834"},"modified":"2026-08-31T14:29:06","modified_gmt":"2026-08-31T13:29:06","slug":"les-energies-renouvelables-en-tunisie-profitons-en","status":"publish","type":"post","link":"https:\/\/realites.com.tn\/fr\/les-energies-renouvelables-en-tunisie-profitons-en\/","title":{"rendered":"Les \u00e9nergies renouvelables en Tunisie :  Profitons-en !"},"content":{"rendered":"<p class=\"isSelectedEnd\">La Tunisie n\u2019est pas uniquement riche de ses milliers d\u2019ann\u00e9es d\u2019Histoire. La g\u00e9ographie y a aussi contribu\u00e9.<\/p>\n<p class=\"isSelectedEnd\">Plac\u00e9 \u00e0 un endroit miroitant de la M\u00e9diterran\u00e9e, notre pays jouit de potentialit\u00e9s climatiques enrichissantes.<\/p>\n<p class=\"isSelectedEnd\">En d\u00e9pit du d\u00e9r\u00e8glement, prouv\u00e9, du climat \u00e0 travers le globe depuis bient\u00f4t un demi-si\u00e8cle, (rappelons-nous du premier sommet de l\u2019environnement \u00e0 Stockholm en 1972), le territoire national b\u00e9n\u00e9ficie d\u2019atouts majeurs : le soleil, le vent et la mer. Ils sont porteurs d\u2019\u00e9nergies non point \u00e9puisables comme celles qu\u2019on tire \u00e0 grands frais des entrailles de la terre, mais renouvelables et \u00e0 bon march\u00e9.<\/p>\n<p class=\"isSelectedEnd\">Certes, il y a eu, en ce domaine, des tentatives tr\u00e8s timides, au demeurant. On se souvient du lyc\u00e9e de Kairouan chauff\u00e9 au soleil au cours des ann\u00e9es soixante par l\u2019entremise du regrett\u00e9 savant Bechir Turki (1931-2003), commissaire \u00e0 l\u2019\u00e9poque de l\u2019\u00e9nergie atomique. D\u2019ailleurs, c\u2019est de cette \u00e9poque que datent les premi\u00e8res r\u00e9flexions sur l\u2019utilisation, \u00e0 des fins civiles, de l\u2019atome. Ces cogitations ont \u00e9t\u00e9, subrepticement, mises en sourdine. Comment, se demand\u00e8rent nos contempteurs, un petit pays ose-t-il se mesurer aux grands ?<\/p>\n<p class=\"isSelectedEnd\">Pourtant, c\u2019est \u00e0 la Tunisie qu\u2019\u00e9chut l\u2019insigne honneur de pr\u00e9sider en 1969 l\u2019assembl\u00e9e des gouverneurs de l\u2019Agence internationale de l\u2019\u00e9nergie atomique dont le si\u00e8ge est \u00e0 Vienne.<\/p>\n<p class=\"isSelectedEnd\">Les choses \u00e9tant ce qu\u2019elles furent, on aurait d\u00fb emprunter le chemin de l\u2019\u00e9nergie solaire.<\/p>\n<p class=\"isSelectedEnd\">Mais, l\u00e0 aussi, point de d\u00e9clic. Nous nous suffisons de l\u2019\u00e9nergie thermique quoiqu\u2019il nous en co\u00fbt\u00e2t. L\u2019on constate aujourd\u2019hui avec d\u00e9plaisir, apr\u00e8s des d\u00e9cennies d\u2019atermoiement, que le d\u00e9ficit de notre balance commerciale est essentiellement d\u00fb au poids, sans cesse \u00e9lev\u00e9, des intrants pour la production d\u2019\u00e9lectricit\u00e9, un bien d\u00e9sormais de premi\u00e8re n\u00e9cessit\u00e9.<\/p>\n<p class=\"isSelectedEnd\">C\u2019est L\u00e9nine (1870-1924), en haranguant ses affid\u00e9s russes au lendemain de la r\u00e9volution de 1917, qui donna sa propre signification du communisme : \u00ab c\u2019est les soviets plus l\u2019\u00e9lectricit\u00e9 \u00bb. Sauf que la Russie a beaucoup de p\u00e9trole alors que nous, n\u2019en avons que tr\u00e8s peu. Les raisons ?<\/p>\n<p class=\"isSelectedEnd\">J\u2019en citerai une qui peut pr\u00eater \u00e0 sourire si elle n\u2019\u00e9tait consign\u00e9e par le g\u00e9n\u00e9ral de Gaulle (1890-1970) dans ses m\u00e9moires d\u2019espoir parus en 1970 chez Plon : \u00ab Bourguiba demande \u00e0 me voir. Nous passons ensemble \u00e0 Rambouillet la journ\u00e9e du 27 f\u00e9vrier 1961. J\u2019ai devant moi un lutteur, un politique, un chef d\u2019\u00c9tat dont l\u2019envergure et l\u2019ambition d\u00e9passent la dimension de son pays. Depuis toujours, il est le champion de l\u2019ind\u00e9pendance tunisienne. Il s\u2019est sans cesse oppos\u00e9 \u00e0 la France, \u00e0 laquelle, cependant, l\u2019attachent sa culture et son sentiment&#8230;<\/p>\n<p class=\"isSelectedEnd\">La question de Bizerte n\u2019est, pour Bourguiba, qu\u2019un d\u00e9tour pour en venir \u00e0 l\u2019essentiel. Ce dont il est anxieux surtout, c\u2019est de procurer \u00e0 son pays certains agrandissements du c\u00f4t\u00e9 de ses confins sahariens, si, comme on peut le pr\u00e9voir, le grand d\u00e9sert doit \u00eatre un jour remis \u00e0 une Alg\u00e9rie souveraine.<\/p>\n<p class=\"isSelectedEnd\">Bien entendu, c\u2019est le p\u00e9trole qui soul\u00e8ve cette convoitise. On n\u2019en a pas d\u00e9couvert sur le territoire tunisien. Or, justement, les Fran\u00e7ais en trouvent et exploitent des sources abondantes \u00e0 proximit\u00e9, dans les r\u00e9gions d\u2019Hassi-Messaoued et d\u2019Ejel\u00e9.<\/p>\n<p class=\"isSelectedEnd\">Ne pourrait-on pas modifier la fronti\u00e8re de telle sorte que la Tunisie soit mise en possession de terrains p\u00e9trolif\u00e8res ?<\/p>\n<p class=\"isSelectedEnd\">Ce serait, suivant Bourguiba, d\u2019autant plus justifiable que la d\u00e9limitation entre le Sahara et le Sud de l\u2019ancienne R\u00e9gence a \u00e9t\u00e9 nagu\u00e8re trac\u00e9e d\u2019une fa\u00e7on vague et contestable. Mais je ne puis donner suite \u00e0 cette demande car rien ne justifiait que nous consentions \u00e0 d\u00e9membrer le territoire alg\u00e9rien. Bourguiba accueille sans plaisir cette fin de non-recevoir \u00bb <em>(PP. 106-107-108)<\/em>.<\/p>\n<p class=\"isSelectedEnd\">Ces deux d\u00e9miurges appartiennent depuis belle lurette \u00e0 l\u2019Histoire. Qu\u2019avons-nous fait pour rem\u00e9dier \u00e0 ce couac g\u00e9ologique ?<\/p>\n<p class=\"isSelectedEnd\">Pourquoi avoir attendu si longtemps pour capter une infinit\u00e9 d\u2019\u00e9nergie dispens\u00e9e par le soleil durant presque 300 jours par an ?<\/p>\n<p class=\"isSelectedEnd\">Pourquoi n\u2019avons-nous pas capitalis\u00e9 notre savoir-faire ancestral d\u2019utilisation \u00e0 bon escient des mouvements des vents par le truchement des moulins &#8211; les \u00e9oliennes d\u2019aujourd\u2019hui &#8211; dont quelques sp\u00e9cimens survivent encore au Cap-Bon ?<\/p>\n<p class=\"isSelectedEnd\">Les eaux de mer peuvent \u00e9galement, si elles sont bien domestiqu\u00e9es, fournir de quoi faire tourner certains engins.<\/p>\n<p class=\"isSelectedEnd\">Les d\u00e9chets m\u00e9nagers qui encombrent nos villes ne sont-ils pas un combustible pour la production de gaz ?<\/p>\n<p class=\"isSelectedEnd\">En 1980, lorsque je portais la charge de la commune de l\u2019Ariana, j\u2019avais initi\u00e9 un projet dans ce sens qui aurait permis, moyennant l\u2019\u00e9dification d\u2019un incin\u00e9rateur, de fournir de l\u2019\u00e9nergie \u00e0 l\u2019h\u00f4pital Abderrahmane Mami. C\u2019e\u00fbt \u00e9t\u00e9 un mod\u00e8le r\u00e9duit mais patent de l\u2019\u00e9conomie dite circulaire.<\/p>\n<p class=\"isSelectedEnd\">Mais que voulez-vous, comme le claironnait notre chantre \u00e9ternel Al-Mutanabbi (915-965).<\/p>\n<p class=\"isSelectedEnd\"><strong><em>\u00ab On n\u2019atteint point tout ce que l\u2019on esp\u00e8re<\/em><\/strong><\/p>\n<p class=\"isSelectedEnd\"><strong><em>Les vents soufflent dans la direction que les voiliers ne d\u00e9sirent gu\u00e8re \u00bb<\/em><\/strong><\/p>\n<p class=\"isSelectedEnd\">Du pass\u00e9, faisons table rase !<\/p>\n<p class=\"isSelectedEnd\">\u00d4 enfants de la patrie, reprenez le chemin de l\u2019Histoire et faites en sorte que \u00ab le ciel, le soleil et la mer \u00bb* illuminent ce vieux pays des merveilles.<\/p>\n<p class=\"isSelectedEnd\">Bon vent !<\/p>\n<p><em>* En \u00e9cho \u00e0 la m\u00e9lodie qui a accompagn\u00e9, \u00e0 Paris, nos \u00e2ges tendres, au cours des sixties, fredonn\u00e9e par le compositeur-chanteur Fran\u00e7ois Deguelt (1933-2014)<\/em><\/p>\n","protected":false},"excerpt":{"rendered":"<p>La Tunisie n\u2019est pas uniquement riche de ses milliers d\u2019ann\u00e9es d\u2019Histoire. La g\u00e9ographie y a aussi contribu\u00e9. Plac\u00e9 \u00e0 un endroit miroitant de la M\u00e9diterran\u00e9e, notre pays jouit de potentialit\u00e9s&hellip;<\/p>\n","protected":false},"author":138,"featured_media":358359,"comment_status":"open","ping_status":"closed","sticky":false,"template":"","format":"standard","meta":{"_lmt_disableupdate":"no","_lmt_disable":"","_jetpack_memberships_contains_paid_content":false,"footnotes":""},"categories":[3,2508],"tags":[11671],"class_list":["post-394834","post","type-post","status-publish","format-standard","has-post-thumbnail","hentry","category-a-la-une","category-environnement","tag-les-energies-renouvelables"],"yoast_head":"<!-- This site is optimized with the Yoast SEO plugin v26.3 - https:\/\/yoast.com\/wordpress\/plugins\/seo\/ -->\n<title>Les \u00e9nergies renouvelables en Tunisie : Profitons-en ! - R\u00e9alit\u00e9s Magazine<\/title>\n<meta name=\"description\" content=\"La Tunisie n\u2019est pas uniquement riche de ses milliers d\u2019ann\u00e9es d\u2019Histoire. La g\u00e9ographie y a aussi contribu\u00e9. Plac\u00e9 \u00e0 un endroit miroitant de la\" \/>\n<meta name=\"robots\" content=\"index, follow, max-snippet:-1, max-image-preview:large, max-video-preview:-1\" \/>\n<link rel=\"canonical\" href=\"https:\/\/realites.com.tn\/fr\/les-energies-renouvelables-en-tunisie-profitons-en\/\" \/>\n<meta property=\"og:locale\" content=\"fr_FR\" \/>\n<meta property=\"og:type\" content=\"article\" \/>\n<meta property=\"og:title\" content=\"Les \u00e9nergies renouvelables en Tunisie : Profitons-en ! - R\u00e9alit\u00e9s Magazine\" \/>\n<meta property=\"og:description\" content=\"La Tunisie n\u2019est pas uniquement riche de ses milliers d\u2019ann\u00e9es d\u2019Histoire. La g\u00e9ographie y a aussi contribu\u00e9. Plac\u00e9 \u00e0 un endroit miroitant de la\" \/>\n<meta property=\"og:url\" content=\"https:\/\/realites.com.tn\/fr\/les-energies-renouvelables-en-tunisie-profitons-en\/\" \/>\n<meta property=\"og:site_name\" content=\"R\u00e9alit\u00e9s Magazine\" \/>\n<meta property=\"article:publisher\" content=\"https:\/\/www.facebook.com\/realites.tn\/\" \/>\n<meta property=\"article:published_time\" content=\"2026-08-31T13:29:06+00:00\" \/>\n<meta property=\"og:image\" content=\"https:\/\/realites.com.tn\/fr\/wp-content\/uploads\/2025\/05\/aissa-baccouche.jpg\" \/>\n\t<meta property=\"og:image:width\" content=\"700\" \/>\n\t<meta property=\"og:image:height\" content=\"427\" \/>\n\t<meta property=\"og:image:type\" content=\"image\/jpeg\" \/>\n<meta name=\"author\" content=\"Aissa Baccouche\" \/>\n<meta name=\"twitter:card\" content=\"summary_large_image\" \/>\n<meta name=\"twitter:label1\" content=\"\u00c9crit par\" \/>\n\t<meta name=\"twitter:data1\" content=\"Aissa Baccouche\" \/>\n\t<meta name=\"twitter:label2\" content=\"Dur\u00e9e de lecture estim\u00e9e\" \/>\n\t<meta name=\"twitter:data2\" content=\"5 minutes\" \/>\n<script type=\"application\/ld+json\" class=\"yoast-schema-graph\">{\"@context\":\"https:\/\/schema.org\",\"@graph\":[{\"@type\":\"WebPage\",\"@id\":\"https:\/\/realites.com.tn\/fr\/les-energies-renouvelables-en-tunisie-profitons-en\/\",\"url\":\"https:\/\/realites.com.tn\/fr\/les-energies-renouvelables-en-tunisie-profitons-en\/\",\"name\":\"Les \u00e9nergies renouvelables en Tunisie : Profitons-en ! - R\u00e9alit\u00e9s Magazine\",\"isPartOf\":{\"@id\":\"https:\/\/realites.com.tn\/fr\/#website\"},\"primaryImageOfPage\":{\"@id\":\"https:\/\/realites.com.tn\/fr\/les-energies-renouvelables-en-tunisie-profitons-en\/#primaryimage\"},\"image\":{\"@id\":\"https:\/\/realites.com.tn\/fr\/les-energies-renouvelables-en-tunisie-profitons-en\/#primaryimage\"},\"thumbnailUrl\":\"https:\/\/realites.com.tn\/fr\/wp-content\/uploads\/2025\/05\/aissa-baccouche.jpg\",\"datePublished\":\"2026-08-31T13:29:06+00:00\",\"author\":{\"@id\":\"https:\/\/realites.com.tn\/fr\/#\/schema\/person\/8881e11bd609cfd9686476e661dfd0fa\"},\"description\":\"La Tunisie n\u2019est pas uniquement riche de ses milliers d\u2019ann\u00e9es d\u2019Histoire. La g\u00e9ographie y a aussi contribu\u00e9. Plac\u00e9 \u00e0 un endroit miroitant de la\",\"breadcrumb\":{\"@id\":\"https:\/\/realites.com.tn\/fr\/les-energies-renouvelables-en-tunisie-profitons-en\/#breadcrumb\"},\"inLanguage\":\"fr-FR\",\"potentialAction\":[{\"@type\":\"ReadAction\",\"target\":[\"https:\/\/realites.com.tn\/fr\/les-energies-renouvelables-en-tunisie-profitons-en\/\"]}]},{\"@type\":\"ImageObject\",\"inLanguage\":\"fr-FR\",\"@id\":\"https:\/\/realites.com.tn\/fr\/les-energies-renouvelables-en-tunisie-profitons-en\/#primaryimage\",\"url\":\"https:\/\/realites.com.tn\/fr\/wp-content\/uploads\/2025\/05\/aissa-baccouche.jpg\",\"contentUrl\":\"https:\/\/realites.com.tn\/fr\/wp-content\/uploads\/2025\/05\/aissa-baccouche.jpg\",\"width\":700,\"height\":427},{\"@type\":\"BreadcrumbList\",\"@id\":\"https:\/\/realites.com.tn\/fr\/les-energies-renouvelables-en-tunisie-profitons-en\/#breadcrumb\",\"itemListElement\":[{\"@type\":\"ListItem\",\"position\":1,\"name\":\"Home\",\"item\":\"https:\/\/realites.com.tn\/fr\/\"},{\"@type\":\"ListItem\",\"position\":2,\"name\":\"Les \u00e9nergies renouvelables en Tunisie : Profitons-en !\"}]},{\"@type\":\"WebSite\",\"@id\":\"https:\/\/realites.com.tn\/fr\/#website\",\"url\":\"https:\/\/realites.com.tn\/fr\/\",\"name\":\"R\u00e9alit\u00e9s Magazine\",\"description\":\"Actualit\u00e9s de la Tunisie\",\"potentialAction\":[{\"@type\":\"SearchAction\",\"target\":{\"@type\":\"EntryPoint\",\"urlTemplate\":\"https:\/\/realites.com.tn\/fr\/?s={search_term_string}\"},\"query-input\":{\"@type\":\"PropertyValueSpecification\",\"valueRequired\":true,\"valueName\":\"search_term_string\"}}],\"inLanguage\":\"fr-FR\"},{\"@type\":\"Person\",\"@id\":\"https:\/\/realites.com.tn\/fr\/#\/schema\/person\/8881e11bd609cfd9686476e661dfd0fa\",\"name\":\"Aissa Baccouche\",\"image\":{\"@type\":\"ImageObject\",\"inLanguage\":\"fr-FR\",\"@id\":\"https:\/\/realites.com.tn\/fr\/#\/schema\/person\/image\/\",\"url\":\"https:\/\/secure.gravatar.com\/avatar\/a68f4a0417df14b57a6f5fb58c281146?s=96&d=mm&r=g\",\"contentUrl\":\"https:\/\/secure.gravatar.com\/avatar\/a68f4a0417df14b57a6f5fb58c281146?s=96&d=mm&r=g\",\"caption\":\"Aissa Baccouche\"},\"url\":\"https:\/\/realites.com.tn\/fr\/author\/aissaba25\/\"}]}<\/script>\n<!-- \/ Yoast SEO plugin. -->","yoast_head_json":{"title":"Les \u00e9nergies renouvelables en Tunisie : Profitons-en ! - R\u00e9alit\u00e9s Magazine","description":"La Tunisie n\u2019est pas uniquement riche de ses milliers d\u2019ann\u00e9es d\u2019Histoire. La g\u00e9ographie y a aussi contribu\u00e9. Plac\u00e9 \u00e0 un endroit miroitant de la","robots":{"index":"index","follow":"follow","max-snippet":"max-snippet:-1","max-image-preview":"max-image-preview:large","max-video-preview":"max-video-preview:-1"},"canonical":"https:\/\/realites.com.tn\/fr\/les-energies-renouvelables-en-tunisie-profitons-en\/","og_locale":"fr_FR","og_type":"article","og_title":"Les \u00e9nergies renouvelables en Tunisie : Profitons-en ! - R\u00e9alit\u00e9s Magazine","og_description":"La Tunisie n\u2019est pas uniquement riche de ses milliers d\u2019ann\u00e9es d\u2019Histoire. La g\u00e9ographie y a aussi contribu\u00e9. Plac\u00e9 \u00e0 un endroit miroitant de la","og_url":"https:\/\/realites.com.tn\/fr\/les-energies-renouvelables-en-tunisie-profitons-en\/","og_site_name":"R\u00e9alit\u00e9s Magazine","article_publisher":"https:\/\/www.facebook.com\/realites.tn\/","article_published_time":"2026-08-31T13:29:06+00:00","og_image":[{"width":700,"height":427,"url":"https:\/\/realites.com.tn\/fr\/wp-content\/uploads\/2025\/05\/aissa-baccouche.jpg","type":"image\/jpeg"}],"author":"Aissa Baccouche","twitter_card":"summary_large_image","twitter_misc":{"\u00c9crit par":"Aissa Baccouche","Dur\u00e9e de lecture estim\u00e9e":"5 minutes"},"schema":{"@context":"https:\/\/schema.org","@graph":[{"@type":"WebPage","@id":"https:\/\/realites.com.tn\/fr\/les-energies-renouvelables-en-tunisie-profitons-en\/","url":"https:\/\/realites.com.tn\/fr\/les-energies-renouvelables-en-tunisie-profitons-en\/","name":"Les \u00e9nergies renouvelables en Tunisie : Profitons-en ! - R\u00e9alit\u00e9s Magazine","isPartOf":{"@id":"https:\/\/realites.com.tn\/fr\/#website"},"primaryImageOfPage":{"@id":"https:\/\/realites.com.tn\/fr\/les-energies-renouvelables-en-tunisie-profitons-en\/#primaryimage"},"image":{"@id":"https:\/\/realites.com.tn\/fr\/les-energies-renouvelables-en-tunisie-profitons-en\/#primaryimage"},"thumbnailUrl":"https:\/\/realites.com.tn\/fr\/wp-content\/uploads\/2025\/05\/aissa-baccouche.jpg","datePublished":"2026-08-31T13:29:06+00:00","author":{"@id":"https:\/\/realites.com.tn\/fr\/#\/schema\/person\/8881e11bd609cfd9686476e661dfd0fa"},"description":"La Tunisie n\u2019est pas uniquement riche de ses milliers d\u2019ann\u00e9es d\u2019Histoire. La g\u00e9ographie y a aussi contribu\u00e9. Plac\u00e9 \u00e0 un endroit miroitant de la","breadcrumb":{"@id":"https:\/\/realites.com.tn\/fr\/les-energies-renouvelables-en-tunisie-profitons-en\/#breadcrumb"},"inLanguage":"fr-FR","potentialAction":[{"@type":"ReadAction","target":["https:\/\/realites.com.tn\/fr\/les-energies-renouvelables-en-tunisie-profitons-en\/"]}]},{"@type":"ImageObject","inLanguage":"fr-FR","@id":"https:\/\/realites.com.tn\/fr\/les-energies-renouvelables-en-tunisie-profitons-en\/#primaryimage","url":"https:\/\/realites.com.tn\/fr\/wp-content\/uploads\/2025\/05\/aissa-baccouche.jpg","contentUrl":"https:\/\/realites.com.tn\/fr\/wp-content\/uploads\/2025\/05\/aissa-baccouche.jpg","width":700,"height":427},{"@type":"BreadcrumbList","@id":"https:\/\/realites.com.tn\/fr\/les-energies-renouvelables-en-tunisie-profitons-en\/#breadcrumb","itemListElement":[{"@type":"ListItem","position":1,"name":"Home","item":"https:\/\/realites.com.tn\/fr\/"},{"@type":"ListItem","position":2,"name":"Les \u00e9nergies renouvelables en Tunisie : Profitons-en !"}]},{"@type":"WebSite","@id":"https:\/\/realites.com.tn\/fr\/#website","url":"https:\/\/realites.com.tn\/fr\/","name":"R\u00e9alit\u00e9s Magazine","description":"Actualit\u00e9s de la Tunisie","potentialAction":[{"@type":"SearchAction","target":{"@type":"EntryPoint","urlTemplate":"https:\/\/realites.com.tn\/fr\/?s={search_term_string}"},"query-input":{"@type":"PropertyValueSpecification","valueRequired":true,"valueName":"search_term_string"}}],"inLanguage":"fr-FR"},{"@type":"Person","@id":"https:\/\/realites.com.tn\/fr\/#\/schema\/person\/8881e11bd609cfd9686476e661dfd0fa","name":"Aissa Baccouche","image":{"@type":"ImageObject","inLanguage":"fr-FR","@id":"https:\/\/realites.com.tn\/fr\/#\/schema\/person\/image\/","url":"https:\/\/secure.gravatar.com\/avatar\/a68f4a0417df14b57a6f5fb58c281146?s=96&d=mm&r=g","contentUrl":"https:\/\/secure.gravatar.com\/avatar\/a68f4a0417df14b57a6f5fb58c281146?s=96&d=mm&r=g","caption":"Aissa Baccouche"},"url":"https:\/\/realites.com.tn\/fr\/author\/aissaba25\/"}]}},"jetpack_featured_media_url":"https:\/\/realites.com.tn\/fr\/wp-content\/uploads\/2025\/05\/aissa-baccouche.jpg","jetpack_sharing_enabled":true,"views":2,"_links":{"self":[{"href":"https:\/\/realites.com.tn\/fr\/wp-json\/wp\/v2\/posts\/394834","targetHints":{"allow":["GET"]}}],"collection":[{"href":"https:\/\/realites.com.tn\/fr\/wp-json\/wp\/v2\/posts"}],"about":[{"href":"https:\/\/realites.com.tn\/fr\/wp-json\/wp\/v2\/types\/post"}],"author":[{"embeddable":true,"href":"https:\/\/realites.com.tn\/fr\/wp-json\/wp\/v2\/users\/138"}],"replies":[{"embeddable":true,"href":"https:\/\/realites.com.tn\/fr\/wp-json\/wp\/v2\/comments?post=394834"}],"version-history":[{"count":1,"href":"https:\/\/realites.com.tn\/fr\/wp-json\/wp\/v2\/posts\/394834\/revisions"}],"predecessor-version":[{"id":394835,"href":"https:\/\/realites.com.tn\/fr\/wp-json\/wp\/v2\/posts\/394834\/revisions\/394835"}],"wp:featuredmedia":[{"embeddable":true,"href":"https:\/\/realites.com.tn\/fr\/wp-json\/wp\/v2\/media\/358359"}],"wp:attachment":[{"href":"https:\/\/realites.com.tn\/fr\/wp-json\/wp\/v2\/media?parent=394834"}],"wp:term":[{"taxonomy":"category","embeddable":true,"href":"https:\/\/realites.com.tn\/fr\/wp-json\/wp\/v2\/categories?post=394834"},{"taxonomy":"post_tag","embeddable":true,"href":"https:\/\/realites.com.tn\/fr\/wp-json\/wp\/v2\/tags?post=394834"}],"curies":[{"name":"wp","href":"https:\/\/api.w.org\/{rel}","templated":true}]}}