{"id":394854,"date":"2026-08-31T19:14:34","date_gmt":"2026-08-31T18:14:34","guid":{"rendered":"https:\/\/realites.com.tn\/fr\/?p=394854"},"modified":"2026-08-31T19:14:34","modified_gmt":"2026-08-31T18:14:34","slug":"tunisie-le-ministere-de-leducation-fixe-les-dates-de-la-rentree-scolaire-2026-2027","status":"publish","type":"post","link":"https:\/\/realites.com.tn\/fr\/tunisie-le-ministere-de-leducation-fixe-les-dates-de-la-rentree-scolaire-2026-2027\/","title":{"rendered":"Tunisie : Le minist\u00e8re de l&rsquo;\u00c9ducation fixe les dates de la rentr\u00e9e scolaire 2026-2027"},"content":{"rendered":"<p id=\"p-rc_37c9abcc62fc2f2f-42\" data-path-to-node=\"2\"><span data-path-to-node=\"2,0\">Le minist\u00e8re de l\u2019\u00c9ducation a officiellement rendu public le calendrier relatif au d\u00e9marrage de la nouvelle ann\u00e9e scolaire 2026-2027<\/span><span data-path-to-node=\"2,2\">. Conform\u00e9ment aux dispositions de la circulaire n\u00b0 2026\/01\/32 publi\u00e9e le 13 ao\u00fbt 2026, la reprise effective des cours pour l&rsquo;ensemble des \u00e9l\u00e8ves sur l&rsquo;ensemble du territoire national est fix\u00e9e au mardi 15 septembre 2026<\/span><span data-path-to-node=\"2,4\">.<\/span><\/p>\n<p id=\"p-rc_37c9abcc62fc2f2f-43\" data-path-to-node=\"3\"><span data-path-to-node=\"3,0\">Ce document officiel, transmis aux cadres p\u00e9dagogiques, aux corps d&rsquo;inspection ainsi qu&rsquo;aux directeurs des \u00e9tablissements scolaires publics et priv\u00e9s, pr\u00e9cise que le corps enseignant r\u00e9int\u00e9grera ses fonctions vingt-quatre heures avant les \u00e9l\u00e8ves<\/span><span data-path-to-node=\"3,2\">. En effet, les enseignants des cycles primaire, pr\u00e9paratoire et secondaire sont appel\u00e9s \u00e0 rejoindre leurs postes d\u00e8s le lundi 14 septembre 2026 afin d&rsquo;accomplir les formalit\u00e9s administratives d&rsquo;usage et de finaliser les pr\u00e9paratifs p\u00e9dagogiques<\/span><span data-path-to-node=\"3,4\">.<\/span><\/p>\n<p id=\"p-rc_37c9abcc62fc2f2f-44\" data-path-to-node=\"4\"><span data-path-to-node=\"4,0\">D\u00e8s le lendemain, le mardi 15 septembre, les \u00e9tablissements ouvriront leurs portes pour accueillir les \u00e9l\u00e8ves et donner le coup d&rsquo;envoi officiel des enseignements<\/span><span data-path-to-node=\"4,2\">. Outre les modalit\u00e9s de la rentr\u00e9e, la circulaire fixe \u00e9galement le cadre g\u00e9n\u00e9ral relatif \u00e0 la cl\u00f4ture de l&rsquo;ann\u00e9e acad\u00e9mique ainsi que la r\u00e9partition du calendrier officiel des vacances scolaires<\/span><span data-path-to-node=\"4,4\">.<\/span><\/p>\n<p data-path-to-node=\"4\"><img fetchpriority=\"high\" decoding=\"async\" class=\"alignnone size-full wp-image-394856\" src=\"https:\/\/realites.com.tn\/fr\/wp-content\/uploads\/2026\/08\/ecucaiton.jpg\" alt=\"\" width=\"1075\" height=\"1449\" srcset=\"https:\/\/realites.com.tn\/fr\/wp-content\/uploads\/2026\/08\/ecucaiton.jpg 1075w, https:\/\/realites.com.tn\/fr\/wp-content\/uploads\/2026\/08\/ecucaiton-223x300.jpg 223w, https:\/\/realites.com.tn\/fr\/wp-content\/uploads\/2026\/08\/ecucaiton-760x1024.jpg 760w, https:\/\/realites.com.tn\/fr\/wp-content\/uploads\/2026\/08\/ecucaiton-768x1035.jpg 768w\" sizes=\"(max-width: 1075px) 100vw, 1075px\" \/><\/p>\n","protected":false},"excerpt":{"rendered":"<p>Le minist\u00e8re de l\u2019\u00c9ducation a officiellement rendu public le calendrier relatif au d\u00e9marrage de la nouvelle ann\u00e9e scolaire 2026-2027. Conform\u00e9ment aux dispositions de la circulaire n\u00b0 2026\/01\/32 publi\u00e9e le 13&hellip;<\/p>\n","protected":false},"author":145,"featured_media":218657,"comment_status":"open","ping_status":"closed","sticky":false,"template":"","format":"standard","meta":{"_lmt_disableupdate":"","_lmt_disable":"","_jetpack_memberships_contains_paid_content":false,"footnotes":""},"categories":[4,9],"tags":[11677],"class_list":["post-394854","post","type-post","status-publish","format-standard","has-post-thumbnail","hentry","category-actualites","category-societe","tag-rentree-scolaire-2026-2027"],"yoast_head":"<!-- This site is optimized with the Yoast SEO plugin v26.3 - https:\/\/yoast.com\/wordpress\/plugins\/seo\/ -->\n<title>Tunisie : Le minist\u00e8re de l&#039;\u00c9ducation fixe les dates de la rentr\u00e9e scolaire 2026-2027 - R\u00e9alit\u00e9s Magazine<\/title>\n<meta name=\"description\" content=\"Le minist\u00e8re de l\u2019\u00c9ducation a officiellement rendu public le calendrier relatif au d\u00e9marrage de la nouvelle ann\u00e9e scolaire 2026-2027. Conform\u00e9ment aux\" \/>\n<meta name=\"robots\" content=\"index, follow, max-snippet:-1, max-image-preview:large, max-video-preview:-1\" \/>\n<link rel=\"canonical\" href=\"https:\/\/realites.com.tn\/fr\/tunisie-le-ministere-de-leducation-fixe-les-dates-de-la-rentree-scolaire-2026-2027\/\" \/>\n<meta property=\"og:locale\" content=\"fr_FR\" \/>\n<meta property=\"og:type\" content=\"article\" \/>\n<meta property=\"og:title\" content=\"Tunisie : Le minist\u00e8re de l&#039;\u00c9ducation fixe les dates de la rentr\u00e9e scolaire 2026-2027 - R\u00e9alit\u00e9s Magazine\" \/>\n<meta property=\"og:description\" content=\"Le minist\u00e8re de l\u2019\u00c9ducation a officiellement rendu public le calendrier relatif au d\u00e9marrage de la nouvelle ann\u00e9e scolaire 2026-2027. Conform\u00e9ment aux\" \/>\n<meta property=\"og:url\" content=\"https:\/\/realites.com.tn\/fr\/tunisie-le-ministere-de-leducation-fixe-les-dates-de-la-rentree-scolaire-2026-2027\/\" \/>\n<meta property=\"og:site_name\" content=\"R\u00e9alit\u00e9s Magazine\" \/>\n<meta property=\"article:publisher\" content=\"https:\/\/www.facebook.com\/realites.tn\/\" \/>\n<meta property=\"article:published_time\" content=\"2026-08-31T18:14:34+00:00\" \/>\n<meta property=\"og:image\" content=\"https:\/\/realites.com.tn\/fr\/wp-content\/uploads\/2021\/09\/Rentree-scolaire-decision.jpg\" \/>\n\t<meta property=\"og:image:width\" content=\"700\" \/>\n\t<meta property=\"og:image:height\" content=\"394\" \/>\n\t<meta property=\"og:image:type\" content=\"image\/jpeg\" \/>\n<meta name=\"author\" content=\"M. A\" \/>\n<meta name=\"twitter:card\" content=\"summary_large_image\" \/>\n<meta name=\"twitter:label1\" content=\"\u00c9crit par\" \/>\n\t<meta name=\"twitter:data1\" content=\"M. A\" \/>\n\t<meta name=\"twitter:label2\" content=\"Dur\u00e9e de lecture estim\u00e9e\" \/>\n\t<meta name=\"twitter:data2\" content=\"2 minutes\" \/>\n<script type=\"application\/ld+json\" class=\"yoast-schema-graph\">{\"@context\":\"https:\/\/schema.org\",\"@graph\":[{\"@type\":\"WebPage\",\"@id\":\"https:\/\/realites.com.tn\/fr\/tunisie-le-ministere-de-leducation-fixe-les-dates-de-la-rentree-scolaire-2026-2027\/\",\"url\":\"https:\/\/realites.com.tn\/fr\/tunisie-le-ministere-de-leducation-fixe-les-dates-de-la-rentree-scolaire-2026-2027\/\",\"name\":\"Tunisie : Le minist\u00e8re de l'\u00c9ducation fixe les dates de la rentr\u00e9e scolaire 2026-2027 - R\u00e9alit\u00e9s Magazine\",\"isPartOf\":{\"@id\":\"https:\/\/realites.com.tn\/fr\/#website\"},\"primaryImageOfPage\":{\"@id\":\"https:\/\/realites.com.tn\/fr\/tunisie-le-ministere-de-leducation-fixe-les-dates-de-la-rentree-scolaire-2026-2027\/#primaryimage\"},\"image\":{\"@id\":\"https:\/\/realites.com.tn\/fr\/tunisie-le-ministere-de-leducation-fixe-les-dates-de-la-rentree-scolaire-2026-2027\/#primaryimage\"},\"thumbnailUrl\":\"https:\/\/realites.com.tn\/fr\/wp-content\/uploads\/2021\/09\/Rentree-scolaire-decision.jpg\",\"datePublished\":\"2026-08-31T18:14:34+00:00\",\"author\":{\"@id\":\"https:\/\/realites.com.tn\/fr\/#\/schema\/person\/515fe3e54fbbc075df64dd746b52c530\"},\"description\":\"Le minist\u00e8re de l\u2019\u00c9ducation a officiellement rendu public le calendrier relatif au d\u00e9marrage de la nouvelle ann\u00e9e scolaire 2026-2027. Conform\u00e9ment aux\",\"breadcrumb\":{\"@id\":\"https:\/\/realites.com.tn\/fr\/tunisie-le-ministere-de-leducation-fixe-les-dates-de-la-rentree-scolaire-2026-2027\/#breadcrumb\"},\"inLanguage\":\"fr-FR\",\"potentialAction\":[{\"@type\":\"ReadAction\",\"target\":[\"https:\/\/realites.com.tn\/fr\/tunisie-le-ministere-de-leducation-fixe-les-dates-de-la-rentree-scolaire-2026-2027\/\"]}]},{\"@type\":\"ImageObject\",\"inLanguage\":\"fr-FR\",\"@id\":\"https:\/\/realites.com.tn\/fr\/tunisie-le-ministere-de-leducation-fixe-les-dates-de-la-rentree-scolaire-2026-2027\/#primaryimage\",\"url\":\"https:\/\/realites.com.tn\/fr\/wp-content\/uploads\/2021\/09\/Rentree-scolaire-decision.jpg\",\"contentUrl\":\"https:\/\/realites.com.tn\/fr\/wp-content\/uploads\/2021\/09\/Rentree-scolaire-decision.jpg\",\"width\":700,\"height\":394},{\"@type\":\"BreadcrumbList\",\"@id\":\"https:\/\/realites.com.tn\/fr\/tunisie-le-ministere-de-leducation-fixe-les-dates-de-la-rentree-scolaire-2026-2027\/#breadcrumb\",\"itemListElement\":[{\"@type\":\"ListItem\",\"position\":1,\"name\":\"Home\",\"item\":\"https:\/\/realites.com.tn\/fr\/\"},{\"@type\":\"ListItem\",\"position\":2,\"name\":\"Tunisie : Le minist\u00e8re de l&rsquo;\u00c9ducation fixe les dates de la rentr\u00e9e scolaire 2026-2027\"}]},{\"@type\":\"WebSite\",\"@id\":\"https:\/\/realites.com.tn\/fr\/#website\",\"url\":\"https:\/\/realites.com.tn\/fr\/\",\"name\":\"R\u00e9alit\u00e9s Magazine\",\"description\":\"Actualit\u00e9s de la Tunisie\",\"potentialAction\":[{\"@type\":\"SearchAction\",\"target\":{\"@type\":\"EntryPoint\",\"urlTemplate\":\"https:\/\/realites.com.tn\/fr\/?s={search_term_string}\"},\"query-input\":{\"@type\":\"PropertyValueSpecification\",\"valueRequired\":true,\"valueName\":\"search_term_string\"}}],\"inLanguage\":\"fr-FR\"},{\"@type\":\"Person\",\"@id\":\"https:\/\/realites.com.tn\/fr\/#\/schema\/person\/515fe3e54fbbc075df64dd746b52c530\",\"name\":\"M. A\",\"image\":{\"@type\":\"ImageObject\",\"inLanguage\":\"fr-FR\",\"@id\":\"https:\/\/realites.com.tn\/fr\/#\/schema\/person\/image\/\",\"url\":\"https:\/\/secure.gravatar.com\/avatar\/6cb0d0a36abd98854e1d819008d7569a?s=96&d=mm&r=g\",\"contentUrl\":\"https:\/\/secure.gravatar.com\/avatar\/6cb0d0a36abd98854e1d819008d7569a?s=96&d=mm&r=g\",\"caption\":\"M. A\"},\"url\":\"https:\/\/realites.com.tn\/fr\/author\/ma2025\/\"}]}<\/script>\n<!-- \/ Yoast SEO plugin. -->","yoast_head_json":{"title":"Tunisie : Le minist\u00e8re de l'\u00c9ducation fixe les dates de la rentr\u00e9e scolaire 2026-2027 - R\u00e9alit\u00e9s Magazine","description":"Le minist\u00e8re de l\u2019\u00c9ducation a officiellement rendu public le calendrier relatif au d\u00e9marrage de la nouvelle ann\u00e9e scolaire 2026-2027. Conform\u00e9ment aux","robots":{"index":"index","follow":"follow","max-snippet":"max-snippet:-1","max-image-preview":"max-image-preview:large","max-video-preview":"max-video-preview:-1"},"canonical":"https:\/\/realites.com.tn\/fr\/tunisie-le-ministere-de-leducation-fixe-les-dates-de-la-rentree-scolaire-2026-2027\/","og_locale":"fr_FR","og_type":"article","og_title":"Tunisie : Le minist\u00e8re de l'\u00c9ducation fixe les dates de la rentr\u00e9e scolaire 2026-2027 - R\u00e9alit\u00e9s Magazine","og_description":"Le minist\u00e8re de l\u2019\u00c9ducation a officiellement rendu public le calendrier relatif au d\u00e9marrage de la nouvelle ann\u00e9e scolaire 2026-2027. Conform\u00e9ment aux","og_url":"https:\/\/realites.com.tn\/fr\/tunisie-le-ministere-de-leducation-fixe-les-dates-de-la-rentree-scolaire-2026-2027\/","og_site_name":"R\u00e9alit\u00e9s Magazine","article_publisher":"https:\/\/www.facebook.com\/realites.tn\/","article_published_time":"2026-08-31T18:14:34+00:00","og_image":[{"width":700,"height":394,"url":"https:\/\/realites.com.tn\/fr\/wp-content\/uploads\/2021\/09\/Rentree-scolaire-decision.jpg","type":"image\/jpeg"}],"author":"M. A","twitter_card":"summary_large_image","twitter_misc":{"\u00c9crit par":"M. A","Dur\u00e9e de lecture estim\u00e9e":"2 minutes"},"schema":{"@context":"https:\/\/schema.org","@graph":[{"@type":"WebPage","@id":"https:\/\/realites.com.tn\/fr\/tunisie-le-ministere-de-leducation-fixe-les-dates-de-la-rentree-scolaire-2026-2027\/","url":"https:\/\/realites.com.tn\/fr\/tunisie-le-ministere-de-leducation-fixe-les-dates-de-la-rentree-scolaire-2026-2027\/","name":"Tunisie : Le minist\u00e8re de l'\u00c9ducation fixe les dates de la rentr\u00e9e scolaire 2026-2027 - R\u00e9alit\u00e9s Magazine","isPartOf":{"@id":"https:\/\/realites.com.tn\/fr\/#website"},"primaryImageOfPage":{"@id":"https:\/\/realites.com.tn\/fr\/tunisie-le-ministere-de-leducation-fixe-les-dates-de-la-rentree-scolaire-2026-2027\/#primaryimage"},"image":{"@id":"https:\/\/realites.com.tn\/fr\/tunisie-le-ministere-de-leducation-fixe-les-dates-de-la-rentree-scolaire-2026-2027\/#primaryimage"},"thumbnailUrl":"https:\/\/realites.com.tn\/fr\/wp-content\/uploads\/2021\/09\/Rentree-scolaire-decision.jpg","datePublished":"2026-08-31T18:14:34+00:00","author":{"@id":"https:\/\/realites.com.tn\/fr\/#\/schema\/person\/515fe3e54fbbc075df64dd746b52c530"},"description":"Le minist\u00e8re de l\u2019\u00c9ducation a officiellement rendu public le calendrier relatif au d\u00e9marrage de la nouvelle ann\u00e9e scolaire 2026-2027. Conform\u00e9ment aux","breadcrumb":{"@id":"https:\/\/realites.com.tn\/fr\/tunisie-le-ministere-de-leducation-fixe-les-dates-de-la-rentree-scolaire-2026-2027\/#breadcrumb"},"inLanguage":"fr-FR","potentialAction":[{"@type":"ReadAction","target":["https:\/\/realites.com.tn\/fr\/tunisie-le-ministere-de-leducation-fixe-les-dates-de-la-rentree-scolaire-2026-2027\/"]}]},{"@type":"ImageObject","inLanguage":"fr-FR","@id":"https:\/\/realites.com.tn\/fr\/tunisie-le-ministere-de-leducation-fixe-les-dates-de-la-rentree-scolaire-2026-2027\/#primaryimage","url":"https:\/\/realites.com.tn\/fr\/wp-content\/uploads\/2021\/09\/Rentree-scolaire-decision.jpg","contentUrl":"https:\/\/realites.com.tn\/fr\/wp-content\/uploads\/2021\/09\/Rentree-scolaire-decision.jpg","width":700,"height":394},{"@type":"BreadcrumbList","@id":"https:\/\/realites.com.tn\/fr\/tunisie-le-ministere-de-leducation-fixe-les-dates-de-la-rentree-scolaire-2026-2027\/#breadcrumb","itemListElement":[{"@type":"ListItem","position":1,"name":"Home","item":"https:\/\/realites.com.tn\/fr\/"},{"@type":"ListItem","position":2,"name":"Tunisie : Le minist\u00e8re de l&rsquo;\u00c9ducation fixe les dates de la rentr\u00e9e scolaire 2026-2027"}]},{"@type":"WebSite","@id":"https:\/\/realites.com.tn\/fr\/#website","url":"https:\/\/realites.com.tn\/fr\/","name":"R\u00e9alit\u00e9s Magazine","description":"Actualit\u00e9s de la Tunisie","potentialAction":[{"@type":"SearchAction","target":{"@type":"EntryPoint","urlTemplate":"https:\/\/realites.com.tn\/fr\/?s={search_term_string}"},"query-input":{"@type":"PropertyValueSpecification","valueRequired":true,"valueName":"search_term_string"}}],"inLanguage":"fr-FR"},{"@type":"Person","@id":"https:\/\/realites.com.tn\/fr\/#\/schema\/person\/515fe3e54fbbc075df64dd746b52c530","name":"M. A","image":{"@type":"ImageObject","inLanguage":"fr-FR","@id":"https:\/\/realites.com.tn\/fr\/#\/schema\/person\/image\/","url":"https:\/\/secure.gravatar.com\/avatar\/6cb0d0a36abd98854e1d819008d7569a?s=96&d=mm&r=g","contentUrl":"https:\/\/secure.gravatar.com\/avatar\/6cb0d0a36abd98854e1d819008d7569a?s=96&d=mm&r=g","caption":"M. A"},"url":"https:\/\/realites.com.tn\/fr\/author\/ma2025\/"}]}},"jetpack_featured_media_url":"https:\/\/realites.com.tn\/fr\/wp-content\/uploads\/2021\/09\/Rentree-scolaire-decision.jpg","jetpack_sharing_enabled":true,"views":3,"_links":{"self":[{"href":"https:\/\/realites.com.tn\/fr\/wp-json\/wp\/v2\/posts\/394854","targetHints":{"allow":["GET"]}}],"collection":[{"href":"https:\/\/realites.com.tn\/fr\/wp-json\/wp\/v2\/posts"}],"about":[{"href":"https:\/\/realites.com.tn\/fr\/wp-json\/wp\/v2\/types\/post"}],"author":[{"embeddable":true,"href":"https:\/\/realites.com.tn\/fr\/wp-json\/wp\/v2\/users\/145"}],"replies":[{"embeddable":true,"href":"https:\/\/realites.com.tn\/fr\/wp-json\/wp\/v2\/comments?post=394854"}],"version-history":[{"count":1,"href":"https:\/\/realites.com.tn\/fr\/wp-json\/wp\/v2\/posts\/394854\/revisions"}],"predecessor-version":[{"id":394858,"href":"https:\/\/realites.com.tn\/fr\/wp-json\/wp\/v2\/posts\/394854\/revisions\/394858"}],"wp:featuredmedia":[{"embeddable":true,"href":"https:\/\/realites.com.tn\/fr\/wp-json\/wp\/v2\/media\/218657"}],"wp:attachment":[{"href":"https:\/\/realites.com.tn\/fr\/wp-json\/wp\/v2\/media?parent=394854"}],"wp:term":[{"taxonomy":"category","embeddable":true,"href":"https:\/\/realites.com.tn\/fr\/wp-json\/wp\/v2\/categories?post=394854"},{"taxonomy":"post_tag","embeddable":true,"href":"https:\/\/realites.com.tn\/fr\/wp-json\/wp\/v2\/tags?post=394854"}],"curies":[{"name":"wp","href":"https:\/\/api.w.org\/{rel}","templated":true}]}}