{"id":394875,"date":"2026-08-31T22:11:58","date_gmt":"2026-08-31T21:11:58","guid":{"rendered":"https:\/\/realites.com.tn\/fr\/?p=394875"},"modified":"2026-08-31T22:11:58","modified_gmt":"2026-08-31T21:11:58","slug":"lors-dun-entretien-avec-le-chef-de-la-diplomatie-allemande-kais-saied-appelle-a-reviser-laccord-de-partenariat-avec-lue","status":"publish","type":"post","link":"https:\/\/realites.com.tn\/fr\/lors-dun-entretien-avec-le-chef-de-la-diplomatie-allemande-kais-saied-appelle-a-reviser-laccord-de-partenariat-avec-lue\/","title":{"rendered":"Lors d&rsquo;un entretien avec le chef de la diplomatie allemande : Ka\u00efs Sa\u00efed appelle \u00e0 r\u00e9viser l&rsquo;accord de partenariat avec l&rsquo;UE"},"content":{"rendered":"<div role=\"feed\" aria-label=\"Messages de la conversation\" aria-describedby=\"_r_82_\">\n<div>\n<div tabindex=\"0\" role=\"article\" aria-setsize=\"2\" aria-posinset=\"2\" aria-label=\"Message 2 sur 2\">\n<p dir=\"ltr\">Le pr\u00e9sident de la R\u00e9publique, Ka\u00efs Sa\u00efed, a insist\u00e9 sur la n\u00e9cessit\u00e9 de revoir plusieurs accords, en particulier l&rsquo;accord de partenariat conclu entre la Tunisie et l&rsquo;Union europ\u00e9enne, estimant que ce texte doit devenir \u00ab plus \u00e9quilibr\u00e9 et plus juste \u00bb.<\/p>\n<p dir=\"ltr\">Cette d\u00e9claration a \u00e9t\u00e9 faite lors de la r\u00e9ception, ce lundi au palais de Carthage, du ministre allemand des Affaires \u00e9trang\u00e8res, Johann Wadephul. L&rsquo;entretien a port\u00e9 sur les relations de coop\u00e9ration entre la Tunisie et l&rsquo;Allemagne, ainsi que sur plusieurs dossiers \u00e9conomiques et de d\u00e9veloppement.<\/p>\n<p dir=\"ltr\">Selon un communiqu\u00e9 de la pr\u00e9sidence de la R\u00e9publique, le chef de l&rsquo;\u00c9tat a soulign\u00e9 la profondeur des liens historiques unissant les deux pays, rappelant que l&rsquo;amiti\u00e9 tuniso-allemande remonte au XIXe si\u00e8cle et s&rsquo;est renforc\u00e9e apr\u00e8s l&rsquo;ind\u00e9pendance de la Tunisie, alors que les deux pays c\u00e9l\u00e8brent le soixante-dixi\u00e8me anniversaire de leurs relations diplomatiques.<\/p>\n<p dir=\"ltr\">La rencontre a \u00e9galement abord\u00e9 les domaines de coop\u00e9ration bilat\u00e9rale, notamment l&rsquo;enseignement sup\u00e9rieur, la recherche scientifique, la formation professionnelle, l&rsquo;\u00e9nergie et l&rsquo;innovation technologique. Sa\u00efed a r\u00e9affirm\u00e9 la volont\u00e9 de la Tunisie de renforcer davantage cette coop\u00e9ration dans ces secteurs.<\/p>\n<p dir=\"ltr\">Sur le dossier des pr\u00eats, le pr\u00e9sident a par ailleurs estim\u00e9 que le peuple tunisien n&rsquo;avait pas b\u00e9n\u00e9fici\u00e9 d&rsquo;une partie de ces financements, affirmant qu&rsquo;une portion importante des fonds avait \u00e9t\u00e9 \u00ab d\u00e9tourn\u00e9e de sa destination initiale \u00bb, selon ses propos \u2014 une situation qui, selon lui, a fait porter le poids de cette dette aux Tunisiens.<\/p>\n<p dir=\"ltr\">Enfin, Ka\u00efs Sa\u00efed a consid\u00e9r\u00e9 que l&rsquo;humanit\u00e9 traverse aujourd&rsquo;hui une nouvelle \u00e9tape de son histoire, n\u00e9cessitant, selon sa vision, l&rsquo;\u00e9laboration de nouvelles approches fond\u00e9es sur une pens\u00e9e diff\u00e9rente, affirmant que la stabilit\u00e9 et la s\u00e9curit\u00e9 ne peuvent \u00eatre atteintes que par une pens\u00e9e fond\u00e9e sur la libert\u00e9 et la justice.<\/p>\n<\/div>\n<\/div>\n<div aria-hidden=\"true\"><\/div>\n<\/div>\n<div>\n<div>\n<div>\n<div>\n<div><\/div>\n<\/div>\n<\/div>\n<\/div>\n<\/div>\n<div aria-hidden=\"true\"><\/div>\n<div aria-hidden=\"true\"><\/div>\n","protected":false},"excerpt":{"rendered":"<p>Le pr\u00e9sident de la R\u00e9publique, Ka\u00efs Sa\u00efed, a insist\u00e9 sur la n\u00e9cessit\u00e9 de revoir plusieurs accords, en particulier l&rsquo;accord de partenariat conclu entre la Tunisie et l&rsquo;Union europ\u00e9enne, estimant que&hellip;<\/p>\n","protected":false},"author":144,"featured_media":394876,"comment_status":"open","ping_status":"closed","sticky":false,"template":"","format":"standard","meta":{"_lmt_disableupdate":"","_lmt_disable":"","_jetpack_memberships_contains_paid_content":false,"footnotes":""},"categories":[3,5],"tags":[2702,3736,1717],"class_list":["post-394875","post","type-post","status-publish","format-standard","has-post-thumbnail","hentry","category-a-la-une","category-politique","tag-kais-saied","tag-realites-online","tag-union-europeenne"],"yoast_head":"<!-- This site is optimized with the Yoast SEO plugin v26.3 - https:\/\/yoast.com\/wordpress\/plugins\/seo\/ -->\n<title>Lors d&#039;un entretien avec le chef de la diplomatie allemande : Ka\u00efs Sa\u00efed appelle \u00e0 r\u00e9viser l&#039;accord de partenariat avec l&#039;UE - R\u00e9alit\u00e9s Magazine<\/title>\n<meta name=\"description\" content=\"Le pr\u00e9sident de la R\u00e9publique, Ka\u00efs Sa\u00efed, a insist\u00e9 sur la n\u00e9cessit\u00e9 de revoir plusieurs accords, en particulier l&#039;accord de partenariat conclu entre la\" \/>\n<meta name=\"robots\" content=\"index, follow, max-snippet:-1, max-image-preview:large, max-video-preview:-1\" \/>\n<link rel=\"canonical\" href=\"https:\/\/realites.com.tn\/fr\/lors-dun-entretien-avec-le-chef-de-la-diplomatie-allemande-kais-saied-appelle-a-reviser-laccord-de-partenariat-avec-lue\/\" \/>\n<meta property=\"og:locale\" content=\"fr_FR\" \/>\n<meta property=\"og:type\" content=\"article\" \/>\n<meta property=\"og:title\" content=\"Lors d&#039;un entretien avec le chef de la diplomatie allemande : Ka\u00efs Sa\u00efed appelle \u00e0 r\u00e9viser l&#039;accord de partenariat avec l&#039;UE - R\u00e9alit\u00e9s Magazine\" \/>\n<meta property=\"og:description\" content=\"Le pr\u00e9sident de la R\u00e9publique, Ka\u00efs Sa\u00efed, a insist\u00e9 sur la n\u00e9cessit\u00e9 de revoir plusieurs accords, en particulier l&#039;accord de partenariat conclu entre la\" \/>\n<meta property=\"og:url\" content=\"https:\/\/realites.com.tn\/fr\/lors-dun-entretien-avec-le-chef-de-la-diplomatie-allemande-kais-saied-appelle-a-reviser-laccord-de-partenariat-avec-lue\/\" \/>\n<meta property=\"og:site_name\" content=\"R\u00e9alit\u00e9s Magazine\" \/>\n<meta property=\"article:publisher\" content=\"https:\/\/www.facebook.com\/realites.tn\/\" \/>\n<meta property=\"article:published_time\" content=\"2026-08-31T21:11:58+00:00\" \/>\n<meta property=\"og:image\" content=\"https:\/\/realites.com.tn\/fr\/wp-content\/uploads\/2026\/08\/790572002_1534602988417248_577160646182840200_n.jpg\" \/>\n\t<meta property=\"og:image:width\" content=\"2048\" \/>\n\t<meta property=\"og:image:height\" content=\"1365\" \/>\n\t<meta property=\"og:image:type\" content=\"image\/jpeg\" \/>\n<meta name=\"author\" content=\"WKB\" \/>\n<meta name=\"twitter:card\" content=\"summary_large_image\" \/>\n<meta name=\"twitter:label1\" content=\"\u00c9crit par\" \/>\n\t<meta name=\"twitter:data1\" content=\"WKB\" \/>\n\t<meta name=\"twitter:label2\" content=\"Dur\u00e9e de lecture estim\u00e9e\" \/>\n\t<meta name=\"twitter:data2\" content=\"2 minutes\" \/>\n<script type=\"application\/ld+json\" class=\"yoast-schema-graph\">{\"@context\":\"https:\/\/schema.org\",\"@graph\":[{\"@type\":\"WebPage\",\"@id\":\"https:\/\/realites.com.tn\/fr\/lors-dun-entretien-avec-le-chef-de-la-diplomatie-allemande-kais-saied-appelle-a-reviser-laccord-de-partenariat-avec-lue\/\",\"url\":\"https:\/\/realites.com.tn\/fr\/lors-dun-entretien-avec-le-chef-de-la-diplomatie-allemande-kais-saied-appelle-a-reviser-laccord-de-partenariat-avec-lue\/\",\"name\":\"Lors d'un entretien avec le chef de la diplomatie allemande : Ka\u00efs Sa\u00efed appelle \u00e0 r\u00e9viser l'accord de partenariat avec l'UE - R\u00e9alit\u00e9s Magazine\",\"isPartOf\":{\"@id\":\"https:\/\/realites.com.tn\/fr\/#website\"},\"primaryImageOfPage\":{\"@id\":\"https:\/\/realites.com.tn\/fr\/lors-dun-entretien-avec-le-chef-de-la-diplomatie-allemande-kais-saied-appelle-a-reviser-laccord-de-partenariat-avec-lue\/#primaryimage\"},\"image\":{\"@id\":\"https:\/\/realites.com.tn\/fr\/lors-dun-entretien-avec-le-chef-de-la-diplomatie-allemande-kais-saied-appelle-a-reviser-laccord-de-partenariat-avec-lue\/#primaryimage\"},\"thumbnailUrl\":\"https:\/\/realites.com.tn\/fr\/wp-content\/uploads\/2026\/08\/790572002_1534602988417248_577160646182840200_n.jpg\",\"datePublished\":\"2026-08-31T21:11:58+00:00\",\"author\":{\"@id\":\"https:\/\/realites.com.tn\/fr\/#\/schema\/person\/3017fbbf260e8228acd3e8ebf0cdd37f\"},\"description\":\"Le pr\u00e9sident de la R\u00e9publique, Ka\u00efs Sa\u00efed, a insist\u00e9 sur la n\u00e9cessit\u00e9 de revoir plusieurs accords, en particulier l'accord de partenariat conclu entre la\",\"breadcrumb\":{\"@id\":\"https:\/\/realites.com.tn\/fr\/lors-dun-entretien-avec-le-chef-de-la-diplomatie-allemande-kais-saied-appelle-a-reviser-laccord-de-partenariat-avec-lue\/#breadcrumb\"},\"inLanguage\":\"fr-FR\",\"potentialAction\":[{\"@type\":\"ReadAction\",\"target\":[\"https:\/\/realites.com.tn\/fr\/lors-dun-entretien-avec-le-chef-de-la-diplomatie-allemande-kais-saied-appelle-a-reviser-laccord-de-partenariat-avec-lue\/\"]}]},{\"@type\":\"ImageObject\",\"inLanguage\":\"fr-FR\",\"@id\":\"https:\/\/realites.com.tn\/fr\/lors-dun-entretien-avec-le-chef-de-la-diplomatie-allemande-kais-saied-appelle-a-reviser-laccord-de-partenariat-avec-lue\/#primaryimage\",\"url\":\"https:\/\/realites.com.tn\/fr\/wp-content\/uploads\/2026\/08\/790572002_1534602988417248_577160646182840200_n.jpg\",\"contentUrl\":\"https:\/\/realites.com.tn\/fr\/wp-content\/uploads\/2026\/08\/790572002_1534602988417248_577160646182840200_n.jpg\",\"width\":2048,\"height\":1365},{\"@type\":\"BreadcrumbList\",\"@id\":\"https:\/\/realites.com.tn\/fr\/lors-dun-entretien-avec-le-chef-de-la-diplomatie-allemande-kais-saied-appelle-a-reviser-laccord-de-partenariat-avec-lue\/#breadcrumb\",\"itemListElement\":[{\"@type\":\"ListItem\",\"position\":1,\"name\":\"Home\",\"item\":\"https:\/\/realites.com.tn\/fr\/\"},{\"@type\":\"ListItem\",\"position\":2,\"name\":\"Lors d&rsquo;un entretien avec le chef de la diplomatie allemande : Ka\u00efs Sa\u00efed appelle \u00e0 r\u00e9viser l&rsquo;accord de partenariat avec l&rsquo;UE\"}]},{\"@type\":\"WebSite\",\"@id\":\"https:\/\/realites.com.tn\/fr\/#website\",\"url\":\"https:\/\/realites.com.tn\/fr\/\",\"name\":\"R\u00e9alit\u00e9s Magazine\",\"description\":\"Actualit\u00e9s de la Tunisie\",\"potentialAction\":[{\"@type\":\"SearchAction\",\"target\":{\"@type\":\"EntryPoint\",\"urlTemplate\":\"https:\/\/realites.com.tn\/fr\/?s={search_term_string}\"},\"query-input\":{\"@type\":\"PropertyValueSpecification\",\"valueRequired\":true,\"valueName\":\"search_term_string\"}}],\"inLanguage\":\"fr-FR\"},{\"@type\":\"Person\",\"@id\":\"https:\/\/realites.com.tn\/fr\/#\/schema\/person\/3017fbbf260e8228acd3e8ebf0cdd37f\",\"name\":\"WKB\",\"image\":{\"@type\":\"ImageObject\",\"inLanguage\":\"fr-FR\",\"@id\":\"https:\/\/realites.com.tn\/fr\/#\/schema\/person\/image\/\",\"url\":\"https:\/\/secure.gravatar.com\/avatar\/90f27863f4f5326a9b64d42421f4a20f?s=96&d=mm&r=g\",\"contentUrl\":\"https:\/\/secure.gravatar.com\/avatar\/90f27863f4f5326a9b64d42421f4a20f?s=96&d=mm&r=g\",\"caption\":\"WKB\"},\"url\":\"https:\/\/realites.com.tn\/fr\/author\/wkb2025\/\"}]}<\/script>\n<!-- \/ Yoast SEO plugin. -->","yoast_head_json":{"title":"Lors d'un entretien avec le chef de la diplomatie allemande : Ka\u00efs Sa\u00efed appelle \u00e0 r\u00e9viser l'accord de partenariat avec l'UE - R\u00e9alit\u00e9s Magazine","description":"Le pr\u00e9sident de la R\u00e9publique, Ka\u00efs Sa\u00efed, a insist\u00e9 sur la n\u00e9cessit\u00e9 de revoir plusieurs accords, en particulier l'accord de partenariat conclu entre la","robots":{"index":"index","follow":"follow","max-snippet":"max-snippet:-1","max-image-preview":"max-image-preview:large","max-video-preview":"max-video-preview:-1"},"canonical":"https:\/\/realites.com.tn\/fr\/lors-dun-entretien-avec-le-chef-de-la-diplomatie-allemande-kais-saied-appelle-a-reviser-laccord-de-partenariat-avec-lue\/","og_locale":"fr_FR","og_type":"article","og_title":"Lors d'un entretien avec le chef de la diplomatie allemande : Ka\u00efs Sa\u00efed appelle \u00e0 r\u00e9viser l'accord de partenariat avec l'UE - R\u00e9alit\u00e9s Magazine","og_description":"Le pr\u00e9sident de la R\u00e9publique, Ka\u00efs Sa\u00efed, a insist\u00e9 sur la n\u00e9cessit\u00e9 de revoir plusieurs accords, en particulier l'accord de partenariat conclu entre la","og_url":"https:\/\/realites.com.tn\/fr\/lors-dun-entretien-avec-le-chef-de-la-diplomatie-allemande-kais-saied-appelle-a-reviser-laccord-de-partenariat-avec-lue\/","og_site_name":"R\u00e9alit\u00e9s Magazine","article_publisher":"https:\/\/www.facebook.com\/realites.tn\/","article_published_time":"2026-08-31T21:11:58+00:00","og_image":[{"width":2048,"height":1365,"url":"https:\/\/realites.com.tn\/fr\/wp-content\/uploads\/2026\/08\/790572002_1534602988417248_577160646182840200_n.jpg","type":"image\/jpeg"}],"author":"WKB","twitter_card":"summary_large_image","twitter_misc":{"\u00c9crit par":"WKB","Dur\u00e9e de lecture estim\u00e9e":"2 minutes"},"schema":{"@context":"https:\/\/schema.org","@graph":[{"@type":"WebPage","@id":"https:\/\/realites.com.tn\/fr\/lors-dun-entretien-avec-le-chef-de-la-diplomatie-allemande-kais-saied-appelle-a-reviser-laccord-de-partenariat-avec-lue\/","url":"https:\/\/realites.com.tn\/fr\/lors-dun-entretien-avec-le-chef-de-la-diplomatie-allemande-kais-saied-appelle-a-reviser-laccord-de-partenariat-avec-lue\/","name":"Lors d'un entretien avec le chef de la diplomatie allemande : Ka\u00efs Sa\u00efed appelle \u00e0 r\u00e9viser l'accord de partenariat avec l'UE - R\u00e9alit\u00e9s Magazine","isPartOf":{"@id":"https:\/\/realites.com.tn\/fr\/#website"},"primaryImageOfPage":{"@id":"https:\/\/realites.com.tn\/fr\/lors-dun-entretien-avec-le-chef-de-la-diplomatie-allemande-kais-saied-appelle-a-reviser-laccord-de-partenariat-avec-lue\/#primaryimage"},"image":{"@id":"https:\/\/realites.com.tn\/fr\/lors-dun-entretien-avec-le-chef-de-la-diplomatie-allemande-kais-saied-appelle-a-reviser-laccord-de-partenariat-avec-lue\/#primaryimage"},"thumbnailUrl":"https:\/\/realites.com.tn\/fr\/wp-content\/uploads\/2026\/08\/790572002_1534602988417248_577160646182840200_n.jpg","datePublished":"2026-08-31T21:11:58+00:00","author":{"@id":"https:\/\/realites.com.tn\/fr\/#\/schema\/person\/3017fbbf260e8228acd3e8ebf0cdd37f"},"description":"Le pr\u00e9sident de la R\u00e9publique, Ka\u00efs Sa\u00efed, a insist\u00e9 sur la n\u00e9cessit\u00e9 de revoir plusieurs accords, en particulier l'accord de partenariat conclu entre la","breadcrumb":{"@id":"https:\/\/realites.com.tn\/fr\/lors-dun-entretien-avec-le-chef-de-la-diplomatie-allemande-kais-saied-appelle-a-reviser-laccord-de-partenariat-avec-lue\/#breadcrumb"},"inLanguage":"fr-FR","potentialAction":[{"@type":"ReadAction","target":["https:\/\/realites.com.tn\/fr\/lors-dun-entretien-avec-le-chef-de-la-diplomatie-allemande-kais-saied-appelle-a-reviser-laccord-de-partenariat-avec-lue\/"]}]},{"@type":"ImageObject","inLanguage":"fr-FR","@id":"https:\/\/realites.com.tn\/fr\/lors-dun-entretien-avec-le-chef-de-la-diplomatie-allemande-kais-saied-appelle-a-reviser-laccord-de-partenariat-avec-lue\/#primaryimage","url":"https:\/\/realites.com.tn\/fr\/wp-content\/uploads\/2026\/08\/790572002_1534602988417248_577160646182840200_n.jpg","contentUrl":"https:\/\/realites.com.tn\/fr\/wp-content\/uploads\/2026\/08\/790572002_1534602988417248_577160646182840200_n.jpg","width":2048,"height":1365},{"@type":"BreadcrumbList","@id":"https:\/\/realites.com.tn\/fr\/lors-dun-entretien-avec-le-chef-de-la-diplomatie-allemande-kais-saied-appelle-a-reviser-laccord-de-partenariat-avec-lue\/#breadcrumb","itemListElement":[{"@type":"ListItem","position":1,"name":"Home","item":"https:\/\/realites.com.tn\/fr\/"},{"@type":"ListItem","position":2,"name":"Lors d&rsquo;un entretien avec le chef de la diplomatie allemande : Ka\u00efs Sa\u00efed appelle \u00e0 r\u00e9viser l&rsquo;accord de partenariat avec l&rsquo;UE"}]},{"@type":"WebSite","@id":"https:\/\/realites.com.tn\/fr\/#website","url":"https:\/\/realites.com.tn\/fr\/","name":"R\u00e9alit\u00e9s Magazine","description":"Actualit\u00e9s de la Tunisie","potentialAction":[{"@type":"SearchAction","target":{"@type":"EntryPoint","urlTemplate":"https:\/\/realites.com.tn\/fr\/?s={search_term_string}"},"query-input":{"@type":"PropertyValueSpecification","valueRequired":true,"valueName":"search_term_string"}}],"inLanguage":"fr-FR"},{"@type":"Person","@id":"https:\/\/realites.com.tn\/fr\/#\/schema\/person\/3017fbbf260e8228acd3e8ebf0cdd37f","name":"WKB","image":{"@type":"ImageObject","inLanguage":"fr-FR","@id":"https:\/\/realites.com.tn\/fr\/#\/schema\/person\/image\/","url":"https:\/\/secure.gravatar.com\/avatar\/90f27863f4f5326a9b64d42421f4a20f?s=96&d=mm&r=g","contentUrl":"https:\/\/secure.gravatar.com\/avatar\/90f27863f4f5326a9b64d42421f4a20f?s=96&d=mm&r=g","caption":"WKB"},"url":"https:\/\/realites.com.tn\/fr\/author\/wkb2025\/"}]}},"jetpack_featured_media_url":"https:\/\/realites.com.tn\/fr\/wp-content\/uploads\/2026\/08\/790572002_1534602988417248_577160646182840200_n.jpg","jetpack_sharing_enabled":true,"views":2,"_links":{"self":[{"href":"https:\/\/realites.com.tn\/fr\/wp-json\/wp\/v2\/posts\/394875","targetHints":{"allow":["GET"]}}],"collection":[{"href":"https:\/\/realites.com.tn\/fr\/wp-json\/wp\/v2\/posts"}],"about":[{"href":"https:\/\/realites.com.tn\/fr\/wp-json\/wp\/v2\/types\/post"}],"author":[{"embeddable":true,"href":"https:\/\/realites.com.tn\/fr\/wp-json\/wp\/v2\/users\/144"}],"replies":[{"embeddable":true,"href":"https:\/\/realites.com.tn\/fr\/wp-json\/wp\/v2\/comments?post=394875"}],"version-history":[{"count":1,"href":"https:\/\/realites.com.tn\/fr\/wp-json\/wp\/v2\/posts\/394875\/revisions"}],"predecessor-version":[{"id":394877,"href":"https:\/\/realites.com.tn\/fr\/wp-json\/wp\/v2\/posts\/394875\/revisions\/394877"}],"wp:featuredmedia":[{"embeddable":true,"href":"https:\/\/realites.com.tn\/fr\/wp-json\/wp\/v2\/media\/394876"}],"wp:attachment":[{"href":"https:\/\/realites.com.tn\/fr\/wp-json\/wp\/v2\/media?parent=394875"}],"wp:term":[{"taxonomy":"category","embeddable":true,"href":"https:\/\/realites.com.tn\/fr\/wp-json\/wp\/v2\/categories?post=394875"},{"taxonomy":"post_tag","embeddable":true,"href":"https:\/\/realites.com.tn\/fr\/wp-json\/wp\/v2\/tags?post=394875"}],"curies":[{"name":"wp","href":"https:\/\/api.w.org\/{rel}","templated":true}]}}