{"id":394878,"date":"2026-09-01T13:06:18","date_gmt":"2026-09-01T12:06:18","guid":{"rendered":"https:\/\/realites.com.tn\/fr\/?p=394878"},"modified":"2026-09-01T13:06:18","modified_gmt":"2026-09-01T12:06:18","slug":"tunisie-un-an-et-demi-de-prison-pour-lactiviste-seifeddine-arfaoui","status":"publish","type":"post","link":"https:\/\/realites.com.tn\/fr\/tunisie-un-an-et-demi-de-prison-pour-lactiviste-seifeddine-arfaoui\/","title":{"rendered":"Tunisie : un an et demi de prison pour l\u2019activiste Seifeddine Arfaoui"},"content":{"rendered":"<div class=\"flex max-w-full flex-col gap-4 grow\">\n<div class=\"min-h-8 text-message relative flex w-full flex-col items-end gap-2 text-start break-words whitespace-normal outline-none keyboard-focused:focus-ring [.text-message+&amp;]:mt-1\" dir=\"auto\" tabindex=\"0\" data-message-author-role=\"assistant\" data-message-id=\"8891f5bb-2b20-4bed-af2c-397ac6b8be59\" data-message-model-slug=\"gpt-5-6\" data-turn-start-message=\"true\">\n<div class=\"flex w-full flex-col gap-1 empty:hidden\">\n<div class=\"markdown prose dark:prose-invert wrap-break-word w-full light markdown-new-styling\">\n<p data-start=\"75\" data-end=\"315\">La chambre correctionnelle estivale du Tribunal de premi\u00e8re instance de Tunis a condamn\u00e9, hier, en premi\u00e8re instance et en sa pr\u00e9sence, l\u2019activiste et membre du mouvement \u00ab Nafas \u00bb, Seifeddine Arfaoui, \u00e0 un an et six mois de prison.<\/p>\n<p data-start=\"317\" data-end=\"544\">Le minist\u00e8re public pr\u00e8s le Tribunal de premi\u00e8re instance de Tunis avait auparavant \u00e9mis \u00e0 son encontre un mandat de d\u00e9p\u00f4t, avant de le renvoyer, en \u00e9tat d\u2019arrestation, devant la chambre correctionnelle estivale pour \u00eatre jug\u00e9.<\/p>\n<p data-start=\"546\" data-end=\"775\" data-is-last-node=\"\" data-is-only-node=\"\">Cette affaire concerne des publications diffus\u00e9es sur le r\u00e9seau social Facebook, dans lesquelles figuraient des slogans jug\u00e9s offensants, scand\u00e9s lors d\u2019une manifestation organis\u00e9e au centre-ville de Tunis le 20 ao\u00fbt dernier.<\/p>\n<\/div>\n<\/div>\n<\/div>\n<\/div>\n<div class=\"z-0 flex min-h-[46px] justify-start\"><\/div>\n<div class=\"pointer-events-none -mb-px h-px w-full opacity-0\" aria-hidden=\"true\"><\/div>\n","protected":false},"excerpt":{"rendered":"<p>La chambre correctionnelle estivale du Tribunal de premi\u00e8re instance de Tunis a condamn\u00e9, hier, en premi\u00e8re instance et en sa pr\u00e9sence, l\u2019activiste et membre du mouvement \u00ab Nafas \u00bb, Seifeddine&hellip;<\/p>\n","protected":false},"author":145,"featured_media":351857,"comment_status":"open","ping_status":"closed","sticky":false,"template":"","format":"standard","meta":{"_lmt_disableupdate":"","_lmt_disable":"","_jetpack_memberships_contains_paid_content":false,"footnotes":""},"categories":[4,5],"tags":[11679],"class_list":["post-394878","post","type-post","status-publish","format-standard","has-post-thumbnail","hentry","category-actualites","category-politique","tag-seifeddine-arfaoui"],"yoast_head":"<!-- This site is optimized with the Yoast SEO plugin v26.3 - https:\/\/yoast.com\/wordpress\/plugins\/seo\/ -->\n<title>Tunisie : un an et demi de prison pour l\u2019activiste Seifeddine Arfaoui - R\u00e9alit\u00e9s Magazine<\/title>\n<meta name=\"description\" content=\"La chambre correctionnelle estivale du Tribunal de premi\u00e8re instance de Tunis a condamn\u00e9, hier, en premi\u00e8re instance et en sa pr\u00e9sence, l\u2019activiste et\" \/>\n<meta name=\"robots\" content=\"index, follow, max-snippet:-1, max-image-preview:large, max-video-preview:-1\" \/>\n<link rel=\"canonical\" href=\"https:\/\/realites.com.tn\/fr\/tunisie-un-an-et-demi-de-prison-pour-lactiviste-seifeddine-arfaoui\/\" \/>\n<meta property=\"og:locale\" content=\"fr_FR\" \/>\n<meta property=\"og:type\" content=\"article\" \/>\n<meta property=\"og:title\" content=\"Tunisie : un an et demi de prison pour l\u2019activiste Seifeddine Arfaoui - R\u00e9alit\u00e9s Magazine\" \/>\n<meta property=\"og:description\" content=\"La chambre correctionnelle estivale du Tribunal de premi\u00e8re instance de Tunis a condamn\u00e9, hier, en premi\u00e8re instance et en sa pr\u00e9sence, l\u2019activiste et\" \/>\n<meta property=\"og:url\" content=\"https:\/\/realites.com.tn\/fr\/tunisie-un-an-et-demi-de-prison-pour-lactiviste-seifeddine-arfaoui\/\" \/>\n<meta property=\"og:site_name\" content=\"R\u00e9alit\u00e9s Magazine\" \/>\n<meta property=\"article:publisher\" content=\"https:\/\/www.facebook.com\/realites.tn\/\" \/>\n<meta property=\"article:published_time\" content=\"2026-09-01T12:06:18+00:00\" \/>\n<meta property=\"og:image\" content=\"https:\/\/realites.com.tn\/fr\/wp-content\/uploads\/2025\/03\/justice.jpg\" \/>\n\t<meta property=\"og:image:width\" content=\"1024\" \/>\n\t<meta property=\"og:image:height\" content=\"576\" \/>\n\t<meta property=\"og:image:type\" content=\"image\/jpeg\" \/>\n<meta name=\"author\" content=\"M. A\" \/>\n<meta name=\"twitter:card\" content=\"summary_large_image\" \/>\n<meta name=\"twitter:label1\" content=\"\u00c9crit par\" \/>\n\t<meta name=\"twitter:data1\" content=\"M. A\" \/>\n\t<meta name=\"twitter:label2\" content=\"Dur\u00e9e de lecture estim\u00e9e\" \/>\n\t<meta name=\"twitter:data2\" content=\"1 minute\" \/>\n<script type=\"application\/ld+json\" class=\"yoast-schema-graph\">{\"@context\":\"https:\/\/schema.org\",\"@graph\":[{\"@type\":\"WebPage\",\"@id\":\"https:\/\/realites.com.tn\/fr\/tunisie-un-an-et-demi-de-prison-pour-lactiviste-seifeddine-arfaoui\/\",\"url\":\"https:\/\/realites.com.tn\/fr\/tunisie-un-an-et-demi-de-prison-pour-lactiviste-seifeddine-arfaoui\/\",\"name\":\"Tunisie : un an et demi de prison pour l\u2019activiste Seifeddine Arfaoui - R\u00e9alit\u00e9s Magazine\",\"isPartOf\":{\"@id\":\"https:\/\/realites.com.tn\/fr\/#website\"},\"primaryImageOfPage\":{\"@id\":\"https:\/\/realites.com.tn\/fr\/tunisie-un-an-et-demi-de-prison-pour-lactiviste-seifeddine-arfaoui\/#primaryimage\"},\"image\":{\"@id\":\"https:\/\/realites.com.tn\/fr\/tunisie-un-an-et-demi-de-prison-pour-lactiviste-seifeddine-arfaoui\/#primaryimage\"},\"thumbnailUrl\":\"https:\/\/realites.com.tn\/fr\/wp-content\/uploads\/2025\/03\/justice.jpg\",\"datePublished\":\"2026-09-01T12:06:18+00:00\",\"author\":{\"@id\":\"https:\/\/realites.com.tn\/fr\/#\/schema\/person\/515fe3e54fbbc075df64dd746b52c530\"},\"description\":\"La chambre correctionnelle estivale du Tribunal de premi\u00e8re instance de Tunis a condamn\u00e9, hier, en premi\u00e8re instance et en sa pr\u00e9sence, l\u2019activiste et\",\"breadcrumb\":{\"@id\":\"https:\/\/realites.com.tn\/fr\/tunisie-un-an-et-demi-de-prison-pour-lactiviste-seifeddine-arfaoui\/#breadcrumb\"},\"inLanguage\":\"fr-FR\",\"potentialAction\":[{\"@type\":\"ReadAction\",\"target\":[\"https:\/\/realites.com.tn\/fr\/tunisie-un-an-et-demi-de-prison-pour-lactiviste-seifeddine-arfaoui\/\"]}]},{\"@type\":\"ImageObject\",\"inLanguage\":\"fr-FR\",\"@id\":\"https:\/\/realites.com.tn\/fr\/tunisie-un-an-et-demi-de-prison-pour-lactiviste-seifeddine-arfaoui\/#primaryimage\",\"url\":\"https:\/\/realites.com.tn\/fr\/wp-content\/uploads\/2025\/03\/justice.jpg\",\"contentUrl\":\"https:\/\/realites.com.tn\/fr\/wp-content\/uploads\/2025\/03\/justice.jpg\",\"width\":1024,\"height\":576},{\"@type\":\"BreadcrumbList\",\"@id\":\"https:\/\/realites.com.tn\/fr\/tunisie-un-an-et-demi-de-prison-pour-lactiviste-seifeddine-arfaoui\/#breadcrumb\",\"itemListElement\":[{\"@type\":\"ListItem\",\"position\":1,\"name\":\"Home\",\"item\":\"https:\/\/realites.com.tn\/fr\/\"},{\"@type\":\"ListItem\",\"position\":2,\"name\":\"Tunisie : un an et demi de prison pour l\u2019activiste Seifeddine Arfaoui\"}]},{\"@type\":\"WebSite\",\"@id\":\"https:\/\/realites.com.tn\/fr\/#website\",\"url\":\"https:\/\/realites.com.tn\/fr\/\",\"name\":\"R\u00e9alit\u00e9s Magazine\",\"description\":\"Actualit\u00e9s de la Tunisie\",\"potentialAction\":[{\"@type\":\"SearchAction\",\"target\":{\"@type\":\"EntryPoint\",\"urlTemplate\":\"https:\/\/realites.com.tn\/fr\/?s={search_term_string}\"},\"query-input\":{\"@type\":\"PropertyValueSpecification\",\"valueRequired\":true,\"valueName\":\"search_term_string\"}}],\"inLanguage\":\"fr-FR\"},{\"@type\":\"Person\",\"@id\":\"https:\/\/realites.com.tn\/fr\/#\/schema\/person\/515fe3e54fbbc075df64dd746b52c530\",\"name\":\"M. A\",\"image\":{\"@type\":\"ImageObject\",\"inLanguage\":\"fr-FR\",\"@id\":\"https:\/\/realites.com.tn\/fr\/#\/schema\/person\/image\/\",\"url\":\"https:\/\/secure.gravatar.com\/avatar\/6cb0d0a36abd98854e1d819008d7569a?s=96&d=mm&r=g\",\"contentUrl\":\"https:\/\/secure.gravatar.com\/avatar\/6cb0d0a36abd98854e1d819008d7569a?s=96&d=mm&r=g\",\"caption\":\"M. A\"},\"url\":\"https:\/\/realites.com.tn\/fr\/author\/ma2025\/\"}]}<\/script>\n<!-- \/ Yoast SEO plugin. -->","yoast_head_json":{"title":"Tunisie : un an et demi de prison pour l\u2019activiste Seifeddine Arfaoui - R\u00e9alit\u00e9s Magazine","description":"La chambre correctionnelle estivale du Tribunal de premi\u00e8re instance de Tunis a condamn\u00e9, hier, en premi\u00e8re instance et en sa pr\u00e9sence, l\u2019activiste et","robots":{"index":"index","follow":"follow","max-snippet":"max-snippet:-1","max-image-preview":"max-image-preview:large","max-video-preview":"max-video-preview:-1"},"canonical":"https:\/\/realites.com.tn\/fr\/tunisie-un-an-et-demi-de-prison-pour-lactiviste-seifeddine-arfaoui\/","og_locale":"fr_FR","og_type":"article","og_title":"Tunisie : un an et demi de prison pour l\u2019activiste Seifeddine Arfaoui - R\u00e9alit\u00e9s Magazine","og_description":"La chambre correctionnelle estivale du Tribunal de premi\u00e8re instance de Tunis a condamn\u00e9, hier, en premi\u00e8re instance et en sa pr\u00e9sence, l\u2019activiste et","og_url":"https:\/\/realites.com.tn\/fr\/tunisie-un-an-et-demi-de-prison-pour-lactiviste-seifeddine-arfaoui\/","og_site_name":"R\u00e9alit\u00e9s Magazine","article_publisher":"https:\/\/www.facebook.com\/realites.tn\/","article_published_time":"2026-09-01T12:06:18+00:00","og_image":[{"width":1024,"height":576,"url":"https:\/\/realites.com.tn\/fr\/wp-content\/uploads\/2025\/03\/justice.jpg","type":"image\/jpeg"}],"author":"M. A","twitter_card":"summary_large_image","twitter_misc":{"\u00c9crit par":"M. A","Dur\u00e9e de lecture estim\u00e9e":"1 minute"},"schema":{"@context":"https:\/\/schema.org","@graph":[{"@type":"WebPage","@id":"https:\/\/realites.com.tn\/fr\/tunisie-un-an-et-demi-de-prison-pour-lactiviste-seifeddine-arfaoui\/","url":"https:\/\/realites.com.tn\/fr\/tunisie-un-an-et-demi-de-prison-pour-lactiviste-seifeddine-arfaoui\/","name":"Tunisie : un an et demi de prison pour l\u2019activiste Seifeddine Arfaoui - R\u00e9alit\u00e9s Magazine","isPartOf":{"@id":"https:\/\/realites.com.tn\/fr\/#website"},"primaryImageOfPage":{"@id":"https:\/\/realites.com.tn\/fr\/tunisie-un-an-et-demi-de-prison-pour-lactiviste-seifeddine-arfaoui\/#primaryimage"},"image":{"@id":"https:\/\/realites.com.tn\/fr\/tunisie-un-an-et-demi-de-prison-pour-lactiviste-seifeddine-arfaoui\/#primaryimage"},"thumbnailUrl":"https:\/\/realites.com.tn\/fr\/wp-content\/uploads\/2025\/03\/justice.jpg","datePublished":"2026-09-01T12:06:18+00:00","author":{"@id":"https:\/\/realites.com.tn\/fr\/#\/schema\/person\/515fe3e54fbbc075df64dd746b52c530"},"description":"La chambre correctionnelle estivale du Tribunal de premi\u00e8re instance de Tunis a condamn\u00e9, hier, en premi\u00e8re instance et en sa pr\u00e9sence, l\u2019activiste et","breadcrumb":{"@id":"https:\/\/realites.com.tn\/fr\/tunisie-un-an-et-demi-de-prison-pour-lactiviste-seifeddine-arfaoui\/#breadcrumb"},"inLanguage":"fr-FR","potentialAction":[{"@type":"ReadAction","target":["https:\/\/realites.com.tn\/fr\/tunisie-un-an-et-demi-de-prison-pour-lactiviste-seifeddine-arfaoui\/"]}]},{"@type":"ImageObject","inLanguage":"fr-FR","@id":"https:\/\/realites.com.tn\/fr\/tunisie-un-an-et-demi-de-prison-pour-lactiviste-seifeddine-arfaoui\/#primaryimage","url":"https:\/\/realites.com.tn\/fr\/wp-content\/uploads\/2025\/03\/justice.jpg","contentUrl":"https:\/\/realites.com.tn\/fr\/wp-content\/uploads\/2025\/03\/justice.jpg","width":1024,"height":576},{"@type":"BreadcrumbList","@id":"https:\/\/realites.com.tn\/fr\/tunisie-un-an-et-demi-de-prison-pour-lactiviste-seifeddine-arfaoui\/#breadcrumb","itemListElement":[{"@type":"ListItem","position":1,"name":"Home","item":"https:\/\/realites.com.tn\/fr\/"},{"@type":"ListItem","position":2,"name":"Tunisie : un an et demi de prison pour l\u2019activiste Seifeddine Arfaoui"}]},{"@type":"WebSite","@id":"https:\/\/realites.com.tn\/fr\/#website","url":"https:\/\/realites.com.tn\/fr\/","name":"R\u00e9alit\u00e9s Magazine","description":"Actualit\u00e9s de la Tunisie","potentialAction":[{"@type":"SearchAction","target":{"@type":"EntryPoint","urlTemplate":"https:\/\/realites.com.tn\/fr\/?s={search_term_string}"},"query-input":{"@type":"PropertyValueSpecification","valueRequired":true,"valueName":"search_term_string"}}],"inLanguage":"fr-FR"},{"@type":"Person","@id":"https:\/\/realites.com.tn\/fr\/#\/schema\/person\/515fe3e54fbbc075df64dd746b52c530","name":"M. A","image":{"@type":"ImageObject","inLanguage":"fr-FR","@id":"https:\/\/realites.com.tn\/fr\/#\/schema\/person\/image\/","url":"https:\/\/secure.gravatar.com\/avatar\/6cb0d0a36abd98854e1d819008d7569a?s=96&d=mm&r=g","contentUrl":"https:\/\/secure.gravatar.com\/avatar\/6cb0d0a36abd98854e1d819008d7569a?s=96&d=mm&r=g","caption":"M. A"},"url":"https:\/\/realites.com.tn\/fr\/author\/ma2025\/"}]}},"jetpack_featured_media_url":"https:\/\/realites.com.tn\/fr\/wp-content\/uploads\/2025\/03\/justice.jpg","jetpack_sharing_enabled":true,"views":34,"_links":{"self":[{"href":"https:\/\/realites.com.tn\/fr\/wp-json\/wp\/v2\/posts\/394878","targetHints":{"allow":["GET"]}}],"collection":[{"href":"https:\/\/realites.com.tn\/fr\/wp-json\/wp\/v2\/posts"}],"about":[{"href":"https:\/\/realites.com.tn\/fr\/wp-json\/wp\/v2\/types\/post"}],"author":[{"embeddable":true,"href":"https:\/\/realites.com.tn\/fr\/wp-json\/wp\/v2\/users\/145"}],"replies":[{"embeddable":true,"href":"https:\/\/realites.com.tn\/fr\/wp-json\/wp\/v2\/comments?post=394878"}],"version-history":[{"count":1,"href":"https:\/\/realites.com.tn\/fr\/wp-json\/wp\/v2\/posts\/394878\/revisions"}],"predecessor-version":[{"id":394879,"href":"https:\/\/realites.com.tn\/fr\/wp-json\/wp\/v2\/posts\/394878\/revisions\/394879"}],"wp:featuredmedia":[{"embeddable":true,"href":"https:\/\/realites.com.tn\/fr\/wp-json\/wp\/v2\/media\/351857"}],"wp:attachment":[{"href":"https:\/\/realites.com.tn\/fr\/wp-json\/wp\/v2\/media?parent=394878"}],"wp:term":[{"taxonomy":"category","embeddable":true,"href":"https:\/\/realites.com.tn\/fr\/wp-json\/wp\/v2\/categories?post=394878"},{"taxonomy":"post_tag","embeddable":true,"href":"https:\/\/realites.com.tn\/fr\/wp-json\/wp\/v2\/tags?post=394878"}],"curies":[{"name":"wp","href":"https:\/\/api.w.org\/{rel}","templated":true}]}}