{"id":394882,"date":"2026-09-01T13:33:02","date_gmt":"2026-09-01T12:33:02","guid":{"rendered":"https:\/\/realites.com.tn\/fr\/?p=394882"},"modified":"2026-09-01T13:33:02","modified_gmt":"2026-09-01T12:33:02","slug":"le-snjt-appelle-a-une-presse-de-service-public-centree-sur-les-preoccupations-des-citoyens","status":"publish","type":"post","link":"https:\/\/realites.com.tn\/fr\/le-snjt-appelle-a-une-presse-de-service-public-centree-sur-les-preoccupations-des-citoyens\/","title":{"rendered":"Le SNJT appelle \u00e0 une \u00ab presse de service public \u00bb centr\u00e9e sur les pr\u00e9occupations des citoyens"},"content":{"rendered":"<p class=\"isSelectedEnd\">Le Syndicat national des journalistes tunisiens (SNJT) a appel\u00e9, dans un communiqu\u00e9 publi\u00e9 mardi 1er septembre 2026, les m\u00e9dias tunisiens \u00e0 renforcer leur couverture des probl\u00e9matiques qui affectent directement le quotidien des citoyens.<\/p>\n<p class=\"isSelectedEnd\">Le syndicat cite notamment les perturbations dans l\u2019approvisionnement en eau et en \u00e9lectricit\u00e9, la hausse du co\u00fbt de la vie, les difficult\u00e9s d\u2019acc\u00e8s aux services de sant\u00e9, les \u00e9pisodes de chaleur ainsi que les p\u00e9nuries ou perturbations touchant certains produits et services essentiels.<\/p>\n<p class=\"isSelectedEnd\">Le SNJT estime que le r\u00f4le des m\u00e9dias ne doit pas se limiter \u00e0 relayer les coupures, les r\u00e9clamations ou les d\u00e9clarations officielles, mais doit permettre de comprendre les causes des dysfonctionnements, d\u2019identifier les responsabilit\u00e9s institutionnelles et de suivre les solutions annonc\u00e9es jusqu\u2019\u00e0 leur concr\u00e9tisation.<\/p>\n<p class=\"isSelectedEnd\">Il appelle ainsi les m\u00e9dias \u00e0 privil\u00e9gier les enqu\u00eates fond\u00e9es sur les donn\u00e9es, le journalisme explicatif et le suivi des services publics, tout en accordant une place centrale aux t\u00e9moignages des citoyens et aux r\u00e9alit\u00e9s v\u00e9cues dans les r\u00e9gions.<\/p>\n<p class=\"isSelectedEnd\">Le syndicat plaide \u00e9galement pour le d\u00e9veloppement du journalisme de solutions, sans transformer celui-ci en outil de promotion des politiques publiques, et insiste sur la n\u00e9cessit\u00e9 de pr\u00e9server l\u2019ind\u00e9pendance \u00e9ditoriale des journalistes.<\/p>\n<p>Pour le SNJT, la presse de service public ne saurait \u00eatre assimil\u00e9e \u00e0 une presse gouvernementale. Elle doit, au contraire, contribuer \u00e0 informer les citoyens, \u00e0 contr\u00f4ler l\u2019action des institutions et \u00e0 mettre en lumi\u00e8re les \u00e9carts entre les d\u00e9cisions annonc\u00e9es et leur mise en \u0153uvre.<br \/>\n<iframe style=\"border: none; overflow: hidden;\" src=\"https:\/\/www.facebook.com\/plugins\/post.php?href=https%3A%2F%2Fwww.facebook.com%2Fsnjt.tunisie%2Fposts%2Fpfbid032ThbbN6Bz26edq2ZAHSYPHv2JLCTZuRrsLDEHQT1Ky4ZooK1jAKzVKnpxTbXteFDl&amp;show_text=true&amp;width=500\" width=\"500\" height=\"634\" frameborder=\"0\" scrolling=\"no\" allowfullscreen=\"allowfullscreen\"><\/iframe><\/p>\n","protected":false},"excerpt":{"rendered":"<p>Le Syndicat national des journalistes tunisiens (SNJT) a appel\u00e9, dans un communiqu\u00e9 publi\u00e9 mardi 1er septembre 2026, les m\u00e9dias tunisiens \u00e0 renforcer leur couverture des probl\u00e9matiques qui affectent directement le&hellip;<\/p>\n","protected":false},"author":60,"featured_media":301317,"comment_status":"open","ping_status":"closed","sticky":false,"template":"","format":"standard","meta":{"_lmt_disableupdate":"","_lmt_disable":"","_jetpack_memberships_contains_paid_content":false,"footnotes":""},"categories":[4,9],"tags":[2412],"class_list":["post-394882","post","type-post","status-publish","format-standard","has-post-thumbnail","hentry","category-actualites","category-societe","tag-snjt"],"yoast_head":"<!-- This site is optimized with the Yoast SEO plugin v26.3 - https:\/\/yoast.com\/wordpress\/plugins\/seo\/ -->\n<title>Le SNJT appelle \u00e0 une \u00ab presse de service public \u00bb centr\u00e9e sur les pr\u00e9occupations des citoyens - R\u00e9alit\u00e9s Magazine<\/title>\n<meta name=\"description\" content=\"Le Syndicat national des journalistes tunisiens (SNJT) a appel\u00e9, dans un communiqu\u00e9 publi\u00e9 mardi 1er septembre 2026, les m\u00e9dias tunisiens \u00e0 renforcer leur\" \/>\n<meta name=\"robots\" content=\"index, follow, max-snippet:-1, max-image-preview:large, max-video-preview:-1\" \/>\n<link rel=\"canonical\" href=\"https:\/\/realites.com.tn\/fr\/le-snjt-appelle-a-une-presse-de-service-public-centree-sur-les-preoccupations-des-citoyens\/\" \/>\n<meta property=\"og:locale\" content=\"fr_FR\" \/>\n<meta property=\"og:type\" content=\"article\" \/>\n<meta property=\"og:title\" content=\"Le SNJT appelle \u00e0 une \u00ab presse de service public \u00bb centr\u00e9e sur les pr\u00e9occupations des citoyens - R\u00e9alit\u00e9s Magazine\" \/>\n<meta property=\"og:description\" content=\"Le Syndicat national des journalistes tunisiens (SNJT) a appel\u00e9, dans un communiqu\u00e9 publi\u00e9 mardi 1er septembre 2026, les m\u00e9dias tunisiens \u00e0 renforcer leur\" \/>\n<meta property=\"og:url\" content=\"https:\/\/realites.com.tn\/fr\/le-snjt-appelle-a-une-presse-de-service-public-centree-sur-les-preoccupations-des-citoyens\/\" \/>\n<meta property=\"og:site_name\" content=\"R\u00e9alit\u00e9s Magazine\" \/>\n<meta property=\"article:publisher\" content=\"https:\/\/www.facebook.com\/realites.tn\/\" \/>\n<meta property=\"article:published_time\" content=\"2026-09-01T12:33:02+00:00\" \/>\n<meta property=\"og:image\" content=\"https:\/\/realites.com.tn\/fr\/wp-content\/uploads\/2023\/10\/snjt1.jpg\" \/>\n\t<meta property=\"og:image:width\" content=\"720\" \/>\n\t<meta property=\"og:image:height\" content=\"405\" \/>\n\t<meta property=\"og:image:type\" content=\"image\/jpeg\" \/>\n<meta name=\"author\" content=\"La R\u00e9daction\" \/>\n<meta name=\"twitter:card\" content=\"summary_large_image\" \/>\n<meta name=\"twitter:label1\" content=\"\u00c9crit par\" \/>\n\t<meta name=\"twitter:data1\" content=\"La R\u00e9daction\" \/>\n\t<meta name=\"twitter:label2\" content=\"Dur\u00e9e de lecture estim\u00e9e\" \/>\n\t<meta name=\"twitter:data2\" content=\"2 minutes\" \/>\n<script type=\"application\/ld+json\" class=\"yoast-schema-graph\">{\"@context\":\"https:\/\/schema.org\",\"@graph\":[{\"@type\":\"WebPage\",\"@id\":\"https:\/\/realites.com.tn\/fr\/le-snjt-appelle-a-une-presse-de-service-public-centree-sur-les-preoccupations-des-citoyens\/\",\"url\":\"https:\/\/realites.com.tn\/fr\/le-snjt-appelle-a-une-presse-de-service-public-centree-sur-les-preoccupations-des-citoyens\/\",\"name\":\"Le SNJT appelle \u00e0 une \u00ab presse de service public \u00bb centr\u00e9e sur les pr\u00e9occupations des citoyens - R\u00e9alit\u00e9s Magazine\",\"isPartOf\":{\"@id\":\"https:\/\/realites.com.tn\/fr\/#website\"},\"primaryImageOfPage\":{\"@id\":\"https:\/\/realites.com.tn\/fr\/le-snjt-appelle-a-une-presse-de-service-public-centree-sur-les-preoccupations-des-citoyens\/#primaryimage\"},\"image\":{\"@id\":\"https:\/\/realites.com.tn\/fr\/le-snjt-appelle-a-une-presse-de-service-public-centree-sur-les-preoccupations-des-citoyens\/#primaryimage\"},\"thumbnailUrl\":\"https:\/\/realites.com.tn\/fr\/wp-content\/uploads\/2023\/10\/snjt1.jpg\",\"datePublished\":\"2026-09-01T12:33:02+00:00\",\"author\":{\"@id\":\"https:\/\/realites.com.tn\/fr\/#\/schema\/person\/438b71c29a257d955d96d8aef42336e7\"},\"description\":\"Le Syndicat national des journalistes tunisiens (SNJT) a appel\u00e9, dans un communiqu\u00e9 publi\u00e9 mardi 1er septembre 2026, les m\u00e9dias tunisiens \u00e0 renforcer leur\",\"breadcrumb\":{\"@id\":\"https:\/\/realites.com.tn\/fr\/le-snjt-appelle-a-une-presse-de-service-public-centree-sur-les-preoccupations-des-citoyens\/#breadcrumb\"},\"inLanguage\":\"fr-FR\",\"potentialAction\":[{\"@type\":\"ReadAction\",\"target\":[\"https:\/\/realites.com.tn\/fr\/le-snjt-appelle-a-une-presse-de-service-public-centree-sur-les-preoccupations-des-citoyens\/\"]}]},{\"@type\":\"ImageObject\",\"inLanguage\":\"fr-FR\",\"@id\":\"https:\/\/realites.com.tn\/fr\/le-snjt-appelle-a-une-presse-de-service-public-centree-sur-les-preoccupations-des-citoyens\/#primaryimage\",\"url\":\"https:\/\/realites.com.tn\/fr\/wp-content\/uploads\/2023\/10\/snjt1.jpg\",\"contentUrl\":\"https:\/\/realites.com.tn\/fr\/wp-content\/uploads\/2023\/10\/snjt1.jpg\",\"width\":720,\"height\":405},{\"@type\":\"BreadcrumbList\",\"@id\":\"https:\/\/realites.com.tn\/fr\/le-snjt-appelle-a-une-presse-de-service-public-centree-sur-les-preoccupations-des-citoyens\/#breadcrumb\",\"itemListElement\":[{\"@type\":\"ListItem\",\"position\":1,\"name\":\"Home\",\"item\":\"https:\/\/realites.com.tn\/fr\/\"},{\"@type\":\"ListItem\",\"position\":2,\"name\":\"Le SNJT appelle \u00e0 une \u00ab presse de service public \u00bb centr\u00e9e sur les pr\u00e9occupations des citoyens\"}]},{\"@type\":\"WebSite\",\"@id\":\"https:\/\/realites.com.tn\/fr\/#website\",\"url\":\"https:\/\/realites.com.tn\/fr\/\",\"name\":\"R\u00e9alit\u00e9s Magazine\",\"description\":\"Actualit\u00e9s de la Tunisie\",\"potentialAction\":[{\"@type\":\"SearchAction\",\"target\":{\"@type\":\"EntryPoint\",\"urlTemplate\":\"https:\/\/realites.com.tn\/fr\/?s={search_term_string}\"},\"query-input\":{\"@type\":\"PropertyValueSpecification\",\"valueRequired\":true,\"valueName\":\"search_term_string\"}}],\"inLanguage\":\"fr-FR\"},{\"@type\":\"Person\",\"@id\":\"https:\/\/realites.com.tn\/fr\/#\/schema\/person\/438b71c29a257d955d96d8aef42336e7\",\"name\":\"La R\u00e9daction\",\"image\":{\"@type\":\"ImageObject\",\"inLanguage\":\"fr-FR\",\"@id\":\"https:\/\/realites.com.tn\/fr\/#\/schema\/person\/image\/\",\"url\":\"https:\/\/secure.gravatar.com\/avatar\/fbe9ab25fcc82b6e660ad5648f91eadb?s=96&d=mm&r=g\",\"contentUrl\":\"https:\/\/secure.gravatar.com\/avatar\/fbe9ab25fcc82b6e660ad5648f91eadb?s=96&d=mm&r=g\",\"caption\":\"La R\u00e9daction\"},\"url\":\"https:\/\/realites.com.tn\/fr\/author\/realites5201\/\"}]}<\/script>\n<!-- \/ Yoast SEO plugin. -->","yoast_head_json":{"title":"Le SNJT appelle \u00e0 une \u00ab presse de service public \u00bb centr\u00e9e sur les pr\u00e9occupations des citoyens - R\u00e9alit\u00e9s Magazine","description":"Le Syndicat national des journalistes tunisiens (SNJT) a appel\u00e9, dans un communiqu\u00e9 publi\u00e9 mardi 1er septembre 2026, les m\u00e9dias tunisiens \u00e0 renforcer leur","robots":{"index":"index","follow":"follow","max-snippet":"max-snippet:-1","max-image-preview":"max-image-preview:large","max-video-preview":"max-video-preview:-1"},"canonical":"https:\/\/realites.com.tn\/fr\/le-snjt-appelle-a-une-presse-de-service-public-centree-sur-les-preoccupations-des-citoyens\/","og_locale":"fr_FR","og_type":"article","og_title":"Le SNJT appelle \u00e0 une \u00ab presse de service public \u00bb centr\u00e9e sur les pr\u00e9occupations des citoyens - R\u00e9alit\u00e9s Magazine","og_description":"Le Syndicat national des journalistes tunisiens (SNJT) a appel\u00e9, dans un communiqu\u00e9 publi\u00e9 mardi 1er septembre 2026, les m\u00e9dias tunisiens \u00e0 renforcer leur","og_url":"https:\/\/realites.com.tn\/fr\/le-snjt-appelle-a-une-presse-de-service-public-centree-sur-les-preoccupations-des-citoyens\/","og_site_name":"R\u00e9alit\u00e9s Magazine","article_publisher":"https:\/\/www.facebook.com\/realites.tn\/","article_published_time":"2026-09-01T12:33:02+00:00","og_image":[{"width":720,"height":405,"url":"https:\/\/realites.com.tn\/fr\/wp-content\/uploads\/2023\/10\/snjt1.jpg","type":"image\/jpeg"}],"author":"La R\u00e9daction","twitter_card":"summary_large_image","twitter_misc":{"\u00c9crit par":"La R\u00e9daction","Dur\u00e9e de lecture estim\u00e9e":"2 minutes"},"schema":{"@context":"https:\/\/schema.org","@graph":[{"@type":"WebPage","@id":"https:\/\/realites.com.tn\/fr\/le-snjt-appelle-a-une-presse-de-service-public-centree-sur-les-preoccupations-des-citoyens\/","url":"https:\/\/realites.com.tn\/fr\/le-snjt-appelle-a-une-presse-de-service-public-centree-sur-les-preoccupations-des-citoyens\/","name":"Le SNJT appelle \u00e0 une \u00ab presse de service public \u00bb centr\u00e9e sur les pr\u00e9occupations des citoyens - R\u00e9alit\u00e9s Magazine","isPartOf":{"@id":"https:\/\/realites.com.tn\/fr\/#website"},"primaryImageOfPage":{"@id":"https:\/\/realites.com.tn\/fr\/le-snjt-appelle-a-une-presse-de-service-public-centree-sur-les-preoccupations-des-citoyens\/#primaryimage"},"image":{"@id":"https:\/\/realites.com.tn\/fr\/le-snjt-appelle-a-une-presse-de-service-public-centree-sur-les-preoccupations-des-citoyens\/#primaryimage"},"thumbnailUrl":"https:\/\/realites.com.tn\/fr\/wp-content\/uploads\/2023\/10\/snjt1.jpg","datePublished":"2026-09-01T12:33:02+00:00","author":{"@id":"https:\/\/realites.com.tn\/fr\/#\/schema\/person\/438b71c29a257d955d96d8aef42336e7"},"description":"Le Syndicat national des journalistes tunisiens (SNJT) a appel\u00e9, dans un communiqu\u00e9 publi\u00e9 mardi 1er septembre 2026, les m\u00e9dias tunisiens \u00e0 renforcer leur","breadcrumb":{"@id":"https:\/\/realites.com.tn\/fr\/le-snjt-appelle-a-une-presse-de-service-public-centree-sur-les-preoccupations-des-citoyens\/#breadcrumb"},"inLanguage":"fr-FR","potentialAction":[{"@type":"ReadAction","target":["https:\/\/realites.com.tn\/fr\/le-snjt-appelle-a-une-presse-de-service-public-centree-sur-les-preoccupations-des-citoyens\/"]}]},{"@type":"ImageObject","inLanguage":"fr-FR","@id":"https:\/\/realites.com.tn\/fr\/le-snjt-appelle-a-une-presse-de-service-public-centree-sur-les-preoccupations-des-citoyens\/#primaryimage","url":"https:\/\/realites.com.tn\/fr\/wp-content\/uploads\/2023\/10\/snjt1.jpg","contentUrl":"https:\/\/realites.com.tn\/fr\/wp-content\/uploads\/2023\/10\/snjt1.jpg","width":720,"height":405},{"@type":"BreadcrumbList","@id":"https:\/\/realites.com.tn\/fr\/le-snjt-appelle-a-une-presse-de-service-public-centree-sur-les-preoccupations-des-citoyens\/#breadcrumb","itemListElement":[{"@type":"ListItem","position":1,"name":"Home","item":"https:\/\/realites.com.tn\/fr\/"},{"@type":"ListItem","position":2,"name":"Le SNJT appelle \u00e0 une \u00ab presse de service public \u00bb centr\u00e9e sur les pr\u00e9occupations des citoyens"}]},{"@type":"WebSite","@id":"https:\/\/realites.com.tn\/fr\/#website","url":"https:\/\/realites.com.tn\/fr\/","name":"R\u00e9alit\u00e9s Magazine","description":"Actualit\u00e9s de la Tunisie","potentialAction":[{"@type":"SearchAction","target":{"@type":"EntryPoint","urlTemplate":"https:\/\/realites.com.tn\/fr\/?s={search_term_string}"},"query-input":{"@type":"PropertyValueSpecification","valueRequired":true,"valueName":"search_term_string"}}],"inLanguage":"fr-FR"},{"@type":"Person","@id":"https:\/\/realites.com.tn\/fr\/#\/schema\/person\/438b71c29a257d955d96d8aef42336e7","name":"La R\u00e9daction","image":{"@type":"ImageObject","inLanguage":"fr-FR","@id":"https:\/\/realites.com.tn\/fr\/#\/schema\/person\/image\/","url":"https:\/\/secure.gravatar.com\/avatar\/fbe9ab25fcc82b6e660ad5648f91eadb?s=96&d=mm&r=g","contentUrl":"https:\/\/secure.gravatar.com\/avatar\/fbe9ab25fcc82b6e660ad5648f91eadb?s=96&d=mm&r=g","caption":"La R\u00e9daction"},"url":"https:\/\/realites.com.tn\/fr\/author\/realites5201\/"}]}},"jetpack_featured_media_url":"https:\/\/realites.com.tn\/fr\/wp-content\/uploads\/2023\/10\/snjt1.jpg","jetpack_sharing_enabled":true,"views":5,"_links":{"self":[{"href":"https:\/\/realites.com.tn\/fr\/wp-json\/wp\/v2\/posts\/394882","targetHints":{"allow":["GET"]}}],"collection":[{"href":"https:\/\/realites.com.tn\/fr\/wp-json\/wp\/v2\/posts"}],"about":[{"href":"https:\/\/realites.com.tn\/fr\/wp-json\/wp\/v2\/types\/post"}],"author":[{"embeddable":true,"href":"https:\/\/realites.com.tn\/fr\/wp-json\/wp\/v2\/users\/60"}],"replies":[{"embeddable":true,"href":"https:\/\/realites.com.tn\/fr\/wp-json\/wp\/v2\/comments?post=394882"}],"version-history":[{"count":2,"href":"https:\/\/realites.com.tn\/fr\/wp-json\/wp\/v2\/posts\/394882\/revisions"}],"predecessor-version":[{"id":394884,"href":"https:\/\/realites.com.tn\/fr\/wp-json\/wp\/v2\/posts\/394882\/revisions\/394884"}],"wp:featuredmedia":[{"embeddable":true,"href":"https:\/\/realites.com.tn\/fr\/wp-json\/wp\/v2\/media\/301317"}],"wp:attachment":[{"href":"https:\/\/realites.com.tn\/fr\/wp-json\/wp\/v2\/media?parent=394882"}],"wp:term":[{"taxonomy":"category","embeddable":true,"href":"https:\/\/realites.com.tn\/fr\/wp-json\/wp\/v2\/categories?post=394882"},{"taxonomy":"post_tag","embeddable":true,"href":"https:\/\/realites.com.tn\/fr\/wp-json\/wp\/v2\/tags?post=394882"}],"curies":[{"name":"wp","href":"https:\/\/api.w.org\/{rel}","templated":true}]}}