{"id":394891,"date":"2026-09-01T14:37:53","date_gmt":"2026-09-01T13:37:53","guid":{"rendered":"https:\/\/realites.com.tn\/fr\/?p=394891"},"modified":"2026-09-01T14:37:53","modified_gmt":"2026-09-01T13:37:53","slug":"sncft-reprise-des-renouvellements-dabonnements-sur-la-ligne-tunis-sousse","status":"publish","type":"post","link":"https:\/\/realites.com.tn\/fr\/sncft-reprise-des-renouvellements-dabonnements-sur-la-ligne-tunis-sousse\/","title":{"rendered":"SNCFT : reprise des renouvellements d\u2019abonnements sur la ligne Tunis-Sousse"},"content":{"rendered":"<p class=\"isSelectedEnd\">Le d\u00e9put\u00e9 \u00e0 l\u2019Assembl\u00e9e des repr\u00e9sentants du peuple (ARP), Youssef Toumi, a annonc\u00e9 ce mardi 1er septembre la reprise, d\u00e8s aujourd\u2019hui, de la d\u00e9livrance et du renouvellement des abonnements ferroviaires pour les voyageurs de la r\u00e9gion de Sousse.<\/p>\n<p class=\"isSelectedEnd\">Cette annonce intervient au lendemain de la pol\u00e9mique suscit\u00e9e par le <a href=\"https:\/\/realites.com.tn\/fr\/refus-des-abonnements-tunis-sousse-la-sncft-sacrifie-ses-abonnes-sur-lautel-dune-crise-structurelle\/\">refus de la Soci\u00e9t\u00e9 nationale des chemins de fer tunisiens (SNCFT)<\/a> de renouveler les abonnements mensuels sur la ligne Tunis-Sousse. Youssef Toumi avait alert\u00e9 lundi sur cette situation, qui p\u00e9nalisait notamment les travailleurs effectuant quotidiennement la navette entre Sousse et Tunis.<\/p>\n<p class=\"isSelectedEnd\">\u00ab En r\u00e9action \u00e0 ce que j\u2019ai publi\u00e9 hier concernant le refus de la Soci\u00e9t\u00e9 des chemins de fer de d\u00e9livrer des abonnements aux voyageurs de Sousse, la d\u00e9livrance des abonnements reprendra \u00e0 partir d\u2019aujourd\u2019hui \u00bb, a indiqu\u00e9 le d\u00e9put\u00e9.<\/p>\n<p>Il a \u00e9galement remerci\u00e9 le minist\u00e8re du Transport pour \u00ab cette interaction positive \u00bb.<br \/>\n<iframe style=\"border: none; overflow: hidden;\" src=\"https:\/\/www.facebook.com\/plugins\/post.php?href=https%3A%2F%2Fwww.facebook.com%2Fyoussef.toumi.647913%2Fposts%2Fpfbid02VNCqxWPztb28qh4K58QiKf4Gfuykqer71WmdxjhT5Rk6gbC3DLhJBvw2MXYYNWcrl&amp;show_text=true&amp;width=500\" width=\"500\" height=\"474\" frameborder=\"0\" scrolling=\"no\" allowfullscreen=\"allowfullscreen\"><\/iframe><\/p>\n","protected":false},"excerpt":{"rendered":"<p>Le d\u00e9put\u00e9 \u00e0 l\u2019Assembl\u00e9e des repr\u00e9sentants du peuple (ARP), Youssef Toumi, a annonc\u00e9 ce mardi 1er septembre la reprise, d\u00e8s aujourd\u2019hui, de la d\u00e9livrance et du renouvellement des abonnements ferroviaires&hellip;<\/p>\n","protected":false},"author":145,"featured_media":382620,"comment_status":"open","ping_status":"closed","sticky":false,"template":"","format":"standard","meta":{"_lmt_disableupdate":"","_lmt_disable":"","_jetpack_memberships_contains_paid_content":false,"footnotes":""},"categories":[4,1291],"tags":[2047],"class_list":["post-394891","post","type-post","status-publish","format-standard","has-post-thumbnail","hentry","category-actualites","category-regions","tag-sncft"],"yoast_head":"<!-- This site is optimized with the Yoast SEO plugin v26.3 - https:\/\/yoast.com\/wordpress\/plugins\/seo\/ -->\n<title>SNCFT : reprise des renouvellements d\u2019abonnements sur la ligne Tunis-Sousse - R\u00e9alit\u00e9s Magazine<\/title>\n<meta name=\"description\" content=\"Le d\u00e9put\u00e9 \u00e0 l\u2019Assembl\u00e9e des repr\u00e9sentants du peuple (ARP), Youssef Toumi, a annonc\u00e9 ce mardi 1er septembre la reprise, d\u00e8s aujourd\u2019hui, de la d\u00e9livrance\" \/>\n<meta name=\"robots\" content=\"index, follow, max-snippet:-1, max-image-preview:large, max-video-preview:-1\" \/>\n<link rel=\"canonical\" href=\"https:\/\/realites.com.tn\/fr\/sncft-reprise-des-renouvellements-dabonnements-sur-la-ligne-tunis-sousse\/\" \/>\n<meta property=\"og:locale\" content=\"fr_FR\" \/>\n<meta property=\"og:type\" content=\"article\" \/>\n<meta property=\"og:title\" content=\"SNCFT : reprise des renouvellements d\u2019abonnements sur la ligne Tunis-Sousse - R\u00e9alit\u00e9s Magazine\" \/>\n<meta property=\"og:description\" content=\"Le d\u00e9put\u00e9 \u00e0 l\u2019Assembl\u00e9e des repr\u00e9sentants du peuple (ARP), Youssef Toumi, a annonc\u00e9 ce mardi 1er septembre la reprise, d\u00e8s aujourd\u2019hui, de la d\u00e9livrance\" \/>\n<meta property=\"og:url\" content=\"https:\/\/realites.com.tn\/fr\/sncft-reprise-des-renouvellements-dabonnements-sur-la-ligne-tunis-sousse\/\" \/>\n<meta property=\"og:site_name\" content=\"R\u00e9alit\u00e9s Magazine\" \/>\n<meta property=\"article:publisher\" content=\"https:\/\/www.facebook.com\/realites.tn\/\" \/>\n<meta property=\"article:published_time\" content=\"2026-09-01T13:37:53+00:00\" \/>\n<meta property=\"og:image\" content=\"https:\/\/realites.com.tn\/fr\/wp-content\/uploads\/2026\/02\/train-sncft-2-e1648133467259.jpg\" \/>\n\t<meta property=\"og:image:width\" content=\"900\" \/>\n\t<meta property=\"og:image:height\" content=\"471\" \/>\n\t<meta property=\"og:image:type\" content=\"image\/jpeg\" \/>\n<meta name=\"author\" content=\"M. A\" \/>\n<meta name=\"twitter:card\" content=\"summary_large_image\" \/>\n<meta name=\"twitter:label1\" content=\"\u00c9crit par\" \/>\n\t<meta name=\"twitter:data1\" content=\"M. A\" \/>\n\t<meta name=\"twitter:label2\" content=\"Dur\u00e9e de lecture estim\u00e9e\" \/>\n\t<meta name=\"twitter:data2\" content=\"1 minute\" \/>\n<script type=\"application\/ld+json\" class=\"yoast-schema-graph\">{\"@context\":\"https:\/\/schema.org\",\"@graph\":[{\"@type\":\"WebPage\",\"@id\":\"https:\/\/realites.com.tn\/fr\/sncft-reprise-des-renouvellements-dabonnements-sur-la-ligne-tunis-sousse\/\",\"url\":\"https:\/\/realites.com.tn\/fr\/sncft-reprise-des-renouvellements-dabonnements-sur-la-ligne-tunis-sousse\/\",\"name\":\"SNCFT : reprise des renouvellements d\u2019abonnements sur la ligne Tunis-Sousse - R\u00e9alit\u00e9s Magazine\",\"isPartOf\":{\"@id\":\"https:\/\/realites.com.tn\/fr\/#website\"},\"primaryImageOfPage\":{\"@id\":\"https:\/\/realites.com.tn\/fr\/sncft-reprise-des-renouvellements-dabonnements-sur-la-ligne-tunis-sousse\/#primaryimage\"},\"image\":{\"@id\":\"https:\/\/realites.com.tn\/fr\/sncft-reprise-des-renouvellements-dabonnements-sur-la-ligne-tunis-sousse\/#primaryimage\"},\"thumbnailUrl\":\"https:\/\/realites.com.tn\/fr\/wp-content\/uploads\/2026\/02\/train-sncft-2-e1648133467259.jpg\",\"datePublished\":\"2026-09-01T13:37:53+00:00\",\"author\":{\"@id\":\"https:\/\/realites.com.tn\/fr\/#\/schema\/person\/515fe3e54fbbc075df64dd746b52c530\"},\"description\":\"Le d\u00e9put\u00e9 \u00e0 l\u2019Assembl\u00e9e des repr\u00e9sentants du peuple (ARP), Youssef Toumi, a annonc\u00e9 ce mardi 1er septembre la reprise, d\u00e8s aujourd\u2019hui, de la d\u00e9livrance\",\"breadcrumb\":{\"@id\":\"https:\/\/realites.com.tn\/fr\/sncft-reprise-des-renouvellements-dabonnements-sur-la-ligne-tunis-sousse\/#breadcrumb\"},\"inLanguage\":\"fr-FR\",\"potentialAction\":[{\"@type\":\"ReadAction\",\"target\":[\"https:\/\/realites.com.tn\/fr\/sncft-reprise-des-renouvellements-dabonnements-sur-la-ligne-tunis-sousse\/\"]}]},{\"@type\":\"ImageObject\",\"inLanguage\":\"fr-FR\",\"@id\":\"https:\/\/realites.com.tn\/fr\/sncft-reprise-des-renouvellements-dabonnements-sur-la-ligne-tunis-sousse\/#primaryimage\",\"url\":\"https:\/\/realites.com.tn\/fr\/wp-content\/uploads\/2026\/02\/train-sncft-2-e1648133467259.jpg\",\"contentUrl\":\"https:\/\/realites.com.tn\/fr\/wp-content\/uploads\/2026\/02\/train-sncft-2-e1648133467259.jpg\",\"width\":900,\"height\":471},{\"@type\":\"BreadcrumbList\",\"@id\":\"https:\/\/realites.com.tn\/fr\/sncft-reprise-des-renouvellements-dabonnements-sur-la-ligne-tunis-sousse\/#breadcrumb\",\"itemListElement\":[{\"@type\":\"ListItem\",\"position\":1,\"name\":\"Home\",\"item\":\"https:\/\/realites.com.tn\/fr\/\"},{\"@type\":\"ListItem\",\"position\":2,\"name\":\"SNCFT : reprise des renouvellements d\u2019abonnements sur la ligne Tunis-Sousse\"}]},{\"@type\":\"WebSite\",\"@id\":\"https:\/\/realites.com.tn\/fr\/#website\",\"url\":\"https:\/\/realites.com.tn\/fr\/\",\"name\":\"R\u00e9alit\u00e9s Magazine\",\"description\":\"Actualit\u00e9s de la Tunisie\",\"potentialAction\":[{\"@type\":\"SearchAction\",\"target\":{\"@type\":\"EntryPoint\",\"urlTemplate\":\"https:\/\/realites.com.tn\/fr\/?s={search_term_string}\"},\"query-input\":{\"@type\":\"PropertyValueSpecification\",\"valueRequired\":true,\"valueName\":\"search_term_string\"}}],\"inLanguage\":\"fr-FR\"},{\"@type\":\"Person\",\"@id\":\"https:\/\/realites.com.tn\/fr\/#\/schema\/person\/515fe3e54fbbc075df64dd746b52c530\",\"name\":\"M. A\",\"image\":{\"@type\":\"ImageObject\",\"inLanguage\":\"fr-FR\",\"@id\":\"https:\/\/realites.com.tn\/fr\/#\/schema\/person\/image\/\",\"url\":\"https:\/\/secure.gravatar.com\/avatar\/6cb0d0a36abd98854e1d819008d7569a?s=96&d=mm&r=g\",\"contentUrl\":\"https:\/\/secure.gravatar.com\/avatar\/6cb0d0a36abd98854e1d819008d7569a?s=96&d=mm&r=g\",\"caption\":\"M. A\"},\"url\":\"https:\/\/realites.com.tn\/fr\/author\/ma2025\/\"}]}<\/script>\n<!-- \/ Yoast SEO plugin. -->","yoast_head_json":{"title":"SNCFT : reprise des renouvellements d\u2019abonnements sur la ligne Tunis-Sousse - R\u00e9alit\u00e9s Magazine","description":"Le d\u00e9put\u00e9 \u00e0 l\u2019Assembl\u00e9e des repr\u00e9sentants du peuple (ARP), Youssef Toumi, a annonc\u00e9 ce mardi 1er septembre la reprise, d\u00e8s aujourd\u2019hui, de la d\u00e9livrance","robots":{"index":"index","follow":"follow","max-snippet":"max-snippet:-1","max-image-preview":"max-image-preview:large","max-video-preview":"max-video-preview:-1"},"canonical":"https:\/\/realites.com.tn\/fr\/sncft-reprise-des-renouvellements-dabonnements-sur-la-ligne-tunis-sousse\/","og_locale":"fr_FR","og_type":"article","og_title":"SNCFT : reprise des renouvellements d\u2019abonnements sur la ligne Tunis-Sousse - R\u00e9alit\u00e9s Magazine","og_description":"Le d\u00e9put\u00e9 \u00e0 l\u2019Assembl\u00e9e des repr\u00e9sentants du peuple (ARP), Youssef Toumi, a annonc\u00e9 ce mardi 1er septembre la reprise, d\u00e8s aujourd\u2019hui, de la d\u00e9livrance","og_url":"https:\/\/realites.com.tn\/fr\/sncft-reprise-des-renouvellements-dabonnements-sur-la-ligne-tunis-sousse\/","og_site_name":"R\u00e9alit\u00e9s Magazine","article_publisher":"https:\/\/www.facebook.com\/realites.tn\/","article_published_time":"2026-09-01T13:37:53+00:00","og_image":[{"width":900,"height":471,"url":"https:\/\/realites.com.tn\/fr\/wp-content\/uploads\/2026\/02\/train-sncft-2-e1648133467259.jpg","type":"image\/jpeg"}],"author":"M. A","twitter_card":"summary_large_image","twitter_misc":{"\u00c9crit par":"M. A","Dur\u00e9e de lecture estim\u00e9e":"1 minute"},"schema":{"@context":"https:\/\/schema.org","@graph":[{"@type":"WebPage","@id":"https:\/\/realites.com.tn\/fr\/sncft-reprise-des-renouvellements-dabonnements-sur-la-ligne-tunis-sousse\/","url":"https:\/\/realites.com.tn\/fr\/sncft-reprise-des-renouvellements-dabonnements-sur-la-ligne-tunis-sousse\/","name":"SNCFT : reprise des renouvellements d\u2019abonnements sur la ligne Tunis-Sousse - R\u00e9alit\u00e9s Magazine","isPartOf":{"@id":"https:\/\/realites.com.tn\/fr\/#website"},"primaryImageOfPage":{"@id":"https:\/\/realites.com.tn\/fr\/sncft-reprise-des-renouvellements-dabonnements-sur-la-ligne-tunis-sousse\/#primaryimage"},"image":{"@id":"https:\/\/realites.com.tn\/fr\/sncft-reprise-des-renouvellements-dabonnements-sur-la-ligne-tunis-sousse\/#primaryimage"},"thumbnailUrl":"https:\/\/realites.com.tn\/fr\/wp-content\/uploads\/2026\/02\/train-sncft-2-e1648133467259.jpg","datePublished":"2026-09-01T13:37:53+00:00","author":{"@id":"https:\/\/realites.com.tn\/fr\/#\/schema\/person\/515fe3e54fbbc075df64dd746b52c530"},"description":"Le d\u00e9put\u00e9 \u00e0 l\u2019Assembl\u00e9e des repr\u00e9sentants du peuple (ARP), Youssef Toumi, a annonc\u00e9 ce mardi 1er septembre la reprise, d\u00e8s aujourd\u2019hui, de la d\u00e9livrance","breadcrumb":{"@id":"https:\/\/realites.com.tn\/fr\/sncft-reprise-des-renouvellements-dabonnements-sur-la-ligne-tunis-sousse\/#breadcrumb"},"inLanguage":"fr-FR","potentialAction":[{"@type":"ReadAction","target":["https:\/\/realites.com.tn\/fr\/sncft-reprise-des-renouvellements-dabonnements-sur-la-ligne-tunis-sousse\/"]}]},{"@type":"ImageObject","inLanguage":"fr-FR","@id":"https:\/\/realites.com.tn\/fr\/sncft-reprise-des-renouvellements-dabonnements-sur-la-ligne-tunis-sousse\/#primaryimage","url":"https:\/\/realites.com.tn\/fr\/wp-content\/uploads\/2026\/02\/train-sncft-2-e1648133467259.jpg","contentUrl":"https:\/\/realites.com.tn\/fr\/wp-content\/uploads\/2026\/02\/train-sncft-2-e1648133467259.jpg","width":900,"height":471},{"@type":"BreadcrumbList","@id":"https:\/\/realites.com.tn\/fr\/sncft-reprise-des-renouvellements-dabonnements-sur-la-ligne-tunis-sousse\/#breadcrumb","itemListElement":[{"@type":"ListItem","position":1,"name":"Home","item":"https:\/\/realites.com.tn\/fr\/"},{"@type":"ListItem","position":2,"name":"SNCFT : reprise des renouvellements d\u2019abonnements sur la ligne Tunis-Sousse"}]},{"@type":"WebSite","@id":"https:\/\/realites.com.tn\/fr\/#website","url":"https:\/\/realites.com.tn\/fr\/","name":"R\u00e9alit\u00e9s Magazine","description":"Actualit\u00e9s de la Tunisie","potentialAction":[{"@type":"SearchAction","target":{"@type":"EntryPoint","urlTemplate":"https:\/\/realites.com.tn\/fr\/?s={search_term_string}"},"query-input":{"@type":"PropertyValueSpecification","valueRequired":true,"valueName":"search_term_string"}}],"inLanguage":"fr-FR"},{"@type":"Person","@id":"https:\/\/realites.com.tn\/fr\/#\/schema\/person\/515fe3e54fbbc075df64dd746b52c530","name":"M. A","image":{"@type":"ImageObject","inLanguage":"fr-FR","@id":"https:\/\/realites.com.tn\/fr\/#\/schema\/person\/image\/","url":"https:\/\/secure.gravatar.com\/avatar\/6cb0d0a36abd98854e1d819008d7569a?s=96&d=mm&r=g","contentUrl":"https:\/\/secure.gravatar.com\/avatar\/6cb0d0a36abd98854e1d819008d7569a?s=96&d=mm&r=g","caption":"M. A"},"url":"https:\/\/realites.com.tn\/fr\/author\/ma2025\/"}]}},"jetpack_featured_media_url":"https:\/\/realites.com.tn\/fr\/wp-content\/uploads\/2026\/02\/train-sncft-2-e1648133467259.jpg","jetpack_sharing_enabled":true,"views":21,"_links":{"self":[{"href":"https:\/\/realites.com.tn\/fr\/wp-json\/wp\/v2\/posts\/394891","targetHints":{"allow":["GET"]}}],"collection":[{"href":"https:\/\/realites.com.tn\/fr\/wp-json\/wp\/v2\/posts"}],"about":[{"href":"https:\/\/realites.com.tn\/fr\/wp-json\/wp\/v2\/types\/post"}],"author":[{"embeddable":true,"href":"https:\/\/realites.com.tn\/fr\/wp-json\/wp\/v2\/users\/145"}],"replies":[{"embeddable":true,"href":"https:\/\/realites.com.tn\/fr\/wp-json\/wp\/v2\/comments?post=394891"}],"version-history":[{"count":1,"href":"https:\/\/realites.com.tn\/fr\/wp-json\/wp\/v2\/posts\/394891\/revisions"}],"predecessor-version":[{"id":394892,"href":"https:\/\/realites.com.tn\/fr\/wp-json\/wp\/v2\/posts\/394891\/revisions\/394892"}],"wp:featuredmedia":[{"embeddable":true,"href":"https:\/\/realites.com.tn\/fr\/wp-json\/wp\/v2\/media\/382620"}],"wp:attachment":[{"href":"https:\/\/realites.com.tn\/fr\/wp-json\/wp\/v2\/media?parent=394891"}],"wp:term":[{"taxonomy":"category","embeddable":true,"href":"https:\/\/realites.com.tn\/fr\/wp-json\/wp\/v2\/categories?post=394891"},{"taxonomy":"post_tag","embeddable":true,"href":"https:\/\/realites.com.tn\/fr\/wp-json\/wp\/v2\/tags?post=394891"}],"curies":[{"name":"wp","href":"https:\/\/api.w.org\/{rel}","templated":true}]}}