{"id":394893,"date":"2026-09-01T14:43:34","date_gmt":"2026-09-01T13:43:34","guid":{"rendered":"https:\/\/realites.com.tn\/fr\/?p=394893"},"modified":"2026-09-01T14:43:34","modified_gmt":"2026-09-01T13:43:34","slug":"tunisie-pakistan-le-nouvel-ambassadeur-pakistanais-presente-ses-lettres-de-creance-au-ministre-des-affaires-etrangeres","status":"publish","type":"post","link":"https:\/\/realites.com.tn\/fr\/tunisie-pakistan-le-nouvel-ambassadeur-pakistanais-presente-ses-lettres-de-creance-au-ministre-des-affaires-etrangeres\/","title":{"rendered":"Tunisie-Pakistan : le nouvel ambassadeur pakistanais pr\u00e9sente ses lettres de cr\u00e9ance au ministre des Affaires \u00e9trang\u00e8res"},"content":{"rendered":"<p data-start=\"126\" data-end=\"436\">Le ministre des Affaires \u00e9trang\u00e8res, de la Migration et des Tunisiens \u00e0 l\u2019\u00e9tranger, Mohamed Ali Nafti, a re\u00e7u, mardi 1er septembre 2026, au si\u00e8ge du minist\u00e8re, le nouvel ambassadeur de la R\u00e9publique islamique du Pakistan en Tunisie, Dr Najeeb Samie, qui lui a remis une copie figur\u00e9e de ses lettres de cr\u00e9ance.<\/p>\n<p data-start=\"438\" data-end=\"786\">Au cours de cette rencontre, Mohamed Ali Nafti a soulign\u00e9 le caract\u00e8re ancien et privil\u00e9gi\u00e9 des relations de coop\u00e9ration entre la Tunisie et le Pakistan, \u00e9tablies depuis pr\u00e8s de sept d\u00e9cennies. Il a plaid\u00e9 pour l\u2019intensification des \u00e9changes de visites de haut niveau afin de consolider davantage les relations bilat\u00e9rales dans diff\u00e9rents domaines.<\/p>\n<p data-start=\"788\" data-end=\"1006\">Le ministre a \u00e9galement rappel\u00e9 le soutien diplomatique apport\u00e9 par le Pakistan \u00e0 la cause de l\u2019ind\u00e9pendance de la Tunisie, notamment durant sa pr\u00e9sidence de l\u2019Assembl\u00e9e g\u00e9n\u00e9rale des Nations unies dans les ann\u00e9es 1950.<\/p>\n<p data-start=\"1008\" data-end=\"1258\">Il a, par ailleurs, r\u00e9affirm\u00e9 la volont\u00e9 de la Tunisie de diversifier les secteurs de coop\u00e9ration avec le Pakistan et de renforcer la concertation et la coordination entre les deux pays au sein des diff\u00e9rentes instances internationales et r\u00e9gionales.<\/p>\n<p data-start=\"1260\" data-end=\"1678\" data-is-last-node=\"\" data-is-only-node=\"\">De son c\u00f4t\u00e9, l\u2019ambassadeur pakistanais a fait part de son engagement \u00e0 \u0153uvrer au renforcement des relations bilat\u00e9rales, notamment \u00e0 travers la promotion des investissements conjoints et la diversification de la coop\u00e9ration \u00e9conomique et culturelle. Il a \u00e9galement soulign\u00e9 l\u2019importance de la coordination entre Tunis et Islamabad au niveau international et au sein de l\u2019Organisation de la coop\u00e9ration islamique (OCI).<\/p>\n<p><iframe style=\"border: none; overflow: hidden;\" src=\"https:\/\/www.facebook.com\/plugins\/post.php?href=https%3A%2F%2Fwww.facebook.com%2FTunisieDiplo%2Fposts%2Fpfbid04PRb98yxZyacxh53y4BqijvLa1bw9yWi4qUzt61XxHpYY7mFFiUwtESnH4skubyyl&amp;show_text=true&amp;width=500\" width=\"500\" height=\"747\" frameborder=\"0\" scrolling=\"no\" allowfullscreen=\"allowfullscreen\"><\/iframe><\/p>\n","protected":false},"excerpt":{"rendered":"<p>Le ministre des Affaires \u00e9trang\u00e8res, de la Migration et des Tunisiens \u00e0 l\u2019\u00e9tranger, Mohamed Ali Nafti, a re\u00e7u, mardi 1er septembre 2026, au si\u00e8ge du minist\u00e8re, le nouvel ambassadeur de&hellip;<\/p>\n","protected":false},"author":145,"featured_media":394894,"comment_status":"open","ping_status":"closed","sticky":false,"template":"","format":"standard","meta":{"_lmt_disableupdate":"","_lmt_disable":"","_jetpack_memberships_contains_paid_content":false,"footnotes":""},"categories":[4,5],"tags":[5584,1990,1120,11682],"class_list":["post-394893","post","type-post","status-publish","format-standard","has-post-thumbnail","hentry","category-actualites","category-politique","tag-mohamed-ali-nafti","tag-pakistan","tag-tunisie","tag-tunisie-pakistan"],"yoast_head":"<!-- This site is optimized with the Yoast SEO plugin v26.3 - https:\/\/yoast.com\/wordpress\/plugins\/seo\/ -->\n<title>Tunisie-Pakistan : le nouvel ambassadeur pakistanais pr\u00e9sente ses lettres de cr\u00e9ance au ministre des Affaires \u00e9trang\u00e8res - R\u00e9alit\u00e9s Magazine<\/title>\n<meta name=\"description\" content=\"Le ministre des Affaires \u00e9trang\u00e8res, de la Migration et des Tunisiens \u00e0 l\u2019\u00e9tranger, Mohamed Ali Nafti, a re\u00e7u, mardi 1er septembre 2026, au si\u00e8ge du\" \/>\n<meta name=\"robots\" content=\"index, follow, max-snippet:-1, max-image-preview:large, max-video-preview:-1\" \/>\n<link rel=\"canonical\" href=\"https:\/\/realites.com.tn\/fr\/tunisie-pakistan-le-nouvel-ambassadeur-pakistanais-presente-ses-lettres-de-creance-au-ministre-des-affaires-etrangeres\/\" \/>\n<meta property=\"og:locale\" content=\"fr_FR\" \/>\n<meta property=\"og:type\" content=\"article\" \/>\n<meta property=\"og:title\" content=\"Tunisie-Pakistan : le nouvel ambassadeur pakistanais pr\u00e9sente ses lettres de cr\u00e9ance au ministre des Affaires \u00e9trang\u00e8res - R\u00e9alit\u00e9s Magazine\" \/>\n<meta property=\"og:description\" content=\"Le ministre des Affaires \u00e9trang\u00e8res, de la Migration et des Tunisiens \u00e0 l\u2019\u00e9tranger, Mohamed Ali Nafti, a re\u00e7u, mardi 1er septembre 2026, au si\u00e8ge du\" \/>\n<meta property=\"og:url\" content=\"https:\/\/realites.com.tn\/fr\/tunisie-pakistan-le-nouvel-ambassadeur-pakistanais-presente-ses-lettres-de-creance-au-ministre-des-affaires-etrangeres\/\" \/>\n<meta property=\"og:site_name\" content=\"R\u00e9alit\u00e9s Magazine\" \/>\n<meta property=\"article:publisher\" content=\"https:\/\/www.facebook.com\/realites.tn\/\" \/>\n<meta property=\"article:published_time\" content=\"2026-09-01T13:43:34+00:00\" \/>\n<meta property=\"og:image\" content=\"https:\/\/realites.com.tn\/fr\/wp-content\/uploads\/2026\/09\/pakistan.jpg\" \/>\n\t<meta property=\"og:image:width\" content=\"2048\" \/>\n\t<meta property=\"og:image:height\" content=\"1554\" \/>\n\t<meta property=\"og:image:type\" content=\"image\/jpeg\" \/>\n<meta name=\"author\" content=\"M. A\" \/>\n<meta name=\"twitter:card\" content=\"summary_large_image\" \/>\n<meta name=\"twitter:label1\" content=\"\u00c9crit par\" \/>\n\t<meta name=\"twitter:data1\" content=\"M. A\" \/>\n\t<meta name=\"twitter:label2\" content=\"Dur\u00e9e de lecture estim\u00e9e\" \/>\n\t<meta name=\"twitter:data2\" content=\"2 minutes\" \/>\n<script type=\"application\/ld+json\" class=\"yoast-schema-graph\">{\"@context\":\"https:\/\/schema.org\",\"@graph\":[{\"@type\":\"WebPage\",\"@id\":\"https:\/\/realites.com.tn\/fr\/tunisie-pakistan-le-nouvel-ambassadeur-pakistanais-presente-ses-lettres-de-creance-au-ministre-des-affaires-etrangeres\/\",\"url\":\"https:\/\/realites.com.tn\/fr\/tunisie-pakistan-le-nouvel-ambassadeur-pakistanais-presente-ses-lettres-de-creance-au-ministre-des-affaires-etrangeres\/\",\"name\":\"Tunisie-Pakistan : le nouvel ambassadeur pakistanais pr\u00e9sente ses lettres de cr\u00e9ance au ministre des Affaires \u00e9trang\u00e8res - R\u00e9alit\u00e9s Magazine\",\"isPartOf\":{\"@id\":\"https:\/\/realites.com.tn\/fr\/#website\"},\"primaryImageOfPage\":{\"@id\":\"https:\/\/realites.com.tn\/fr\/tunisie-pakistan-le-nouvel-ambassadeur-pakistanais-presente-ses-lettres-de-creance-au-ministre-des-affaires-etrangeres\/#primaryimage\"},\"image\":{\"@id\":\"https:\/\/realites.com.tn\/fr\/tunisie-pakistan-le-nouvel-ambassadeur-pakistanais-presente-ses-lettres-de-creance-au-ministre-des-affaires-etrangeres\/#primaryimage\"},\"thumbnailUrl\":\"https:\/\/realites.com.tn\/fr\/wp-content\/uploads\/2026\/09\/pakistan.jpg\",\"datePublished\":\"2026-09-01T13:43:34+00:00\",\"author\":{\"@id\":\"https:\/\/realites.com.tn\/fr\/#\/schema\/person\/515fe3e54fbbc075df64dd746b52c530\"},\"description\":\"Le ministre des Affaires \u00e9trang\u00e8res, de la Migration et des Tunisiens \u00e0 l\u2019\u00e9tranger, Mohamed Ali Nafti, a re\u00e7u, mardi 1er septembre 2026, au si\u00e8ge du\",\"breadcrumb\":{\"@id\":\"https:\/\/realites.com.tn\/fr\/tunisie-pakistan-le-nouvel-ambassadeur-pakistanais-presente-ses-lettres-de-creance-au-ministre-des-affaires-etrangeres\/#breadcrumb\"},\"inLanguage\":\"fr-FR\",\"potentialAction\":[{\"@type\":\"ReadAction\",\"target\":[\"https:\/\/realites.com.tn\/fr\/tunisie-pakistan-le-nouvel-ambassadeur-pakistanais-presente-ses-lettres-de-creance-au-ministre-des-affaires-etrangeres\/\"]}]},{\"@type\":\"ImageObject\",\"inLanguage\":\"fr-FR\",\"@id\":\"https:\/\/realites.com.tn\/fr\/tunisie-pakistan-le-nouvel-ambassadeur-pakistanais-presente-ses-lettres-de-creance-au-ministre-des-affaires-etrangeres\/#primaryimage\",\"url\":\"https:\/\/realites.com.tn\/fr\/wp-content\/uploads\/2026\/09\/pakistan.jpg\",\"contentUrl\":\"https:\/\/realites.com.tn\/fr\/wp-content\/uploads\/2026\/09\/pakistan.jpg\",\"width\":2048,\"height\":1554},{\"@type\":\"BreadcrumbList\",\"@id\":\"https:\/\/realites.com.tn\/fr\/tunisie-pakistan-le-nouvel-ambassadeur-pakistanais-presente-ses-lettres-de-creance-au-ministre-des-affaires-etrangeres\/#breadcrumb\",\"itemListElement\":[{\"@type\":\"ListItem\",\"position\":1,\"name\":\"Home\",\"item\":\"https:\/\/realites.com.tn\/fr\/\"},{\"@type\":\"ListItem\",\"position\":2,\"name\":\"Tunisie-Pakistan : le nouvel ambassadeur pakistanais pr\u00e9sente ses lettres de cr\u00e9ance au ministre des Affaires \u00e9trang\u00e8res\"}]},{\"@type\":\"WebSite\",\"@id\":\"https:\/\/realites.com.tn\/fr\/#website\",\"url\":\"https:\/\/realites.com.tn\/fr\/\",\"name\":\"R\u00e9alit\u00e9s Magazine\",\"description\":\"Actualit\u00e9s de la Tunisie\",\"potentialAction\":[{\"@type\":\"SearchAction\",\"target\":{\"@type\":\"EntryPoint\",\"urlTemplate\":\"https:\/\/realites.com.tn\/fr\/?s={search_term_string}\"},\"query-input\":{\"@type\":\"PropertyValueSpecification\",\"valueRequired\":true,\"valueName\":\"search_term_string\"}}],\"inLanguage\":\"fr-FR\"},{\"@type\":\"Person\",\"@id\":\"https:\/\/realites.com.tn\/fr\/#\/schema\/person\/515fe3e54fbbc075df64dd746b52c530\",\"name\":\"M. A\",\"image\":{\"@type\":\"ImageObject\",\"inLanguage\":\"fr-FR\",\"@id\":\"https:\/\/realites.com.tn\/fr\/#\/schema\/person\/image\/\",\"url\":\"https:\/\/secure.gravatar.com\/avatar\/6cb0d0a36abd98854e1d819008d7569a?s=96&d=mm&r=g\",\"contentUrl\":\"https:\/\/secure.gravatar.com\/avatar\/6cb0d0a36abd98854e1d819008d7569a?s=96&d=mm&r=g\",\"caption\":\"M. A\"},\"url\":\"https:\/\/realites.com.tn\/fr\/author\/ma2025\/\"}]}<\/script>\n<!-- \/ Yoast SEO plugin. -->","yoast_head_json":{"title":"Tunisie-Pakistan : le nouvel ambassadeur pakistanais pr\u00e9sente ses lettres de cr\u00e9ance au ministre des Affaires \u00e9trang\u00e8res - R\u00e9alit\u00e9s Magazine","description":"Le ministre des Affaires \u00e9trang\u00e8res, de la Migration et des Tunisiens \u00e0 l\u2019\u00e9tranger, Mohamed Ali Nafti, a re\u00e7u, mardi 1er septembre 2026, au si\u00e8ge du","robots":{"index":"index","follow":"follow","max-snippet":"max-snippet:-1","max-image-preview":"max-image-preview:large","max-video-preview":"max-video-preview:-1"},"canonical":"https:\/\/realites.com.tn\/fr\/tunisie-pakistan-le-nouvel-ambassadeur-pakistanais-presente-ses-lettres-de-creance-au-ministre-des-affaires-etrangeres\/","og_locale":"fr_FR","og_type":"article","og_title":"Tunisie-Pakistan : le nouvel ambassadeur pakistanais pr\u00e9sente ses lettres de cr\u00e9ance au ministre des Affaires \u00e9trang\u00e8res - R\u00e9alit\u00e9s Magazine","og_description":"Le ministre des Affaires \u00e9trang\u00e8res, de la Migration et des Tunisiens \u00e0 l\u2019\u00e9tranger, Mohamed Ali Nafti, a re\u00e7u, mardi 1er septembre 2026, au si\u00e8ge du","og_url":"https:\/\/realites.com.tn\/fr\/tunisie-pakistan-le-nouvel-ambassadeur-pakistanais-presente-ses-lettres-de-creance-au-ministre-des-affaires-etrangeres\/","og_site_name":"R\u00e9alit\u00e9s Magazine","article_publisher":"https:\/\/www.facebook.com\/realites.tn\/","article_published_time":"2026-09-01T13:43:34+00:00","og_image":[{"width":2048,"height":1554,"url":"https:\/\/realites.com.tn\/fr\/wp-content\/uploads\/2026\/09\/pakistan.jpg","type":"image\/jpeg"}],"author":"M. A","twitter_card":"summary_large_image","twitter_misc":{"\u00c9crit par":"M. A","Dur\u00e9e de lecture estim\u00e9e":"2 minutes"},"schema":{"@context":"https:\/\/schema.org","@graph":[{"@type":"WebPage","@id":"https:\/\/realites.com.tn\/fr\/tunisie-pakistan-le-nouvel-ambassadeur-pakistanais-presente-ses-lettres-de-creance-au-ministre-des-affaires-etrangeres\/","url":"https:\/\/realites.com.tn\/fr\/tunisie-pakistan-le-nouvel-ambassadeur-pakistanais-presente-ses-lettres-de-creance-au-ministre-des-affaires-etrangeres\/","name":"Tunisie-Pakistan : le nouvel ambassadeur pakistanais pr\u00e9sente ses lettres de cr\u00e9ance au ministre des Affaires \u00e9trang\u00e8res - R\u00e9alit\u00e9s Magazine","isPartOf":{"@id":"https:\/\/realites.com.tn\/fr\/#website"},"primaryImageOfPage":{"@id":"https:\/\/realites.com.tn\/fr\/tunisie-pakistan-le-nouvel-ambassadeur-pakistanais-presente-ses-lettres-de-creance-au-ministre-des-affaires-etrangeres\/#primaryimage"},"image":{"@id":"https:\/\/realites.com.tn\/fr\/tunisie-pakistan-le-nouvel-ambassadeur-pakistanais-presente-ses-lettres-de-creance-au-ministre-des-affaires-etrangeres\/#primaryimage"},"thumbnailUrl":"https:\/\/realites.com.tn\/fr\/wp-content\/uploads\/2026\/09\/pakistan.jpg","datePublished":"2026-09-01T13:43:34+00:00","author":{"@id":"https:\/\/realites.com.tn\/fr\/#\/schema\/person\/515fe3e54fbbc075df64dd746b52c530"},"description":"Le ministre des Affaires \u00e9trang\u00e8res, de la Migration et des Tunisiens \u00e0 l\u2019\u00e9tranger, Mohamed Ali Nafti, a re\u00e7u, mardi 1er septembre 2026, au si\u00e8ge du","breadcrumb":{"@id":"https:\/\/realites.com.tn\/fr\/tunisie-pakistan-le-nouvel-ambassadeur-pakistanais-presente-ses-lettres-de-creance-au-ministre-des-affaires-etrangeres\/#breadcrumb"},"inLanguage":"fr-FR","potentialAction":[{"@type":"ReadAction","target":["https:\/\/realites.com.tn\/fr\/tunisie-pakistan-le-nouvel-ambassadeur-pakistanais-presente-ses-lettres-de-creance-au-ministre-des-affaires-etrangeres\/"]}]},{"@type":"ImageObject","inLanguage":"fr-FR","@id":"https:\/\/realites.com.tn\/fr\/tunisie-pakistan-le-nouvel-ambassadeur-pakistanais-presente-ses-lettres-de-creance-au-ministre-des-affaires-etrangeres\/#primaryimage","url":"https:\/\/realites.com.tn\/fr\/wp-content\/uploads\/2026\/09\/pakistan.jpg","contentUrl":"https:\/\/realites.com.tn\/fr\/wp-content\/uploads\/2026\/09\/pakistan.jpg","width":2048,"height":1554},{"@type":"BreadcrumbList","@id":"https:\/\/realites.com.tn\/fr\/tunisie-pakistan-le-nouvel-ambassadeur-pakistanais-presente-ses-lettres-de-creance-au-ministre-des-affaires-etrangeres\/#breadcrumb","itemListElement":[{"@type":"ListItem","position":1,"name":"Home","item":"https:\/\/realites.com.tn\/fr\/"},{"@type":"ListItem","position":2,"name":"Tunisie-Pakistan : le nouvel ambassadeur pakistanais pr\u00e9sente ses lettres de cr\u00e9ance au ministre des Affaires \u00e9trang\u00e8res"}]},{"@type":"WebSite","@id":"https:\/\/realites.com.tn\/fr\/#website","url":"https:\/\/realites.com.tn\/fr\/","name":"R\u00e9alit\u00e9s Magazine","description":"Actualit\u00e9s de la Tunisie","potentialAction":[{"@type":"SearchAction","target":{"@type":"EntryPoint","urlTemplate":"https:\/\/realites.com.tn\/fr\/?s={search_term_string}"},"query-input":{"@type":"PropertyValueSpecification","valueRequired":true,"valueName":"search_term_string"}}],"inLanguage":"fr-FR"},{"@type":"Person","@id":"https:\/\/realites.com.tn\/fr\/#\/schema\/person\/515fe3e54fbbc075df64dd746b52c530","name":"M. A","image":{"@type":"ImageObject","inLanguage":"fr-FR","@id":"https:\/\/realites.com.tn\/fr\/#\/schema\/person\/image\/","url":"https:\/\/secure.gravatar.com\/avatar\/6cb0d0a36abd98854e1d819008d7569a?s=96&d=mm&r=g","contentUrl":"https:\/\/secure.gravatar.com\/avatar\/6cb0d0a36abd98854e1d819008d7569a?s=96&d=mm&r=g","caption":"M. A"},"url":"https:\/\/realites.com.tn\/fr\/author\/ma2025\/"}]}},"jetpack_featured_media_url":"https:\/\/realites.com.tn\/fr\/wp-content\/uploads\/2026\/09\/pakistan.jpg","jetpack_sharing_enabled":true,"views":21,"_links":{"self":[{"href":"https:\/\/realites.com.tn\/fr\/wp-json\/wp\/v2\/posts\/394893","targetHints":{"allow":["GET"]}}],"collection":[{"href":"https:\/\/realites.com.tn\/fr\/wp-json\/wp\/v2\/posts"}],"about":[{"href":"https:\/\/realites.com.tn\/fr\/wp-json\/wp\/v2\/types\/post"}],"author":[{"embeddable":true,"href":"https:\/\/realites.com.tn\/fr\/wp-json\/wp\/v2\/users\/145"}],"replies":[{"embeddable":true,"href":"https:\/\/realites.com.tn\/fr\/wp-json\/wp\/v2\/comments?post=394893"}],"version-history":[{"count":1,"href":"https:\/\/realites.com.tn\/fr\/wp-json\/wp\/v2\/posts\/394893\/revisions"}],"predecessor-version":[{"id":394895,"href":"https:\/\/realites.com.tn\/fr\/wp-json\/wp\/v2\/posts\/394893\/revisions\/394895"}],"wp:featuredmedia":[{"embeddable":true,"href":"https:\/\/realites.com.tn\/fr\/wp-json\/wp\/v2\/media\/394894"}],"wp:attachment":[{"href":"https:\/\/realites.com.tn\/fr\/wp-json\/wp\/v2\/media?parent=394893"}],"wp:term":[{"taxonomy":"category","embeddable":true,"href":"https:\/\/realites.com.tn\/fr\/wp-json\/wp\/v2\/categories?post=394893"},{"taxonomy":"post_tag","embeddable":true,"href":"https:\/\/realites.com.tn\/fr\/wp-json\/wp\/v2\/tags?post=394893"}],"curies":[{"name":"wp","href":"https:\/\/api.w.org\/{rel}","templated":true}]}}