{"id":394896,"date":"2026-09-01T17:10:01","date_gmt":"2026-09-01T16:10:01","guid":{"rendered":"https:\/\/realites.com.tn\/fr\/?p=394896"},"modified":"2026-09-01T17:10:01","modified_gmt":"2026-09-01T16:10:01","slug":"onu-la-france-prend-la-presidence-du-conseil-de-securite-pour-le-mois-de-septembre","status":"publish","type":"post","link":"https:\/\/realites.com.tn\/fr\/onu-la-france-prend-la-presidence-du-conseil-de-securite-pour-le-mois-de-septembre\/","title":{"rendered":"ONU : la France prend la pr\u00e9sidence du Conseil de s\u00e9curit\u00e9 pour le mois de septembre"},"content":{"rendered":"<p>La France prend, \u00e0 compter du 1er septembre 2026, la pr\u00e9sidence du Conseil de s\u00e9curit\u00e9 des Nations unies pour une dur\u00e9e d\u2019un mois, succ\u00e9dant au Danemark et pr\u00e9c\u00e9dant la Gr\u00e8ce, selon l\u2019ordre alphab\u00e9tique anglais \u00e9tabli pour la rotation entre les quinze membres du Conseil.<\/p>\n<p>Dans le cadre de cette pr\u00e9sidence, la France sera charg\u00e9e d\u2019organiser les travaux du Conseil, d\u2019assurer la continuit\u00e9 de ses discussions sur les crises internationales et de faciliter l\u2019adoption de ses d\u00e9cisions.<\/p>\n<p>Cette pr\u00e9sidence intervient dans un contexte particuli\u00e8rement charg\u00e9, marqu\u00e9 notamment par l\u2019ouverture de la 81e session de l\u2019Assembl\u00e9e g\u00e9n\u00e9rale de l\u2019ONU et sa semaine de haut niveau.<\/p>\n<p>La France entend notamment veiller \u00e0 ce que le Conseil puisse se r\u00e9unir rapidement en fonction de l\u2019\u00e9volution des crises en Ukraine, au Moyen-Orient et en Afrique. Le Conseil poursuivra \u00e9galement le suivi de plusieurs situations, notamment en Afghanistan, en Ha\u00efti, en Iran, au Soudan, en Syrie et en R\u00e9publique d\u00e9mocratique du Congo.<\/p>\n<p>Paris compte par ailleurs mettre \u00e0 profit cette pr\u00e9sidence pour r\u00e9affirmer son soutien \u00e0 une r\u00e9forme du Conseil de s\u00e9curit\u00e9. La France entend notamment promouvoir l\u2019initiative franco-mexicaine visant \u00e0 encadrer le recours au droit de veto des membres permanents en cas d\u2019atrocit\u00e9s de masse, une initiative actuellement soutenue par 122 \u00c9tats.<\/p>\n<p>La pr\u00e9sidence fran\u00e7aise sera \u00e9galement plac\u00e9e sous le signe du multilat\u00e9ralisme et du multilinguisme. Paris entend notamment d\u00e9fendre le r\u00f4le du fran\u00e7ais en tant que langue de travail \u00e0 part enti\u00e8re au sein du Conseil de s\u00e9curit\u00e9.<\/p>\n<p>La France pr\u00e9voit enfin d\u2019associer des experts et des repr\u00e9sentants de la soci\u00e9t\u00e9 civile aux travaux du Conseil au cours de ce mois de septembre.<\/p>\n","protected":false},"excerpt":{"rendered":"<p>La France prend, \u00e0 compter du 1er septembre 2026, la pr\u00e9sidence du Conseil de s\u00e9curit\u00e9 des Nations unies pour une dur\u00e9e d\u2019un mois, succ\u00e9dant au Danemark et pr\u00e9c\u00e9dant la Gr\u00e8ce,&hellip;<\/p>\n","protected":false},"author":145,"featured_media":394897,"comment_status":"open","ping_status":"closed","sticky":false,"template":"","format":"standard","meta":{"_lmt_disableupdate":"","_lmt_disable":"","_jetpack_memberships_contains_paid_content":false,"footnotes":""},"categories":[4,7],"tags":[11683,2227],"class_list":["post-394896","post","type-post","status-publish","format-standard","has-post-thumbnail","hentry","category-actualites","category-monde","tag-conseil-de-securite","tag-france"],"yoast_head":"<!-- This site is optimized with the Yoast SEO plugin v26.3 - https:\/\/yoast.com\/wordpress\/plugins\/seo\/ -->\n<title>ONU : la France prend la pr\u00e9sidence du Conseil de s\u00e9curit\u00e9 pour le mois de septembre - R\u00e9alit\u00e9s Magazine<\/title>\n<meta name=\"description\" content=\"La France prend, \u00e0 compter du 1er septembre 2026, la pr\u00e9sidence du Conseil de s\u00e9curit\u00e9 des Nations unies pour une dur\u00e9e d\u2019un mois, succ\u00e9dant au Danemark\" \/>\n<meta name=\"robots\" content=\"index, follow, max-snippet:-1, max-image-preview:large, max-video-preview:-1\" \/>\n<link rel=\"canonical\" href=\"https:\/\/realites.com.tn\/fr\/onu-la-france-prend-la-presidence-du-conseil-de-securite-pour-le-mois-de-septembre\/\" \/>\n<meta property=\"og:locale\" content=\"fr_FR\" \/>\n<meta property=\"og:type\" content=\"article\" \/>\n<meta property=\"og:title\" content=\"ONU : la France prend la pr\u00e9sidence du Conseil de s\u00e9curit\u00e9 pour le mois de septembre - R\u00e9alit\u00e9s Magazine\" \/>\n<meta property=\"og:description\" content=\"La France prend, \u00e0 compter du 1er septembre 2026, la pr\u00e9sidence du Conseil de s\u00e9curit\u00e9 des Nations unies pour une dur\u00e9e d\u2019un mois, succ\u00e9dant au Danemark\" \/>\n<meta property=\"og:url\" content=\"https:\/\/realites.com.tn\/fr\/onu-la-france-prend-la-presidence-du-conseil-de-securite-pour-le-mois-de-septembre\/\" \/>\n<meta property=\"og:site_name\" content=\"R\u00e9alit\u00e9s Magazine\" \/>\n<meta property=\"article:publisher\" content=\"https:\/\/www.facebook.com\/realites.tn\/\" \/>\n<meta property=\"article:published_time\" content=\"2026-09-01T16:10:01+00:00\" \/>\n<meta property=\"og:image\" content=\"https:\/\/realites.com.tn\/fr\/wp-content\/uploads\/2026\/09\/onufrancepresidencecsnu.png\" \/>\n\t<meta property=\"og:image:width\" content=\"1200\" \/>\n\t<meta property=\"og:image:height\" content=\"675\" \/>\n\t<meta property=\"og:image:type\" content=\"image\/png\" \/>\n<meta name=\"author\" content=\"M. A\" \/>\n<meta name=\"twitter:card\" content=\"summary_large_image\" \/>\n<meta name=\"twitter:label1\" content=\"\u00c9crit par\" \/>\n\t<meta name=\"twitter:data1\" content=\"M. A\" \/>\n\t<meta name=\"twitter:label2\" content=\"Dur\u00e9e de lecture estim\u00e9e\" \/>\n\t<meta name=\"twitter:data2\" content=\"2 minutes\" \/>\n<script type=\"application\/ld+json\" class=\"yoast-schema-graph\">{\"@context\":\"https:\/\/schema.org\",\"@graph\":[{\"@type\":\"WebPage\",\"@id\":\"https:\/\/realites.com.tn\/fr\/onu-la-france-prend-la-presidence-du-conseil-de-securite-pour-le-mois-de-septembre\/\",\"url\":\"https:\/\/realites.com.tn\/fr\/onu-la-france-prend-la-presidence-du-conseil-de-securite-pour-le-mois-de-septembre\/\",\"name\":\"ONU : la France prend la pr\u00e9sidence du Conseil de s\u00e9curit\u00e9 pour le mois de septembre - R\u00e9alit\u00e9s Magazine\",\"isPartOf\":{\"@id\":\"https:\/\/realites.com.tn\/fr\/#website\"},\"primaryImageOfPage\":{\"@id\":\"https:\/\/realites.com.tn\/fr\/onu-la-france-prend-la-presidence-du-conseil-de-securite-pour-le-mois-de-septembre\/#primaryimage\"},\"image\":{\"@id\":\"https:\/\/realites.com.tn\/fr\/onu-la-france-prend-la-presidence-du-conseil-de-securite-pour-le-mois-de-septembre\/#primaryimage\"},\"thumbnailUrl\":\"https:\/\/realites.com.tn\/fr\/wp-content\/uploads\/2026\/09\/onufrancepresidencecsnu.png\",\"datePublished\":\"2026-09-01T16:10:01+00:00\",\"author\":{\"@id\":\"https:\/\/realites.com.tn\/fr\/#\/schema\/person\/515fe3e54fbbc075df64dd746b52c530\"},\"description\":\"La France prend, \u00e0 compter du 1er septembre 2026, la pr\u00e9sidence du Conseil de s\u00e9curit\u00e9 des Nations unies pour une dur\u00e9e d\u2019un mois, succ\u00e9dant au Danemark\",\"breadcrumb\":{\"@id\":\"https:\/\/realites.com.tn\/fr\/onu-la-france-prend-la-presidence-du-conseil-de-securite-pour-le-mois-de-septembre\/#breadcrumb\"},\"inLanguage\":\"fr-FR\",\"potentialAction\":[{\"@type\":\"ReadAction\",\"target\":[\"https:\/\/realites.com.tn\/fr\/onu-la-france-prend-la-presidence-du-conseil-de-securite-pour-le-mois-de-septembre\/\"]}]},{\"@type\":\"ImageObject\",\"inLanguage\":\"fr-FR\",\"@id\":\"https:\/\/realites.com.tn\/fr\/onu-la-france-prend-la-presidence-du-conseil-de-securite-pour-le-mois-de-septembre\/#primaryimage\",\"url\":\"https:\/\/realites.com.tn\/fr\/wp-content\/uploads\/2026\/09\/onufrancepresidencecsnu.png\",\"contentUrl\":\"https:\/\/realites.com.tn\/fr\/wp-content\/uploads\/2026\/09\/onufrancepresidencecsnu.png\",\"width\":1200,\"height\":675},{\"@type\":\"BreadcrumbList\",\"@id\":\"https:\/\/realites.com.tn\/fr\/onu-la-france-prend-la-presidence-du-conseil-de-securite-pour-le-mois-de-septembre\/#breadcrumb\",\"itemListElement\":[{\"@type\":\"ListItem\",\"position\":1,\"name\":\"Home\",\"item\":\"https:\/\/realites.com.tn\/fr\/\"},{\"@type\":\"ListItem\",\"position\":2,\"name\":\"ONU : la France prend la pr\u00e9sidence du Conseil de s\u00e9curit\u00e9 pour le mois de septembre\"}]},{\"@type\":\"WebSite\",\"@id\":\"https:\/\/realites.com.tn\/fr\/#website\",\"url\":\"https:\/\/realites.com.tn\/fr\/\",\"name\":\"R\u00e9alit\u00e9s Magazine\",\"description\":\"Actualit\u00e9s de la Tunisie\",\"potentialAction\":[{\"@type\":\"SearchAction\",\"target\":{\"@type\":\"EntryPoint\",\"urlTemplate\":\"https:\/\/realites.com.tn\/fr\/?s={search_term_string}\"},\"query-input\":{\"@type\":\"PropertyValueSpecification\",\"valueRequired\":true,\"valueName\":\"search_term_string\"}}],\"inLanguage\":\"fr-FR\"},{\"@type\":\"Person\",\"@id\":\"https:\/\/realites.com.tn\/fr\/#\/schema\/person\/515fe3e54fbbc075df64dd746b52c530\",\"name\":\"M. A\",\"image\":{\"@type\":\"ImageObject\",\"inLanguage\":\"fr-FR\",\"@id\":\"https:\/\/realites.com.tn\/fr\/#\/schema\/person\/image\/\",\"url\":\"https:\/\/secure.gravatar.com\/avatar\/6cb0d0a36abd98854e1d819008d7569a?s=96&d=mm&r=g\",\"contentUrl\":\"https:\/\/secure.gravatar.com\/avatar\/6cb0d0a36abd98854e1d819008d7569a?s=96&d=mm&r=g\",\"caption\":\"M. A\"},\"url\":\"https:\/\/realites.com.tn\/fr\/author\/ma2025\/\"}]}<\/script>\n<!-- \/ Yoast SEO plugin. -->","yoast_head_json":{"title":"ONU : la France prend la pr\u00e9sidence du Conseil de s\u00e9curit\u00e9 pour le mois de septembre - R\u00e9alit\u00e9s Magazine","description":"La France prend, \u00e0 compter du 1er septembre 2026, la pr\u00e9sidence du Conseil de s\u00e9curit\u00e9 des Nations unies pour une dur\u00e9e d\u2019un mois, succ\u00e9dant au Danemark","robots":{"index":"index","follow":"follow","max-snippet":"max-snippet:-1","max-image-preview":"max-image-preview:large","max-video-preview":"max-video-preview:-1"},"canonical":"https:\/\/realites.com.tn\/fr\/onu-la-france-prend-la-presidence-du-conseil-de-securite-pour-le-mois-de-septembre\/","og_locale":"fr_FR","og_type":"article","og_title":"ONU : la France prend la pr\u00e9sidence du Conseil de s\u00e9curit\u00e9 pour le mois de septembre - R\u00e9alit\u00e9s Magazine","og_description":"La France prend, \u00e0 compter du 1er septembre 2026, la pr\u00e9sidence du Conseil de s\u00e9curit\u00e9 des Nations unies pour une dur\u00e9e d\u2019un mois, succ\u00e9dant au Danemark","og_url":"https:\/\/realites.com.tn\/fr\/onu-la-france-prend-la-presidence-du-conseil-de-securite-pour-le-mois-de-septembre\/","og_site_name":"R\u00e9alit\u00e9s Magazine","article_publisher":"https:\/\/www.facebook.com\/realites.tn\/","article_published_time":"2026-09-01T16:10:01+00:00","og_image":[{"width":1200,"height":675,"url":"https:\/\/realites.com.tn\/fr\/wp-content\/uploads\/2026\/09\/onufrancepresidencecsnu.png","type":"image\/png"}],"author":"M. A","twitter_card":"summary_large_image","twitter_misc":{"\u00c9crit par":"M. A","Dur\u00e9e de lecture estim\u00e9e":"2 minutes"},"schema":{"@context":"https:\/\/schema.org","@graph":[{"@type":"WebPage","@id":"https:\/\/realites.com.tn\/fr\/onu-la-france-prend-la-presidence-du-conseil-de-securite-pour-le-mois-de-septembre\/","url":"https:\/\/realites.com.tn\/fr\/onu-la-france-prend-la-presidence-du-conseil-de-securite-pour-le-mois-de-septembre\/","name":"ONU : la France prend la pr\u00e9sidence du Conseil de s\u00e9curit\u00e9 pour le mois de septembre - R\u00e9alit\u00e9s Magazine","isPartOf":{"@id":"https:\/\/realites.com.tn\/fr\/#website"},"primaryImageOfPage":{"@id":"https:\/\/realites.com.tn\/fr\/onu-la-france-prend-la-presidence-du-conseil-de-securite-pour-le-mois-de-septembre\/#primaryimage"},"image":{"@id":"https:\/\/realites.com.tn\/fr\/onu-la-france-prend-la-presidence-du-conseil-de-securite-pour-le-mois-de-septembre\/#primaryimage"},"thumbnailUrl":"https:\/\/realites.com.tn\/fr\/wp-content\/uploads\/2026\/09\/onufrancepresidencecsnu.png","datePublished":"2026-09-01T16:10:01+00:00","author":{"@id":"https:\/\/realites.com.tn\/fr\/#\/schema\/person\/515fe3e54fbbc075df64dd746b52c530"},"description":"La France prend, \u00e0 compter du 1er septembre 2026, la pr\u00e9sidence du Conseil de s\u00e9curit\u00e9 des Nations unies pour une dur\u00e9e d\u2019un mois, succ\u00e9dant au Danemark","breadcrumb":{"@id":"https:\/\/realites.com.tn\/fr\/onu-la-france-prend-la-presidence-du-conseil-de-securite-pour-le-mois-de-septembre\/#breadcrumb"},"inLanguage":"fr-FR","potentialAction":[{"@type":"ReadAction","target":["https:\/\/realites.com.tn\/fr\/onu-la-france-prend-la-presidence-du-conseil-de-securite-pour-le-mois-de-septembre\/"]}]},{"@type":"ImageObject","inLanguage":"fr-FR","@id":"https:\/\/realites.com.tn\/fr\/onu-la-france-prend-la-presidence-du-conseil-de-securite-pour-le-mois-de-septembre\/#primaryimage","url":"https:\/\/realites.com.tn\/fr\/wp-content\/uploads\/2026\/09\/onufrancepresidencecsnu.png","contentUrl":"https:\/\/realites.com.tn\/fr\/wp-content\/uploads\/2026\/09\/onufrancepresidencecsnu.png","width":1200,"height":675},{"@type":"BreadcrumbList","@id":"https:\/\/realites.com.tn\/fr\/onu-la-france-prend-la-presidence-du-conseil-de-securite-pour-le-mois-de-septembre\/#breadcrumb","itemListElement":[{"@type":"ListItem","position":1,"name":"Home","item":"https:\/\/realites.com.tn\/fr\/"},{"@type":"ListItem","position":2,"name":"ONU : la France prend la pr\u00e9sidence du Conseil de s\u00e9curit\u00e9 pour le mois de septembre"}]},{"@type":"WebSite","@id":"https:\/\/realites.com.tn\/fr\/#website","url":"https:\/\/realites.com.tn\/fr\/","name":"R\u00e9alit\u00e9s Magazine","description":"Actualit\u00e9s de la Tunisie","potentialAction":[{"@type":"SearchAction","target":{"@type":"EntryPoint","urlTemplate":"https:\/\/realites.com.tn\/fr\/?s={search_term_string}"},"query-input":{"@type":"PropertyValueSpecification","valueRequired":true,"valueName":"search_term_string"}}],"inLanguage":"fr-FR"},{"@type":"Person","@id":"https:\/\/realites.com.tn\/fr\/#\/schema\/person\/515fe3e54fbbc075df64dd746b52c530","name":"M. A","image":{"@type":"ImageObject","inLanguage":"fr-FR","@id":"https:\/\/realites.com.tn\/fr\/#\/schema\/person\/image\/","url":"https:\/\/secure.gravatar.com\/avatar\/6cb0d0a36abd98854e1d819008d7569a?s=96&d=mm&r=g","contentUrl":"https:\/\/secure.gravatar.com\/avatar\/6cb0d0a36abd98854e1d819008d7569a?s=96&d=mm&r=g","caption":"M. A"},"url":"https:\/\/realites.com.tn\/fr\/author\/ma2025\/"}]}},"jetpack_featured_media_url":"https:\/\/realites.com.tn\/fr\/wp-content\/uploads\/2026\/09\/onufrancepresidencecsnu.png","jetpack_sharing_enabled":true,"views":13,"_links":{"self":[{"href":"https:\/\/realites.com.tn\/fr\/wp-json\/wp\/v2\/posts\/394896","targetHints":{"allow":["GET"]}}],"collection":[{"href":"https:\/\/realites.com.tn\/fr\/wp-json\/wp\/v2\/posts"}],"about":[{"href":"https:\/\/realites.com.tn\/fr\/wp-json\/wp\/v2\/types\/post"}],"author":[{"embeddable":true,"href":"https:\/\/realites.com.tn\/fr\/wp-json\/wp\/v2\/users\/145"}],"replies":[{"embeddable":true,"href":"https:\/\/realites.com.tn\/fr\/wp-json\/wp\/v2\/comments?post=394896"}],"version-history":[{"count":1,"href":"https:\/\/realites.com.tn\/fr\/wp-json\/wp\/v2\/posts\/394896\/revisions"}],"predecessor-version":[{"id":394898,"href":"https:\/\/realites.com.tn\/fr\/wp-json\/wp\/v2\/posts\/394896\/revisions\/394898"}],"wp:featuredmedia":[{"embeddable":true,"href":"https:\/\/realites.com.tn\/fr\/wp-json\/wp\/v2\/media\/394897"}],"wp:attachment":[{"href":"https:\/\/realites.com.tn\/fr\/wp-json\/wp\/v2\/media?parent=394896"}],"wp:term":[{"taxonomy":"category","embeddable":true,"href":"https:\/\/realites.com.tn\/fr\/wp-json\/wp\/v2\/categories?post=394896"},{"taxonomy":"post_tag","embeddable":true,"href":"https:\/\/realites.com.tn\/fr\/wp-json\/wp\/v2\/tags?post=394896"}],"curies":[{"name":"wp","href":"https:\/\/api.w.org\/{rel}","templated":true}]}}