{"id":394905,"date":"2026-09-01T19:08:24","date_gmt":"2026-09-01T18:08:24","guid":{"rendered":"https:\/\/realites.com.tn\/fr\/?p=394905"},"modified":"2026-09-01T19:08:24","modified_gmt":"2026-09-01T18:08:24","slug":"la-5g-en-tunisie-forte-hausse-des-abonnements-mais-baisse-des-debits","status":"publish","type":"post","link":"https:\/\/realites.com.tn\/fr\/la-5g-en-tunisie-forte-hausse-des-abonnements-mais-baisse-des-debits\/","title":{"rendered":"La 5G en Tunisie : forte hausse des abonnements mais baisse des d\u00e9bits"},"content":{"rendered":"<p class=\"ds-markdown-paragraph\"><span class=\"\">Un peu plus d&rsquo;un an apr\u00e8s son lancement commercial en f\u00e9vrier 2025, le r\u00e9seau 5G tunisien conna\u00eet une adoption rapide. Selon une analyse de Walid Naffati publi\u00e9e par Tunisie Haut D\u00e9bit (THD), le nombre d&rsquo;utilisateurs a \u00e9t\u00e9 multipli\u00e9 par 3,7 en neuf mois, passant d&rsquo;environ 70 000 abonn\u00e9s au deuxi\u00e8me trimestre 2025 \u00e0 260 000 au premier trimestre 2026. Cette progression est confirm\u00e9e par les donn\u00e9es officielles de l&rsquo;Autorit\u00e9 nationale des t\u00e9l\u00e9communications (INT) concernant l&rsquo;acc\u00e8s fixe sans fil (FWA) 5G, dont les abonnements sont pass\u00e9s de 9 425 en f\u00e9vrier 2025 \u00e0 259 184 en f\u00e9vrier 2026.<\/span><\/p>\n<p class=\"ds-markdown-paragraph\"><span class=\"\">La caract\u00e9ristique la plus distinctive du mod\u00e8le tunisien r\u00e9side dans la pr\u00e9dominance de la bande 3,5 GHz, dite bande C. Entre janvier et mars 2026, celle-ci a repr\u00e9sent\u00e9 83,8 % des connexions 5G recens\u00e9es. En comparaison, la bande 1 800 MHz n&rsquo;a compt\u00e9 que pour 15,7 % du total, et la bande 700 MHz pour 0,5 %. Par ailleurs, les trois op\u00e9rateurs (Tunisie Telecom, Ooredoo et Orange) disposent chacun de 100 MHz de spectre dans cette bande, en plus de leurs fr\u00e9quences attribu\u00e9es dans la bande 700 MHz. Cette r\u00e9partition sym\u00e9trique constitue une particularit\u00e9 unique du march\u00e9 tunisien par rapport aux autres pays de la r\u00e9gion.<\/span><\/p>\n<p class=\"ds-markdown-paragraph\"><span class=\"\">La croissance rapide du nombre d&rsquo;utilisateurs exerce toutefois une pression croissante sur les capacit\u00e9s du r\u00e9seau. D&rsquo;apr\u00e8s les donn\u00e9es cit\u00e9es par Naffati, le d\u00e9bit descendant moyen en 5G a diminu\u00e9 de 21 % sur la p\u00e9riode \u00e9tudi\u00e9e, passant de 183 Mbit\/s \u00e0 144,9 Mbit\/s. En revanche, l&rsquo;indicateur de qualit\u00e9 de connexion constante a progress\u00e9 de 80,9 % \u00e0 82,7 %, t\u00e9moignant d&rsquo;une meilleure stabilit\u00e9 du service. \u00c0 cela s&rsquo;ajoute que les d\u00e9bits 5G restent encore 5,6 fois sup\u00e9rieurs \u00e0 ceux de la 4G au premier trimestre 2026, contre un rapport de 6,4 fois en phase initiale. Par cons\u00e9quent, cette \u00e9valuation met en \u00e9vidence la n\u00e9cessit\u00e9 de renforcer la capacit\u00e9 et la densit\u00e9 du r\u00e9seau pour \u00e9viter une d\u00e9t\u00e9rioration progressive des performances. En sus, une meilleure utilisation des diff\u00e9rentes bandes disponibles s&rsquo;av\u00e8re indispensable pour r\u00e9pondre \u00e0 la demande croissante.<br \/>\n<strong>MBY<\/strong><br \/>\n<\/span><\/p>\n","protected":false},"excerpt":{"rendered":"<p>Un peu plus d&rsquo;un an apr\u00e8s son lancement commercial en f\u00e9vrier 2025, le r\u00e9seau 5G tunisien conna\u00eet une adoption rapide. Selon une analyse de Walid Naffati publi\u00e9e par Tunisie Haut&hellip;<\/p>\n","protected":false},"author":60,"featured_media":335267,"comment_status":"open","ping_status":"closed","sticky":false,"template":"","format":"standard","meta":{"_lmt_disableupdate":"","_lmt_disable":"","_jetpack_memberships_contains_paid_content":false,"footnotes":""},"categories":[6],"tags":[],"class_list":["post-394905","post","type-post","status-publish","format-standard","has-post-thumbnail","hentry","category-economie"],"yoast_head":"<!-- This site is optimized with the Yoast SEO plugin v26.3 - https:\/\/yoast.com\/wordpress\/plugins\/seo\/ -->\n<title>La 5G en Tunisie : forte hausse des abonnements mais baisse des d\u00e9bits - R\u00e9alit\u00e9s Magazine<\/title>\n<meta name=\"description\" content=\"Un peu plus d&#039;un an apr\u00e8s son lancement commercial en f\u00e9vrier 2025, le r\u00e9seau 5G tunisien conna\u00eet une adoption rapide. Selon une analyse de Walid Naffati\" \/>\n<meta name=\"robots\" content=\"index, follow, max-snippet:-1, max-image-preview:large, max-video-preview:-1\" \/>\n<link rel=\"canonical\" href=\"https:\/\/realites.com.tn\/fr\/la-5g-en-tunisie-forte-hausse-des-abonnements-mais-baisse-des-debits\/\" \/>\n<meta property=\"og:locale\" content=\"fr_FR\" \/>\n<meta property=\"og:type\" content=\"article\" \/>\n<meta property=\"og:title\" content=\"La 5G en Tunisie : forte hausse des abonnements mais baisse des d\u00e9bits - R\u00e9alit\u00e9s Magazine\" \/>\n<meta property=\"og:description\" content=\"Un peu plus d&#039;un an apr\u00e8s son lancement commercial en f\u00e9vrier 2025, le r\u00e9seau 5G tunisien conna\u00eet une adoption rapide. Selon une analyse de Walid Naffati\" \/>\n<meta property=\"og:url\" content=\"https:\/\/realites.com.tn\/fr\/la-5g-en-tunisie-forte-hausse-des-abonnements-mais-baisse-des-debits\/\" \/>\n<meta property=\"og:site_name\" content=\"R\u00e9alit\u00e9s Magazine\" \/>\n<meta property=\"article:publisher\" content=\"https:\/\/www.facebook.com\/realites.tn\/\" \/>\n<meta property=\"article:published_time\" content=\"2026-09-01T18:08:24+00:00\" \/>\n<meta property=\"og:image\" content=\"https:\/\/realites.com.tn\/fr\/wp-content\/uploads\/2024\/10\/5G.jpg\" \/>\n\t<meta property=\"og:image:width\" content=\"1500\" \/>\n\t<meta property=\"og:image:height\" content=\"844\" \/>\n\t<meta property=\"og:image:type\" content=\"image\/jpeg\" \/>\n<meta name=\"author\" content=\"La R\u00e9daction\" \/>\n<meta name=\"twitter:card\" content=\"summary_large_image\" \/>\n<meta name=\"twitter:label1\" content=\"\u00c9crit par\" \/>\n\t<meta name=\"twitter:data1\" content=\"La R\u00e9daction\" \/>\n\t<meta name=\"twitter:label2\" content=\"Dur\u00e9e de lecture estim\u00e9e\" \/>\n\t<meta name=\"twitter:data2\" content=\"2 minutes\" \/>\n<script type=\"application\/ld+json\" class=\"yoast-schema-graph\">{\"@context\":\"https:\/\/schema.org\",\"@graph\":[{\"@type\":\"WebPage\",\"@id\":\"https:\/\/realites.com.tn\/fr\/la-5g-en-tunisie-forte-hausse-des-abonnements-mais-baisse-des-debits\/\",\"url\":\"https:\/\/realites.com.tn\/fr\/la-5g-en-tunisie-forte-hausse-des-abonnements-mais-baisse-des-debits\/\",\"name\":\"La 5G en Tunisie : forte hausse des abonnements mais baisse des d\u00e9bits - R\u00e9alit\u00e9s Magazine\",\"isPartOf\":{\"@id\":\"https:\/\/realites.com.tn\/fr\/#website\"},\"primaryImageOfPage\":{\"@id\":\"https:\/\/realites.com.tn\/fr\/la-5g-en-tunisie-forte-hausse-des-abonnements-mais-baisse-des-debits\/#primaryimage\"},\"image\":{\"@id\":\"https:\/\/realites.com.tn\/fr\/la-5g-en-tunisie-forte-hausse-des-abonnements-mais-baisse-des-debits\/#primaryimage\"},\"thumbnailUrl\":\"https:\/\/realites.com.tn\/fr\/wp-content\/uploads\/2024\/10\/5G.jpg\",\"datePublished\":\"2026-09-01T18:08:24+00:00\",\"author\":{\"@id\":\"https:\/\/realites.com.tn\/fr\/#\/schema\/person\/438b71c29a257d955d96d8aef42336e7\"},\"description\":\"Un peu plus d'un an apr\u00e8s son lancement commercial en f\u00e9vrier 2025, le r\u00e9seau 5G tunisien conna\u00eet une adoption rapide. Selon une analyse de Walid Naffati\",\"breadcrumb\":{\"@id\":\"https:\/\/realites.com.tn\/fr\/la-5g-en-tunisie-forte-hausse-des-abonnements-mais-baisse-des-debits\/#breadcrumb\"},\"inLanguage\":\"fr-FR\",\"potentialAction\":[{\"@type\":\"ReadAction\",\"target\":[\"https:\/\/realites.com.tn\/fr\/la-5g-en-tunisie-forte-hausse-des-abonnements-mais-baisse-des-debits\/\"]}]},{\"@type\":\"ImageObject\",\"inLanguage\":\"fr-FR\",\"@id\":\"https:\/\/realites.com.tn\/fr\/la-5g-en-tunisie-forte-hausse-des-abonnements-mais-baisse-des-debits\/#primaryimage\",\"url\":\"https:\/\/realites.com.tn\/fr\/wp-content\/uploads\/2024\/10\/5G.jpg\",\"contentUrl\":\"https:\/\/realites.com.tn\/fr\/wp-content\/uploads\/2024\/10\/5G.jpg\",\"width\":1500,\"height\":844},{\"@type\":\"BreadcrumbList\",\"@id\":\"https:\/\/realites.com.tn\/fr\/la-5g-en-tunisie-forte-hausse-des-abonnements-mais-baisse-des-debits\/#breadcrumb\",\"itemListElement\":[{\"@type\":\"ListItem\",\"position\":1,\"name\":\"Home\",\"item\":\"https:\/\/realites.com.tn\/fr\/\"},{\"@type\":\"ListItem\",\"position\":2,\"name\":\"La 5G en Tunisie : forte hausse des abonnements mais baisse des d\u00e9bits\"}]},{\"@type\":\"WebSite\",\"@id\":\"https:\/\/realites.com.tn\/fr\/#website\",\"url\":\"https:\/\/realites.com.tn\/fr\/\",\"name\":\"R\u00e9alit\u00e9s Magazine\",\"description\":\"Actualit\u00e9s de la Tunisie\",\"potentialAction\":[{\"@type\":\"SearchAction\",\"target\":{\"@type\":\"EntryPoint\",\"urlTemplate\":\"https:\/\/realites.com.tn\/fr\/?s={search_term_string}\"},\"query-input\":{\"@type\":\"PropertyValueSpecification\",\"valueRequired\":true,\"valueName\":\"search_term_string\"}}],\"inLanguage\":\"fr-FR\"},{\"@type\":\"Person\",\"@id\":\"https:\/\/realites.com.tn\/fr\/#\/schema\/person\/438b71c29a257d955d96d8aef42336e7\",\"name\":\"La R\u00e9daction\",\"image\":{\"@type\":\"ImageObject\",\"inLanguage\":\"fr-FR\",\"@id\":\"https:\/\/realites.com.tn\/fr\/#\/schema\/person\/image\/\",\"url\":\"https:\/\/secure.gravatar.com\/avatar\/fbe9ab25fcc82b6e660ad5648f91eadb?s=96&d=mm&r=g\",\"contentUrl\":\"https:\/\/secure.gravatar.com\/avatar\/fbe9ab25fcc82b6e660ad5648f91eadb?s=96&d=mm&r=g\",\"caption\":\"La R\u00e9daction\"},\"url\":\"https:\/\/realites.com.tn\/fr\/author\/realites5201\/\"}]}<\/script>\n<!-- \/ Yoast SEO plugin. -->","yoast_head_json":{"title":"La 5G en Tunisie : forte hausse des abonnements mais baisse des d\u00e9bits - R\u00e9alit\u00e9s Magazine","description":"Un peu plus d'un an apr\u00e8s son lancement commercial en f\u00e9vrier 2025, le r\u00e9seau 5G tunisien conna\u00eet une adoption rapide. Selon une analyse de Walid Naffati","robots":{"index":"index","follow":"follow","max-snippet":"max-snippet:-1","max-image-preview":"max-image-preview:large","max-video-preview":"max-video-preview:-1"},"canonical":"https:\/\/realites.com.tn\/fr\/la-5g-en-tunisie-forte-hausse-des-abonnements-mais-baisse-des-debits\/","og_locale":"fr_FR","og_type":"article","og_title":"La 5G en Tunisie : forte hausse des abonnements mais baisse des d\u00e9bits - R\u00e9alit\u00e9s Magazine","og_description":"Un peu plus d'un an apr\u00e8s son lancement commercial en f\u00e9vrier 2025, le r\u00e9seau 5G tunisien conna\u00eet une adoption rapide. Selon une analyse de Walid Naffati","og_url":"https:\/\/realites.com.tn\/fr\/la-5g-en-tunisie-forte-hausse-des-abonnements-mais-baisse-des-debits\/","og_site_name":"R\u00e9alit\u00e9s Magazine","article_publisher":"https:\/\/www.facebook.com\/realites.tn\/","article_published_time":"2026-09-01T18:08:24+00:00","og_image":[{"width":1500,"height":844,"url":"https:\/\/realites.com.tn\/fr\/wp-content\/uploads\/2024\/10\/5G.jpg","type":"image\/jpeg"}],"author":"La R\u00e9daction","twitter_card":"summary_large_image","twitter_misc":{"\u00c9crit par":"La R\u00e9daction","Dur\u00e9e de lecture estim\u00e9e":"2 minutes"},"schema":{"@context":"https:\/\/schema.org","@graph":[{"@type":"WebPage","@id":"https:\/\/realites.com.tn\/fr\/la-5g-en-tunisie-forte-hausse-des-abonnements-mais-baisse-des-debits\/","url":"https:\/\/realites.com.tn\/fr\/la-5g-en-tunisie-forte-hausse-des-abonnements-mais-baisse-des-debits\/","name":"La 5G en Tunisie : forte hausse des abonnements mais baisse des d\u00e9bits - R\u00e9alit\u00e9s Magazine","isPartOf":{"@id":"https:\/\/realites.com.tn\/fr\/#website"},"primaryImageOfPage":{"@id":"https:\/\/realites.com.tn\/fr\/la-5g-en-tunisie-forte-hausse-des-abonnements-mais-baisse-des-debits\/#primaryimage"},"image":{"@id":"https:\/\/realites.com.tn\/fr\/la-5g-en-tunisie-forte-hausse-des-abonnements-mais-baisse-des-debits\/#primaryimage"},"thumbnailUrl":"https:\/\/realites.com.tn\/fr\/wp-content\/uploads\/2024\/10\/5G.jpg","datePublished":"2026-09-01T18:08:24+00:00","author":{"@id":"https:\/\/realites.com.tn\/fr\/#\/schema\/person\/438b71c29a257d955d96d8aef42336e7"},"description":"Un peu plus d'un an apr\u00e8s son lancement commercial en f\u00e9vrier 2025, le r\u00e9seau 5G tunisien conna\u00eet une adoption rapide. Selon une analyse de Walid Naffati","breadcrumb":{"@id":"https:\/\/realites.com.tn\/fr\/la-5g-en-tunisie-forte-hausse-des-abonnements-mais-baisse-des-debits\/#breadcrumb"},"inLanguage":"fr-FR","potentialAction":[{"@type":"ReadAction","target":["https:\/\/realites.com.tn\/fr\/la-5g-en-tunisie-forte-hausse-des-abonnements-mais-baisse-des-debits\/"]}]},{"@type":"ImageObject","inLanguage":"fr-FR","@id":"https:\/\/realites.com.tn\/fr\/la-5g-en-tunisie-forte-hausse-des-abonnements-mais-baisse-des-debits\/#primaryimage","url":"https:\/\/realites.com.tn\/fr\/wp-content\/uploads\/2024\/10\/5G.jpg","contentUrl":"https:\/\/realites.com.tn\/fr\/wp-content\/uploads\/2024\/10\/5G.jpg","width":1500,"height":844},{"@type":"BreadcrumbList","@id":"https:\/\/realites.com.tn\/fr\/la-5g-en-tunisie-forte-hausse-des-abonnements-mais-baisse-des-debits\/#breadcrumb","itemListElement":[{"@type":"ListItem","position":1,"name":"Home","item":"https:\/\/realites.com.tn\/fr\/"},{"@type":"ListItem","position":2,"name":"La 5G en Tunisie : forte hausse des abonnements mais baisse des d\u00e9bits"}]},{"@type":"WebSite","@id":"https:\/\/realites.com.tn\/fr\/#website","url":"https:\/\/realites.com.tn\/fr\/","name":"R\u00e9alit\u00e9s Magazine","description":"Actualit\u00e9s de la Tunisie","potentialAction":[{"@type":"SearchAction","target":{"@type":"EntryPoint","urlTemplate":"https:\/\/realites.com.tn\/fr\/?s={search_term_string}"},"query-input":{"@type":"PropertyValueSpecification","valueRequired":true,"valueName":"search_term_string"}}],"inLanguage":"fr-FR"},{"@type":"Person","@id":"https:\/\/realites.com.tn\/fr\/#\/schema\/person\/438b71c29a257d955d96d8aef42336e7","name":"La R\u00e9daction","image":{"@type":"ImageObject","inLanguage":"fr-FR","@id":"https:\/\/realites.com.tn\/fr\/#\/schema\/person\/image\/","url":"https:\/\/secure.gravatar.com\/avatar\/fbe9ab25fcc82b6e660ad5648f91eadb?s=96&d=mm&r=g","contentUrl":"https:\/\/secure.gravatar.com\/avatar\/fbe9ab25fcc82b6e660ad5648f91eadb?s=96&d=mm&r=g","caption":"La R\u00e9daction"},"url":"https:\/\/realites.com.tn\/fr\/author\/realites5201\/"}]}},"jetpack_featured_media_url":"https:\/\/realites.com.tn\/fr\/wp-content\/uploads\/2024\/10\/5G.jpg","jetpack_sharing_enabled":true,"views":15,"_links":{"self":[{"href":"https:\/\/realites.com.tn\/fr\/wp-json\/wp\/v2\/posts\/394905","targetHints":{"allow":["GET"]}}],"collection":[{"href":"https:\/\/realites.com.tn\/fr\/wp-json\/wp\/v2\/posts"}],"about":[{"href":"https:\/\/realites.com.tn\/fr\/wp-json\/wp\/v2\/types\/post"}],"author":[{"embeddable":true,"href":"https:\/\/realites.com.tn\/fr\/wp-json\/wp\/v2\/users\/60"}],"replies":[{"embeddable":true,"href":"https:\/\/realites.com.tn\/fr\/wp-json\/wp\/v2\/comments?post=394905"}],"version-history":[{"count":1,"href":"https:\/\/realites.com.tn\/fr\/wp-json\/wp\/v2\/posts\/394905\/revisions"}],"predecessor-version":[{"id":394906,"href":"https:\/\/realites.com.tn\/fr\/wp-json\/wp\/v2\/posts\/394905\/revisions\/394906"}],"wp:featuredmedia":[{"embeddable":true,"href":"https:\/\/realites.com.tn\/fr\/wp-json\/wp\/v2\/media\/335267"}],"wp:attachment":[{"href":"https:\/\/realites.com.tn\/fr\/wp-json\/wp\/v2\/media?parent=394905"}],"wp:term":[{"taxonomy":"category","embeddable":true,"href":"https:\/\/realites.com.tn\/fr\/wp-json\/wp\/v2\/categories?post=394905"},{"taxonomy":"post_tag","embeddable":true,"href":"https:\/\/realites.com.tn\/fr\/wp-json\/wp\/v2\/tags?post=394905"}],"curies":[{"name":"wp","href":"https:\/\/api.w.org\/{rel}","templated":true}]}}