{"id":394928,"date":"2026-09-02T11:16:38","date_gmt":"2026-09-02T10:16:38","guid":{"rendered":"https:\/\/realites.com.tn\/fr\/?p=394928"},"modified":"2026-09-02T12:26:31","modified_gmt":"2026-09-02T11:26:31","slug":"allemagne-explosion-dans-une-gare-a-augsbourg-deux-personnes-legerement-blessees","status":"publish","type":"post","link":"https:\/\/realites.com.tn\/fr\/allemagne-explosion-dans-une-gare-a-augsbourg-deux-personnes-legerement-blessees\/","title":{"rendered":"Allemagne : explosion dans une gare \u00e0 Augsbourg, deux personnes l\u00e9g\u00e8rement bless\u00e9es"},"content":{"rendered":"<div class=\"\" data-turn-id-container=\"713011cc-ecf8-44d3-a40e-70963c9cd328\" data-is-intersecting=\"true\">Un objet dont la nature n\u2019a pas encore \u00e9t\u00e9 d\u00e9termin\u00e9e a explos\u00e9 ce mercredi 2 septembre 2026 dans une gare de la ville d\u2019Augsbourg, dans le sud de l\u2019Allemagne, faisant deux bless\u00e9s l\u00e9gers, selon la police allemande.<\/div>\n<div class=\"\" data-turn-id-container=\"request-WEB:f3125aab-0ad9-417e-b202-00c4922ec5a6-0\" data-is-intersecting=\"true\">\n<section class=\"text-token-text-primary w-full focus:outline-none has-data-writing-block:pointer-events-none [&amp;:has([data-writing-block])&gt;*]:pointer-events-auto R6Vx5W_threadScrollVars scroll-mb-[calc(var(--scroll-root-safe-area-inset-bottom,0px)+var(--thread-response-height))] scroll-mt-[calc(var(--header-height)+min(200px,max(70px,20svh)))]\" dir=\"auto\" data-turn-id=\"request-WEB:f3125aab-0ad9-417e-b202-00c4922ec5a6-0\" data-turn-id-container=\"request-WEB:f3125aab-0ad9-417e-b202-00c4922ec5a6-0\" data-testid=\"conversation-turn-2\" data-turn=\"assistant\">\n<div class=\"text-base my-auto mx-auto pb-8 [--thread-content-margin:var(--thread-content-margin-xs,calc(var(--spacing)*4))] @w-sm\/main:[--thread-content-margin:var(--thread-content-margin-sm,calc(var(--spacing)*6))] @w-lg\/main:[--thread-content-margin:var(--thread-content-margin-lg,calc(var(--spacing)*16))] px-(--thread-content-margin)\">\n<div class=\"[--thread-content-max-width:40rem] @w-lg\/main:[--thread-content-max-width:48rem] mx-auto max-w-(--thread-content-max-width) flex-1 group\/turn-messages focus-visible:outline-hidden relative flex w-full min-w-0 flex-col agent-turn\" data-conversation-screenshot-content=\"\">\n<div class=\"flex max-w-full flex-col gap-4 grow\">\n<div class=\"min-h-8 text-message relative flex w-full flex-col items-end gap-2 text-start break-words whitespace-normal outline-none keyboard-focused:focus-ring [.text-message+&amp;]:mt-1\" dir=\"auto\" tabindex=\"0\" data-message-author-role=\"assistant\" data-message-id=\"4667f518-5bd9-4695-afa3-48128a7f34b2\" data-message-model-slug=\"gpt-5-6\" data-turn-start-message=\"true\">\n<div class=\"flex w-full flex-col gap-1 empty:hidden\">\n<div class=\"markdown prose dark:prose-invert wrap-break-word w-full light markdown-new-styling\">\n<p data-start=\"306\" data-end=\"559\">La police du Land de Bavi\u00e8re a pr\u00e9cis\u00e9 que l\u2019explosion s\u2019\u00e9tait produite dans un passage situ\u00e9 \u00e0 l\u2019int\u00e9rieur de l\u2019un des b\u00e2timents de la gare. Les circonstances de l\u2019incident et la nature exacte de l\u2019objet ayant explos\u00e9 restent, \u00e0 ce stade, \u00e0 d\u00e9terminer.<\/p>\n<p data-start=\"561\" data-end=\"679\">Situ\u00e9e \u00e0 environ 55 kilom\u00e8tres au nord-ouest de Munich, Augsbourg constitue un important centre r\u00e9gional de transport.<\/p>\n<\/div>\n<\/div>\n<\/div>\n<\/div>\n<\/div>\n<\/div>\n<\/section>\n<\/div>\n","protected":false},"excerpt":{"rendered":"<p>Un objet dont la nature n\u2019a pas encore \u00e9t\u00e9 d\u00e9termin\u00e9e a explos\u00e9 ce mercredi 2 septembre 2026 dans une gare de la ville d\u2019Augsbourg, dans le sud de l\u2019Allemagne, faisant&hellip;<\/p>\n","protected":false},"author":145,"featured_media":394929,"comment_status":"open","ping_status":"closed","sticky":false,"template":"","format":"standard","meta":{"_lmt_disableupdate":"no","_lmt_disable":"","_jetpack_memberships_contains_paid_content":false,"footnotes":""},"categories":[4,7],"tags":[1270],"class_list":["post-394928","post","type-post","status-publish","format-standard","has-post-thumbnail","hentry","category-actualites","category-monde","tag-allemagne"],"yoast_head":"<!-- This site is optimized with the Yoast SEO plugin v26.3 - https:\/\/yoast.com\/wordpress\/plugins\/seo\/ -->\n<title>Allemagne : explosion dans une gare \u00e0 Augsbourg, deux personnes l\u00e9g\u00e8rement bless\u00e9es - R\u00e9alit\u00e9s Magazine<\/title>\n<meta name=\"description\" content=\"Un objet dont la nature n\u2019a pas encore \u00e9t\u00e9 d\u00e9termin\u00e9e a explos\u00e9 ce mercredi 2 septembre 2026 dans une gare de la ville d\u2019Augsbourg, dans le sud de\" \/>\n<meta name=\"robots\" content=\"index, follow, max-snippet:-1, max-image-preview:large, max-video-preview:-1\" \/>\n<link rel=\"canonical\" href=\"https:\/\/realites.com.tn\/fr\/allemagne-explosion-dans-une-gare-a-augsbourg-deux-personnes-legerement-blessees\/\" \/>\n<meta property=\"og:locale\" content=\"fr_FR\" \/>\n<meta property=\"og:type\" content=\"article\" \/>\n<meta property=\"og:title\" content=\"Allemagne : explosion dans une gare \u00e0 Augsbourg, deux personnes l\u00e9g\u00e8rement bless\u00e9es - R\u00e9alit\u00e9s Magazine\" \/>\n<meta property=\"og:description\" content=\"Un objet dont la nature n\u2019a pas encore \u00e9t\u00e9 d\u00e9termin\u00e9e a explos\u00e9 ce mercredi 2 septembre 2026 dans une gare de la ville d\u2019Augsbourg, dans le sud de\" \/>\n<meta property=\"og:url\" content=\"https:\/\/realites.com.tn\/fr\/allemagne-explosion-dans-une-gare-a-augsbourg-deux-personnes-legerement-blessees\/\" \/>\n<meta property=\"og:site_name\" content=\"R\u00e9alit\u00e9s Magazine\" \/>\n<meta property=\"article:publisher\" content=\"https:\/\/www.facebook.com\/realites.tn\/\" \/>\n<meta property=\"article:published_time\" content=\"2026-09-02T10:16:38+00:00\" \/>\n<meta property=\"article:modified_time\" content=\"2026-09-02T11:26:31+00:00\" \/>\n<meta property=\"og:image\" content=\"https:\/\/realites.com.tn\/fr\/wp-content\/uploads\/2026\/09\/gare.jpg\" \/>\n\t<meta property=\"og:image:width\" content=\"1224\" \/>\n\t<meta property=\"og:image:height\" content=\"815\" \/>\n\t<meta property=\"og:image:type\" content=\"image\/jpeg\" \/>\n<meta name=\"author\" content=\"M. A\" \/>\n<meta name=\"twitter:card\" content=\"summary_large_image\" \/>\n<meta name=\"twitter:label1\" content=\"\u00c9crit par\" \/>\n\t<meta name=\"twitter:data1\" content=\"M. A\" \/>\n\t<meta name=\"twitter:label2\" content=\"Dur\u00e9e de lecture estim\u00e9e\" \/>\n\t<meta name=\"twitter:data2\" content=\"1 minute\" \/>\n<script type=\"application\/ld+json\" class=\"yoast-schema-graph\">{\"@context\":\"https:\/\/schema.org\",\"@graph\":[{\"@type\":\"WebPage\",\"@id\":\"https:\/\/realites.com.tn\/fr\/allemagne-explosion-dans-une-gare-a-augsbourg-deux-personnes-legerement-blessees\/\",\"url\":\"https:\/\/realites.com.tn\/fr\/allemagne-explosion-dans-une-gare-a-augsbourg-deux-personnes-legerement-blessees\/\",\"name\":\"Allemagne : explosion dans une gare \u00e0 Augsbourg, deux personnes l\u00e9g\u00e8rement bless\u00e9es - R\u00e9alit\u00e9s Magazine\",\"isPartOf\":{\"@id\":\"https:\/\/realites.com.tn\/fr\/#website\"},\"primaryImageOfPage\":{\"@id\":\"https:\/\/realites.com.tn\/fr\/allemagne-explosion-dans-une-gare-a-augsbourg-deux-personnes-legerement-blessees\/#primaryimage\"},\"image\":{\"@id\":\"https:\/\/realites.com.tn\/fr\/allemagne-explosion-dans-une-gare-a-augsbourg-deux-personnes-legerement-blessees\/#primaryimage\"},\"thumbnailUrl\":\"https:\/\/realites.com.tn\/fr\/wp-content\/uploads\/2026\/09\/gare.jpg\",\"datePublished\":\"2026-09-02T10:16:38+00:00\",\"dateModified\":\"2026-09-02T11:26:31+00:00\",\"author\":{\"@id\":\"https:\/\/realites.com.tn\/fr\/#\/schema\/person\/515fe3e54fbbc075df64dd746b52c530\"},\"description\":\"Un objet dont la nature n\u2019a pas encore \u00e9t\u00e9 d\u00e9termin\u00e9e a explos\u00e9 ce mercredi 2 septembre 2026 dans une gare de la ville d\u2019Augsbourg, dans le sud de\",\"breadcrumb\":{\"@id\":\"https:\/\/realites.com.tn\/fr\/allemagne-explosion-dans-une-gare-a-augsbourg-deux-personnes-legerement-blessees\/#breadcrumb\"},\"inLanguage\":\"fr-FR\",\"potentialAction\":[{\"@type\":\"ReadAction\",\"target\":[\"https:\/\/realites.com.tn\/fr\/allemagne-explosion-dans-une-gare-a-augsbourg-deux-personnes-legerement-blessees\/\"]}]},{\"@type\":\"ImageObject\",\"inLanguage\":\"fr-FR\",\"@id\":\"https:\/\/realites.com.tn\/fr\/allemagne-explosion-dans-une-gare-a-augsbourg-deux-personnes-legerement-blessees\/#primaryimage\",\"url\":\"https:\/\/realites.com.tn\/fr\/wp-content\/uploads\/2026\/09\/gare.jpg\",\"contentUrl\":\"https:\/\/realites.com.tn\/fr\/wp-content\/uploads\/2026\/09\/gare.jpg\",\"width\":1224,\"height\":815},{\"@type\":\"BreadcrumbList\",\"@id\":\"https:\/\/realites.com.tn\/fr\/allemagne-explosion-dans-une-gare-a-augsbourg-deux-personnes-legerement-blessees\/#breadcrumb\",\"itemListElement\":[{\"@type\":\"ListItem\",\"position\":1,\"name\":\"Home\",\"item\":\"https:\/\/realites.com.tn\/fr\/\"},{\"@type\":\"ListItem\",\"position\":2,\"name\":\"Allemagne : explosion dans une gare \u00e0 Augsbourg, deux personnes l\u00e9g\u00e8rement bless\u00e9es\"}]},{\"@type\":\"WebSite\",\"@id\":\"https:\/\/realites.com.tn\/fr\/#website\",\"url\":\"https:\/\/realites.com.tn\/fr\/\",\"name\":\"R\u00e9alit\u00e9s Magazine\",\"description\":\"Actualit\u00e9s de la Tunisie\",\"potentialAction\":[{\"@type\":\"SearchAction\",\"target\":{\"@type\":\"EntryPoint\",\"urlTemplate\":\"https:\/\/realites.com.tn\/fr\/?s={search_term_string}\"},\"query-input\":{\"@type\":\"PropertyValueSpecification\",\"valueRequired\":true,\"valueName\":\"search_term_string\"}}],\"inLanguage\":\"fr-FR\"},{\"@type\":\"Person\",\"@id\":\"https:\/\/realites.com.tn\/fr\/#\/schema\/person\/515fe3e54fbbc075df64dd746b52c530\",\"name\":\"M. A\",\"image\":{\"@type\":\"ImageObject\",\"inLanguage\":\"fr-FR\",\"@id\":\"https:\/\/realites.com.tn\/fr\/#\/schema\/person\/image\/\",\"url\":\"https:\/\/secure.gravatar.com\/avatar\/6cb0d0a36abd98854e1d819008d7569a?s=96&d=mm&r=g\",\"contentUrl\":\"https:\/\/secure.gravatar.com\/avatar\/6cb0d0a36abd98854e1d819008d7569a?s=96&d=mm&r=g\",\"caption\":\"M. A\"},\"url\":\"https:\/\/realites.com.tn\/fr\/author\/ma2025\/\"}]}<\/script>\n<!-- \/ Yoast SEO plugin. -->","yoast_head_json":{"title":"Allemagne : explosion dans une gare \u00e0 Augsbourg, deux personnes l\u00e9g\u00e8rement bless\u00e9es - R\u00e9alit\u00e9s Magazine","description":"Un objet dont la nature n\u2019a pas encore \u00e9t\u00e9 d\u00e9termin\u00e9e a explos\u00e9 ce mercredi 2 septembre 2026 dans une gare de la ville d\u2019Augsbourg, dans le sud de","robots":{"index":"index","follow":"follow","max-snippet":"max-snippet:-1","max-image-preview":"max-image-preview:large","max-video-preview":"max-video-preview:-1"},"canonical":"https:\/\/realites.com.tn\/fr\/allemagne-explosion-dans-une-gare-a-augsbourg-deux-personnes-legerement-blessees\/","og_locale":"fr_FR","og_type":"article","og_title":"Allemagne : explosion dans une gare \u00e0 Augsbourg, deux personnes l\u00e9g\u00e8rement bless\u00e9es - R\u00e9alit\u00e9s Magazine","og_description":"Un objet dont la nature n\u2019a pas encore \u00e9t\u00e9 d\u00e9termin\u00e9e a explos\u00e9 ce mercredi 2 septembre 2026 dans une gare de la ville d\u2019Augsbourg, dans le sud de","og_url":"https:\/\/realites.com.tn\/fr\/allemagne-explosion-dans-une-gare-a-augsbourg-deux-personnes-legerement-blessees\/","og_site_name":"R\u00e9alit\u00e9s Magazine","article_publisher":"https:\/\/www.facebook.com\/realites.tn\/","article_published_time":"2026-09-02T10:16:38+00:00","article_modified_time":"2026-09-02T11:26:31+00:00","og_image":[{"width":1224,"height":815,"url":"https:\/\/realites.com.tn\/fr\/wp-content\/uploads\/2026\/09\/gare.jpg","type":"image\/jpeg"}],"author":"M. A","twitter_card":"summary_large_image","twitter_misc":{"\u00c9crit par":"M. A","Dur\u00e9e de lecture estim\u00e9e":"1 minute"},"schema":{"@context":"https:\/\/schema.org","@graph":[{"@type":"WebPage","@id":"https:\/\/realites.com.tn\/fr\/allemagne-explosion-dans-une-gare-a-augsbourg-deux-personnes-legerement-blessees\/","url":"https:\/\/realites.com.tn\/fr\/allemagne-explosion-dans-une-gare-a-augsbourg-deux-personnes-legerement-blessees\/","name":"Allemagne : explosion dans une gare \u00e0 Augsbourg, deux personnes l\u00e9g\u00e8rement bless\u00e9es - R\u00e9alit\u00e9s Magazine","isPartOf":{"@id":"https:\/\/realites.com.tn\/fr\/#website"},"primaryImageOfPage":{"@id":"https:\/\/realites.com.tn\/fr\/allemagne-explosion-dans-une-gare-a-augsbourg-deux-personnes-legerement-blessees\/#primaryimage"},"image":{"@id":"https:\/\/realites.com.tn\/fr\/allemagne-explosion-dans-une-gare-a-augsbourg-deux-personnes-legerement-blessees\/#primaryimage"},"thumbnailUrl":"https:\/\/realites.com.tn\/fr\/wp-content\/uploads\/2026\/09\/gare.jpg","datePublished":"2026-09-02T10:16:38+00:00","dateModified":"2026-09-02T11:26:31+00:00","author":{"@id":"https:\/\/realites.com.tn\/fr\/#\/schema\/person\/515fe3e54fbbc075df64dd746b52c530"},"description":"Un objet dont la nature n\u2019a pas encore \u00e9t\u00e9 d\u00e9termin\u00e9e a explos\u00e9 ce mercredi 2 septembre 2026 dans une gare de la ville d\u2019Augsbourg, dans le sud de","breadcrumb":{"@id":"https:\/\/realites.com.tn\/fr\/allemagne-explosion-dans-une-gare-a-augsbourg-deux-personnes-legerement-blessees\/#breadcrumb"},"inLanguage":"fr-FR","potentialAction":[{"@type":"ReadAction","target":["https:\/\/realites.com.tn\/fr\/allemagne-explosion-dans-une-gare-a-augsbourg-deux-personnes-legerement-blessees\/"]}]},{"@type":"ImageObject","inLanguage":"fr-FR","@id":"https:\/\/realites.com.tn\/fr\/allemagne-explosion-dans-une-gare-a-augsbourg-deux-personnes-legerement-blessees\/#primaryimage","url":"https:\/\/realites.com.tn\/fr\/wp-content\/uploads\/2026\/09\/gare.jpg","contentUrl":"https:\/\/realites.com.tn\/fr\/wp-content\/uploads\/2026\/09\/gare.jpg","width":1224,"height":815},{"@type":"BreadcrumbList","@id":"https:\/\/realites.com.tn\/fr\/allemagne-explosion-dans-une-gare-a-augsbourg-deux-personnes-legerement-blessees\/#breadcrumb","itemListElement":[{"@type":"ListItem","position":1,"name":"Home","item":"https:\/\/realites.com.tn\/fr\/"},{"@type":"ListItem","position":2,"name":"Allemagne : explosion dans une gare \u00e0 Augsbourg, deux personnes l\u00e9g\u00e8rement bless\u00e9es"}]},{"@type":"WebSite","@id":"https:\/\/realites.com.tn\/fr\/#website","url":"https:\/\/realites.com.tn\/fr\/","name":"R\u00e9alit\u00e9s Magazine","description":"Actualit\u00e9s de la Tunisie","potentialAction":[{"@type":"SearchAction","target":{"@type":"EntryPoint","urlTemplate":"https:\/\/realites.com.tn\/fr\/?s={search_term_string}"},"query-input":{"@type":"PropertyValueSpecification","valueRequired":true,"valueName":"search_term_string"}}],"inLanguage":"fr-FR"},{"@type":"Person","@id":"https:\/\/realites.com.tn\/fr\/#\/schema\/person\/515fe3e54fbbc075df64dd746b52c530","name":"M. A","image":{"@type":"ImageObject","inLanguage":"fr-FR","@id":"https:\/\/realites.com.tn\/fr\/#\/schema\/person\/image\/","url":"https:\/\/secure.gravatar.com\/avatar\/6cb0d0a36abd98854e1d819008d7569a?s=96&d=mm&r=g","contentUrl":"https:\/\/secure.gravatar.com\/avatar\/6cb0d0a36abd98854e1d819008d7569a?s=96&d=mm&r=g","caption":"M. A"},"url":"https:\/\/realites.com.tn\/fr\/author\/ma2025\/"}]}},"jetpack_featured_media_url":"https:\/\/realites.com.tn\/fr\/wp-content\/uploads\/2026\/09\/gare.jpg","jetpack_sharing_enabled":true,"views":8,"_links":{"self":[{"href":"https:\/\/realites.com.tn\/fr\/wp-json\/wp\/v2\/posts\/394928","targetHints":{"allow":["GET"]}}],"collection":[{"href":"https:\/\/realites.com.tn\/fr\/wp-json\/wp\/v2\/posts"}],"about":[{"href":"https:\/\/realites.com.tn\/fr\/wp-json\/wp\/v2\/types\/post"}],"author":[{"embeddable":true,"href":"https:\/\/realites.com.tn\/fr\/wp-json\/wp\/v2\/users\/145"}],"replies":[{"embeddable":true,"href":"https:\/\/realites.com.tn\/fr\/wp-json\/wp\/v2\/comments?post=394928"}],"version-history":[{"count":1,"href":"https:\/\/realites.com.tn\/fr\/wp-json\/wp\/v2\/posts\/394928\/revisions"}],"predecessor-version":[{"id":394930,"href":"https:\/\/realites.com.tn\/fr\/wp-json\/wp\/v2\/posts\/394928\/revisions\/394930"}],"wp:featuredmedia":[{"embeddable":true,"href":"https:\/\/realites.com.tn\/fr\/wp-json\/wp\/v2\/media\/394929"}],"wp:attachment":[{"href":"https:\/\/realites.com.tn\/fr\/wp-json\/wp\/v2\/media?parent=394928"}],"wp:term":[{"taxonomy":"category","embeddable":true,"href":"https:\/\/realites.com.tn\/fr\/wp-json\/wp\/v2\/categories?post=394928"},{"taxonomy":"post_tag","embeddable":true,"href":"https:\/\/realites.com.tn\/fr\/wp-json\/wp\/v2\/tags?post=394928"}],"curies":[{"name":"wp","href":"https:\/\/api.w.org\/{rel}","templated":true}]}}