{"id":394931,"date":"2026-09-02T12:26:55","date_gmt":"2026-09-02T11:26:55","guid":{"rendered":"https:\/\/realites.com.tn\/fr\/?p=394931"},"modified":"2026-09-02T12:26:55","modified_gmt":"2026-09-02T11:26:55","slug":"la-france-denonce-les-actions-hybrides-russes-et-convoque-le-charge-daffaires-de-moscou","status":"publish","type":"post","link":"https:\/\/realites.com.tn\/fr\/la-france-denonce-les-actions-hybrides-russes-et-convoque-le-charge-daffaires-de-moscou\/","title":{"rendered":"La France d\u00e9nonce les actions hybrides russes et convoque le charg\u00e9 d\u2019affaires de Moscou"},"content":{"rendered":"<p>La France a r\u00e9affirm\u00e9, ce mercredi 2 septembre 2026, sa \u00ab pleine solidarit\u00e9 \u00bb avec <a href=\"https:\/\/realites.com.tn\/fr\/allemagne-explosion-dans-une-gare-a-augsbourg-deux-personnes-legerement-blessees\/\">l\u2019Allemagne<\/a>, apr\u00e8s que Berlin a \u00e9tabli la responsabilit\u00e9 de la Russie dans les graves incidents survenus d\u00e9but ao\u00fbt \u00e0 l\u2019a\u00e9roport de Leipzig.<\/p>\n<p>Dans une d\u00e9claration du porte-parole du minist\u00e8re de l\u2019Europe et des Affaires \u00e9trang\u00e8res, Paris a d\u00e9nonc\u00e9 la multiplication des \u00ab actions hybrides \u00bb en Europe, sur fond de poursuite de la guerre men\u00e9e par la Russie contre l\u2019Ukraine.<\/p>\n<p>La France affirme vouloir continuer \u00e0 \u0153uvrer, avec ses partenaires et alli\u00e9s, \u00e0 la mise en place de \u00ab r\u00e9ponses fermes \u00bb face \u00e0 ce qu\u2019elle qualifie d\u2019escalade russe. Elle entend notamment soutenir l\u2019adoption de nouvelles sanctions visant \u00e0 r\u00e9duire les capacit\u00e9s de la Russie \u00e0 poursuivre son effort de guerre et \u00e0 mettre fin \u00e0 ses \u00ab actions hostiles \u00bb.<\/p>\n<p>Paris annonce \u00e9galement vouloir renforcer, avec ses alli\u00e9s et partenaires, la protection des pays europ\u00e9ens, de leurs d\u00e9mocraties et de leurs citoyens contre les actions hybrides et les tentatives de d\u00e9stabilisation.<\/p>\n<p>Dans ce contexte, et \u00e0 la demande de Jean-No\u00ebl Barrot, ministre fran\u00e7ais de l\u2019Europe et des Affaires \u00e9trang\u00e8res, le charg\u00e9 d\u2019affaires de l\u2019ambassade de Russie en France sera convoqu\u00e9 au Quai d\u2019Orsay.<\/p>\n<p>La diplomatie fran\u00e7aise souligne enfin que la France continuera de renforcer son soutien \u00e0 l\u2019Ukraine, \u00e0 son ind\u00e9pendance et \u00e0 sa souverainet\u00e9.<\/p>\n<p>Il convient de rappeler que, d\u00e9but ao\u00fbt, un drone charg\u00e9 d\u2019explosifs avait \u00e9t\u00e9 d\u00e9couvert dans la zone s\u00e9curis\u00e9e d\u00e9di\u00e9e aux op\u00e9rations de fret de l\u2019a\u00e9roport de Leipzig, \u00e0 proximit\u00e9 de plusieurs avions-cargos ukrainiens. Un deuxi\u00e8me drone aurait ensuite percut\u00e9 un avion-cargo de DHL quelques minutes plus tard, tandis qu\u2019un troisi\u00e8me engin aurait \u00e9t\u00e9 retrouv\u00e9 une dizaine de jours apr\u00e8s \u00e0 l\u2019ouest de l\u2019a\u00e9roport. Selon les autorit\u00e9s allemandes, les \u00e9l\u00e9ments recueillis dans le cadre de l\u2019enqu\u00eate, notamment le mode op\u00e9ratoire, la configuration des drones et les composants utilis\u00e9s, ont conduit Berlin \u00e0 attribuer la responsabilit\u00e9 de cette tentative d\u2019attentat \u00e0 la Russie.<\/p>\n","protected":false},"excerpt":{"rendered":"<p>La France a r\u00e9affirm\u00e9, ce mercredi 2 septembre 2026, sa \u00ab pleine solidarit\u00e9 \u00bb avec l\u2019Allemagne, apr\u00e8s que Berlin a \u00e9tabli la responsabilit\u00e9 de la Russie dans les graves incidents&hellip;<\/p>\n","protected":false},"author":145,"featured_media":394932,"comment_status":"open","ping_status":"closed","sticky":false,"template":"","format":"standard","meta":{"_lmt_disableupdate":"","_lmt_disable":"","_jetpack_memberships_contains_paid_content":false,"footnotes":""},"categories":[4,7],"tags":[2227,8458,3061],"class_list":["post-394931","post","type-post","status-publish","format-standard","has-post-thumbnail","hentry","category-actualites","category-monde","tag-france","tag-jean-noel-barrot","tag-russie"],"yoast_head":"<!-- This site is optimized with the Yoast SEO plugin v26.3 - https:\/\/yoast.com\/wordpress\/plugins\/seo\/ -->\n<title>La France d\u00e9nonce les actions hybrides russes et convoque le charg\u00e9 d\u2019affaires de Moscou - R\u00e9alit\u00e9s Magazine<\/title>\n<meta name=\"description\" content=\"La France a r\u00e9affirm\u00e9, ce mercredi 2 septembre 2026, sa \u00ab pleine solidarit\u00e9 \u00bb avec l\u2019Allemagne, apr\u00e8s que Berlin a \u00e9tabli la responsabilit\u00e9 de la Russie\" \/>\n<meta name=\"robots\" content=\"index, follow, max-snippet:-1, max-image-preview:large, max-video-preview:-1\" \/>\n<link rel=\"canonical\" href=\"https:\/\/realites.com.tn\/fr\/la-france-denonce-les-actions-hybrides-russes-et-convoque-le-charge-daffaires-de-moscou\/\" \/>\n<meta property=\"og:locale\" content=\"fr_FR\" \/>\n<meta property=\"og:type\" content=\"article\" \/>\n<meta property=\"og:title\" content=\"La France d\u00e9nonce les actions hybrides russes et convoque le charg\u00e9 d\u2019affaires de Moscou - R\u00e9alit\u00e9s Magazine\" \/>\n<meta property=\"og:description\" content=\"La France a r\u00e9affirm\u00e9, ce mercredi 2 septembre 2026, sa \u00ab pleine solidarit\u00e9 \u00bb avec l\u2019Allemagne, apr\u00e8s que Berlin a \u00e9tabli la responsabilit\u00e9 de la Russie\" \/>\n<meta property=\"og:url\" content=\"https:\/\/realites.com.tn\/fr\/la-france-denonce-les-actions-hybrides-russes-et-convoque-le-charge-daffaires-de-moscou\/\" \/>\n<meta property=\"og:site_name\" content=\"R\u00e9alit\u00e9s Magazine\" \/>\n<meta property=\"article:publisher\" content=\"https:\/\/www.facebook.com\/realites.tn\/\" \/>\n<meta property=\"article:published_time\" content=\"2026-09-02T11:26:55+00:00\" \/>\n<meta property=\"og:image\" content=\"https:\/\/realites.com.tn\/fr\/wp-content\/uploads\/2026\/09\/france-russie.jpeg\" \/>\n\t<meta property=\"og:image:width\" content=\"640\" \/>\n\t<meta property=\"og:image:height\" content=\"360\" \/>\n\t<meta property=\"og:image:type\" content=\"image\/jpeg\" \/>\n<meta name=\"author\" content=\"M. A\" \/>\n<meta name=\"twitter:card\" content=\"summary_large_image\" \/>\n<meta name=\"twitter:label1\" content=\"\u00c9crit par\" \/>\n\t<meta name=\"twitter:data1\" content=\"M. A\" \/>\n\t<meta name=\"twitter:label2\" content=\"Dur\u00e9e de lecture estim\u00e9e\" \/>\n\t<meta name=\"twitter:data2\" content=\"2 minutes\" \/>\n<script type=\"application\/ld+json\" class=\"yoast-schema-graph\">{\"@context\":\"https:\/\/schema.org\",\"@graph\":[{\"@type\":\"WebPage\",\"@id\":\"https:\/\/realites.com.tn\/fr\/la-france-denonce-les-actions-hybrides-russes-et-convoque-le-charge-daffaires-de-moscou\/\",\"url\":\"https:\/\/realites.com.tn\/fr\/la-france-denonce-les-actions-hybrides-russes-et-convoque-le-charge-daffaires-de-moscou\/\",\"name\":\"La France d\u00e9nonce les actions hybrides russes et convoque le charg\u00e9 d\u2019affaires de Moscou - R\u00e9alit\u00e9s Magazine\",\"isPartOf\":{\"@id\":\"https:\/\/realites.com.tn\/fr\/#website\"},\"primaryImageOfPage\":{\"@id\":\"https:\/\/realites.com.tn\/fr\/la-france-denonce-les-actions-hybrides-russes-et-convoque-le-charge-daffaires-de-moscou\/#primaryimage\"},\"image\":{\"@id\":\"https:\/\/realites.com.tn\/fr\/la-france-denonce-les-actions-hybrides-russes-et-convoque-le-charge-daffaires-de-moscou\/#primaryimage\"},\"thumbnailUrl\":\"https:\/\/realites.com.tn\/fr\/wp-content\/uploads\/2026\/09\/france-russie.jpeg\",\"datePublished\":\"2026-09-02T11:26:55+00:00\",\"author\":{\"@id\":\"https:\/\/realites.com.tn\/fr\/#\/schema\/person\/515fe3e54fbbc075df64dd746b52c530\"},\"description\":\"La France a r\u00e9affirm\u00e9, ce mercredi 2 septembre 2026, sa \u00ab pleine solidarit\u00e9 \u00bb avec l\u2019Allemagne, apr\u00e8s que Berlin a \u00e9tabli la responsabilit\u00e9 de la Russie\",\"breadcrumb\":{\"@id\":\"https:\/\/realites.com.tn\/fr\/la-france-denonce-les-actions-hybrides-russes-et-convoque-le-charge-daffaires-de-moscou\/#breadcrumb\"},\"inLanguage\":\"fr-FR\",\"potentialAction\":[{\"@type\":\"ReadAction\",\"target\":[\"https:\/\/realites.com.tn\/fr\/la-france-denonce-les-actions-hybrides-russes-et-convoque-le-charge-daffaires-de-moscou\/\"]}]},{\"@type\":\"ImageObject\",\"inLanguage\":\"fr-FR\",\"@id\":\"https:\/\/realites.com.tn\/fr\/la-france-denonce-les-actions-hybrides-russes-et-convoque-le-charge-daffaires-de-moscou\/#primaryimage\",\"url\":\"https:\/\/realites.com.tn\/fr\/wp-content\/uploads\/2026\/09\/france-russie.jpeg\",\"contentUrl\":\"https:\/\/realites.com.tn\/fr\/wp-content\/uploads\/2026\/09\/france-russie.jpeg\",\"width\":640,\"height\":360,\"caption\":\"Two crossed national flags on wooden table\"},{\"@type\":\"BreadcrumbList\",\"@id\":\"https:\/\/realites.com.tn\/fr\/la-france-denonce-les-actions-hybrides-russes-et-convoque-le-charge-daffaires-de-moscou\/#breadcrumb\",\"itemListElement\":[{\"@type\":\"ListItem\",\"position\":1,\"name\":\"Home\",\"item\":\"https:\/\/realites.com.tn\/fr\/\"},{\"@type\":\"ListItem\",\"position\":2,\"name\":\"La France d\u00e9nonce les actions hybrides russes et convoque le charg\u00e9 d\u2019affaires de Moscou\"}]},{\"@type\":\"WebSite\",\"@id\":\"https:\/\/realites.com.tn\/fr\/#website\",\"url\":\"https:\/\/realites.com.tn\/fr\/\",\"name\":\"R\u00e9alit\u00e9s Magazine\",\"description\":\"Actualit\u00e9s de la Tunisie\",\"potentialAction\":[{\"@type\":\"SearchAction\",\"target\":{\"@type\":\"EntryPoint\",\"urlTemplate\":\"https:\/\/realites.com.tn\/fr\/?s={search_term_string}\"},\"query-input\":{\"@type\":\"PropertyValueSpecification\",\"valueRequired\":true,\"valueName\":\"search_term_string\"}}],\"inLanguage\":\"fr-FR\"},{\"@type\":\"Person\",\"@id\":\"https:\/\/realites.com.tn\/fr\/#\/schema\/person\/515fe3e54fbbc075df64dd746b52c530\",\"name\":\"M. A\",\"image\":{\"@type\":\"ImageObject\",\"inLanguage\":\"fr-FR\",\"@id\":\"https:\/\/realites.com.tn\/fr\/#\/schema\/person\/image\/\",\"url\":\"https:\/\/secure.gravatar.com\/avatar\/6cb0d0a36abd98854e1d819008d7569a?s=96&d=mm&r=g\",\"contentUrl\":\"https:\/\/secure.gravatar.com\/avatar\/6cb0d0a36abd98854e1d819008d7569a?s=96&d=mm&r=g\",\"caption\":\"M. A\"},\"url\":\"https:\/\/realites.com.tn\/fr\/author\/ma2025\/\"}]}<\/script>\n<!-- \/ Yoast SEO plugin. -->","yoast_head_json":{"title":"La France d\u00e9nonce les actions hybrides russes et convoque le charg\u00e9 d\u2019affaires de Moscou - R\u00e9alit\u00e9s Magazine","description":"La France a r\u00e9affirm\u00e9, ce mercredi 2 septembre 2026, sa \u00ab pleine solidarit\u00e9 \u00bb avec l\u2019Allemagne, apr\u00e8s que Berlin a \u00e9tabli la responsabilit\u00e9 de la Russie","robots":{"index":"index","follow":"follow","max-snippet":"max-snippet:-1","max-image-preview":"max-image-preview:large","max-video-preview":"max-video-preview:-1"},"canonical":"https:\/\/realites.com.tn\/fr\/la-france-denonce-les-actions-hybrides-russes-et-convoque-le-charge-daffaires-de-moscou\/","og_locale":"fr_FR","og_type":"article","og_title":"La France d\u00e9nonce les actions hybrides russes et convoque le charg\u00e9 d\u2019affaires de Moscou - R\u00e9alit\u00e9s Magazine","og_description":"La France a r\u00e9affirm\u00e9, ce mercredi 2 septembre 2026, sa \u00ab pleine solidarit\u00e9 \u00bb avec l\u2019Allemagne, apr\u00e8s que Berlin a \u00e9tabli la responsabilit\u00e9 de la Russie","og_url":"https:\/\/realites.com.tn\/fr\/la-france-denonce-les-actions-hybrides-russes-et-convoque-le-charge-daffaires-de-moscou\/","og_site_name":"R\u00e9alit\u00e9s Magazine","article_publisher":"https:\/\/www.facebook.com\/realites.tn\/","article_published_time":"2026-09-02T11:26:55+00:00","og_image":[{"width":640,"height":360,"url":"https:\/\/realites.com.tn\/fr\/wp-content\/uploads\/2026\/09\/france-russie.jpeg","type":"image\/jpeg"}],"author":"M. A","twitter_card":"summary_large_image","twitter_misc":{"\u00c9crit par":"M. A","Dur\u00e9e de lecture estim\u00e9e":"2 minutes"},"schema":{"@context":"https:\/\/schema.org","@graph":[{"@type":"WebPage","@id":"https:\/\/realites.com.tn\/fr\/la-france-denonce-les-actions-hybrides-russes-et-convoque-le-charge-daffaires-de-moscou\/","url":"https:\/\/realites.com.tn\/fr\/la-france-denonce-les-actions-hybrides-russes-et-convoque-le-charge-daffaires-de-moscou\/","name":"La France d\u00e9nonce les actions hybrides russes et convoque le charg\u00e9 d\u2019affaires de Moscou - R\u00e9alit\u00e9s Magazine","isPartOf":{"@id":"https:\/\/realites.com.tn\/fr\/#website"},"primaryImageOfPage":{"@id":"https:\/\/realites.com.tn\/fr\/la-france-denonce-les-actions-hybrides-russes-et-convoque-le-charge-daffaires-de-moscou\/#primaryimage"},"image":{"@id":"https:\/\/realites.com.tn\/fr\/la-france-denonce-les-actions-hybrides-russes-et-convoque-le-charge-daffaires-de-moscou\/#primaryimage"},"thumbnailUrl":"https:\/\/realites.com.tn\/fr\/wp-content\/uploads\/2026\/09\/france-russie.jpeg","datePublished":"2026-09-02T11:26:55+00:00","author":{"@id":"https:\/\/realites.com.tn\/fr\/#\/schema\/person\/515fe3e54fbbc075df64dd746b52c530"},"description":"La France a r\u00e9affirm\u00e9, ce mercredi 2 septembre 2026, sa \u00ab pleine solidarit\u00e9 \u00bb avec l\u2019Allemagne, apr\u00e8s que Berlin a \u00e9tabli la responsabilit\u00e9 de la Russie","breadcrumb":{"@id":"https:\/\/realites.com.tn\/fr\/la-france-denonce-les-actions-hybrides-russes-et-convoque-le-charge-daffaires-de-moscou\/#breadcrumb"},"inLanguage":"fr-FR","potentialAction":[{"@type":"ReadAction","target":["https:\/\/realites.com.tn\/fr\/la-france-denonce-les-actions-hybrides-russes-et-convoque-le-charge-daffaires-de-moscou\/"]}]},{"@type":"ImageObject","inLanguage":"fr-FR","@id":"https:\/\/realites.com.tn\/fr\/la-france-denonce-les-actions-hybrides-russes-et-convoque-le-charge-daffaires-de-moscou\/#primaryimage","url":"https:\/\/realites.com.tn\/fr\/wp-content\/uploads\/2026\/09\/france-russie.jpeg","contentUrl":"https:\/\/realites.com.tn\/fr\/wp-content\/uploads\/2026\/09\/france-russie.jpeg","width":640,"height":360,"caption":"Two crossed national flags on wooden table"},{"@type":"BreadcrumbList","@id":"https:\/\/realites.com.tn\/fr\/la-france-denonce-les-actions-hybrides-russes-et-convoque-le-charge-daffaires-de-moscou\/#breadcrumb","itemListElement":[{"@type":"ListItem","position":1,"name":"Home","item":"https:\/\/realites.com.tn\/fr\/"},{"@type":"ListItem","position":2,"name":"La France d\u00e9nonce les actions hybrides russes et convoque le charg\u00e9 d\u2019affaires de Moscou"}]},{"@type":"WebSite","@id":"https:\/\/realites.com.tn\/fr\/#website","url":"https:\/\/realites.com.tn\/fr\/","name":"R\u00e9alit\u00e9s Magazine","description":"Actualit\u00e9s de la Tunisie","potentialAction":[{"@type":"SearchAction","target":{"@type":"EntryPoint","urlTemplate":"https:\/\/realites.com.tn\/fr\/?s={search_term_string}"},"query-input":{"@type":"PropertyValueSpecification","valueRequired":true,"valueName":"search_term_string"}}],"inLanguage":"fr-FR"},{"@type":"Person","@id":"https:\/\/realites.com.tn\/fr\/#\/schema\/person\/515fe3e54fbbc075df64dd746b52c530","name":"M. A","image":{"@type":"ImageObject","inLanguage":"fr-FR","@id":"https:\/\/realites.com.tn\/fr\/#\/schema\/person\/image\/","url":"https:\/\/secure.gravatar.com\/avatar\/6cb0d0a36abd98854e1d819008d7569a?s=96&d=mm&r=g","contentUrl":"https:\/\/secure.gravatar.com\/avatar\/6cb0d0a36abd98854e1d819008d7569a?s=96&d=mm&r=g","caption":"M. A"},"url":"https:\/\/realites.com.tn\/fr\/author\/ma2025\/"}]}},"jetpack_featured_media_url":"https:\/\/realites.com.tn\/fr\/wp-content\/uploads\/2026\/09\/france-russie.jpeg","jetpack_sharing_enabled":true,"views":13,"_links":{"self":[{"href":"https:\/\/realites.com.tn\/fr\/wp-json\/wp\/v2\/posts\/394931","targetHints":{"allow":["GET"]}}],"collection":[{"href":"https:\/\/realites.com.tn\/fr\/wp-json\/wp\/v2\/posts"}],"about":[{"href":"https:\/\/realites.com.tn\/fr\/wp-json\/wp\/v2\/types\/post"}],"author":[{"embeddable":true,"href":"https:\/\/realites.com.tn\/fr\/wp-json\/wp\/v2\/users\/145"}],"replies":[{"embeddable":true,"href":"https:\/\/realites.com.tn\/fr\/wp-json\/wp\/v2\/comments?post=394931"}],"version-history":[{"count":1,"href":"https:\/\/realites.com.tn\/fr\/wp-json\/wp\/v2\/posts\/394931\/revisions"}],"predecessor-version":[{"id":394933,"href":"https:\/\/realites.com.tn\/fr\/wp-json\/wp\/v2\/posts\/394931\/revisions\/394933"}],"wp:featuredmedia":[{"embeddable":true,"href":"https:\/\/realites.com.tn\/fr\/wp-json\/wp\/v2\/media\/394932"}],"wp:attachment":[{"href":"https:\/\/realites.com.tn\/fr\/wp-json\/wp\/v2\/media?parent=394931"}],"wp:term":[{"taxonomy":"category","embeddable":true,"href":"https:\/\/realites.com.tn\/fr\/wp-json\/wp\/v2\/categories?post=394931"},{"taxonomy":"post_tag","embeddable":true,"href":"https:\/\/realites.com.tn\/fr\/wp-json\/wp\/v2\/tags?post=394931"}],"curies":[{"name":"wp","href":"https:\/\/api.w.org\/{rel}","templated":true}]}}