{"id":394934,"date":"2026-09-02T12:35:32","date_gmt":"2026-09-02T11:35:32","guid":{"rendered":"https:\/\/realites.com.tn\/fr\/?p=394934"},"modified":"2026-09-02T12:35:32","modified_gmt":"2026-09-02T11:35:32","slug":"jendouba-une-sortie-a-moto-avec-son-ami-vire-au-cauchemar-une-mineure-kidnappee-puis-violee","status":"publish","type":"post","link":"https:\/\/realites.com.tn\/fr\/jendouba-une-sortie-a-moto-avec-son-ami-vire-au-cauchemar-une-mineure-kidnappee-puis-violee\/","title":{"rendered":"Jendouba : une sortie \u00e0 moto avec son ami vire au cauchemar, une mineure kidnapp\u00e9e puis viol\u00e9e"},"content":{"rendered":"<div class=\"flex max-w-full flex-col gap-4 grow\">\n<div class=\"min-h-8 text-message relative flex w-full flex-col items-end gap-2 text-start break-words whitespace-normal outline-none keyboard-focused:focus-ring [.text-message+&amp;]:mt-1\" dir=\"auto\" tabindex=\"0\" data-message-author-role=\"assistant\" data-message-id=\"2ecad2b5-a92f-4e58-b717-2e380285bc6f\" data-message-model-slug=\"gpt-5-6\" data-turn-start-message=\"true\">\n<div class=\"flex w-full flex-col gap-1 empty:hidden\">\n<div class=\"markdown prose dark:prose-invert wrap-break-word w-full light markdown-new-styling\">\n<p data-start=\"94\" data-end=\"322\">Deux hommes, connus des services de s\u00e9curit\u00e9 pour leurs ant\u00e9c\u00e9dents judiciaires, ont \u00e9t\u00e9 interpell\u00e9s \u00e0 Jendouba apr\u00e8s l\u2019enl\u00e8vement et le viol d\u2019une mineure originaire de Ghardimaou, rapportent des sources concordantes.<\/p>\n<p data-start=\"324\" data-end=\"656\">Selon les premiers \u00e9l\u00e9ments rapport\u00e9s, les deux suspects, originaires de Jendouba, auraient enlev\u00e9 la jeune fille alors qu\u2019elle se trouvait avec son ami \u00e0 bord d\u2019une motocyclette \u00e0 Ghardimaou. Ils l\u2019auraient ensuite conduite vers Jendouba, o\u00f9 ils auraient successivement abus\u00e9 d\u2019elle et lui auraient inflig\u00e9 des violences physiques.<\/p>\n<p data-start=\"658\" data-end=\"1064\">L\u2019ami de la victime s\u2019est imm\u00e9diatement rendu au poste de s\u00e9curit\u00e9 de Ghardimaou pour signaler les faits et fournir aux agents les descriptions des deux suspects. Les unit\u00e9s de la brigade de secours de Ghardimaou, en coordination avec la brigade de police judiciaire de la m\u00eame ville, ont alors lanc\u00e9 les recherches, apr\u00e8s consultation du minist\u00e8re public pr\u00e8s le Tribunal de premi\u00e8re instance de Jendouba.<\/p>\n<p data-start=\"1066\" data-end=\"1263\">Les forces de s\u00e9curit\u00e9 sont parvenues, dans un d\u00e9lai particuli\u00e8rement court, \u00e0 identifier et interpeller les deux suspects ainsi qu\u2019\u00e0 saisir le v\u00e9hicule qui aurait \u00e9t\u00e9 utilis\u00e9 lors de l\u2019enl\u00e8vement.<\/p>\n<p data-start=\"1265\" data-end=\"1433\">La mineure a \u00e9t\u00e9 remise \u00e0 sa famille apr\u00e8s avoir \u00e9t\u00e9 examin\u00e9e par un m\u00e9decin l\u00e9giste. Selon la m\u00eame source, l\u2019examen m\u00e9dico-l\u00e9gal a confirm\u00e9 qu\u2019elle avait subi un viol.<\/p>\n<p data-start=\"1435\" data-end=\"1585\" data-is-last-node=\"\" data-is-only-node=\"\">Les deux suspects ont \u00e9t\u00e9 plac\u00e9s \u00e0 la disposition de la justice afin que les investigations se poursuivent et que les responsabilit\u00e9s soient \u00e9tablies.<\/p>\n<\/div>\n<\/div>\n<\/div>\n<\/div>\n<div class=\"z-0 flex min-h-[46px] justify-start\"><\/div>\n<div class=\"pointer-events-none -mb-px h-px w-full opacity-0\" aria-hidden=\"true\"><\/div>\n","protected":false},"excerpt":{"rendered":"<p>Deux hommes, connus des services de s\u00e9curit\u00e9 pour leurs ant\u00e9c\u00e9dents judiciaires, ont \u00e9t\u00e9 interpell\u00e9s \u00e0 Jendouba apr\u00e8s l\u2019enl\u00e8vement et le viol d\u2019une mineure originaire de Ghardimaou, rapportent des sources concordantes.&hellip;<\/p>\n","protected":false},"author":145,"featured_media":178794,"comment_status":"open","ping_status":"closed","sticky":false,"template":"","format":"standard","meta":{"_lmt_disableupdate":"","_lmt_disable":"","_jetpack_memberships_contains_paid_content":false,"footnotes":""},"categories":[4,9],"tags":[4025,2316,4010,1364],"class_list":["post-394934","post","type-post","status-publish","format-standard","has-post-thumbnail","hentry","category-actualites","category-societe","tag-ghardimaou","tag-jendouba","tag-mineure","tag-viol"],"yoast_head":"<!-- This site is optimized with the Yoast SEO plugin v26.3 - https:\/\/yoast.com\/wordpress\/plugins\/seo\/ -->\n<title>Jendouba : une sortie \u00e0 moto avec son ami vire au cauchemar, une mineure kidnapp\u00e9e puis viol\u00e9e - R\u00e9alit\u00e9s Magazine<\/title>\n<meta name=\"description\" content=\"Deux hommes, connus des services de s\u00e9curit\u00e9 pour leurs ant\u00e9c\u00e9dents judiciaires, ont \u00e9t\u00e9 interpell\u00e9s \u00e0 Jendouba apr\u00e8s l\u2019enl\u00e8vement et le viol d\u2019une\" \/>\n<meta name=\"robots\" content=\"index, follow, max-snippet:-1, max-image-preview:large, max-video-preview:-1\" \/>\n<link rel=\"canonical\" href=\"https:\/\/realites.com.tn\/fr\/jendouba-une-sortie-a-moto-avec-son-ami-vire-au-cauchemar-une-mineure-kidnappee-puis-violee\/\" \/>\n<meta property=\"og:locale\" content=\"fr_FR\" \/>\n<meta property=\"og:type\" content=\"article\" \/>\n<meta property=\"og:title\" content=\"Jendouba : une sortie \u00e0 moto avec son ami vire au cauchemar, une mineure kidnapp\u00e9e puis viol\u00e9e - R\u00e9alit\u00e9s Magazine\" \/>\n<meta property=\"og:description\" content=\"Deux hommes, connus des services de s\u00e9curit\u00e9 pour leurs ant\u00e9c\u00e9dents judiciaires, ont \u00e9t\u00e9 interpell\u00e9s \u00e0 Jendouba apr\u00e8s l\u2019enl\u00e8vement et le viol d\u2019une\" \/>\n<meta property=\"og:url\" content=\"https:\/\/realites.com.tn\/fr\/jendouba-une-sortie-a-moto-avec-son-ami-vire-au-cauchemar-une-mineure-kidnappee-puis-violee\/\" \/>\n<meta property=\"og:site_name\" content=\"R\u00e9alit\u00e9s Magazine\" \/>\n<meta property=\"article:publisher\" content=\"https:\/\/www.facebook.com\/realites.tn\/\" \/>\n<meta property=\"article:published_time\" content=\"2026-09-02T11:35:32+00:00\" \/>\n<meta property=\"og:image\" content=\"https:\/\/realites.com.tn\/fr\/wp-content\/uploads\/2020\/05\/Viol-Haouaria.png\" \/>\n\t<meta property=\"og:image:width\" content=\"900\" \/>\n\t<meta property=\"og:image:height\" content=\"600\" \/>\n\t<meta property=\"og:image:type\" content=\"image\/png\" \/>\n<meta name=\"author\" content=\"M. A\" \/>\n<meta name=\"twitter:card\" content=\"summary_large_image\" \/>\n<meta name=\"twitter:label1\" content=\"\u00c9crit par\" \/>\n\t<meta name=\"twitter:data1\" content=\"M. A\" \/>\n\t<meta name=\"twitter:label2\" content=\"Dur\u00e9e de lecture estim\u00e9e\" \/>\n\t<meta name=\"twitter:data2\" content=\"2 minutes\" \/>\n<script type=\"application\/ld+json\" class=\"yoast-schema-graph\">{\"@context\":\"https:\/\/schema.org\",\"@graph\":[{\"@type\":\"WebPage\",\"@id\":\"https:\/\/realites.com.tn\/fr\/jendouba-une-sortie-a-moto-avec-son-ami-vire-au-cauchemar-une-mineure-kidnappee-puis-violee\/\",\"url\":\"https:\/\/realites.com.tn\/fr\/jendouba-une-sortie-a-moto-avec-son-ami-vire-au-cauchemar-une-mineure-kidnappee-puis-violee\/\",\"name\":\"Jendouba : une sortie \u00e0 moto avec son ami vire au cauchemar, une mineure kidnapp\u00e9e puis viol\u00e9e - R\u00e9alit\u00e9s Magazine\",\"isPartOf\":{\"@id\":\"https:\/\/realites.com.tn\/fr\/#website\"},\"primaryImageOfPage\":{\"@id\":\"https:\/\/realites.com.tn\/fr\/jendouba-une-sortie-a-moto-avec-son-ami-vire-au-cauchemar-une-mineure-kidnappee-puis-violee\/#primaryimage\"},\"image\":{\"@id\":\"https:\/\/realites.com.tn\/fr\/jendouba-une-sortie-a-moto-avec-son-ami-vire-au-cauchemar-une-mineure-kidnappee-puis-violee\/#primaryimage\"},\"thumbnailUrl\":\"https:\/\/realites.com.tn\/fr\/wp-content\/uploads\/2020\/05\/Viol-Haouaria.png\",\"datePublished\":\"2026-09-02T11:35:32+00:00\",\"author\":{\"@id\":\"https:\/\/realites.com.tn\/fr\/#\/schema\/person\/515fe3e54fbbc075df64dd746b52c530\"},\"description\":\"Deux hommes, connus des services de s\u00e9curit\u00e9 pour leurs ant\u00e9c\u00e9dents judiciaires, ont \u00e9t\u00e9 interpell\u00e9s \u00e0 Jendouba apr\u00e8s l\u2019enl\u00e8vement et le viol d\u2019une\",\"breadcrumb\":{\"@id\":\"https:\/\/realites.com.tn\/fr\/jendouba-une-sortie-a-moto-avec-son-ami-vire-au-cauchemar-une-mineure-kidnappee-puis-violee\/#breadcrumb\"},\"inLanguage\":\"fr-FR\",\"potentialAction\":[{\"@type\":\"ReadAction\",\"target\":[\"https:\/\/realites.com.tn\/fr\/jendouba-une-sortie-a-moto-avec-son-ami-vire-au-cauchemar-une-mineure-kidnappee-puis-violee\/\"]}]},{\"@type\":\"ImageObject\",\"inLanguage\":\"fr-FR\",\"@id\":\"https:\/\/realites.com.tn\/fr\/jendouba-une-sortie-a-moto-avec-son-ami-vire-au-cauchemar-une-mineure-kidnappee-puis-violee\/#primaryimage\",\"url\":\"https:\/\/realites.com.tn\/fr\/wp-content\/uploads\/2020\/05\/Viol-Haouaria.png\",\"contentUrl\":\"https:\/\/realites.com.tn\/fr\/wp-content\/uploads\/2020\/05\/Viol-Haouaria.png\",\"width\":900,\"height\":600},{\"@type\":\"BreadcrumbList\",\"@id\":\"https:\/\/realites.com.tn\/fr\/jendouba-une-sortie-a-moto-avec-son-ami-vire-au-cauchemar-une-mineure-kidnappee-puis-violee\/#breadcrumb\",\"itemListElement\":[{\"@type\":\"ListItem\",\"position\":1,\"name\":\"Home\",\"item\":\"https:\/\/realites.com.tn\/fr\/\"},{\"@type\":\"ListItem\",\"position\":2,\"name\":\"Jendouba : une sortie \u00e0 moto avec son ami vire au cauchemar, une mineure kidnapp\u00e9e puis viol\u00e9e\"}]},{\"@type\":\"WebSite\",\"@id\":\"https:\/\/realites.com.tn\/fr\/#website\",\"url\":\"https:\/\/realites.com.tn\/fr\/\",\"name\":\"R\u00e9alit\u00e9s Magazine\",\"description\":\"Actualit\u00e9s de la Tunisie\",\"potentialAction\":[{\"@type\":\"SearchAction\",\"target\":{\"@type\":\"EntryPoint\",\"urlTemplate\":\"https:\/\/realites.com.tn\/fr\/?s={search_term_string}\"},\"query-input\":{\"@type\":\"PropertyValueSpecification\",\"valueRequired\":true,\"valueName\":\"search_term_string\"}}],\"inLanguage\":\"fr-FR\"},{\"@type\":\"Person\",\"@id\":\"https:\/\/realites.com.tn\/fr\/#\/schema\/person\/515fe3e54fbbc075df64dd746b52c530\",\"name\":\"M. A\",\"image\":{\"@type\":\"ImageObject\",\"inLanguage\":\"fr-FR\",\"@id\":\"https:\/\/realites.com.tn\/fr\/#\/schema\/person\/image\/\",\"url\":\"https:\/\/secure.gravatar.com\/avatar\/6cb0d0a36abd98854e1d819008d7569a?s=96&d=mm&r=g\",\"contentUrl\":\"https:\/\/secure.gravatar.com\/avatar\/6cb0d0a36abd98854e1d819008d7569a?s=96&d=mm&r=g\",\"caption\":\"M. A\"},\"url\":\"https:\/\/realites.com.tn\/fr\/author\/ma2025\/\"}]}<\/script>\n<!-- \/ Yoast SEO plugin. -->","yoast_head_json":{"title":"Jendouba : une sortie \u00e0 moto avec son ami vire au cauchemar, une mineure kidnapp\u00e9e puis viol\u00e9e - R\u00e9alit\u00e9s Magazine","description":"Deux hommes, connus des services de s\u00e9curit\u00e9 pour leurs ant\u00e9c\u00e9dents judiciaires, ont \u00e9t\u00e9 interpell\u00e9s \u00e0 Jendouba apr\u00e8s l\u2019enl\u00e8vement et le viol d\u2019une","robots":{"index":"index","follow":"follow","max-snippet":"max-snippet:-1","max-image-preview":"max-image-preview:large","max-video-preview":"max-video-preview:-1"},"canonical":"https:\/\/realites.com.tn\/fr\/jendouba-une-sortie-a-moto-avec-son-ami-vire-au-cauchemar-une-mineure-kidnappee-puis-violee\/","og_locale":"fr_FR","og_type":"article","og_title":"Jendouba : une sortie \u00e0 moto avec son ami vire au cauchemar, une mineure kidnapp\u00e9e puis viol\u00e9e - R\u00e9alit\u00e9s Magazine","og_description":"Deux hommes, connus des services de s\u00e9curit\u00e9 pour leurs ant\u00e9c\u00e9dents judiciaires, ont \u00e9t\u00e9 interpell\u00e9s \u00e0 Jendouba apr\u00e8s l\u2019enl\u00e8vement et le viol d\u2019une","og_url":"https:\/\/realites.com.tn\/fr\/jendouba-une-sortie-a-moto-avec-son-ami-vire-au-cauchemar-une-mineure-kidnappee-puis-violee\/","og_site_name":"R\u00e9alit\u00e9s Magazine","article_publisher":"https:\/\/www.facebook.com\/realites.tn\/","article_published_time":"2026-09-02T11:35:32+00:00","og_image":[{"width":900,"height":600,"url":"https:\/\/realites.com.tn\/fr\/wp-content\/uploads\/2020\/05\/Viol-Haouaria.png","type":"image\/png"}],"author":"M. A","twitter_card":"summary_large_image","twitter_misc":{"\u00c9crit par":"M. A","Dur\u00e9e de lecture estim\u00e9e":"2 minutes"},"schema":{"@context":"https:\/\/schema.org","@graph":[{"@type":"WebPage","@id":"https:\/\/realites.com.tn\/fr\/jendouba-une-sortie-a-moto-avec-son-ami-vire-au-cauchemar-une-mineure-kidnappee-puis-violee\/","url":"https:\/\/realites.com.tn\/fr\/jendouba-une-sortie-a-moto-avec-son-ami-vire-au-cauchemar-une-mineure-kidnappee-puis-violee\/","name":"Jendouba : une sortie \u00e0 moto avec son ami vire au cauchemar, une mineure kidnapp\u00e9e puis viol\u00e9e - R\u00e9alit\u00e9s Magazine","isPartOf":{"@id":"https:\/\/realites.com.tn\/fr\/#website"},"primaryImageOfPage":{"@id":"https:\/\/realites.com.tn\/fr\/jendouba-une-sortie-a-moto-avec-son-ami-vire-au-cauchemar-une-mineure-kidnappee-puis-violee\/#primaryimage"},"image":{"@id":"https:\/\/realites.com.tn\/fr\/jendouba-une-sortie-a-moto-avec-son-ami-vire-au-cauchemar-une-mineure-kidnappee-puis-violee\/#primaryimage"},"thumbnailUrl":"https:\/\/realites.com.tn\/fr\/wp-content\/uploads\/2020\/05\/Viol-Haouaria.png","datePublished":"2026-09-02T11:35:32+00:00","author":{"@id":"https:\/\/realites.com.tn\/fr\/#\/schema\/person\/515fe3e54fbbc075df64dd746b52c530"},"description":"Deux hommes, connus des services de s\u00e9curit\u00e9 pour leurs ant\u00e9c\u00e9dents judiciaires, ont \u00e9t\u00e9 interpell\u00e9s \u00e0 Jendouba apr\u00e8s l\u2019enl\u00e8vement et le viol d\u2019une","breadcrumb":{"@id":"https:\/\/realites.com.tn\/fr\/jendouba-une-sortie-a-moto-avec-son-ami-vire-au-cauchemar-une-mineure-kidnappee-puis-violee\/#breadcrumb"},"inLanguage":"fr-FR","potentialAction":[{"@type":"ReadAction","target":["https:\/\/realites.com.tn\/fr\/jendouba-une-sortie-a-moto-avec-son-ami-vire-au-cauchemar-une-mineure-kidnappee-puis-violee\/"]}]},{"@type":"ImageObject","inLanguage":"fr-FR","@id":"https:\/\/realites.com.tn\/fr\/jendouba-une-sortie-a-moto-avec-son-ami-vire-au-cauchemar-une-mineure-kidnappee-puis-violee\/#primaryimage","url":"https:\/\/realites.com.tn\/fr\/wp-content\/uploads\/2020\/05\/Viol-Haouaria.png","contentUrl":"https:\/\/realites.com.tn\/fr\/wp-content\/uploads\/2020\/05\/Viol-Haouaria.png","width":900,"height":600},{"@type":"BreadcrumbList","@id":"https:\/\/realites.com.tn\/fr\/jendouba-une-sortie-a-moto-avec-son-ami-vire-au-cauchemar-une-mineure-kidnappee-puis-violee\/#breadcrumb","itemListElement":[{"@type":"ListItem","position":1,"name":"Home","item":"https:\/\/realites.com.tn\/fr\/"},{"@type":"ListItem","position":2,"name":"Jendouba : une sortie \u00e0 moto avec son ami vire au cauchemar, une mineure kidnapp\u00e9e puis viol\u00e9e"}]},{"@type":"WebSite","@id":"https:\/\/realites.com.tn\/fr\/#website","url":"https:\/\/realites.com.tn\/fr\/","name":"R\u00e9alit\u00e9s Magazine","description":"Actualit\u00e9s de la Tunisie","potentialAction":[{"@type":"SearchAction","target":{"@type":"EntryPoint","urlTemplate":"https:\/\/realites.com.tn\/fr\/?s={search_term_string}"},"query-input":{"@type":"PropertyValueSpecification","valueRequired":true,"valueName":"search_term_string"}}],"inLanguage":"fr-FR"},{"@type":"Person","@id":"https:\/\/realites.com.tn\/fr\/#\/schema\/person\/515fe3e54fbbc075df64dd746b52c530","name":"M. A","image":{"@type":"ImageObject","inLanguage":"fr-FR","@id":"https:\/\/realites.com.tn\/fr\/#\/schema\/person\/image\/","url":"https:\/\/secure.gravatar.com\/avatar\/6cb0d0a36abd98854e1d819008d7569a?s=96&d=mm&r=g","contentUrl":"https:\/\/secure.gravatar.com\/avatar\/6cb0d0a36abd98854e1d819008d7569a?s=96&d=mm&r=g","caption":"M. A"},"url":"https:\/\/realites.com.tn\/fr\/author\/ma2025\/"}]}},"jetpack_featured_media_url":"https:\/\/realites.com.tn\/fr\/wp-content\/uploads\/2020\/05\/Viol-Haouaria.png","jetpack_sharing_enabled":true,"views":37,"_links":{"self":[{"href":"https:\/\/realites.com.tn\/fr\/wp-json\/wp\/v2\/posts\/394934","targetHints":{"allow":["GET"]}}],"collection":[{"href":"https:\/\/realites.com.tn\/fr\/wp-json\/wp\/v2\/posts"}],"about":[{"href":"https:\/\/realites.com.tn\/fr\/wp-json\/wp\/v2\/types\/post"}],"author":[{"embeddable":true,"href":"https:\/\/realites.com.tn\/fr\/wp-json\/wp\/v2\/users\/145"}],"replies":[{"embeddable":true,"href":"https:\/\/realites.com.tn\/fr\/wp-json\/wp\/v2\/comments?post=394934"}],"version-history":[{"count":1,"href":"https:\/\/realites.com.tn\/fr\/wp-json\/wp\/v2\/posts\/394934\/revisions"}],"predecessor-version":[{"id":394935,"href":"https:\/\/realites.com.tn\/fr\/wp-json\/wp\/v2\/posts\/394934\/revisions\/394935"}],"wp:featuredmedia":[{"embeddable":true,"href":"https:\/\/realites.com.tn\/fr\/wp-json\/wp\/v2\/media\/178794"}],"wp:attachment":[{"href":"https:\/\/realites.com.tn\/fr\/wp-json\/wp\/v2\/media?parent=394934"}],"wp:term":[{"taxonomy":"category","embeddable":true,"href":"https:\/\/realites.com.tn\/fr\/wp-json\/wp\/v2\/categories?post=394934"},{"taxonomy":"post_tag","embeddable":true,"href":"https:\/\/realites.com.tn\/fr\/wp-json\/wp\/v2\/tags?post=394934"}],"curies":[{"name":"wp","href":"https:\/\/api.w.org\/{rel}","templated":true}]}}