{"id":394944,"date":"2026-09-02T12:59:09","date_gmt":"2026-09-02T11:59:09","guid":{"rendered":"https:\/\/realites.com.tn\/fr\/?p=394944"},"modified":"2026-09-02T13:03:08","modified_gmt":"2026-09-02T12:03:08","slug":"enfants-connectes-enfance-deconnectee","status":"publish","type":"post","link":"https:\/\/realites.com.tn\/fr\/enfants-connectes-enfance-deconnectee\/","title":{"rendered":"Enfants connect\u00e9s, enfance d\u00e9connect\u00e9e"},"content":{"rendered":"<p>Smartphones, jeux vid\u00e9o, r\u00e9seaux sociaux\u2026 Les \u00e9crans occupent une place croissante dans la vie des enfants. En Tunisie comme ailleurs, ils accompagnent les devoirs, les repas et parfois m\u00eame les nuits. Mais \u00e0 partir de quand une utilisation quotidienne devient-elle probl\u00e9matique ?<\/p>\n<p class=\"isSelectedEnd\">\u00ab Encore cinq minutes. \u00bb La phrase est devenue famili\u00e8re dans de nombreuses familles. Cinq minutes pour terminer une partie, regarder une vid\u00e9o ou r\u00e9pondre \u00e0 un message. Puis une notification appara\u00eet, une autre vid\u00e9o commence et les cinq minutes se transforment en une demi-heure.<\/p>\n<p class=\"isSelectedEnd\">Le t\u00e9l\u00e9phone reste sur la table pendant le repas, \u00e0 c\u00f4t\u00e9 du cahier pendant les devoirs ou sous l\u2019oreiller au moment de dormir. Pour les parents, la question est loin d\u2019\u00eatre simple : leur enfant utilise-t-il simplement beaucoup les \u00e9crans ou commence-t-il \u00e0 en perdre le contr\u00f4le ?<\/p>\n<h2>Une g\u00e9n\u00e9ration n\u00e9e avec Internet<\/h2>\n<p class=\"isSelectedEnd\">En Tunisie, les enfants grandissent dans un environnement o\u00f9 la connexion num\u00e9rique est devenue presque ordinaire.<\/p>\n<p class=\"isSelectedEnd\">Selon DataReportal 2025, la Tunisie comptait environ 10,5 millions d\u2019internautes au d\u00e9but de 2025, soit pr\u00e8s de 84 % de la population. Le nombre d\u2019identit\u00e9s actives sur les r\u00e9seaux sociaux \u00e9tait estim\u00e9 \u00e0 environ 7,4 millions.<\/p>\n<p class=\"isSelectedEnd\">Ces chiffres concernent l\u2019ensemble de la population et ne permettent donc pas de mesurer directement l\u2019usage des \u00e9crans chez les enfants. Ils t\u00e9moignent n\u00e9anmoins de la place consid\u00e9rable prise par Internet dans la soci\u00e9t\u00e9 tunisienne.<\/p>\n<p class=\"isSelectedEnd\">La difficult\u00e9 commence lorsqu\u2019on confond usage important et addiction.<\/p>\n<p class=\"isSelectedEnd\">Un enfant peut jouer r\u00e9guli\u00e8rement, regarder des vid\u00e9os ou utiliser les r\u00e9seaux sociaux sans souffrir d\u2019un trouble. L\u2019Organisation mondiale de la Sant\u00e9 reconna\u00eet toutefois le trouble du jeu vid\u00e9o, caract\u00e9ris\u00e9 notamment par une perte de contr\u00f4le sur le jeu, une priorit\u00e9 croissante accord\u00e9e \u00e0 celui-ci au d\u00e9triment d\u2019autres activit\u00e9s et la poursuite du comportement malgr\u00e9 ses cons\u00e9quences n\u00e9gatives.<\/p>\n<p class=\"isSelectedEnd\">Autrement dit, ce n\u2019est pas uniquement le nombre d\u2019heures pass\u00e9es devant un \u00e9cran qui compte, mais l\u2019impact de cet usage sur la vie de l\u2019enfant.<\/p>\n<h2>Quand l\u2019\u00e9cran prend trop de place<\/h2>\n<p class=\"isSelectedEnd\">Un enfant qui abandonne progressivement ses loisirs, dort moins, n\u00e9glige ses devoirs, s\u2019isole ou devient tr\u00e8s irritable lorsqu\u2019on lui demande de poser son t\u00e9l\u00e9phone pr\u00e9sente des signaux qui m\u00e9ritent d\u2019\u00eatre surveill\u00e9s.<\/p>\n<p class=\"isSelectedEnd\">Le probl\u00e8me appara\u00eet lorsque l\u2019\u00e9cran commence \u00e0 prendre la place du sommeil, du sport, du jeu, des relations familiales ou des activit\u00e9s sociales.<\/p>\n<p class=\"isSelectedEnd\">Cette \u00e9volution est \u00e9galement observ\u00e9e \u00e0 l\u2019\u00e9chelle internationale.<\/p>\n<p class=\"isSelectedEnd\">L\u2019enqu\u00eate Health Behaviour in School-aged Children (HBSC), men\u00e9e sous l\u2019\u00e9gide de l\u2019OMS Europe en 2022 aupr\u00e8s de pr\u00e8s de 280 000 adolescents dans 44 pays et r\u00e9gions, indique que la proportion d\u2019adolescents pr\u00e9sentant un usage probl\u00e9matique des r\u00e9seaux sociaux est pass\u00e9e de 7 % en 2018 \u00e0 11 % en 2022. Les filles sont davantage concern\u00e9es, avec 13 % contre 9 % chez les gar\u00e7ons.<\/p>\n<p class=\"isSelectedEnd\">L\u2019\u00e9tude rel\u00e8ve \u00e9galement que 36 % des adolescents sont en contact en ligne avec leurs amis et d\u2019autres personnes presque en permanence. Chez les filles de 15 ans, cette proportion atteint 44 %.<\/p>\n<p class=\"isSelectedEnd\">Ces r\u00e9sultats ne peuvent pas \u00eatre transpos\u00e9s directement \u00e0 la Tunisie, qui ne faisait pas partie de l\u2019\u00e9chantillon. Ils illustrent n\u00e9anmoins une tendance internationale : pour une partie des adolescents, les r\u00e9seaux sociaux ne sont plus seulement un outil de communication, mais un espace permanent de vie sociale.<\/p>\n<h2>Le sommeil, premi\u00e8re victime ?<\/h2>\n<p class=\"isSelectedEnd\">Il suffit parfois d\u2019observer une chambre d\u2019adolescent tard dans la soir\u00e9e. La maison est silencieuse, mais la lumi\u00e8re du t\u00e9l\u00e9phone continue d\u2019\u00e9clairer son visage.<\/p>\n<p class=\"isSelectedEnd\">Une vid\u00e9o. Un message. Une partie. Une notification.<\/p>\n<p class=\"isSelectedEnd\">Puis le sommeil est repouss\u00e9.<\/p>\n<p class=\"isSelectedEnd\">Chez les jeunes enfants, l\u2019OMS recommande notamment de limiter le temps d\u2019\u00e9cran s\u00e9dentaire : pour les enfants de 2 ans et ceux \u00e2g\u00e9s de 3 \u00e0 4 ans, la dur\u00e9e ne devrait pas d\u00e9passer une heure par jour, moins \u00e9tant pr\u00e9f\u00e9rable.<\/p>\n<p class=\"isSelectedEnd\">Pour les enfants de 3 \u00e0 4 ans, l\u2019OMS recommande \u00e9galement 10 \u00e0 13 heures de sommeil par jour et au moins 180 minutes d\u2019activit\u00e9 physique quotidienne, dont une partie consacr\u00e9e \u00e0 une activit\u00e9 physique d\u2019intensit\u00e9 mod\u00e9r\u00e9e \u00e0 soutenue.<\/p>\n<p class=\"isSelectedEnd\">L\u2019objectif n\u2019est donc pas simplement de retirer du temps aux \u00e9crans, mais de pr\u00e9server le temps consacr\u00e9 au sommeil, au mouvement, au jeu et aux interactions humaines.<\/p>\n<h2>Le danger ne se limite pas \u00e0 l\u2019addiction<\/h2>\n<p class=\"isSelectedEnd\">\u00catre connect\u00e9 signifie \u00e9galement \u00eatre expos\u00e9 \u00e0 de nouveaux risques : cyberharc\u00e8lement, contenus violents, sollicitations inappropri\u00e9es ou encore atteintes \u00e0 la vie priv\u00e9e.<\/p>\n<p class=\"isSelectedEnd\">Une enqu\u00eate U-Report r\u00e9alis\u00e9e en Tunisie en 2020, cit\u00e9e par l\u2019UNICEF Tunisie, indiquait que 45 % des adolescents interrog\u00e9s d\u00e9claraient avoir v\u00e9cu ou observ\u00e9 une forme de violence en ligne. Parmi eux, 12 % d\u00e9claraient avoir manqu\u00e9 l\u2019\u00e9cole en raison de ces violences.<\/p>\n<p class=\"isSelectedEnd\">Ces donn\u00e9es datent de 2020 et ne doivent donc pas \u00eatre pr\u00e9sent\u00e9es comme une photographie de la situation actuelle. Elles montrent n\u00e9anmoins que les violences num\u00e9riques peuvent avoir des cons\u00e9quences tr\u00e8s concr\u00e8tes sur la vie scolaire.<\/p>\n<p class=\"isSelectedEnd\">Le cyberharc\u00e8lement poss\u00e8de une particularit\u00e9 : il ne s\u2019arr\u00eate pas n\u00e9cessairement \u00e0 la sortie de l\u2019\u00e9cole.<\/p>\n<p class=\"isSelectedEnd\">Une photo peut \u00eatre partag\u00e9e en quelques secondes. Une rumeur peut atteindre toute une classe. Une menace peut appara\u00eetre sur l\u2019\u00e9cran alors que l\u2019enfant se trouve dans sa propre chambre.<\/p>\n<p class=\"isSelectedEnd\">La psychologue et psychoth\u00e9rapeute tunisienne Imene Zouaoui, cit\u00e9e par l\u2019Agence Tunis Afrique Presse en avril 2024, \u00e9voquait plusieurs formes de cyberharc\u00e8lement, notamment les intimidations, les humiliations, les rumeurs, les insultes, les menaces, les propos diffamatoires et le chantage.<\/p>\n<h2>\u00ab Les enfants sont les premi\u00e8res victimes \u00bb<\/h2>\n<p class=\"isSelectedEnd\">Le sociologue tunisien Radhouane Fersi, pr\u00e9sident de l\u2019Association Awledna, d\u00e9clarait en 2024 que \u00ab les enfants sont les premi\u00e8res victimes de la surexposition aux \u00e9crans \u00bb, appelant \u00e0 renforcer la pr\u00e9vention et l\u2019encadrement familial.<\/p>\n<p class=\"isSelectedEnd\">Cette pr\u00e9vention ne peut toutefois pas reposer uniquement sur les parents.<\/p>\n<p class=\"isSelectedEnd\">L\u2019\u00e9cole, les plateformes num\u00e9riques et les pouvoirs publics ont \u00e9galement un r\u00f4le \u00e0 jouer. Les enfants doivent apprendre \u00e0 prot\u00e9ger leurs donn\u00e9es personnelles, \u00e0 reconna\u00eetre une situation dangereuse et \u00e0 signaler une menace.<\/p>\n<p class=\"isSelectedEnd\">L\u2019UNICEF Tunisie rappelle d\u2019ailleurs que les r\u00e9seaux sociaux comportent des risques, mais aussi des possibilit\u00e9s d\u2019apprentissage, de cr\u00e9ation et d\u2019expression. La protection des mineurs ne passe donc pas uniquement par l\u2019interdiction, mais aussi par l\u2019\u00e9ducation au num\u00e9rique.<\/p>\n<h2>\u00ab Combien de temps ? \u00bb n\u2019est pas la seule question<\/h2>\n<p class=\"isSelectedEnd\">Pour les parents, la tentation est grande de demander : \u00ab Combien de temps as-tu pass\u00e9 sur ton t\u00e9l\u00e9phone ? \u00bb<\/p>\n<p class=\"isSelectedEnd\">Mais une autre question peut \u00eatre tout aussi importante :<\/p>\n<p class=\"isSelectedEnd\">\u00ab Qu\u2019est-ce que tu fais sur ton t\u00e9l\u00e9phone ? \u00bb<\/p>\n<p class=\"isSelectedEnd\">Deux enfants peuvent passer deux heures devant un \u00e9cran et vivre des exp\u00e9riences totalement diff\u00e9rentes.<\/p>\n<p class=\"isSelectedEnd\">L\u2019un peut regarder un documentaire, faire ses devoirs et discuter avec ses proches. L\u2019autre peut \u00eatre victime de cyberharc\u00e8lement, rester connect\u00e9 jusqu\u2019\u00e0 minuit et abandonner progressivement ses activit\u00e9s.<\/p>\n<p class=\"isSelectedEnd\">Le contenu, le contexte et les cons\u00e9quences comptent donc autant que la dur\u00e9e.<\/p>\n<p class=\"isSelectedEnd\">Les parents peuvent instaurer des r\u00e8gles simples : pas de t\u00e9l\u00e9phone pendant les repas, pas d\u2019\u00e9cran au moment du coucher, des moments consacr\u00e9s au sport et aux activit\u00e9s familiales, mais aussi un dialogue r\u00e9gulier sur ce que l\u2019enfant voit et vit en ligne.<\/p>\n<p class=\"isSelectedEnd\">L\u2019enfant doit surtout savoir qu\u2019il peut parler \u00e0 un adulte s\u2019il re\u00e7oit une menace, une image inappropri\u00e9e ou un message qui le met mal \u00e0 l\u2019aise.<\/p>\n<h2>Derri\u00e8re les statistiques, des enfants<\/h2>\n<p class=\"isSelectedEnd\">Les chiffres permettent de mesurer l\u2019ampleur du ph\u00e9nom\u00e8ne, mais ils ne racontent pas tout.<\/p>\n<p class=\"isSelectedEnd\">Derri\u00e8re les 11 % d\u2019adolescents pr\u00e9sentant un usage probl\u00e9matique des r\u00e9seaux sociaux dans l\u2019\u00e9tude HBSC, il y a des jeunes qui peuvent avoir du mal \u00e0 d\u00e9crocher.<\/p>\n<p class=\"isSelectedEnd\">Derri\u00e8re les 45 % d\u2019adolescents interrog\u00e9s en Tunisie ayant d\u00e9clar\u00e9 avoir v\u00e9cu ou observ\u00e9 une violence en ligne dans l\u2019enqu\u00eate U-Report de 2020, il y a des exp\u00e9riences concr\u00e8tes de peur, d\u2019humiliation ou de pression.<\/p>\n<p class=\"isSelectedEnd\">Et derri\u00e8re chaque t\u00e9l\u00e9phone, il y a un enfant qui grandit dans un monde o\u00f9 \u00eatre connect\u00e9 est devenu presque naturel.<\/p>\n<p class=\"isSelectedEnd\">Le t\u00e9l\u00e9phone n\u2019est pourtant pas l\u2019ennemi.<\/p>\n<p class=\"isSelectedEnd\">Il peut permettre d\u2019apprendre, de cr\u00e9er, de communiquer et de d\u00e9couvrir. Le probl\u00e8me appara\u00eet lorsqu\u2019il devient la seule activit\u00e9 qui compte.<\/p>\n<p class=\"isSelectedEnd\">Lorsque le jeu vid\u00e9o remplace le sommeil, que les r\u00e9seaux sociaux prennent la place des \u00e9changes familiaux ou que les notifications emp\u00eachent l\u2019enfant de se concentrer, il est temps de poser des limites.<\/p>\n<p class=\"isSelectedEnd\">La question n\u2019est donc plus de savoir s\u2019il faut couper les enfants du num\u00e9rique.<\/p>\n<p class=\"isSelectedEnd\">Ils y vivent d\u00e9j\u00e0.<\/p>\n<p class=\"isSelectedEnd\">Le v\u00e9ritable d\u00e9fi est de leur apprendre \u00e0 utiliser les \u00e9crans sans sacrifier ce qui fait aussi leur enfance : dormir, jouer, courir, parler, rire, d\u00e9couvrir et grandir.<\/p>\n<p class=\"isSelectedEnd\">Le d\u00e9fi n\u2019est pas seulement de connecter les enfants au monde. C\u2019est de leur apprendre \u00e0 se d\u00e9connecter \u00e0 temps.<\/p>\n<p style=\"text-align: right;\"><strong>E.CH<\/strong><\/p>\n<h3>Chiffres cl\u00e9s<\/h3>\n<ul data-spread=\"false\">\n<li>10,5 millions d\u2019internautes en Tunisie au d\u00e9but de 2025, soit environ 84 % de la population.<\/li>\n<li>7,4 millions d\u2019identit\u00e9s actives sur les r\u00e9seaux sociaux en Tunisie.<\/li>\n<li>11 % des adolescents de l\u2019enqu\u00eate HBSC pr\u00e9sentaient un usage probl\u00e9matique des r\u00e9seaux sociaux en 2022, contre 7 % en 2018.<\/li>\n<li>13 % des filles, contre 9 % des gar\u00e7ons, \u00e9taient concern\u00e9es en 2022.<\/li>\n<li>12 % des adolescents de l\u2019enqu\u00eate HBSC \u00e9taient concern\u00e9s par un usage probl\u00e9matique des jeux vid\u00e9o.<\/li>\n<li>45 % des adolescents interrog\u00e9s en Tunisie dans l\u2019enqu\u00eate U-Report de 2020 avaient d\u00e9clar\u00e9 avoir v\u00e9cu ou observ\u00e9 une forme de violence en ligne.<\/li>\n<\/ul>\n","protected":false},"excerpt":{"rendered":"<p>Smartphones, jeux vid\u00e9o, r\u00e9seaux sociaux\u2026 Les \u00e9crans occupent une place croissante dans la vie des enfants. En Tunisie comme ailleurs, ils accompagnent les devoirs, les repas et parfois m\u00eame les&hellip;<\/p>\n","protected":false},"author":60,"featured_media":394945,"comment_status":"open","ping_status":"closed","sticky":false,"template":"","format":"standard","meta":{"_lmt_disableupdate":"no","_lmt_disable":"","_jetpack_memberships_contains_paid_content":false,"footnotes":""},"categories":[4,9],"tags":[6814],"class_list":["post-394944","post","type-post","status-publish","format-standard","has-post-thumbnail","hentry","category-actualites","category-societe","tag-enfance"],"yoast_head":"<!-- This site is optimized with the Yoast SEO plugin v26.3 - https:\/\/yoast.com\/wordpress\/plugins\/seo\/ -->\n<title>Enfants connect\u00e9s, enfance d\u00e9connect\u00e9e - R\u00e9alit\u00e9s Magazine<\/title>\n<meta name=\"description\" content=\"Smartphones, jeux vid\u00e9o, r\u00e9seaux sociaux\u2026 Les \u00e9crans occupent une place croissante dans la vie des enfants. En Tunisie comme ailleurs, ils accompagnent\" \/>\n<meta name=\"robots\" content=\"index, follow, max-snippet:-1, max-image-preview:large, max-video-preview:-1\" \/>\n<link rel=\"canonical\" href=\"https:\/\/realites.com.tn\/fr\/enfants-connectes-enfance-deconnectee\/\" \/>\n<meta property=\"og:locale\" content=\"fr_FR\" \/>\n<meta property=\"og:type\" content=\"article\" \/>\n<meta property=\"og:title\" content=\"Enfants connect\u00e9s, enfance d\u00e9connect\u00e9e - R\u00e9alit\u00e9s Magazine\" \/>\n<meta property=\"og:description\" content=\"Smartphones, jeux vid\u00e9o, r\u00e9seaux sociaux\u2026 Les \u00e9crans occupent une place croissante dans la vie des enfants. En Tunisie comme ailleurs, ils accompagnent\" \/>\n<meta property=\"og:url\" content=\"https:\/\/realites.com.tn\/fr\/enfants-connectes-enfance-deconnectee\/\" \/>\n<meta property=\"og:site_name\" content=\"R\u00e9alit\u00e9s Magazine\" \/>\n<meta property=\"article:publisher\" content=\"https:\/\/www.facebook.com\/realites.tn\/\" \/>\n<meta property=\"article:published_time\" content=\"2026-09-02T11:59:09+00:00\" \/>\n<meta property=\"article:modified_time\" content=\"2026-09-02T12:03:08+00:00\" \/>\n<meta property=\"og:image\" content=\"https:\/\/realites.com.tn\/fr\/wp-content\/uploads\/2026\/09\/enfants-connectes.jpeg\" \/>\n\t<meta property=\"og:image:width\" content=\"1536\" \/>\n\t<meta property=\"og:image:height\" content=\"1024\" \/>\n\t<meta property=\"og:image:type\" content=\"image\/jpeg\" \/>\n<meta name=\"author\" content=\"La R\u00e9daction\" \/>\n<meta name=\"twitter:card\" content=\"summary_large_image\" \/>\n<meta name=\"twitter:label1\" content=\"\u00c9crit par\" \/>\n\t<meta name=\"twitter:data1\" content=\"La R\u00e9daction\" \/>\n\t<meta name=\"twitter:label2\" content=\"Dur\u00e9e de lecture estim\u00e9e\" \/>\n\t<meta name=\"twitter:data2\" content=\"8 minutes\" \/>\n<script type=\"application\/ld+json\" class=\"yoast-schema-graph\">{\"@context\":\"https:\/\/schema.org\",\"@graph\":[{\"@type\":\"WebPage\",\"@id\":\"https:\/\/realites.com.tn\/fr\/enfants-connectes-enfance-deconnectee\/\",\"url\":\"https:\/\/realites.com.tn\/fr\/enfants-connectes-enfance-deconnectee\/\",\"name\":\"Enfants connect\u00e9s, enfance d\u00e9connect\u00e9e - R\u00e9alit\u00e9s Magazine\",\"isPartOf\":{\"@id\":\"https:\/\/realites.com.tn\/fr\/#website\"},\"primaryImageOfPage\":{\"@id\":\"https:\/\/realites.com.tn\/fr\/enfants-connectes-enfance-deconnectee\/#primaryimage\"},\"image\":{\"@id\":\"https:\/\/realites.com.tn\/fr\/enfants-connectes-enfance-deconnectee\/#primaryimage\"},\"thumbnailUrl\":\"https:\/\/realites.com.tn\/fr\/wp-content\/uploads\/2026\/09\/enfants-connectes.jpeg\",\"datePublished\":\"2026-09-02T11:59:09+00:00\",\"dateModified\":\"2026-09-02T12:03:08+00:00\",\"author\":{\"@id\":\"https:\/\/realites.com.tn\/fr\/#\/schema\/person\/438b71c29a257d955d96d8aef42336e7\"},\"description\":\"Smartphones, jeux vid\u00e9o, r\u00e9seaux sociaux\u2026 Les \u00e9crans occupent une place croissante dans la vie des enfants. En Tunisie comme ailleurs, ils accompagnent\",\"breadcrumb\":{\"@id\":\"https:\/\/realites.com.tn\/fr\/enfants-connectes-enfance-deconnectee\/#breadcrumb\"},\"inLanguage\":\"fr-FR\",\"potentialAction\":[{\"@type\":\"ReadAction\",\"target\":[\"https:\/\/realites.com.tn\/fr\/enfants-connectes-enfance-deconnectee\/\"]}]},{\"@type\":\"ImageObject\",\"inLanguage\":\"fr-FR\",\"@id\":\"https:\/\/realites.com.tn\/fr\/enfants-connectes-enfance-deconnectee\/#primaryimage\",\"url\":\"https:\/\/realites.com.tn\/fr\/wp-content\/uploads\/2026\/09\/enfants-connectes.jpeg\",\"contentUrl\":\"https:\/\/realites.com.tn\/fr\/wp-content\/uploads\/2026\/09\/enfants-connectes.jpeg\",\"width\":1536,\"height\":1024},{\"@type\":\"BreadcrumbList\",\"@id\":\"https:\/\/realites.com.tn\/fr\/enfants-connectes-enfance-deconnectee\/#breadcrumb\",\"itemListElement\":[{\"@type\":\"ListItem\",\"position\":1,\"name\":\"Home\",\"item\":\"https:\/\/realites.com.tn\/fr\/\"},{\"@type\":\"ListItem\",\"position\":2,\"name\":\"Enfants connect\u00e9s, enfance d\u00e9connect\u00e9e\"}]},{\"@type\":\"WebSite\",\"@id\":\"https:\/\/realites.com.tn\/fr\/#website\",\"url\":\"https:\/\/realites.com.tn\/fr\/\",\"name\":\"R\u00e9alit\u00e9s Magazine\",\"description\":\"Actualit\u00e9s de la Tunisie\",\"potentialAction\":[{\"@type\":\"SearchAction\",\"target\":{\"@type\":\"EntryPoint\",\"urlTemplate\":\"https:\/\/realites.com.tn\/fr\/?s={search_term_string}\"},\"query-input\":{\"@type\":\"PropertyValueSpecification\",\"valueRequired\":true,\"valueName\":\"search_term_string\"}}],\"inLanguage\":\"fr-FR\"},{\"@type\":\"Person\",\"@id\":\"https:\/\/realites.com.tn\/fr\/#\/schema\/person\/438b71c29a257d955d96d8aef42336e7\",\"name\":\"La R\u00e9daction\",\"image\":{\"@type\":\"ImageObject\",\"inLanguage\":\"fr-FR\",\"@id\":\"https:\/\/realites.com.tn\/fr\/#\/schema\/person\/image\/\",\"url\":\"https:\/\/secure.gravatar.com\/avatar\/fbe9ab25fcc82b6e660ad5648f91eadb?s=96&d=mm&r=g\",\"contentUrl\":\"https:\/\/secure.gravatar.com\/avatar\/fbe9ab25fcc82b6e660ad5648f91eadb?s=96&d=mm&r=g\",\"caption\":\"La R\u00e9daction\"},\"url\":\"https:\/\/realites.com.tn\/fr\/author\/realites5201\/\"}]}<\/script>\n<!-- \/ Yoast SEO plugin. -->","yoast_head_json":{"title":"Enfants connect\u00e9s, enfance d\u00e9connect\u00e9e - R\u00e9alit\u00e9s Magazine","description":"Smartphones, jeux vid\u00e9o, r\u00e9seaux sociaux\u2026 Les \u00e9crans occupent une place croissante dans la vie des enfants. En Tunisie comme ailleurs, ils accompagnent","robots":{"index":"index","follow":"follow","max-snippet":"max-snippet:-1","max-image-preview":"max-image-preview:large","max-video-preview":"max-video-preview:-1"},"canonical":"https:\/\/realites.com.tn\/fr\/enfants-connectes-enfance-deconnectee\/","og_locale":"fr_FR","og_type":"article","og_title":"Enfants connect\u00e9s, enfance d\u00e9connect\u00e9e - R\u00e9alit\u00e9s Magazine","og_description":"Smartphones, jeux vid\u00e9o, r\u00e9seaux sociaux\u2026 Les \u00e9crans occupent une place croissante dans la vie des enfants. En Tunisie comme ailleurs, ils accompagnent","og_url":"https:\/\/realites.com.tn\/fr\/enfants-connectes-enfance-deconnectee\/","og_site_name":"R\u00e9alit\u00e9s Magazine","article_publisher":"https:\/\/www.facebook.com\/realites.tn\/","article_published_time":"2026-09-02T11:59:09+00:00","article_modified_time":"2026-09-02T12:03:08+00:00","og_image":[{"width":1536,"height":1024,"url":"https:\/\/realites.com.tn\/fr\/wp-content\/uploads\/2026\/09\/enfants-connectes.jpeg","type":"image\/jpeg"}],"author":"La R\u00e9daction","twitter_card":"summary_large_image","twitter_misc":{"\u00c9crit par":"La R\u00e9daction","Dur\u00e9e de lecture estim\u00e9e":"8 minutes"},"schema":{"@context":"https:\/\/schema.org","@graph":[{"@type":"WebPage","@id":"https:\/\/realites.com.tn\/fr\/enfants-connectes-enfance-deconnectee\/","url":"https:\/\/realites.com.tn\/fr\/enfants-connectes-enfance-deconnectee\/","name":"Enfants connect\u00e9s, enfance d\u00e9connect\u00e9e - R\u00e9alit\u00e9s Magazine","isPartOf":{"@id":"https:\/\/realites.com.tn\/fr\/#website"},"primaryImageOfPage":{"@id":"https:\/\/realites.com.tn\/fr\/enfants-connectes-enfance-deconnectee\/#primaryimage"},"image":{"@id":"https:\/\/realites.com.tn\/fr\/enfants-connectes-enfance-deconnectee\/#primaryimage"},"thumbnailUrl":"https:\/\/realites.com.tn\/fr\/wp-content\/uploads\/2026\/09\/enfants-connectes.jpeg","datePublished":"2026-09-02T11:59:09+00:00","dateModified":"2026-09-02T12:03:08+00:00","author":{"@id":"https:\/\/realites.com.tn\/fr\/#\/schema\/person\/438b71c29a257d955d96d8aef42336e7"},"description":"Smartphones, jeux vid\u00e9o, r\u00e9seaux sociaux\u2026 Les \u00e9crans occupent une place croissante dans la vie des enfants. En Tunisie comme ailleurs, ils accompagnent","breadcrumb":{"@id":"https:\/\/realites.com.tn\/fr\/enfants-connectes-enfance-deconnectee\/#breadcrumb"},"inLanguage":"fr-FR","potentialAction":[{"@type":"ReadAction","target":["https:\/\/realites.com.tn\/fr\/enfants-connectes-enfance-deconnectee\/"]}]},{"@type":"ImageObject","inLanguage":"fr-FR","@id":"https:\/\/realites.com.tn\/fr\/enfants-connectes-enfance-deconnectee\/#primaryimage","url":"https:\/\/realites.com.tn\/fr\/wp-content\/uploads\/2026\/09\/enfants-connectes.jpeg","contentUrl":"https:\/\/realites.com.tn\/fr\/wp-content\/uploads\/2026\/09\/enfants-connectes.jpeg","width":1536,"height":1024},{"@type":"BreadcrumbList","@id":"https:\/\/realites.com.tn\/fr\/enfants-connectes-enfance-deconnectee\/#breadcrumb","itemListElement":[{"@type":"ListItem","position":1,"name":"Home","item":"https:\/\/realites.com.tn\/fr\/"},{"@type":"ListItem","position":2,"name":"Enfants connect\u00e9s, enfance d\u00e9connect\u00e9e"}]},{"@type":"WebSite","@id":"https:\/\/realites.com.tn\/fr\/#website","url":"https:\/\/realites.com.tn\/fr\/","name":"R\u00e9alit\u00e9s Magazine","description":"Actualit\u00e9s de la Tunisie","potentialAction":[{"@type":"SearchAction","target":{"@type":"EntryPoint","urlTemplate":"https:\/\/realites.com.tn\/fr\/?s={search_term_string}"},"query-input":{"@type":"PropertyValueSpecification","valueRequired":true,"valueName":"search_term_string"}}],"inLanguage":"fr-FR"},{"@type":"Person","@id":"https:\/\/realites.com.tn\/fr\/#\/schema\/person\/438b71c29a257d955d96d8aef42336e7","name":"La R\u00e9daction","image":{"@type":"ImageObject","inLanguage":"fr-FR","@id":"https:\/\/realites.com.tn\/fr\/#\/schema\/person\/image\/","url":"https:\/\/secure.gravatar.com\/avatar\/fbe9ab25fcc82b6e660ad5648f91eadb?s=96&d=mm&r=g","contentUrl":"https:\/\/secure.gravatar.com\/avatar\/fbe9ab25fcc82b6e660ad5648f91eadb?s=96&d=mm&r=g","caption":"La R\u00e9daction"},"url":"https:\/\/realites.com.tn\/fr\/author\/realites5201\/"}]}},"jetpack_featured_media_url":"https:\/\/realites.com.tn\/fr\/wp-content\/uploads\/2026\/09\/enfants-connectes.jpeg","jetpack_sharing_enabled":true,"views":9,"_links":{"self":[{"href":"https:\/\/realites.com.tn\/fr\/wp-json\/wp\/v2\/posts\/394944","targetHints":{"allow":["GET"]}}],"collection":[{"href":"https:\/\/realites.com.tn\/fr\/wp-json\/wp\/v2\/posts"}],"about":[{"href":"https:\/\/realites.com.tn\/fr\/wp-json\/wp\/v2\/types\/post"}],"author":[{"embeddable":true,"href":"https:\/\/realites.com.tn\/fr\/wp-json\/wp\/v2\/users\/60"}],"replies":[{"embeddable":true,"href":"https:\/\/realites.com.tn\/fr\/wp-json\/wp\/v2\/comments?post=394944"}],"version-history":[{"count":1,"href":"https:\/\/realites.com.tn\/fr\/wp-json\/wp\/v2\/posts\/394944\/revisions"}],"predecessor-version":[{"id":394949,"href":"https:\/\/realites.com.tn\/fr\/wp-json\/wp\/v2\/posts\/394944\/revisions\/394949"}],"wp:featuredmedia":[{"embeddable":true,"href":"https:\/\/realites.com.tn\/fr\/wp-json\/wp\/v2\/media\/394945"}],"wp:attachment":[{"href":"https:\/\/realites.com.tn\/fr\/wp-json\/wp\/v2\/media?parent=394944"}],"wp:term":[{"taxonomy":"category","embeddable":true,"href":"https:\/\/realites.com.tn\/fr\/wp-json\/wp\/v2\/categories?post=394944"},{"taxonomy":"post_tag","embeddable":true,"href":"https:\/\/realites.com.tn\/fr\/wp-json\/wp\/v2\/tags?post=394944"}],"curies":[{"name":"wp","href":"https:\/\/api.w.org\/{rel}","templated":true}]}}