{"id":394957,"date":"2026-09-02T13:46:54","date_gmt":"2026-09-02T12:46:54","guid":{"rendered":"https:\/\/realites.com.tn\/fr\/?p=394957"},"modified":"2026-09-02T13:46:54","modified_gmt":"2026-09-02T12:46:54","slug":"panne-de-gouvernance-et-delestages-tarek-mahdi-interpelle-le-chef-de-letat","status":"publish","type":"post","link":"https:\/\/realites.com.tn\/fr\/panne-de-gouvernance-et-delestages-tarek-mahdi-interpelle-le-chef-de-letat\/","title":{"rendered":"Panne de gouvernance et d\u00e9lestages : Tarek Mahdi interpelle le chef de l&rsquo;\u00c9tat"},"content":{"rendered":"<p>Face aux d\u00e9faillances r\u00e9p\u00e9t\u00e9es des services publics lors des pics estivaux de 2026, accentu\u00e9es par des vagues de chaleur successives, le d\u00e9put\u00e9 de Sfax, Tarek Mahdi, tire la sonnette d&rsquo;alarme et sollicite une intervention directe du chef de l&rsquo;\u00c9tat. Au c\u0153ur de son constat figure une critique cibl\u00e9e de la gouvernance actuelle et des d\u00e9fauts de planification au sein des minist\u00e8res de l&rsquo;\u00c9nergie et de l&rsquo;\u00c9conomie. Pour y rem\u00e9dier, il pr\u00e9conise la nomination imm\u00e9diate d&rsquo;experts aux postes cl\u00e9s et l&rsquo;attribution d&rsquo;une r\u00e9elle autonomie d\u00e9cisionnelle aux ministres pour g\u00e9rer leurs \u00e9quipes afin d&rsquo;en finir avec la paralysie administrative.<\/p>\n<p data-path-to-node=\"2\">L&rsquo;analyse de l&rsquo;\u00e9pisode estival met en \u00e9vidence une crise d&rsquo;infrastructure g\u00e9n\u00e9ralis\u00e9e, caract\u00e9ris\u00e9e par une forte interd\u00e9pendance entre les r\u00e9seaux d&rsquo;\u00e9lectricit\u00e9 et d&rsquo;eau. La hausse massive de la consommation \u00e9lectrique, tir\u00e9e par l&rsquo;usage intensif de la climatisation, a satur\u00e9 le r\u00e9seau national. Ces coupures de courant ont entra\u00een\u00e9 un effet domino direct sur l&rsquo;approvisionnement en eau, immobilisant les stations de pompage de la SONEDE et privant de nombreux m\u00e9nages d&rsquo;eau courante. Dans le m\u00eame temps, les d\u00e9lestages \u00e9lectriques ont perturb\u00e9 les unit\u00e9s d&#8217;embouteillage, cr\u00e9ant une p\u00e9nurie simultan\u00e9e d&rsquo;eau min\u00e9rale sur le march\u00e9.<\/p>\n<p data-path-to-node=\"3\">Pour sortir de cette impasse et garantir la r\u00e9silience du pays, le d\u00e9put\u00e9 avance, dans une d\u00e9claration \u00e0 la radio Diwan Fm, des solutions concr\u00e8tes articul\u00e9es autour de deux urgences majeures. \u00c0 court terme, il demande le renforcement imm\u00e9diat de la grille \u00e9lectrique par le d\u00e9ploiement de g\u00e9n\u00e9rateurs de secours afin d&rsquo;absorber les futurs pics de charge. \u00c0 plus long terme, il appelle \u00e0 faire des \u00e9nergies renouvelables une priorit\u00e9 nationale, en ouvrant largement ce march\u00e9 aux investisseurs et hommes d&rsquo;affaires tunisiens pour moderniser durablement les infrastructures du pays.<\/p>\n","protected":false},"excerpt":{"rendered":"<p>Face aux d\u00e9faillances r\u00e9p\u00e9t\u00e9es des services publics lors des pics estivaux de 2026, accentu\u00e9es par des vagues de chaleur successives, le d\u00e9put\u00e9 de Sfax, Tarek Mahdi, tire la sonnette d&rsquo;alarme&hellip;<\/p>\n","protected":false},"author":144,"featured_media":394958,"comment_status":"open","ping_status":"closed","sticky":false,"template":"","format":"standard","meta":{"_lmt_disableupdate":"","_lmt_disable":"","_jetpack_memberships_contains_paid_content":false,"footnotes":""},"categories":[4,5],"tags":[7474,3736,2058,10935],"class_list":["post-394957","post","type-post","status-publish","format-standard","has-post-thumbnail","hentry","category-actualites","category-politique","tag-president-de-la-republique","tag-realites-online","tag-sonede","tag-tarek-mahdi"],"yoast_head":"<!-- This site is optimized with the Yoast SEO plugin v26.3 - https:\/\/yoast.com\/wordpress\/plugins\/seo\/ -->\n<title>Panne de gouvernance et d\u00e9lestages : Tarek Mahdi interpelle le chef de l&#039;\u00c9tat - R\u00e9alit\u00e9s Magazine<\/title>\n<meta name=\"description\" content=\"Face aux d\u00e9faillances r\u00e9p\u00e9t\u00e9es des services publics lors des pics estivaux de 2026, accentu\u00e9es par des vagues de chaleur successives, le d\u00e9put\u00e9 de Sfax,\" \/>\n<meta name=\"robots\" content=\"index, follow, max-snippet:-1, max-image-preview:large, max-video-preview:-1\" \/>\n<link rel=\"canonical\" href=\"https:\/\/realites.com.tn\/fr\/panne-de-gouvernance-et-delestages-tarek-mahdi-interpelle-le-chef-de-letat\/\" \/>\n<meta property=\"og:locale\" content=\"fr_FR\" \/>\n<meta property=\"og:type\" content=\"article\" \/>\n<meta property=\"og:title\" content=\"Panne de gouvernance et d\u00e9lestages : Tarek Mahdi interpelle le chef de l&#039;\u00c9tat - R\u00e9alit\u00e9s Magazine\" \/>\n<meta property=\"og:description\" content=\"Face aux d\u00e9faillances r\u00e9p\u00e9t\u00e9es des services publics lors des pics estivaux de 2026, accentu\u00e9es par des vagues de chaleur successives, le d\u00e9put\u00e9 de Sfax,\" \/>\n<meta property=\"og:url\" content=\"https:\/\/realites.com.tn\/fr\/panne-de-gouvernance-et-delestages-tarek-mahdi-interpelle-le-chef-de-letat\/\" \/>\n<meta property=\"og:site_name\" content=\"R\u00e9alit\u00e9s Magazine\" \/>\n<meta property=\"article:publisher\" content=\"https:\/\/www.facebook.com\/realites.tn\/\" \/>\n<meta property=\"article:published_time\" content=\"2026-09-02T12:46:54+00:00\" \/>\n<meta property=\"og:image\" content=\"https:\/\/realites.com.tn\/fr\/wp-content\/uploads\/2026\/09\/Tarek-Mahdi.jpg\" \/>\n\t<meta property=\"og:image:width\" content=\"2048\" \/>\n\t<meta property=\"og:image:height\" content=\"1536\" \/>\n\t<meta property=\"og:image:type\" content=\"image\/jpeg\" \/>\n<meta name=\"author\" content=\"WKB\" \/>\n<meta name=\"twitter:card\" content=\"summary_large_image\" \/>\n<meta name=\"twitter:label1\" content=\"\u00c9crit par\" \/>\n\t<meta name=\"twitter:data1\" content=\"WKB\" \/>\n\t<meta name=\"twitter:label2\" content=\"Dur\u00e9e de lecture estim\u00e9e\" \/>\n\t<meta name=\"twitter:data2\" content=\"2 minutes\" \/>\n<script type=\"application\/ld+json\" class=\"yoast-schema-graph\">{\"@context\":\"https:\/\/schema.org\",\"@graph\":[{\"@type\":\"WebPage\",\"@id\":\"https:\/\/realites.com.tn\/fr\/panne-de-gouvernance-et-delestages-tarek-mahdi-interpelle-le-chef-de-letat\/\",\"url\":\"https:\/\/realites.com.tn\/fr\/panne-de-gouvernance-et-delestages-tarek-mahdi-interpelle-le-chef-de-letat\/\",\"name\":\"Panne de gouvernance et d\u00e9lestages : Tarek Mahdi interpelle le chef de l'\u00c9tat - R\u00e9alit\u00e9s Magazine\",\"isPartOf\":{\"@id\":\"https:\/\/realites.com.tn\/fr\/#website\"},\"primaryImageOfPage\":{\"@id\":\"https:\/\/realites.com.tn\/fr\/panne-de-gouvernance-et-delestages-tarek-mahdi-interpelle-le-chef-de-letat\/#primaryimage\"},\"image\":{\"@id\":\"https:\/\/realites.com.tn\/fr\/panne-de-gouvernance-et-delestages-tarek-mahdi-interpelle-le-chef-de-letat\/#primaryimage\"},\"thumbnailUrl\":\"https:\/\/realites.com.tn\/fr\/wp-content\/uploads\/2026\/09\/Tarek-Mahdi.jpg\",\"datePublished\":\"2026-09-02T12:46:54+00:00\",\"author\":{\"@id\":\"https:\/\/realites.com.tn\/fr\/#\/schema\/person\/3017fbbf260e8228acd3e8ebf0cdd37f\"},\"description\":\"Face aux d\u00e9faillances r\u00e9p\u00e9t\u00e9es des services publics lors des pics estivaux de 2026, accentu\u00e9es par des vagues de chaleur successives, le d\u00e9put\u00e9 de Sfax,\",\"breadcrumb\":{\"@id\":\"https:\/\/realites.com.tn\/fr\/panne-de-gouvernance-et-delestages-tarek-mahdi-interpelle-le-chef-de-letat\/#breadcrumb\"},\"inLanguage\":\"fr-FR\",\"potentialAction\":[{\"@type\":\"ReadAction\",\"target\":[\"https:\/\/realites.com.tn\/fr\/panne-de-gouvernance-et-delestages-tarek-mahdi-interpelle-le-chef-de-letat\/\"]}]},{\"@type\":\"ImageObject\",\"inLanguage\":\"fr-FR\",\"@id\":\"https:\/\/realites.com.tn\/fr\/panne-de-gouvernance-et-delestages-tarek-mahdi-interpelle-le-chef-de-letat\/#primaryimage\",\"url\":\"https:\/\/realites.com.tn\/fr\/wp-content\/uploads\/2026\/09\/Tarek-Mahdi.jpg\",\"contentUrl\":\"https:\/\/realites.com.tn\/fr\/wp-content\/uploads\/2026\/09\/Tarek-Mahdi.jpg\",\"width\":2048,\"height\":1536},{\"@type\":\"BreadcrumbList\",\"@id\":\"https:\/\/realites.com.tn\/fr\/panne-de-gouvernance-et-delestages-tarek-mahdi-interpelle-le-chef-de-letat\/#breadcrumb\",\"itemListElement\":[{\"@type\":\"ListItem\",\"position\":1,\"name\":\"Home\",\"item\":\"https:\/\/realites.com.tn\/fr\/\"},{\"@type\":\"ListItem\",\"position\":2,\"name\":\"Panne de gouvernance et d\u00e9lestages : Tarek Mahdi interpelle le chef de l&rsquo;\u00c9tat\"}]},{\"@type\":\"WebSite\",\"@id\":\"https:\/\/realites.com.tn\/fr\/#website\",\"url\":\"https:\/\/realites.com.tn\/fr\/\",\"name\":\"R\u00e9alit\u00e9s Magazine\",\"description\":\"Actualit\u00e9s de la Tunisie\",\"potentialAction\":[{\"@type\":\"SearchAction\",\"target\":{\"@type\":\"EntryPoint\",\"urlTemplate\":\"https:\/\/realites.com.tn\/fr\/?s={search_term_string}\"},\"query-input\":{\"@type\":\"PropertyValueSpecification\",\"valueRequired\":true,\"valueName\":\"search_term_string\"}}],\"inLanguage\":\"fr-FR\"},{\"@type\":\"Person\",\"@id\":\"https:\/\/realites.com.tn\/fr\/#\/schema\/person\/3017fbbf260e8228acd3e8ebf0cdd37f\",\"name\":\"WKB\",\"image\":{\"@type\":\"ImageObject\",\"inLanguage\":\"fr-FR\",\"@id\":\"https:\/\/realites.com.tn\/fr\/#\/schema\/person\/image\/\",\"url\":\"https:\/\/secure.gravatar.com\/avatar\/90f27863f4f5326a9b64d42421f4a20f?s=96&d=mm&r=g\",\"contentUrl\":\"https:\/\/secure.gravatar.com\/avatar\/90f27863f4f5326a9b64d42421f4a20f?s=96&d=mm&r=g\",\"caption\":\"WKB\"},\"url\":\"https:\/\/realites.com.tn\/fr\/author\/wkb2025\/\"}]}<\/script>\n<!-- \/ Yoast SEO plugin. -->","yoast_head_json":{"title":"Panne de gouvernance et d\u00e9lestages : Tarek Mahdi interpelle le chef de l'\u00c9tat - R\u00e9alit\u00e9s Magazine","description":"Face aux d\u00e9faillances r\u00e9p\u00e9t\u00e9es des services publics lors des pics estivaux de 2026, accentu\u00e9es par des vagues de chaleur successives, le d\u00e9put\u00e9 de Sfax,","robots":{"index":"index","follow":"follow","max-snippet":"max-snippet:-1","max-image-preview":"max-image-preview:large","max-video-preview":"max-video-preview:-1"},"canonical":"https:\/\/realites.com.tn\/fr\/panne-de-gouvernance-et-delestages-tarek-mahdi-interpelle-le-chef-de-letat\/","og_locale":"fr_FR","og_type":"article","og_title":"Panne de gouvernance et d\u00e9lestages : Tarek Mahdi interpelle le chef de l'\u00c9tat - R\u00e9alit\u00e9s Magazine","og_description":"Face aux d\u00e9faillances r\u00e9p\u00e9t\u00e9es des services publics lors des pics estivaux de 2026, accentu\u00e9es par des vagues de chaleur successives, le d\u00e9put\u00e9 de Sfax,","og_url":"https:\/\/realites.com.tn\/fr\/panne-de-gouvernance-et-delestages-tarek-mahdi-interpelle-le-chef-de-letat\/","og_site_name":"R\u00e9alit\u00e9s Magazine","article_publisher":"https:\/\/www.facebook.com\/realites.tn\/","article_published_time":"2026-09-02T12:46:54+00:00","og_image":[{"width":2048,"height":1536,"url":"https:\/\/realites.com.tn\/fr\/wp-content\/uploads\/2026\/09\/Tarek-Mahdi.jpg","type":"image\/jpeg"}],"author":"WKB","twitter_card":"summary_large_image","twitter_misc":{"\u00c9crit par":"WKB","Dur\u00e9e de lecture estim\u00e9e":"2 minutes"},"schema":{"@context":"https:\/\/schema.org","@graph":[{"@type":"WebPage","@id":"https:\/\/realites.com.tn\/fr\/panne-de-gouvernance-et-delestages-tarek-mahdi-interpelle-le-chef-de-letat\/","url":"https:\/\/realites.com.tn\/fr\/panne-de-gouvernance-et-delestages-tarek-mahdi-interpelle-le-chef-de-letat\/","name":"Panne de gouvernance et d\u00e9lestages : Tarek Mahdi interpelle le chef de l'\u00c9tat - R\u00e9alit\u00e9s Magazine","isPartOf":{"@id":"https:\/\/realites.com.tn\/fr\/#website"},"primaryImageOfPage":{"@id":"https:\/\/realites.com.tn\/fr\/panne-de-gouvernance-et-delestages-tarek-mahdi-interpelle-le-chef-de-letat\/#primaryimage"},"image":{"@id":"https:\/\/realites.com.tn\/fr\/panne-de-gouvernance-et-delestages-tarek-mahdi-interpelle-le-chef-de-letat\/#primaryimage"},"thumbnailUrl":"https:\/\/realites.com.tn\/fr\/wp-content\/uploads\/2026\/09\/Tarek-Mahdi.jpg","datePublished":"2026-09-02T12:46:54+00:00","author":{"@id":"https:\/\/realites.com.tn\/fr\/#\/schema\/person\/3017fbbf260e8228acd3e8ebf0cdd37f"},"description":"Face aux d\u00e9faillances r\u00e9p\u00e9t\u00e9es des services publics lors des pics estivaux de 2026, accentu\u00e9es par des vagues de chaleur successives, le d\u00e9put\u00e9 de Sfax,","breadcrumb":{"@id":"https:\/\/realites.com.tn\/fr\/panne-de-gouvernance-et-delestages-tarek-mahdi-interpelle-le-chef-de-letat\/#breadcrumb"},"inLanguage":"fr-FR","potentialAction":[{"@type":"ReadAction","target":["https:\/\/realites.com.tn\/fr\/panne-de-gouvernance-et-delestages-tarek-mahdi-interpelle-le-chef-de-letat\/"]}]},{"@type":"ImageObject","inLanguage":"fr-FR","@id":"https:\/\/realites.com.tn\/fr\/panne-de-gouvernance-et-delestages-tarek-mahdi-interpelle-le-chef-de-letat\/#primaryimage","url":"https:\/\/realites.com.tn\/fr\/wp-content\/uploads\/2026\/09\/Tarek-Mahdi.jpg","contentUrl":"https:\/\/realites.com.tn\/fr\/wp-content\/uploads\/2026\/09\/Tarek-Mahdi.jpg","width":2048,"height":1536},{"@type":"BreadcrumbList","@id":"https:\/\/realites.com.tn\/fr\/panne-de-gouvernance-et-delestages-tarek-mahdi-interpelle-le-chef-de-letat\/#breadcrumb","itemListElement":[{"@type":"ListItem","position":1,"name":"Home","item":"https:\/\/realites.com.tn\/fr\/"},{"@type":"ListItem","position":2,"name":"Panne de gouvernance et d\u00e9lestages : Tarek Mahdi interpelle le chef de l&rsquo;\u00c9tat"}]},{"@type":"WebSite","@id":"https:\/\/realites.com.tn\/fr\/#website","url":"https:\/\/realites.com.tn\/fr\/","name":"R\u00e9alit\u00e9s Magazine","description":"Actualit\u00e9s de la Tunisie","potentialAction":[{"@type":"SearchAction","target":{"@type":"EntryPoint","urlTemplate":"https:\/\/realites.com.tn\/fr\/?s={search_term_string}"},"query-input":{"@type":"PropertyValueSpecification","valueRequired":true,"valueName":"search_term_string"}}],"inLanguage":"fr-FR"},{"@type":"Person","@id":"https:\/\/realites.com.tn\/fr\/#\/schema\/person\/3017fbbf260e8228acd3e8ebf0cdd37f","name":"WKB","image":{"@type":"ImageObject","inLanguage":"fr-FR","@id":"https:\/\/realites.com.tn\/fr\/#\/schema\/person\/image\/","url":"https:\/\/secure.gravatar.com\/avatar\/90f27863f4f5326a9b64d42421f4a20f?s=96&d=mm&r=g","contentUrl":"https:\/\/secure.gravatar.com\/avatar\/90f27863f4f5326a9b64d42421f4a20f?s=96&d=mm&r=g","caption":"WKB"},"url":"https:\/\/realites.com.tn\/fr\/author\/wkb2025\/"}]}},"jetpack_featured_media_url":"https:\/\/realites.com.tn\/fr\/wp-content\/uploads\/2026\/09\/Tarek-Mahdi.jpg","jetpack_sharing_enabled":true,"views":35,"_links":{"self":[{"href":"https:\/\/realites.com.tn\/fr\/wp-json\/wp\/v2\/posts\/394957","targetHints":{"allow":["GET"]}}],"collection":[{"href":"https:\/\/realites.com.tn\/fr\/wp-json\/wp\/v2\/posts"}],"about":[{"href":"https:\/\/realites.com.tn\/fr\/wp-json\/wp\/v2\/types\/post"}],"author":[{"embeddable":true,"href":"https:\/\/realites.com.tn\/fr\/wp-json\/wp\/v2\/users\/144"}],"replies":[{"embeddable":true,"href":"https:\/\/realites.com.tn\/fr\/wp-json\/wp\/v2\/comments?post=394957"}],"version-history":[{"count":1,"href":"https:\/\/realites.com.tn\/fr\/wp-json\/wp\/v2\/posts\/394957\/revisions"}],"predecessor-version":[{"id":394959,"href":"https:\/\/realites.com.tn\/fr\/wp-json\/wp\/v2\/posts\/394957\/revisions\/394959"}],"wp:featuredmedia":[{"embeddable":true,"href":"https:\/\/realites.com.tn\/fr\/wp-json\/wp\/v2\/media\/394958"}],"wp:attachment":[{"href":"https:\/\/realites.com.tn\/fr\/wp-json\/wp\/v2\/media?parent=394957"}],"wp:term":[{"taxonomy":"category","embeddable":true,"href":"https:\/\/realites.com.tn\/fr\/wp-json\/wp\/v2\/categories?post=394957"},{"taxonomy":"post_tag","embeddable":true,"href":"https:\/\/realites.com.tn\/fr\/wp-json\/wp\/v2\/tags?post=394957"}],"curies":[{"name":"wp","href":"https:\/\/api.w.org\/{rel}","templated":true}]}}