{"id":394960,"date":"2026-09-02T17:08:21","date_gmt":"2026-09-02T16:08:21","guid":{"rendered":"https:\/\/realites.com.tn\/fr\/?p=394960"},"modified":"2026-09-02T17:18:49","modified_gmt":"2026-09-02T16:18:49","slug":"le-deraillement-dun-train-de-la-banlieue-sud-paralyse-le-trafic-ferroviaire-video","status":"publish","type":"post","link":"https:\/\/realites.com.tn\/fr\/le-deraillement-dun-train-de-la-banlieue-sud-paralyse-le-trafic-ferroviaire-video\/","title":{"rendered":"Le d\u00e9raillement d&rsquo;un train de la banlieue sud paralyse le trafic ferroviaire (vid\u00e9o)"},"content":{"rendered":"<p dir=\"ltr\">Un incident survenu sur le r\u00e9seau de la banlieue sud est venu paralyser le trafic ferroviaire dans la capitale. Suite au d\u00e9raillement d&rsquo;une rame, la circulation des trains a \u00e9t\u00e9 brutalement interrompue, provoquant un effet de domino sur l&rsquo;ensemble du r\u00e9seau national.<\/p>\n<div style=\"width: 432px;\" class=\"wp-video\"><!--[if lt IE 9]><script>document.createElement('video');<\/script><![endif]-->\n<video class=\"wp-video-shortcode\" id=\"video-394960-1\" width=\"432\" height=\"768\" preload=\"metadata\" controls=\"controls\"><source type=\"video\/mp4\" src=\"https:\/\/realites.com.tn\/fr\/wp-content\/uploads\/2026\/09\/Facebook_creation_1360446862923517.mp4?_=1\" \/><a href=\"https:\/\/realites.com.tn\/fr\/wp-content\/uploads\/2026\/09\/Facebook_creation_1360446862923517.mp4\">https:\/\/realites.com.tn\/fr\/wp-content\/uploads\/2026\/09\/Facebook_creation_1360446862923517.mp4<\/a><\/video><\/div>\n<p dir=\"ltr\">\u200bPour faire face \u00e0 cette situation d&rsquo;urgence et limiter l&rsquo;impact sur les usagers, la Soci\u00e9t\u00e9 Nationale des Chemins de Fer Tunisiens (SNCFT) a sollicit\u00e9 l&rsquo;appui de la Transtu. Un plan de continuit\u00e9 de service a rapidement \u00e9t\u00e9 d\u00e9ploy\u00e9, mobilisant une flotte de bus pour assurer la liaison entre la gare de Tunis-Ville (Barcelone) et celle de Jebel Jelloud.<\/p>\n<p dir=\"ltr\">\u200bMalgr\u00e9 cette logistique d&rsquo;appoint, la perturbation a lourdement affect\u00e9 la grille horaire globale. La quasi-totalit\u00e9 des dessertes subit des retards d&rsquo;une ampleur inhabituelle, frappant de plein fouet les convois des grandes lignes. L&rsquo;axe Tunis-Sousse figure parmi les plus touch\u00e9s : le train initialement programm\u00e9 pour 15h45 demeurait toujours \u00e0 quai de longs moments apr\u00e8s son horaire th\u00e9orique de d\u00e9part, laissant les passagers dans l&rsquo;attente d&rsquo;un r\u00e9tablissement progressif du trafic.<\/p>\n","protected":false},"excerpt":{"rendered":"<p>Un incident survenu sur le r\u00e9seau de la banlieue sud est venu paralyser le trafic ferroviaire dans la capitale. Suite au d\u00e9raillement d&rsquo;une rame, la circulation des trains a \u00e9t\u00e9&hellip;<\/p>\n","protected":false},"author":111,"featured_media":394961,"comment_status":"open","ping_status":"closed","sticky":false,"template":"","format":"standard","meta":{"_lmt_disableupdate":"no","_lmt_disable":"","_jetpack_memberships_contains_paid_content":false,"footnotes":""},"categories":[3,4],"tags":[],"class_list":["post-394960","post","type-post","status-publish","format-standard","has-post-thumbnail","hentry","category-a-la-une","category-actualites"],"yoast_head":"<!-- This site is optimized with the Yoast SEO plugin v26.3 - https:\/\/yoast.com\/wordpress\/plugins\/seo\/ -->\n<title>Le d\u00e9raillement d&#039;un train de la banlieue sud paralyse le trafic ferroviaire (vid\u00e9o) - R\u00e9alit\u00e9s Magazine<\/title>\n<meta name=\"description\" content=\"Un incident survenu sur le r\u00e9seau de la banlieue sud est venu paralyser le trafic ferroviaire dans la capitale. Suite au d\u00e9raillement d&#039;une rame, la\" \/>\n<meta name=\"robots\" content=\"index, follow, max-snippet:-1, max-image-preview:large, max-video-preview:-1\" \/>\n<link rel=\"canonical\" href=\"https:\/\/realites.com.tn\/fr\/le-deraillement-dun-train-de-la-banlieue-sud-paralyse-le-trafic-ferroviaire-video\/\" \/>\n<meta property=\"og:locale\" content=\"fr_FR\" \/>\n<meta property=\"og:type\" content=\"article\" \/>\n<meta property=\"og:title\" content=\"Le d\u00e9raillement d&#039;un train de la banlieue sud paralyse le trafic ferroviaire (vid\u00e9o) - R\u00e9alit\u00e9s Magazine\" \/>\n<meta property=\"og:description\" content=\"Un incident survenu sur le r\u00e9seau de la banlieue sud est venu paralyser le trafic ferroviaire dans la capitale. Suite au d\u00e9raillement d&#039;une rame, la\" \/>\n<meta property=\"og:url\" content=\"https:\/\/realites.com.tn\/fr\/le-deraillement-dun-train-de-la-banlieue-sud-paralyse-le-trafic-ferroviaire-video\/\" \/>\n<meta property=\"og:site_name\" content=\"R\u00e9alit\u00e9s Magazine\" \/>\n<meta property=\"article:publisher\" content=\"https:\/\/www.facebook.com\/realites.tn\/\" \/>\n<meta property=\"article:published_time\" content=\"2026-09-02T16:08:21+00:00\" \/>\n<meta property=\"article:modified_time\" content=\"2026-09-02T16:18:49+00:00\" \/>\n<meta property=\"og:image\" content=\"https:\/\/realites.com.tn\/fr\/wp-content\/uploads\/2026\/09\/IMG_20260902_172343.jpg\" \/>\n\t<meta property=\"og:image:width\" content=\"5632\" \/>\n\t<meta property=\"og:image:height\" content=\"4224\" \/>\n\t<meta property=\"og:image:type\" content=\"image\/jpeg\" \/>\n<meta name=\"author\" content=\"M. A. Sgha\u00efer\" \/>\n<meta name=\"twitter:card\" content=\"summary_large_image\" \/>\n<meta name=\"twitter:label1\" content=\"\u00c9crit par\" \/>\n\t<meta name=\"twitter:data1\" content=\"M. A. Sgha\u00efer\" \/>\n\t<meta name=\"twitter:label2\" content=\"Dur\u00e9e de lecture estim\u00e9e\" \/>\n\t<meta name=\"twitter:data2\" content=\"2 minutes\" \/>\n<script type=\"application\/ld+json\" class=\"yoast-schema-graph\">{\"@context\":\"https:\/\/schema.org\",\"@graph\":[{\"@type\":\"WebPage\",\"@id\":\"https:\/\/realites.com.tn\/fr\/le-deraillement-dun-train-de-la-banlieue-sud-paralyse-le-trafic-ferroviaire-video\/\",\"url\":\"https:\/\/realites.com.tn\/fr\/le-deraillement-dun-train-de-la-banlieue-sud-paralyse-le-trafic-ferroviaire-video\/\",\"name\":\"Le d\u00e9raillement d'un train de la banlieue sud paralyse le trafic ferroviaire (vid\u00e9o) - R\u00e9alit\u00e9s Magazine\",\"isPartOf\":{\"@id\":\"https:\/\/realites.com.tn\/fr\/#website\"},\"primaryImageOfPage\":{\"@id\":\"https:\/\/realites.com.tn\/fr\/le-deraillement-dun-train-de-la-banlieue-sud-paralyse-le-trafic-ferroviaire-video\/#primaryimage\"},\"image\":{\"@id\":\"https:\/\/realites.com.tn\/fr\/le-deraillement-dun-train-de-la-banlieue-sud-paralyse-le-trafic-ferroviaire-video\/#primaryimage\"},\"thumbnailUrl\":\"https:\/\/realites.com.tn\/fr\/wp-content\/uploads\/2026\/09\/IMG_20260902_172343.jpg\",\"datePublished\":\"2026-09-02T16:08:21+00:00\",\"dateModified\":\"2026-09-02T16:18:49+00:00\",\"author\":{\"@id\":\"https:\/\/realites.com.tn\/fr\/#\/schema\/person\/d111219e16997071b7e5b6f9320ad776\"},\"description\":\"Un incident survenu sur le r\u00e9seau de la banlieue sud est venu paralyser le trafic ferroviaire dans la capitale. Suite au d\u00e9raillement d'une rame, la\",\"breadcrumb\":{\"@id\":\"https:\/\/realites.com.tn\/fr\/le-deraillement-dun-train-de-la-banlieue-sud-paralyse-le-trafic-ferroviaire-video\/#breadcrumb\"},\"inLanguage\":\"fr-FR\",\"potentialAction\":[{\"@type\":\"ReadAction\",\"target\":[\"https:\/\/realites.com.tn\/fr\/le-deraillement-dun-train-de-la-banlieue-sud-paralyse-le-trafic-ferroviaire-video\/\"]}]},{\"@type\":\"ImageObject\",\"inLanguage\":\"fr-FR\",\"@id\":\"https:\/\/realites.com.tn\/fr\/le-deraillement-dun-train-de-la-banlieue-sud-paralyse-le-trafic-ferroviaire-video\/#primaryimage\",\"url\":\"https:\/\/realites.com.tn\/fr\/wp-content\/uploads\/2026\/09\/IMG_20260902_172343.jpg\",\"contentUrl\":\"https:\/\/realites.com.tn\/fr\/wp-content\/uploads\/2026\/09\/IMG_20260902_172343.jpg\",\"width\":5632,\"height\":4224},{\"@type\":\"BreadcrumbList\",\"@id\":\"https:\/\/realites.com.tn\/fr\/le-deraillement-dun-train-de-la-banlieue-sud-paralyse-le-trafic-ferroviaire-video\/#breadcrumb\",\"itemListElement\":[{\"@type\":\"ListItem\",\"position\":1,\"name\":\"Home\",\"item\":\"https:\/\/realites.com.tn\/fr\/\"},{\"@type\":\"ListItem\",\"position\":2,\"name\":\"Le d\u00e9raillement d&rsquo;un train de la banlieue sud paralyse le trafic ferroviaire (vid\u00e9o)\"}]},{\"@type\":\"WebSite\",\"@id\":\"https:\/\/realites.com.tn\/fr\/#website\",\"url\":\"https:\/\/realites.com.tn\/fr\/\",\"name\":\"R\u00e9alit\u00e9s Magazine\",\"description\":\"Actualit\u00e9s de la Tunisie\",\"potentialAction\":[{\"@type\":\"SearchAction\",\"target\":{\"@type\":\"EntryPoint\",\"urlTemplate\":\"https:\/\/realites.com.tn\/fr\/?s={search_term_string}\"},\"query-input\":{\"@type\":\"PropertyValueSpecification\",\"valueRequired\":true,\"valueName\":\"search_term_string\"}}],\"inLanguage\":\"fr-FR\"},{\"@type\":\"Person\",\"@id\":\"https:\/\/realites.com.tn\/fr\/#\/schema\/person\/d111219e16997071b7e5b6f9320ad776\",\"name\":\"M. A. Sgha\u00efer\",\"image\":{\"@type\":\"ImageObject\",\"inLanguage\":\"fr-FR\",\"@id\":\"https:\/\/realites.com.tn\/fr\/#\/schema\/person\/image\/\",\"url\":\"https:\/\/secure.gravatar.com\/avatar\/9bf967d8edd3fe0073af2db4236049e6?s=96&d=mm&r=g\",\"contentUrl\":\"https:\/\/secure.gravatar.com\/avatar\/9bf967d8edd3fe0073af2db4236049e6?s=96&d=mm&r=g\",\"caption\":\"M. A. Sgha\u00efer\"},\"url\":\"https:\/\/realites.com.tn\/fr\/author\/mohamed-ali-sghaier\/\"}]}<\/script>\n<!-- \/ Yoast SEO plugin. -->","yoast_head_json":{"title":"Le d\u00e9raillement d'un train de la banlieue sud paralyse le trafic ferroviaire (vid\u00e9o) - R\u00e9alit\u00e9s Magazine","description":"Un incident survenu sur le r\u00e9seau de la banlieue sud est venu paralyser le trafic ferroviaire dans la capitale. Suite au d\u00e9raillement d'une rame, la","robots":{"index":"index","follow":"follow","max-snippet":"max-snippet:-1","max-image-preview":"max-image-preview:large","max-video-preview":"max-video-preview:-1"},"canonical":"https:\/\/realites.com.tn\/fr\/le-deraillement-dun-train-de-la-banlieue-sud-paralyse-le-trafic-ferroviaire-video\/","og_locale":"fr_FR","og_type":"article","og_title":"Le d\u00e9raillement d'un train de la banlieue sud paralyse le trafic ferroviaire (vid\u00e9o) - R\u00e9alit\u00e9s Magazine","og_description":"Un incident survenu sur le r\u00e9seau de la banlieue sud est venu paralyser le trafic ferroviaire dans la capitale. Suite au d\u00e9raillement d'une rame, la","og_url":"https:\/\/realites.com.tn\/fr\/le-deraillement-dun-train-de-la-banlieue-sud-paralyse-le-trafic-ferroviaire-video\/","og_site_name":"R\u00e9alit\u00e9s Magazine","article_publisher":"https:\/\/www.facebook.com\/realites.tn\/","article_published_time":"2026-09-02T16:08:21+00:00","article_modified_time":"2026-09-02T16:18:49+00:00","og_image":[{"width":5632,"height":4224,"url":"https:\/\/realites.com.tn\/fr\/wp-content\/uploads\/2026\/09\/IMG_20260902_172343.jpg","type":"image\/jpeg"}],"author":"M. A. Sgha\u00efer","twitter_card":"summary_large_image","twitter_misc":{"\u00c9crit par":"M. A. Sgha\u00efer","Dur\u00e9e de lecture estim\u00e9e":"2 minutes"},"schema":{"@context":"https:\/\/schema.org","@graph":[{"@type":"WebPage","@id":"https:\/\/realites.com.tn\/fr\/le-deraillement-dun-train-de-la-banlieue-sud-paralyse-le-trafic-ferroviaire-video\/","url":"https:\/\/realites.com.tn\/fr\/le-deraillement-dun-train-de-la-banlieue-sud-paralyse-le-trafic-ferroviaire-video\/","name":"Le d\u00e9raillement d'un train de la banlieue sud paralyse le trafic ferroviaire (vid\u00e9o) - R\u00e9alit\u00e9s Magazine","isPartOf":{"@id":"https:\/\/realites.com.tn\/fr\/#website"},"primaryImageOfPage":{"@id":"https:\/\/realites.com.tn\/fr\/le-deraillement-dun-train-de-la-banlieue-sud-paralyse-le-trafic-ferroviaire-video\/#primaryimage"},"image":{"@id":"https:\/\/realites.com.tn\/fr\/le-deraillement-dun-train-de-la-banlieue-sud-paralyse-le-trafic-ferroviaire-video\/#primaryimage"},"thumbnailUrl":"https:\/\/realites.com.tn\/fr\/wp-content\/uploads\/2026\/09\/IMG_20260902_172343.jpg","datePublished":"2026-09-02T16:08:21+00:00","dateModified":"2026-09-02T16:18:49+00:00","author":{"@id":"https:\/\/realites.com.tn\/fr\/#\/schema\/person\/d111219e16997071b7e5b6f9320ad776"},"description":"Un incident survenu sur le r\u00e9seau de la banlieue sud est venu paralyser le trafic ferroviaire dans la capitale. Suite au d\u00e9raillement d'une rame, la","breadcrumb":{"@id":"https:\/\/realites.com.tn\/fr\/le-deraillement-dun-train-de-la-banlieue-sud-paralyse-le-trafic-ferroviaire-video\/#breadcrumb"},"inLanguage":"fr-FR","potentialAction":[{"@type":"ReadAction","target":["https:\/\/realites.com.tn\/fr\/le-deraillement-dun-train-de-la-banlieue-sud-paralyse-le-trafic-ferroviaire-video\/"]}]},{"@type":"ImageObject","inLanguage":"fr-FR","@id":"https:\/\/realites.com.tn\/fr\/le-deraillement-dun-train-de-la-banlieue-sud-paralyse-le-trafic-ferroviaire-video\/#primaryimage","url":"https:\/\/realites.com.tn\/fr\/wp-content\/uploads\/2026\/09\/IMG_20260902_172343.jpg","contentUrl":"https:\/\/realites.com.tn\/fr\/wp-content\/uploads\/2026\/09\/IMG_20260902_172343.jpg","width":5632,"height":4224},{"@type":"BreadcrumbList","@id":"https:\/\/realites.com.tn\/fr\/le-deraillement-dun-train-de-la-banlieue-sud-paralyse-le-trafic-ferroviaire-video\/#breadcrumb","itemListElement":[{"@type":"ListItem","position":1,"name":"Home","item":"https:\/\/realites.com.tn\/fr\/"},{"@type":"ListItem","position":2,"name":"Le d\u00e9raillement d&rsquo;un train de la banlieue sud paralyse le trafic ferroviaire (vid\u00e9o)"}]},{"@type":"WebSite","@id":"https:\/\/realites.com.tn\/fr\/#website","url":"https:\/\/realites.com.tn\/fr\/","name":"R\u00e9alit\u00e9s Magazine","description":"Actualit\u00e9s de la Tunisie","potentialAction":[{"@type":"SearchAction","target":{"@type":"EntryPoint","urlTemplate":"https:\/\/realites.com.tn\/fr\/?s={search_term_string}"},"query-input":{"@type":"PropertyValueSpecification","valueRequired":true,"valueName":"search_term_string"}}],"inLanguage":"fr-FR"},{"@type":"Person","@id":"https:\/\/realites.com.tn\/fr\/#\/schema\/person\/d111219e16997071b7e5b6f9320ad776","name":"M. A. Sgha\u00efer","image":{"@type":"ImageObject","inLanguage":"fr-FR","@id":"https:\/\/realites.com.tn\/fr\/#\/schema\/person\/image\/","url":"https:\/\/secure.gravatar.com\/avatar\/9bf967d8edd3fe0073af2db4236049e6?s=96&d=mm&r=g","contentUrl":"https:\/\/secure.gravatar.com\/avatar\/9bf967d8edd3fe0073af2db4236049e6?s=96&d=mm&r=g","caption":"M. A. Sgha\u00efer"},"url":"https:\/\/realites.com.tn\/fr\/author\/mohamed-ali-sghaier\/"}]}},"jetpack_featured_media_url":"https:\/\/realites.com.tn\/fr\/wp-content\/uploads\/2026\/09\/IMG_20260902_172343.jpg","jetpack_sharing_enabled":true,"views":49,"_links":{"self":[{"href":"https:\/\/realites.com.tn\/fr\/wp-json\/wp\/v2\/posts\/394960","targetHints":{"allow":["GET"]}}],"collection":[{"href":"https:\/\/realites.com.tn\/fr\/wp-json\/wp\/v2\/posts"}],"about":[{"href":"https:\/\/realites.com.tn\/fr\/wp-json\/wp\/v2\/types\/post"}],"author":[{"embeddable":true,"href":"https:\/\/realites.com.tn\/fr\/wp-json\/wp\/v2\/users\/111"}],"replies":[{"embeddable":true,"href":"https:\/\/realites.com.tn\/fr\/wp-json\/wp\/v2\/comments?post=394960"}],"version-history":[{"count":2,"href":"https:\/\/realites.com.tn\/fr\/wp-json\/wp\/v2\/posts\/394960\/revisions"}],"predecessor-version":[{"id":394965,"href":"https:\/\/realites.com.tn\/fr\/wp-json\/wp\/v2\/posts\/394960\/revisions\/394965"}],"wp:featuredmedia":[{"embeddable":true,"href":"https:\/\/realites.com.tn\/fr\/wp-json\/wp\/v2\/media\/394961"}],"wp:attachment":[{"href":"https:\/\/realites.com.tn\/fr\/wp-json\/wp\/v2\/media?parent=394960"}],"wp:term":[{"taxonomy":"category","embeddable":true,"href":"https:\/\/realites.com.tn\/fr\/wp-json\/wp\/v2\/categories?post=394960"},{"taxonomy":"post_tag","embeddable":true,"href":"https:\/\/realites.com.tn\/fr\/wp-json\/wp\/v2\/tags?post=394960"}],"curies":[{"name":"wp","href":"https:\/\/api.w.org\/{rel}","templated":true}]}}