{"id":394966,"date":"2026-09-02T20:43:30","date_gmt":"2026-09-02T19:43:30","guid":{"rendered":"https:\/\/realites.com.tn\/fr\/?p=394966"},"modified":"2026-09-02T20:43:30","modified_gmt":"2026-09-02T19:43:30","slug":"mohamed-ali-nafti-recoit-la-nouvelle-ambassadrice-des-pays-bas","status":"publish","type":"post","link":"https:\/\/realites.com.tn\/fr\/mohamed-ali-nafti-recoit-la-nouvelle-ambassadrice-des-pays-bas\/","title":{"rendered":"Mohamed Ali Nafti re\u00e7oit la nouvelle Ambassadrice des Pays-Bas"},"content":{"rendered":"<p>Le ministre des Affaires \u00e9trang\u00e8res, de la migration et des Tunisiens \u00e0 l\u2019\u00e9tranger, Mohamed Ali Nafti, a accueilli ce mercredi au si\u00e8ge du minist\u00e8re Dewi van de Weerd, venue lui remettre une copie figur\u00e9e de ses Lettres de Cr\u00e9ance en tant qu&rsquo;Ambassadrice du Royaume des Pays-Bas en Tunisie.<br \/>\nLors de cet entretien, Nafti a mis en avant les liens d&rsquo;amiti\u00e9 et de coop\u00e9ration unissant les deux pays, dont l&rsquo;origine remonte \u00e0 la fin du 17\u00e8me si\u00e8cle. Il s&rsquo;est r\u00e9joui des progr\u00e8s notables enregistr\u00e9s ces derni\u00e8res ann\u00e9es dans plusieurs domaines essentiels, notamment l&rsquo;agriculture, l&rsquo;eau, l&rsquo;environnement, le d\u00e9veloppement durable, l&#8217;emploi ainsi que les programmes d&rsquo;insertion destin\u00e9s aux jeunes et aux femmes. Il a par ailleurs r\u00e9affirm\u00e9 la volont\u00e9 de la Tunisie d&rsquo;approfondir sa coop\u00e9ration avec ce pays partenaire dans divers secteurs d&rsquo;int\u00e9r\u00eat mutuel, y compris scientifique et acad\u00e9mique.<br \/>\nLe Ministre a \u00e9galement mis en avant la qualit\u00e9 du partenariat \u00e9conomique et des investissements n\u00e9erlandais en Tunisie, pr\u00e9cisant que 101 entreprises n\u00e9erlandaises y sont implant\u00e9es, sous forme d&rsquo;investissements directs ou en partenariat, cr\u00e9ant pr\u00e8s de 20 000 emplois. Il a souhait\u00e9 voir ces investissements se renforcer davantage, en particulier dans des secteurs strat\u00e9giques pour la Tunisie tels que les \u00e9nergies renouvelables et l&rsquo;environnement, compte tenu des atouts et des incitations que le pays propose dans ces domaines.<\/p>\n<p>De son c\u00f4t\u00e9, l&rsquo;Ambassadrice n\u00e9erlandaise a exprim\u00e9 sa volont\u00e9 de consolider davantage la coop\u00e9ration bilat\u00e9rale, d&rsquo;en \u00e9largir le champ d&rsquo;action et d&rsquo;en diversifier les axes. Elle a soulign\u00e9 l&rsquo;engagement de son pays \u00e0 poursuivre le renforcement du partenariat avec la Tunisie dans les domaines \u00e9conomique, culturel, scientifique et acad\u00e9mique, dans l&rsquo;int\u00e9r\u00eat commun des deux peuples amis.<\/p>\n<p><span style=\"font-weight: 400;\">(D\u2019apr\u00e8s communiqu\u00e9)<\/span><\/p>\n","protected":false},"excerpt":{"rendered":"<p>Le ministre des Affaires \u00e9trang\u00e8res, de la migration et des Tunisiens \u00e0 l\u2019\u00e9tranger, Mohamed Ali Nafti, a accueilli ce mercredi au si\u00e8ge du minist\u00e8re Dewi van de Weerd, venue lui&hellip;<\/p>\n","protected":false},"author":144,"featured_media":394967,"comment_status":"open","ping_status":"closed","sticky":false,"template":"","format":"standard","meta":{"_lmt_disableupdate":"","_lmt_disable":"","_jetpack_memberships_contains_paid_content":false,"footnotes":""},"categories":[4,5],"tags":[5584,11686],"class_list":["post-394966","post","type-post","status-publish","format-standard","has-post-thumbnail","hentry","category-actualites","category-politique","tag-mohamed-ali-nafti","tag-royaume-des-pays-bas"],"yoast_head":"<!-- This site is optimized with the Yoast SEO plugin v26.3 - https:\/\/yoast.com\/wordpress\/plugins\/seo\/ -->\n<title>Mohamed Ali Nafti re\u00e7oit la nouvelle Ambassadrice des Pays-Bas - R\u00e9alit\u00e9s Magazine<\/title>\n<meta name=\"description\" content=\"Le ministre des Affaires \u00e9trang\u00e8res, de la migration et des Tunisiens \u00e0 l\u2019\u00e9tranger, Mohamed Ali Nafti, a accueilli ce mercredi au si\u00e8ge du minist\u00e8re Dewi\" \/>\n<meta name=\"robots\" content=\"index, follow, max-snippet:-1, max-image-preview:large, max-video-preview:-1\" \/>\n<link rel=\"canonical\" href=\"https:\/\/realites.com.tn\/fr\/mohamed-ali-nafti-recoit-la-nouvelle-ambassadrice-des-pays-bas\/\" \/>\n<meta property=\"og:locale\" content=\"fr_FR\" \/>\n<meta property=\"og:type\" content=\"article\" \/>\n<meta property=\"og:title\" content=\"Mohamed Ali Nafti re\u00e7oit la nouvelle Ambassadrice des Pays-Bas - R\u00e9alit\u00e9s Magazine\" \/>\n<meta property=\"og:description\" content=\"Le ministre des Affaires \u00e9trang\u00e8res, de la migration et des Tunisiens \u00e0 l\u2019\u00e9tranger, Mohamed Ali Nafti, a accueilli ce mercredi au si\u00e8ge du minist\u00e8re Dewi\" \/>\n<meta property=\"og:url\" content=\"https:\/\/realites.com.tn\/fr\/mohamed-ali-nafti-recoit-la-nouvelle-ambassadrice-des-pays-bas\/\" \/>\n<meta property=\"og:site_name\" content=\"R\u00e9alit\u00e9s Magazine\" \/>\n<meta property=\"article:publisher\" content=\"https:\/\/www.facebook.com\/realites.tn\/\" \/>\n<meta property=\"article:published_time\" content=\"2026-09-02T19:43:30+00:00\" \/>\n<meta property=\"og:image\" content=\"https:\/\/realites.com.tn\/fr\/wp-content\/uploads\/2026\/09\/793478567_1262353382635156_8498069200235004032_n.jpg\" \/>\n\t<meta property=\"og:image:width\" content=\"2048\" \/>\n\t<meta property=\"og:image:height\" content=\"1365\" \/>\n\t<meta property=\"og:image:type\" content=\"image\/jpeg\" \/>\n<meta name=\"author\" content=\"WKB\" \/>\n<meta name=\"twitter:card\" content=\"summary_large_image\" \/>\n<meta name=\"twitter:label1\" content=\"\u00c9crit par\" \/>\n\t<meta name=\"twitter:data1\" content=\"WKB\" \/>\n\t<meta name=\"twitter:label2\" content=\"Dur\u00e9e de lecture estim\u00e9e\" \/>\n\t<meta name=\"twitter:data2\" content=\"2 minutes\" \/>\n<script type=\"application\/ld+json\" class=\"yoast-schema-graph\">{\"@context\":\"https:\/\/schema.org\",\"@graph\":[{\"@type\":\"WebPage\",\"@id\":\"https:\/\/realites.com.tn\/fr\/mohamed-ali-nafti-recoit-la-nouvelle-ambassadrice-des-pays-bas\/\",\"url\":\"https:\/\/realites.com.tn\/fr\/mohamed-ali-nafti-recoit-la-nouvelle-ambassadrice-des-pays-bas\/\",\"name\":\"Mohamed Ali Nafti re\u00e7oit la nouvelle Ambassadrice des Pays-Bas - R\u00e9alit\u00e9s Magazine\",\"isPartOf\":{\"@id\":\"https:\/\/realites.com.tn\/fr\/#website\"},\"primaryImageOfPage\":{\"@id\":\"https:\/\/realites.com.tn\/fr\/mohamed-ali-nafti-recoit-la-nouvelle-ambassadrice-des-pays-bas\/#primaryimage\"},\"image\":{\"@id\":\"https:\/\/realites.com.tn\/fr\/mohamed-ali-nafti-recoit-la-nouvelle-ambassadrice-des-pays-bas\/#primaryimage\"},\"thumbnailUrl\":\"https:\/\/realites.com.tn\/fr\/wp-content\/uploads\/2026\/09\/793478567_1262353382635156_8498069200235004032_n.jpg\",\"datePublished\":\"2026-09-02T19:43:30+00:00\",\"author\":{\"@id\":\"https:\/\/realites.com.tn\/fr\/#\/schema\/person\/3017fbbf260e8228acd3e8ebf0cdd37f\"},\"description\":\"Le ministre des Affaires \u00e9trang\u00e8res, de la migration et des Tunisiens \u00e0 l\u2019\u00e9tranger, Mohamed Ali Nafti, a accueilli ce mercredi au si\u00e8ge du minist\u00e8re Dewi\",\"breadcrumb\":{\"@id\":\"https:\/\/realites.com.tn\/fr\/mohamed-ali-nafti-recoit-la-nouvelle-ambassadrice-des-pays-bas\/#breadcrumb\"},\"inLanguage\":\"fr-FR\",\"potentialAction\":[{\"@type\":\"ReadAction\",\"target\":[\"https:\/\/realites.com.tn\/fr\/mohamed-ali-nafti-recoit-la-nouvelle-ambassadrice-des-pays-bas\/\"]}]},{\"@type\":\"ImageObject\",\"inLanguage\":\"fr-FR\",\"@id\":\"https:\/\/realites.com.tn\/fr\/mohamed-ali-nafti-recoit-la-nouvelle-ambassadrice-des-pays-bas\/#primaryimage\",\"url\":\"https:\/\/realites.com.tn\/fr\/wp-content\/uploads\/2026\/09\/793478567_1262353382635156_8498069200235004032_n.jpg\",\"contentUrl\":\"https:\/\/realites.com.tn\/fr\/wp-content\/uploads\/2026\/09\/793478567_1262353382635156_8498069200235004032_n.jpg\",\"width\":2048,\"height\":1365},{\"@type\":\"BreadcrumbList\",\"@id\":\"https:\/\/realites.com.tn\/fr\/mohamed-ali-nafti-recoit-la-nouvelle-ambassadrice-des-pays-bas\/#breadcrumb\",\"itemListElement\":[{\"@type\":\"ListItem\",\"position\":1,\"name\":\"Home\",\"item\":\"https:\/\/realites.com.tn\/fr\/\"},{\"@type\":\"ListItem\",\"position\":2,\"name\":\"Mohamed Ali Nafti re\u00e7oit la nouvelle Ambassadrice des Pays-Bas\"}]},{\"@type\":\"WebSite\",\"@id\":\"https:\/\/realites.com.tn\/fr\/#website\",\"url\":\"https:\/\/realites.com.tn\/fr\/\",\"name\":\"R\u00e9alit\u00e9s Magazine\",\"description\":\"Actualit\u00e9s de la Tunisie\",\"potentialAction\":[{\"@type\":\"SearchAction\",\"target\":{\"@type\":\"EntryPoint\",\"urlTemplate\":\"https:\/\/realites.com.tn\/fr\/?s={search_term_string}\"},\"query-input\":{\"@type\":\"PropertyValueSpecification\",\"valueRequired\":true,\"valueName\":\"search_term_string\"}}],\"inLanguage\":\"fr-FR\"},{\"@type\":\"Person\",\"@id\":\"https:\/\/realites.com.tn\/fr\/#\/schema\/person\/3017fbbf260e8228acd3e8ebf0cdd37f\",\"name\":\"WKB\",\"image\":{\"@type\":\"ImageObject\",\"inLanguage\":\"fr-FR\",\"@id\":\"https:\/\/realites.com.tn\/fr\/#\/schema\/person\/image\/\",\"url\":\"https:\/\/secure.gravatar.com\/avatar\/90f27863f4f5326a9b64d42421f4a20f?s=96&d=mm&r=g\",\"contentUrl\":\"https:\/\/secure.gravatar.com\/avatar\/90f27863f4f5326a9b64d42421f4a20f?s=96&d=mm&r=g\",\"caption\":\"WKB\"},\"url\":\"https:\/\/realites.com.tn\/fr\/author\/wkb2025\/\"}]}<\/script>\n<!-- \/ Yoast SEO plugin. -->","yoast_head_json":{"title":"Mohamed Ali Nafti re\u00e7oit la nouvelle Ambassadrice des Pays-Bas - R\u00e9alit\u00e9s Magazine","description":"Le ministre des Affaires \u00e9trang\u00e8res, de la migration et des Tunisiens \u00e0 l\u2019\u00e9tranger, Mohamed Ali Nafti, a accueilli ce mercredi au si\u00e8ge du minist\u00e8re Dewi","robots":{"index":"index","follow":"follow","max-snippet":"max-snippet:-1","max-image-preview":"max-image-preview:large","max-video-preview":"max-video-preview:-1"},"canonical":"https:\/\/realites.com.tn\/fr\/mohamed-ali-nafti-recoit-la-nouvelle-ambassadrice-des-pays-bas\/","og_locale":"fr_FR","og_type":"article","og_title":"Mohamed Ali Nafti re\u00e7oit la nouvelle Ambassadrice des Pays-Bas - R\u00e9alit\u00e9s Magazine","og_description":"Le ministre des Affaires \u00e9trang\u00e8res, de la migration et des Tunisiens \u00e0 l\u2019\u00e9tranger, Mohamed Ali Nafti, a accueilli ce mercredi au si\u00e8ge du minist\u00e8re Dewi","og_url":"https:\/\/realites.com.tn\/fr\/mohamed-ali-nafti-recoit-la-nouvelle-ambassadrice-des-pays-bas\/","og_site_name":"R\u00e9alit\u00e9s Magazine","article_publisher":"https:\/\/www.facebook.com\/realites.tn\/","article_published_time":"2026-09-02T19:43:30+00:00","og_image":[{"width":2048,"height":1365,"url":"https:\/\/realites.com.tn\/fr\/wp-content\/uploads\/2026\/09\/793478567_1262353382635156_8498069200235004032_n.jpg","type":"image\/jpeg"}],"author":"WKB","twitter_card":"summary_large_image","twitter_misc":{"\u00c9crit par":"WKB","Dur\u00e9e de lecture estim\u00e9e":"2 minutes"},"schema":{"@context":"https:\/\/schema.org","@graph":[{"@type":"WebPage","@id":"https:\/\/realites.com.tn\/fr\/mohamed-ali-nafti-recoit-la-nouvelle-ambassadrice-des-pays-bas\/","url":"https:\/\/realites.com.tn\/fr\/mohamed-ali-nafti-recoit-la-nouvelle-ambassadrice-des-pays-bas\/","name":"Mohamed Ali Nafti re\u00e7oit la nouvelle Ambassadrice des Pays-Bas - R\u00e9alit\u00e9s Magazine","isPartOf":{"@id":"https:\/\/realites.com.tn\/fr\/#website"},"primaryImageOfPage":{"@id":"https:\/\/realites.com.tn\/fr\/mohamed-ali-nafti-recoit-la-nouvelle-ambassadrice-des-pays-bas\/#primaryimage"},"image":{"@id":"https:\/\/realites.com.tn\/fr\/mohamed-ali-nafti-recoit-la-nouvelle-ambassadrice-des-pays-bas\/#primaryimage"},"thumbnailUrl":"https:\/\/realites.com.tn\/fr\/wp-content\/uploads\/2026\/09\/793478567_1262353382635156_8498069200235004032_n.jpg","datePublished":"2026-09-02T19:43:30+00:00","author":{"@id":"https:\/\/realites.com.tn\/fr\/#\/schema\/person\/3017fbbf260e8228acd3e8ebf0cdd37f"},"description":"Le ministre des Affaires \u00e9trang\u00e8res, de la migration et des Tunisiens \u00e0 l\u2019\u00e9tranger, Mohamed Ali Nafti, a accueilli ce mercredi au si\u00e8ge du minist\u00e8re Dewi","breadcrumb":{"@id":"https:\/\/realites.com.tn\/fr\/mohamed-ali-nafti-recoit-la-nouvelle-ambassadrice-des-pays-bas\/#breadcrumb"},"inLanguage":"fr-FR","potentialAction":[{"@type":"ReadAction","target":["https:\/\/realites.com.tn\/fr\/mohamed-ali-nafti-recoit-la-nouvelle-ambassadrice-des-pays-bas\/"]}]},{"@type":"ImageObject","inLanguage":"fr-FR","@id":"https:\/\/realites.com.tn\/fr\/mohamed-ali-nafti-recoit-la-nouvelle-ambassadrice-des-pays-bas\/#primaryimage","url":"https:\/\/realites.com.tn\/fr\/wp-content\/uploads\/2026\/09\/793478567_1262353382635156_8498069200235004032_n.jpg","contentUrl":"https:\/\/realites.com.tn\/fr\/wp-content\/uploads\/2026\/09\/793478567_1262353382635156_8498069200235004032_n.jpg","width":2048,"height":1365},{"@type":"BreadcrumbList","@id":"https:\/\/realites.com.tn\/fr\/mohamed-ali-nafti-recoit-la-nouvelle-ambassadrice-des-pays-bas\/#breadcrumb","itemListElement":[{"@type":"ListItem","position":1,"name":"Home","item":"https:\/\/realites.com.tn\/fr\/"},{"@type":"ListItem","position":2,"name":"Mohamed Ali Nafti re\u00e7oit la nouvelle Ambassadrice des Pays-Bas"}]},{"@type":"WebSite","@id":"https:\/\/realites.com.tn\/fr\/#website","url":"https:\/\/realites.com.tn\/fr\/","name":"R\u00e9alit\u00e9s Magazine","description":"Actualit\u00e9s de la Tunisie","potentialAction":[{"@type":"SearchAction","target":{"@type":"EntryPoint","urlTemplate":"https:\/\/realites.com.tn\/fr\/?s={search_term_string}"},"query-input":{"@type":"PropertyValueSpecification","valueRequired":true,"valueName":"search_term_string"}}],"inLanguage":"fr-FR"},{"@type":"Person","@id":"https:\/\/realites.com.tn\/fr\/#\/schema\/person\/3017fbbf260e8228acd3e8ebf0cdd37f","name":"WKB","image":{"@type":"ImageObject","inLanguage":"fr-FR","@id":"https:\/\/realites.com.tn\/fr\/#\/schema\/person\/image\/","url":"https:\/\/secure.gravatar.com\/avatar\/90f27863f4f5326a9b64d42421f4a20f?s=96&d=mm&r=g","contentUrl":"https:\/\/secure.gravatar.com\/avatar\/90f27863f4f5326a9b64d42421f4a20f?s=96&d=mm&r=g","caption":"WKB"},"url":"https:\/\/realites.com.tn\/fr\/author\/wkb2025\/"}]}},"jetpack_featured_media_url":"https:\/\/realites.com.tn\/fr\/wp-content\/uploads\/2026\/09\/793478567_1262353382635156_8498069200235004032_n.jpg","jetpack_sharing_enabled":true,"views":17,"_links":{"self":[{"href":"https:\/\/realites.com.tn\/fr\/wp-json\/wp\/v2\/posts\/394966","targetHints":{"allow":["GET"]}}],"collection":[{"href":"https:\/\/realites.com.tn\/fr\/wp-json\/wp\/v2\/posts"}],"about":[{"href":"https:\/\/realites.com.tn\/fr\/wp-json\/wp\/v2\/types\/post"}],"author":[{"embeddable":true,"href":"https:\/\/realites.com.tn\/fr\/wp-json\/wp\/v2\/users\/144"}],"replies":[{"embeddable":true,"href":"https:\/\/realites.com.tn\/fr\/wp-json\/wp\/v2\/comments?post=394966"}],"version-history":[{"count":1,"href":"https:\/\/realites.com.tn\/fr\/wp-json\/wp\/v2\/posts\/394966\/revisions"}],"predecessor-version":[{"id":394968,"href":"https:\/\/realites.com.tn\/fr\/wp-json\/wp\/v2\/posts\/394966\/revisions\/394968"}],"wp:featuredmedia":[{"embeddable":true,"href":"https:\/\/realites.com.tn\/fr\/wp-json\/wp\/v2\/media\/394967"}],"wp:attachment":[{"href":"https:\/\/realites.com.tn\/fr\/wp-json\/wp\/v2\/media?parent=394966"}],"wp:term":[{"taxonomy":"category","embeddable":true,"href":"https:\/\/realites.com.tn\/fr\/wp-json\/wp\/v2\/categories?post=394966"},{"taxonomy":"post_tag","embeddable":true,"href":"https:\/\/realites.com.tn\/fr\/wp-json\/wp\/v2\/tags?post=394966"}],"curies":[{"name":"wp","href":"https:\/\/api.w.org\/{rel}","templated":true}]}}