{"id":394969,"date":"2026-09-02T20:51:37","date_gmt":"2026-09-02T19:51:37","guid":{"rendered":"https:\/\/realites.com.tn\/fr\/?p=394969"},"modified":"2026-09-02T20:51:37","modified_gmt":"2026-09-02T19:51:37","slug":"le-parti-destourien-libre-annonce-une-marche-de-protestation-le-12-septembre","status":"publish","type":"post","link":"https:\/\/realites.com.tn\/fr\/le-parti-destourien-libre-annonce-une-marche-de-protestation-le-12-septembre\/","title":{"rendered":"Le Parti destourien libre annonce une marche de protestation le 12 septembre"},"content":{"rendered":"<div role=\"feed\" aria-label=\"Messages de la conversation\" aria-describedby=\"_r_3b_\">\n<div>\n<div tabindex=\"0\" role=\"article\" aria-setsize=\"8\" aria-posinset=\"8\" aria-label=\"Message 8 sur 8\">\n<p dir=\"ltr\">Le Parti Destourien Libre a annonc\u00e9 ce mercredi, via un communiqu\u00e9 publi\u00e9 sur sa page Facebook, l&rsquo;organisation d&rsquo;une marche de protestation le samedi 12 septembre 2026 \u00e0 10h00, depuis le si\u00e8ge du minist\u00e8re des Affaires sociales en direction du minist\u00e8re de la Justice, sous le slogan : \u00ab Ni eau, ni \u00e9lectricit\u00e9, ni libert\u00e9, ni m\u00e9dicaments \u00bb.<\/p>\n<p dir=\"ltr\">Le parti justifie cette initiative par la tension sociale que conna\u00eet le pays, qu&rsquo;il attribue \u00e0 la d\u00e9gradation des conditions de vie et des services essentiels, ainsi qu&rsquo;\u00e0 la privation des citoyens de leurs droits \u00e9conomiques et sociaux garantis par la Constitution. Il d\u00e9nonce par ailleurs \u00ab\u00a0le repli de l&rsquo;autorit\u00e9 sur elle-m\u00eame et l&rsquo;absence de dialogue avec les diff\u00e9rentes composantes de la sc\u00e8ne nationale, la d\u00e9t\u00e9rioration des libert\u00e9s, ainsi que la persistance de ce qu&rsquo;il qualifie \u00ab\u00a0d&rsquo;injustices judiciaires, dans des conditions de d\u00e9tention jug\u00e9es inhumaines malgr\u00e9 les conditions climatiques exceptionnelles actuelles\u00a0\u00bb.<\/p>\n<\/div>\n<\/div>\n<div aria-hidden=\"true\"><\/div>\n<\/div>\n<div>\n<div>\n<div>\n<div>\n<div><\/div>\n<\/div>\n<\/div>\n<\/div>\n<\/div>\n<div aria-hidden=\"true\"><\/div>\n<div aria-hidden=\"true\"><\/div>\n","protected":false},"excerpt":{"rendered":"<p>Le Parti Destourien Libre a annonc\u00e9 ce mercredi, via un communiqu\u00e9 publi\u00e9 sur sa page Facebook, l&rsquo;organisation d&rsquo;une marche de protestation le samedi 12 septembre 2026 \u00e0 10h00, depuis le&hellip;<\/p>\n","protected":false},"author":144,"featured_media":226243,"comment_status":"open","ping_status":"closed","sticky":false,"template":"","format":"standard","meta":{"_lmt_disableupdate":"","_lmt_disable":"","_jetpack_memberships_contains_paid_content":false,"footnotes":""},"categories":[4,5],"tags":[3748],"class_list":["post-394969","post","type-post","status-publish","format-standard","has-post-thumbnail","hentry","category-actualites","category-politique","tag-parti-destourien-libre"],"yoast_head":"<!-- This site is optimized with the Yoast SEO plugin v26.3 - https:\/\/yoast.com\/wordpress\/plugins\/seo\/ -->\n<title>Le Parti destourien libre annonce une marche de protestation le 12 septembre - R\u00e9alit\u00e9s Magazine<\/title>\n<meta name=\"description\" content=\"Le Parti Destourien Libre a annonc\u00e9 ce mercredi, via un communiqu\u00e9 publi\u00e9 sur sa page Facebook, l&#039;organisation d&#039;une marche de protestation le samedi 12\" \/>\n<meta name=\"robots\" content=\"index, follow, max-snippet:-1, max-image-preview:large, max-video-preview:-1\" \/>\n<link rel=\"canonical\" href=\"https:\/\/realites.com.tn\/fr\/le-parti-destourien-libre-annonce-une-marche-de-protestation-le-12-septembre\/\" \/>\n<meta property=\"og:locale\" content=\"fr_FR\" \/>\n<meta property=\"og:type\" content=\"article\" \/>\n<meta property=\"og:title\" content=\"Le Parti destourien libre annonce une marche de protestation le 12 septembre - R\u00e9alit\u00e9s Magazine\" \/>\n<meta property=\"og:description\" content=\"Le Parti Destourien Libre a annonc\u00e9 ce mercredi, via un communiqu\u00e9 publi\u00e9 sur sa page Facebook, l&#039;organisation d&#039;une marche de protestation le samedi 12\" \/>\n<meta property=\"og:url\" content=\"https:\/\/realites.com.tn\/fr\/le-parti-destourien-libre-annonce-une-marche-de-protestation-le-12-septembre\/\" \/>\n<meta property=\"og:site_name\" content=\"R\u00e9alit\u00e9s Magazine\" \/>\n<meta property=\"article:publisher\" content=\"https:\/\/www.facebook.com\/realites.tn\/\" \/>\n<meta property=\"article:published_time\" content=\"2026-09-02T19:51:37+00:00\" \/>\n<meta property=\"og:image\" content=\"https:\/\/realites.com.tn\/fr\/wp-content\/uploads\/2021\/12\/PDL-Sigle-neue.jpg\" \/>\n\t<meta property=\"og:image:width\" content=\"970\" \/>\n\t<meta property=\"og:image:height\" content=\"546\" \/>\n\t<meta property=\"og:image:type\" content=\"image\/jpeg\" \/>\n<meta name=\"author\" content=\"WKB\" \/>\n<meta name=\"twitter:card\" content=\"summary_large_image\" \/>\n<meta name=\"twitter:label1\" content=\"\u00c9crit par\" \/>\n\t<meta name=\"twitter:data1\" content=\"WKB\" \/>\n\t<meta name=\"twitter:label2\" content=\"Dur\u00e9e de lecture estim\u00e9e\" \/>\n\t<meta name=\"twitter:data2\" content=\"1 minute\" \/>\n<script type=\"application\/ld+json\" class=\"yoast-schema-graph\">{\"@context\":\"https:\/\/schema.org\",\"@graph\":[{\"@type\":\"WebPage\",\"@id\":\"https:\/\/realites.com.tn\/fr\/le-parti-destourien-libre-annonce-une-marche-de-protestation-le-12-septembre\/\",\"url\":\"https:\/\/realites.com.tn\/fr\/le-parti-destourien-libre-annonce-une-marche-de-protestation-le-12-septembre\/\",\"name\":\"Le Parti destourien libre annonce une marche de protestation le 12 septembre - R\u00e9alit\u00e9s Magazine\",\"isPartOf\":{\"@id\":\"https:\/\/realites.com.tn\/fr\/#website\"},\"primaryImageOfPage\":{\"@id\":\"https:\/\/realites.com.tn\/fr\/le-parti-destourien-libre-annonce-une-marche-de-protestation-le-12-septembre\/#primaryimage\"},\"image\":{\"@id\":\"https:\/\/realites.com.tn\/fr\/le-parti-destourien-libre-annonce-une-marche-de-protestation-le-12-septembre\/#primaryimage\"},\"thumbnailUrl\":\"https:\/\/realites.com.tn\/fr\/wp-content\/uploads\/2021\/12\/PDL-Sigle-neue.jpg\",\"datePublished\":\"2026-09-02T19:51:37+00:00\",\"author\":{\"@id\":\"https:\/\/realites.com.tn\/fr\/#\/schema\/person\/3017fbbf260e8228acd3e8ebf0cdd37f\"},\"description\":\"Le Parti Destourien Libre a annonc\u00e9 ce mercredi, via un communiqu\u00e9 publi\u00e9 sur sa page Facebook, l'organisation d'une marche de protestation le samedi 12\",\"breadcrumb\":{\"@id\":\"https:\/\/realites.com.tn\/fr\/le-parti-destourien-libre-annonce-une-marche-de-protestation-le-12-septembre\/#breadcrumb\"},\"inLanguage\":\"fr-FR\",\"potentialAction\":[{\"@type\":\"ReadAction\",\"target\":[\"https:\/\/realites.com.tn\/fr\/le-parti-destourien-libre-annonce-une-marche-de-protestation-le-12-septembre\/\"]}]},{\"@type\":\"ImageObject\",\"inLanguage\":\"fr-FR\",\"@id\":\"https:\/\/realites.com.tn\/fr\/le-parti-destourien-libre-annonce-une-marche-de-protestation-le-12-septembre\/#primaryimage\",\"url\":\"https:\/\/realites.com.tn\/fr\/wp-content\/uploads\/2021\/12\/PDL-Sigle-neue.jpg\",\"contentUrl\":\"https:\/\/realites.com.tn\/fr\/wp-content\/uploads\/2021\/12\/PDL-Sigle-neue.jpg\",\"width\":970,\"height\":546},{\"@type\":\"BreadcrumbList\",\"@id\":\"https:\/\/realites.com.tn\/fr\/le-parti-destourien-libre-annonce-une-marche-de-protestation-le-12-septembre\/#breadcrumb\",\"itemListElement\":[{\"@type\":\"ListItem\",\"position\":1,\"name\":\"Home\",\"item\":\"https:\/\/realites.com.tn\/fr\/\"},{\"@type\":\"ListItem\",\"position\":2,\"name\":\"Le Parti destourien libre annonce une marche de protestation le 12 septembre\"}]},{\"@type\":\"WebSite\",\"@id\":\"https:\/\/realites.com.tn\/fr\/#website\",\"url\":\"https:\/\/realites.com.tn\/fr\/\",\"name\":\"R\u00e9alit\u00e9s Magazine\",\"description\":\"Actualit\u00e9s de la Tunisie\",\"potentialAction\":[{\"@type\":\"SearchAction\",\"target\":{\"@type\":\"EntryPoint\",\"urlTemplate\":\"https:\/\/realites.com.tn\/fr\/?s={search_term_string}\"},\"query-input\":{\"@type\":\"PropertyValueSpecification\",\"valueRequired\":true,\"valueName\":\"search_term_string\"}}],\"inLanguage\":\"fr-FR\"},{\"@type\":\"Person\",\"@id\":\"https:\/\/realites.com.tn\/fr\/#\/schema\/person\/3017fbbf260e8228acd3e8ebf0cdd37f\",\"name\":\"WKB\",\"image\":{\"@type\":\"ImageObject\",\"inLanguage\":\"fr-FR\",\"@id\":\"https:\/\/realites.com.tn\/fr\/#\/schema\/person\/image\/\",\"url\":\"https:\/\/secure.gravatar.com\/avatar\/90f27863f4f5326a9b64d42421f4a20f?s=96&d=mm&r=g\",\"contentUrl\":\"https:\/\/secure.gravatar.com\/avatar\/90f27863f4f5326a9b64d42421f4a20f?s=96&d=mm&r=g\",\"caption\":\"WKB\"},\"url\":\"https:\/\/realites.com.tn\/fr\/author\/wkb2025\/\"}]}<\/script>\n<!-- \/ Yoast SEO plugin. -->","yoast_head_json":{"title":"Le Parti destourien libre annonce une marche de protestation le 12 septembre - R\u00e9alit\u00e9s Magazine","description":"Le Parti Destourien Libre a annonc\u00e9 ce mercredi, via un communiqu\u00e9 publi\u00e9 sur sa page Facebook, l'organisation d'une marche de protestation le samedi 12","robots":{"index":"index","follow":"follow","max-snippet":"max-snippet:-1","max-image-preview":"max-image-preview:large","max-video-preview":"max-video-preview:-1"},"canonical":"https:\/\/realites.com.tn\/fr\/le-parti-destourien-libre-annonce-une-marche-de-protestation-le-12-septembre\/","og_locale":"fr_FR","og_type":"article","og_title":"Le Parti destourien libre annonce une marche de protestation le 12 septembre - R\u00e9alit\u00e9s Magazine","og_description":"Le Parti Destourien Libre a annonc\u00e9 ce mercredi, via un communiqu\u00e9 publi\u00e9 sur sa page Facebook, l'organisation d'une marche de protestation le samedi 12","og_url":"https:\/\/realites.com.tn\/fr\/le-parti-destourien-libre-annonce-une-marche-de-protestation-le-12-septembre\/","og_site_name":"R\u00e9alit\u00e9s Magazine","article_publisher":"https:\/\/www.facebook.com\/realites.tn\/","article_published_time":"2026-09-02T19:51:37+00:00","og_image":[{"width":970,"height":546,"url":"https:\/\/realites.com.tn\/fr\/wp-content\/uploads\/2021\/12\/PDL-Sigle-neue.jpg","type":"image\/jpeg"}],"author":"WKB","twitter_card":"summary_large_image","twitter_misc":{"\u00c9crit par":"WKB","Dur\u00e9e de lecture estim\u00e9e":"1 minute"},"schema":{"@context":"https:\/\/schema.org","@graph":[{"@type":"WebPage","@id":"https:\/\/realites.com.tn\/fr\/le-parti-destourien-libre-annonce-une-marche-de-protestation-le-12-septembre\/","url":"https:\/\/realites.com.tn\/fr\/le-parti-destourien-libre-annonce-une-marche-de-protestation-le-12-septembre\/","name":"Le Parti destourien libre annonce une marche de protestation le 12 septembre - R\u00e9alit\u00e9s Magazine","isPartOf":{"@id":"https:\/\/realites.com.tn\/fr\/#website"},"primaryImageOfPage":{"@id":"https:\/\/realites.com.tn\/fr\/le-parti-destourien-libre-annonce-une-marche-de-protestation-le-12-septembre\/#primaryimage"},"image":{"@id":"https:\/\/realites.com.tn\/fr\/le-parti-destourien-libre-annonce-une-marche-de-protestation-le-12-septembre\/#primaryimage"},"thumbnailUrl":"https:\/\/realites.com.tn\/fr\/wp-content\/uploads\/2021\/12\/PDL-Sigle-neue.jpg","datePublished":"2026-09-02T19:51:37+00:00","author":{"@id":"https:\/\/realites.com.tn\/fr\/#\/schema\/person\/3017fbbf260e8228acd3e8ebf0cdd37f"},"description":"Le Parti Destourien Libre a annonc\u00e9 ce mercredi, via un communiqu\u00e9 publi\u00e9 sur sa page Facebook, l'organisation d'une marche de protestation le samedi 12","breadcrumb":{"@id":"https:\/\/realites.com.tn\/fr\/le-parti-destourien-libre-annonce-une-marche-de-protestation-le-12-septembre\/#breadcrumb"},"inLanguage":"fr-FR","potentialAction":[{"@type":"ReadAction","target":["https:\/\/realites.com.tn\/fr\/le-parti-destourien-libre-annonce-une-marche-de-protestation-le-12-septembre\/"]}]},{"@type":"ImageObject","inLanguage":"fr-FR","@id":"https:\/\/realites.com.tn\/fr\/le-parti-destourien-libre-annonce-une-marche-de-protestation-le-12-septembre\/#primaryimage","url":"https:\/\/realites.com.tn\/fr\/wp-content\/uploads\/2021\/12\/PDL-Sigle-neue.jpg","contentUrl":"https:\/\/realites.com.tn\/fr\/wp-content\/uploads\/2021\/12\/PDL-Sigle-neue.jpg","width":970,"height":546},{"@type":"BreadcrumbList","@id":"https:\/\/realites.com.tn\/fr\/le-parti-destourien-libre-annonce-une-marche-de-protestation-le-12-septembre\/#breadcrumb","itemListElement":[{"@type":"ListItem","position":1,"name":"Home","item":"https:\/\/realites.com.tn\/fr\/"},{"@type":"ListItem","position":2,"name":"Le Parti destourien libre annonce une marche de protestation le 12 septembre"}]},{"@type":"WebSite","@id":"https:\/\/realites.com.tn\/fr\/#website","url":"https:\/\/realites.com.tn\/fr\/","name":"R\u00e9alit\u00e9s Magazine","description":"Actualit\u00e9s de la Tunisie","potentialAction":[{"@type":"SearchAction","target":{"@type":"EntryPoint","urlTemplate":"https:\/\/realites.com.tn\/fr\/?s={search_term_string}"},"query-input":{"@type":"PropertyValueSpecification","valueRequired":true,"valueName":"search_term_string"}}],"inLanguage":"fr-FR"},{"@type":"Person","@id":"https:\/\/realites.com.tn\/fr\/#\/schema\/person\/3017fbbf260e8228acd3e8ebf0cdd37f","name":"WKB","image":{"@type":"ImageObject","inLanguage":"fr-FR","@id":"https:\/\/realites.com.tn\/fr\/#\/schema\/person\/image\/","url":"https:\/\/secure.gravatar.com\/avatar\/90f27863f4f5326a9b64d42421f4a20f?s=96&d=mm&r=g","contentUrl":"https:\/\/secure.gravatar.com\/avatar\/90f27863f4f5326a9b64d42421f4a20f?s=96&d=mm&r=g","caption":"WKB"},"url":"https:\/\/realites.com.tn\/fr\/author\/wkb2025\/"}]}},"jetpack_featured_media_url":"https:\/\/realites.com.tn\/fr\/wp-content\/uploads\/2021\/12\/PDL-Sigle-neue.jpg","jetpack_sharing_enabled":true,"views":18,"_links":{"self":[{"href":"https:\/\/realites.com.tn\/fr\/wp-json\/wp\/v2\/posts\/394969","targetHints":{"allow":["GET"]}}],"collection":[{"href":"https:\/\/realites.com.tn\/fr\/wp-json\/wp\/v2\/posts"}],"about":[{"href":"https:\/\/realites.com.tn\/fr\/wp-json\/wp\/v2\/types\/post"}],"author":[{"embeddable":true,"href":"https:\/\/realites.com.tn\/fr\/wp-json\/wp\/v2\/users\/144"}],"replies":[{"embeddable":true,"href":"https:\/\/realites.com.tn\/fr\/wp-json\/wp\/v2\/comments?post=394969"}],"version-history":[{"count":1,"href":"https:\/\/realites.com.tn\/fr\/wp-json\/wp\/v2\/posts\/394969\/revisions"}],"predecessor-version":[{"id":394970,"href":"https:\/\/realites.com.tn\/fr\/wp-json\/wp\/v2\/posts\/394969\/revisions\/394970"}],"wp:featuredmedia":[{"embeddable":true,"href":"https:\/\/realites.com.tn\/fr\/wp-json\/wp\/v2\/media\/226243"}],"wp:attachment":[{"href":"https:\/\/realites.com.tn\/fr\/wp-json\/wp\/v2\/media?parent=394969"}],"wp:term":[{"taxonomy":"category","embeddable":true,"href":"https:\/\/realites.com.tn\/fr\/wp-json\/wp\/v2\/categories?post=394969"},{"taxonomy":"post_tag","embeddable":true,"href":"https:\/\/realites.com.tn\/fr\/wp-json\/wp\/v2\/tags?post=394969"}],"curies":[{"name":"wp","href":"https:\/\/api.w.org\/{rel}","templated":true}]}}