{"id":394973,"date":"2026-09-03T00:00:49","date_gmt":"2026-09-02T23:00:49","guid":{"rendered":"https:\/\/realites.com.tn\/fr\/?p=394973"},"modified":"2026-09-03T00:00:49","modified_gmt":"2026-09-02T23:00:49","slug":"26e-edition-du-festival-arabe-de-la-radio-et-de-la-television-les-medias-face-aux-mutations-numeriques","status":"publish","type":"post","link":"https:\/\/realites.com.tn\/fr\/26e-edition-du-festival-arabe-de-la-radio-et-de-la-television-les-medias-face-aux-mutations-numeriques\/","title":{"rendered":"26e \u00e9dition du Festival arabe de la radio et de la t\u00e9l\u00e9vision : les m\u00e9dias face aux mutations num\u00e9riques"},"content":{"rendered":"<p class=\"ds-markdown-paragraph\"><span class=\"\">La capitale tunisienne et la station baln\u00e9aire de Hammamet accueilleront, du 21 au 24 septembre prochain, la vingt-sixi\u00e8me \u00e9dition du Festival arabe de la radio et de la t\u00e9l\u00e9vision. Cet \u00e9v\u00e9nement, plac\u00e9 sous l&rsquo;\u00e9gide de l&rsquo;Union des radiodiffusions des \u00c9tats arabes (ASBU) et du minist\u00e8re tunisien des Affaires culturelles, a pour th\u00e8me central cette ann\u00e9e \u00ab Le rythme de l&rsquo;image et l&rsquo;\u00e9cho du futur \u00bb. Le choix de cette th\u00e9matique traduit une volont\u00e9 d&rsquo;interroger les profondes reconfigurations que connaissent les secteurs audiovisuels \u00e0 l&rsquo;\u00e8re du num\u00e9rique.<\/span><\/p>\n<p class=\"ds-markdown-paragraph\"><span class=\"\">La manifestation s&rsquo;ouvrira officiellement par une c\u00e9r\u00e9monie \u00e0 l&rsquo;amphith\u00e9\u00e2tre de Carthage, au cours de laquelle le chanteur syrien Nassif Zeytoun et l&rsquo;artiste irakienne Rahma Riad se produiront sur sc\u00e8ne. Ce moment sera \u00e9galement l&rsquo;occasion de rendre hommage \u00e0 plusieurs figures marquantes du paysage m\u00e9diatique arabe, qu&rsquo;elles soient issues de la t\u00e9l\u00e9vision, de la radio, du cin\u00e9ma ou des m\u00e9dias en g\u00e9n\u00e9ral. Ensuite, les activit\u00e9s se poursuivront au Palais Yasmine Hammamet, o\u00f9 seront install\u00e9s \u00e0 la fois le salon des technologies et \u00e9quipements audiovisuels et le march\u00e9 des programmes. Ces espaces constituent des lieux d&rsquo;\u00e9change privil\u00e9gi\u00e9s entre producteurs et professionnels du secteur, favorisant les rencontres d&rsquo;affaires et les partenariats.\u00a0<\/span><span class=\"\">Par ailleurs, les conf\u00e9rences et tables rondes pr\u00e9vues dans le cadre du congr\u00e8s professionnel aborderont plusieurs sujets d&rsquo;actualit\u00e9. Parmi eux figurent le d\u00e9veloppement rapide des podcasts et leur capacit\u00e9 \u00e0 influencer les audiences, le basculement des consommateurs de contenus vers une position de producteurs actifs, ainsi que ce que les organisateurs d\u00e9signent comme le \u00ab tourisme m\u00e9diatique \u00bb, c&rsquo;est-\u00e0-dire le r\u00f4le des m\u00e9dias dans la valorisation des destinations et l&rsquo;attractivit\u00e9 territoriale. D&rsquo;autre part, ce volet r\u00e9flexif s&rsquo;accompagne d&rsquo;une dimension commerciale importante, puisque le salon r\u00e9unit plus de quatre-vingts exposants et attire environ un millier de visiteurs et de professionnels internationaux, selon les chiffres communiqu\u00e9s par les organisateurs.<\/span><\/p>\n<p class=\"ds-markdown-paragraph\"><span class=\"\">La cl\u00f4ture du festival aura lieu \u00e0 l&rsquo;Op\u00e9ra de la Cit\u00e9 de la Culture de Tunis. Au cours de cette soir\u00e9e finale, les prix seront d\u00e9cern\u00e9s aux productions laur\u00e9ates dans les cat\u00e9gories radio, t\u00e9l\u00e9vision et nouveaux m\u00e9dias. En sus, le public pourra assister \u00e0 la pr\u00e9sentation en avant-premi\u00e8re de la com\u00e9die musicale intitul\u00e9e \u00ab Saafir Ilayka wa Ghanni \u00bb, compos\u00e9e par le musicien tunisien Karim Thlibi. Qui plus est, il convient de rappeler que cette \u00e9dition 2026 avait initialement \u00e9t\u00e9 programm\u00e9e en juin, mais l&rsquo;ASBU a d\u00e9cid\u00e9 de la reporter \u00e0 septembre. Ce d\u00e9calage, pr\u00e9cise l&rsquo;Union, est intervenu en raison des circonstances pr\u00e9valant dans la r\u00e9gion arabe, en particulier au Moyen-Orient et dans la p\u00e9ninsule Arabique.<\/span><\/p>\n","protected":false},"excerpt":{"rendered":"<p>La capitale tunisienne et la station baln\u00e9aire de Hammamet accueilleront, du 21 au 24 septembre prochain, la vingt-sixi\u00e8me \u00e9dition du Festival arabe de la radio et de la t\u00e9l\u00e9vision. Cet&hellip;<\/p>\n","protected":false},"author":60,"featured_media":387350,"comment_status":"open","ping_status":"closed","sticky":false,"template":"","format":"standard","meta":{"_lmt_disableupdate":"","_lmt_disable":"","_jetpack_memberships_contains_paid_content":false,"footnotes":""},"categories":[8],"tags":[],"class_list":["post-394973","post","type-post","status-publish","format-standard","has-post-thumbnail","hentry","category-culture"],"yoast_head":"<!-- This site is optimized with the Yoast SEO plugin v26.3 - https:\/\/yoast.com\/wordpress\/plugins\/seo\/ -->\n<title>26e \u00e9dition du Festival arabe de la radio et de la t\u00e9l\u00e9vision : les m\u00e9dias face aux mutations num\u00e9riques - R\u00e9alit\u00e9s Magazine<\/title>\n<meta name=\"description\" content=\"La capitale tunisienne et la station baln\u00e9aire de Hammamet accueilleront, du 21 au 24 septembre prochain, la vingt-sixi\u00e8me \u00e9dition du Festival arabe de la\" \/>\n<meta name=\"robots\" content=\"index, follow, max-snippet:-1, max-image-preview:large, max-video-preview:-1\" \/>\n<link rel=\"canonical\" href=\"https:\/\/realites.com.tn\/fr\/26e-edition-du-festival-arabe-de-la-radio-et-de-la-television-les-medias-face-aux-mutations-numeriques\/\" \/>\n<meta property=\"og:locale\" content=\"fr_FR\" \/>\n<meta property=\"og:type\" content=\"article\" \/>\n<meta property=\"og:title\" content=\"26e \u00e9dition du Festival arabe de la radio et de la t\u00e9l\u00e9vision : les m\u00e9dias face aux mutations num\u00e9riques - R\u00e9alit\u00e9s Magazine\" \/>\n<meta property=\"og:description\" content=\"La capitale tunisienne et la station baln\u00e9aire de Hammamet accueilleront, du 21 au 24 septembre prochain, la vingt-sixi\u00e8me \u00e9dition du Festival arabe de la\" \/>\n<meta property=\"og:url\" content=\"https:\/\/realites.com.tn\/fr\/26e-edition-du-festival-arabe-de-la-radio-et-de-la-television-les-medias-face-aux-mutations-numeriques\/\" \/>\n<meta property=\"og:site_name\" content=\"R\u00e9alit\u00e9s Magazine\" \/>\n<meta property=\"article:publisher\" content=\"https:\/\/www.facebook.com\/realites.tn\/\" \/>\n<meta property=\"article:published_time\" content=\"2026-09-02T23:00:49+00:00\" \/>\n<meta property=\"og:image\" content=\"https:\/\/realites.com.tn\/fr\/wp-content\/uploads\/2026\/05\/asbu.jpg\" \/>\n\t<meta property=\"og:image:width\" content=\"1280\" \/>\n\t<meta property=\"og:image:height\" content=\"720\" \/>\n\t<meta property=\"og:image:type\" content=\"image\/jpeg\" \/>\n<meta name=\"author\" content=\"La R\u00e9daction\" \/>\n<meta name=\"twitter:card\" content=\"summary_large_image\" \/>\n<meta name=\"twitter:label1\" content=\"\u00c9crit par\" \/>\n\t<meta name=\"twitter:data1\" content=\"La R\u00e9daction\" \/>\n\t<meta name=\"twitter:label2\" content=\"Dur\u00e9e de lecture estim\u00e9e\" \/>\n\t<meta name=\"twitter:data2\" content=\"3 minutes\" \/>\n<script type=\"application\/ld+json\" class=\"yoast-schema-graph\">{\"@context\":\"https:\/\/schema.org\",\"@graph\":[{\"@type\":\"WebPage\",\"@id\":\"https:\/\/realites.com.tn\/fr\/26e-edition-du-festival-arabe-de-la-radio-et-de-la-television-les-medias-face-aux-mutations-numeriques\/\",\"url\":\"https:\/\/realites.com.tn\/fr\/26e-edition-du-festival-arabe-de-la-radio-et-de-la-television-les-medias-face-aux-mutations-numeriques\/\",\"name\":\"26e \u00e9dition du Festival arabe de la radio et de la t\u00e9l\u00e9vision : les m\u00e9dias face aux mutations num\u00e9riques - R\u00e9alit\u00e9s Magazine\",\"isPartOf\":{\"@id\":\"https:\/\/realites.com.tn\/fr\/#website\"},\"primaryImageOfPage\":{\"@id\":\"https:\/\/realites.com.tn\/fr\/26e-edition-du-festival-arabe-de-la-radio-et-de-la-television-les-medias-face-aux-mutations-numeriques\/#primaryimage\"},\"image\":{\"@id\":\"https:\/\/realites.com.tn\/fr\/26e-edition-du-festival-arabe-de-la-radio-et-de-la-television-les-medias-face-aux-mutations-numeriques\/#primaryimage\"},\"thumbnailUrl\":\"https:\/\/realites.com.tn\/fr\/wp-content\/uploads\/2026\/05\/asbu.jpg\",\"datePublished\":\"2026-09-02T23:00:49+00:00\",\"author\":{\"@id\":\"https:\/\/realites.com.tn\/fr\/#\/schema\/person\/438b71c29a257d955d96d8aef42336e7\"},\"description\":\"La capitale tunisienne et la station baln\u00e9aire de Hammamet accueilleront, du 21 au 24 septembre prochain, la vingt-sixi\u00e8me \u00e9dition du Festival arabe de la\",\"breadcrumb\":{\"@id\":\"https:\/\/realites.com.tn\/fr\/26e-edition-du-festival-arabe-de-la-radio-et-de-la-television-les-medias-face-aux-mutations-numeriques\/#breadcrumb\"},\"inLanguage\":\"fr-FR\",\"potentialAction\":[{\"@type\":\"ReadAction\",\"target\":[\"https:\/\/realites.com.tn\/fr\/26e-edition-du-festival-arabe-de-la-radio-et-de-la-television-les-medias-face-aux-mutations-numeriques\/\"]}]},{\"@type\":\"ImageObject\",\"inLanguage\":\"fr-FR\",\"@id\":\"https:\/\/realites.com.tn\/fr\/26e-edition-du-festival-arabe-de-la-radio-et-de-la-television-les-medias-face-aux-mutations-numeriques\/#primaryimage\",\"url\":\"https:\/\/realites.com.tn\/fr\/wp-content\/uploads\/2026\/05\/asbu.jpg\",\"contentUrl\":\"https:\/\/realites.com.tn\/fr\/wp-content\/uploads\/2026\/05\/asbu.jpg\",\"width\":1280,\"height\":720},{\"@type\":\"BreadcrumbList\",\"@id\":\"https:\/\/realites.com.tn\/fr\/26e-edition-du-festival-arabe-de-la-radio-et-de-la-television-les-medias-face-aux-mutations-numeriques\/#breadcrumb\",\"itemListElement\":[{\"@type\":\"ListItem\",\"position\":1,\"name\":\"Home\",\"item\":\"https:\/\/realites.com.tn\/fr\/\"},{\"@type\":\"ListItem\",\"position\":2,\"name\":\"26e \u00e9dition du Festival arabe de la radio et de la t\u00e9l\u00e9vision : les m\u00e9dias face aux mutations num\u00e9riques\"}]},{\"@type\":\"WebSite\",\"@id\":\"https:\/\/realites.com.tn\/fr\/#website\",\"url\":\"https:\/\/realites.com.tn\/fr\/\",\"name\":\"R\u00e9alit\u00e9s Magazine\",\"description\":\"Actualit\u00e9s de la Tunisie\",\"potentialAction\":[{\"@type\":\"SearchAction\",\"target\":{\"@type\":\"EntryPoint\",\"urlTemplate\":\"https:\/\/realites.com.tn\/fr\/?s={search_term_string}\"},\"query-input\":{\"@type\":\"PropertyValueSpecification\",\"valueRequired\":true,\"valueName\":\"search_term_string\"}}],\"inLanguage\":\"fr-FR\"},{\"@type\":\"Person\",\"@id\":\"https:\/\/realites.com.tn\/fr\/#\/schema\/person\/438b71c29a257d955d96d8aef42336e7\",\"name\":\"La R\u00e9daction\",\"image\":{\"@type\":\"ImageObject\",\"inLanguage\":\"fr-FR\",\"@id\":\"https:\/\/realites.com.tn\/fr\/#\/schema\/person\/image\/\",\"url\":\"https:\/\/secure.gravatar.com\/avatar\/fbe9ab25fcc82b6e660ad5648f91eadb?s=96&d=mm&r=g\",\"contentUrl\":\"https:\/\/secure.gravatar.com\/avatar\/fbe9ab25fcc82b6e660ad5648f91eadb?s=96&d=mm&r=g\",\"caption\":\"La R\u00e9daction\"},\"url\":\"https:\/\/realites.com.tn\/fr\/author\/realites5201\/\"}]}<\/script>\n<!-- \/ Yoast SEO plugin. -->","yoast_head_json":{"title":"26e \u00e9dition du Festival arabe de la radio et de la t\u00e9l\u00e9vision : les m\u00e9dias face aux mutations num\u00e9riques - R\u00e9alit\u00e9s Magazine","description":"La capitale tunisienne et la station baln\u00e9aire de Hammamet accueilleront, du 21 au 24 septembre prochain, la vingt-sixi\u00e8me \u00e9dition du Festival arabe de la","robots":{"index":"index","follow":"follow","max-snippet":"max-snippet:-1","max-image-preview":"max-image-preview:large","max-video-preview":"max-video-preview:-1"},"canonical":"https:\/\/realites.com.tn\/fr\/26e-edition-du-festival-arabe-de-la-radio-et-de-la-television-les-medias-face-aux-mutations-numeriques\/","og_locale":"fr_FR","og_type":"article","og_title":"26e \u00e9dition du Festival arabe de la radio et de la t\u00e9l\u00e9vision : les m\u00e9dias face aux mutations num\u00e9riques - R\u00e9alit\u00e9s Magazine","og_description":"La capitale tunisienne et la station baln\u00e9aire de Hammamet accueilleront, du 21 au 24 septembre prochain, la vingt-sixi\u00e8me \u00e9dition du Festival arabe de la","og_url":"https:\/\/realites.com.tn\/fr\/26e-edition-du-festival-arabe-de-la-radio-et-de-la-television-les-medias-face-aux-mutations-numeriques\/","og_site_name":"R\u00e9alit\u00e9s Magazine","article_publisher":"https:\/\/www.facebook.com\/realites.tn\/","article_published_time":"2026-09-02T23:00:49+00:00","og_image":[{"width":1280,"height":720,"url":"https:\/\/realites.com.tn\/fr\/wp-content\/uploads\/2026\/05\/asbu.jpg","type":"image\/jpeg"}],"author":"La R\u00e9daction","twitter_card":"summary_large_image","twitter_misc":{"\u00c9crit par":"La R\u00e9daction","Dur\u00e9e de lecture estim\u00e9e":"3 minutes"},"schema":{"@context":"https:\/\/schema.org","@graph":[{"@type":"WebPage","@id":"https:\/\/realites.com.tn\/fr\/26e-edition-du-festival-arabe-de-la-radio-et-de-la-television-les-medias-face-aux-mutations-numeriques\/","url":"https:\/\/realites.com.tn\/fr\/26e-edition-du-festival-arabe-de-la-radio-et-de-la-television-les-medias-face-aux-mutations-numeriques\/","name":"26e \u00e9dition du Festival arabe de la radio et de la t\u00e9l\u00e9vision : les m\u00e9dias face aux mutations num\u00e9riques - R\u00e9alit\u00e9s Magazine","isPartOf":{"@id":"https:\/\/realites.com.tn\/fr\/#website"},"primaryImageOfPage":{"@id":"https:\/\/realites.com.tn\/fr\/26e-edition-du-festival-arabe-de-la-radio-et-de-la-television-les-medias-face-aux-mutations-numeriques\/#primaryimage"},"image":{"@id":"https:\/\/realites.com.tn\/fr\/26e-edition-du-festival-arabe-de-la-radio-et-de-la-television-les-medias-face-aux-mutations-numeriques\/#primaryimage"},"thumbnailUrl":"https:\/\/realites.com.tn\/fr\/wp-content\/uploads\/2026\/05\/asbu.jpg","datePublished":"2026-09-02T23:00:49+00:00","author":{"@id":"https:\/\/realites.com.tn\/fr\/#\/schema\/person\/438b71c29a257d955d96d8aef42336e7"},"description":"La capitale tunisienne et la station baln\u00e9aire de Hammamet accueilleront, du 21 au 24 septembre prochain, la vingt-sixi\u00e8me \u00e9dition du Festival arabe de la","breadcrumb":{"@id":"https:\/\/realites.com.tn\/fr\/26e-edition-du-festival-arabe-de-la-radio-et-de-la-television-les-medias-face-aux-mutations-numeriques\/#breadcrumb"},"inLanguage":"fr-FR","potentialAction":[{"@type":"ReadAction","target":["https:\/\/realites.com.tn\/fr\/26e-edition-du-festival-arabe-de-la-radio-et-de-la-television-les-medias-face-aux-mutations-numeriques\/"]}]},{"@type":"ImageObject","inLanguage":"fr-FR","@id":"https:\/\/realites.com.tn\/fr\/26e-edition-du-festival-arabe-de-la-radio-et-de-la-television-les-medias-face-aux-mutations-numeriques\/#primaryimage","url":"https:\/\/realites.com.tn\/fr\/wp-content\/uploads\/2026\/05\/asbu.jpg","contentUrl":"https:\/\/realites.com.tn\/fr\/wp-content\/uploads\/2026\/05\/asbu.jpg","width":1280,"height":720},{"@type":"BreadcrumbList","@id":"https:\/\/realites.com.tn\/fr\/26e-edition-du-festival-arabe-de-la-radio-et-de-la-television-les-medias-face-aux-mutations-numeriques\/#breadcrumb","itemListElement":[{"@type":"ListItem","position":1,"name":"Home","item":"https:\/\/realites.com.tn\/fr\/"},{"@type":"ListItem","position":2,"name":"26e \u00e9dition du Festival arabe de la radio et de la t\u00e9l\u00e9vision : les m\u00e9dias face aux mutations num\u00e9riques"}]},{"@type":"WebSite","@id":"https:\/\/realites.com.tn\/fr\/#website","url":"https:\/\/realites.com.tn\/fr\/","name":"R\u00e9alit\u00e9s Magazine","description":"Actualit\u00e9s de la Tunisie","potentialAction":[{"@type":"SearchAction","target":{"@type":"EntryPoint","urlTemplate":"https:\/\/realites.com.tn\/fr\/?s={search_term_string}"},"query-input":{"@type":"PropertyValueSpecification","valueRequired":true,"valueName":"search_term_string"}}],"inLanguage":"fr-FR"},{"@type":"Person","@id":"https:\/\/realites.com.tn\/fr\/#\/schema\/person\/438b71c29a257d955d96d8aef42336e7","name":"La R\u00e9daction","image":{"@type":"ImageObject","inLanguage":"fr-FR","@id":"https:\/\/realites.com.tn\/fr\/#\/schema\/person\/image\/","url":"https:\/\/secure.gravatar.com\/avatar\/fbe9ab25fcc82b6e660ad5648f91eadb?s=96&d=mm&r=g","contentUrl":"https:\/\/secure.gravatar.com\/avatar\/fbe9ab25fcc82b6e660ad5648f91eadb?s=96&d=mm&r=g","caption":"La R\u00e9daction"},"url":"https:\/\/realites.com.tn\/fr\/author\/realites5201\/"}]}},"jetpack_featured_media_url":"https:\/\/realites.com.tn\/fr\/wp-content\/uploads\/2026\/05\/asbu.jpg","jetpack_sharing_enabled":true,"views":2,"_links":{"self":[{"href":"https:\/\/realites.com.tn\/fr\/wp-json\/wp\/v2\/posts\/394973","targetHints":{"allow":["GET"]}}],"collection":[{"href":"https:\/\/realites.com.tn\/fr\/wp-json\/wp\/v2\/posts"}],"about":[{"href":"https:\/\/realites.com.tn\/fr\/wp-json\/wp\/v2\/types\/post"}],"author":[{"embeddable":true,"href":"https:\/\/realites.com.tn\/fr\/wp-json\/wp\/v2\/users\/60"}],"replies":[{"embeddable":true,"href":"https:\/\/realites.com.tn\/fr\/wp-json\/wp\/v2\/comments?post=394973"}],"version-history":[{"count":1,"href":"https:\/\/realites.com.tn\/fr\/wp-json\/wp\/v2\/posts\/394973\/revisions"}],"predecessor-version":[{"id":394974,"href":"https:\/\/realites.com.tn\/fr\/wp-json\/wp\/v2\/posts\/394973\/revisions\/394974"}],"wp:featuredmedia":[{"embeddable":true,"href":"https:\/\/realites.com.tn\/fr\/wp-json\/wp\/v2\/media\/387350"}],"wp:attachment":[{"href":"https:\/\/realites.com.tn\/fr\/wp-json\/wp\/v2\/media?parent=394973"}],"wp:term":[{"taxonomy":"category","embeddable":true,"href":"https:\/\/realites.com.tn\/fr\/wp-json\/wp\/v2\/categories?post=394973"},{"taxonomy":"post_tag","embeddable":true,"href":"https:\/\/realites.com.tn\/fr\/wp-json\/wp\/v2\/tags?post=394973"}],"curies":[{"name":"wp","href":"https:\/\/api.w.org\/{rel}","templated":true}]}}