{"id":394977,"date":"2026-09-03T08:29:24","date_gmt":"2026-09-03T07:29:24","guid":{"rendered":"https:\/\/realites.com.tn\/fr\/?p=394977"},"modified":"2026-09-03T08:29:24","modified_gmt":"2026-09-03T07:29:24","slug":"tunisie-libye-kais-saied-appelle-a-intensifier-la-concertation-et-a-faciliter-le-passage-aux-frontieres","status":"publish","type":"post","link":"https:\/\/realites.com.tn\/fr\/tunisie-libye-kais-saied-appelle-a-intensifier-la-concertation-et-a-faciliter-le-passage-aux-frontieres\/","title":{"rendered":"Tunisie-Libye : Ka\u00efs Sa\u00efed appelle \u00e0 intensifier la concertation et \u00e0 faciliter le passage aux fronti\u00e8res"},"content":{"rendered":"<p>Le pr\u00e9sident de la R\u00e9publique, Ka\u00efs Sa\u00efed, a r\u00e9affirm\u00e9 la position constante de la Tunisie, attach\u00e9e \u00e0 l&rsquo;unit\u00e9 de la Libye et convaincue que la solution ne peut \u00eatre que libyo-libyenne, estimant que les Libyens disposent des capacit\u00e9s n\u00e9cessaires pour parvenir eux-m\u00eames aux solutions qu&rsquo;ils accepteront, garantissant leur s\u00e9curit\u00e9 et leur stabilit\u00e9, et r\u00e9alisant leurs aspirations en mati\u00e8re de prosp\u00e9rit\u00e9, de croissance et de d\u00e9veloppement.<br \/>\nCette position a \u00e9t\u00e9 r\u00e9it\u00e9r\u00e9e, mardi 2 septembre, lors d&rsquo;un entretien t\u00e9l\u00e9phonique avec\u00a0 Mohamed El-Menfi, pr\u00e9sident du Conseil pr\u00e9sidentiel libyen.<br \/>\nLes deux responsables ont \u00e9voqu\u00e9 les liens fraternels unissant les deux peuples fr\u00e8res, ainsi que la n\u00e9cessit\u00e9 de faire face ensemble aux nombreux d\u00e9fis communs, dans un esprit de foi profonde et in\u00e9branlable en la fraternit\u00e9 et la compl\u00e9mentarit\u00e9 entre les deux pays, face \u00e0 une situation r\u00e9gionale \u00e9volutive et sans pr\u00e9c\u00e9dent qui exige de surmonter toutes les difficult\u00e9s.<br \/>\nLe chef de l&rsquo;\u00c9tat a par ailleurs insist\u00e9 sur l&rsquo;intensification de la concertation entre les deux pays, dans le but de lever tous les obstacles et de faciliter la circulation des personnes et des marchandises dans les deux sens, au niveau des diff\u00e9rents postes frontaliers. Il a soulign\u00e9 que les liens entre fr\u00e8res transcendent toute consid\u00e9ration : chaque partie veille sur la s\u00e9curit\u00e9 de l&rsquo;autre comme sur la sienne propre, et r\u00e9pond \u00e0 l&rsquo;appel de son fr\u00e8re \u2014 voire le fait passer avant elle-m\u00eame. Les exemples illustrant cette relation entre les deux peuples fr\u00e8res sont innombrables.<\/p>\n","protected":false},"excerpt":{"rendered":"<p>Le pr\u00e9sident de la R\u00e9publique, Ka\u00efs Sa\u00efed, a r\u00e9affirm\u00e9 la position constante de la Tunisie, attach\u00e9e \u00e0 l&rsquo;unit\u00e9 de la Libye et convaincue que la solution ne peut \u00eatre que&hellip;<\/p>\n","protected":false},"author":144,"featured_media":394978,"comment_status":"open","ping_status":"closed","sticky":false,"template":"","format":"standard","meta":{"_lmt_disableupdate":"","_lmt_disable":"","_jetpack_memberships_contains_paid_content":false,"footnotes":""},"categories":[4,5],"tags":[2702,1416,11687,3736,1120],"class_list":["post-394977","post","type-post","status-publish","format-standard","has-post-thumbnail","hentry","category-actualites","category-politique","tag-kais-saied","tag-libye","tag-mohamed-el-menfi","tag-realites-online","tag-tunisie"],"yoast_head":"<!-- This site is optimized with the Yoast SEO plugin v26.3 - https:\/\/yoast.com\/wordpress\/plugins\/seo\/ -->\n<title>Tunisie-Libye : Ka\u00efs Sa\u00efed appelle \u00e0 intensifier la concertation et \u00e0 faciliter le passage aux fronti\u00e8res - R\u00e9alit\u00e9s Magazine<\/title>\n<meta name=\"description\" content=\"Le pr\u00e9sident de la R\u00e9publique, Ka\u00efs Sa\u00efed, a r\u00e9affirm\u00e9 la position constante de la Tunisie, attach\u00e9e \u00e0 l&#039;unit\u00e9 de la Libye et convaincue que la solution\" \/>\n<meta name=\"robots\" content=\"index, follow, max-snippet:-1, max-image-preview:large, max-video-preview:-1\" \/>\n<link rel=\"canonical\" href=\"https:\/\/realites.com.tn\/fr\/tunisie-libye-kais-saied-appelle-a-intensifier-la-concertation-et-a-faciliter-le-passage-aux-frontieres\/\" \/>\n<meta property=\"og:locale\" content=\"fr_FR\" \/>\n<meta property=\"og:type\" content=\"article\" \/>\n<meta property=\"og:title\" content=\"Tunisie-Libye : Ka\u00efs Sa\u00efed appelle \u00e0 intensifier la concertation et \u00e0 faciliter le passage aux fronti\u00e8res - R\u00e9alit\u00e9s Magazine\" \/>\n<meta property=\"og:description\" content=\"Le pr\u00e9sident de la R\u00e9publique, Ka\u00efs Sa\u00efed, a r\u00e9affirm\u00e9 la position constante de la Tunisie, attach\u00e9e \u00e0 l&#039;unit\u00e9 de la Libye et convaincue que la solution\" \/>\n<meta property=\"og:url\" content=\"https:\/\/realites.com.tn\/fr\/tunisie-libye-kais-saied-appelle-a-intensifier-la-concertation-et-a-faciliter-le-passage-aux-frontieres\/\" \/>\n<meta property=\"og:site_name\" content=\"R\u00e9alit\u00e9s Magazine\" \/>\n<meta property=\"article:publisher\" content=\"https:\/\/www.facebook.com\/realites.tn\/\" \/>\n<meta property=\"article:published_time\" content=\"2026-09-03T07:29:24+00:00\" \/>\n<meta property=\"og:image\" content=\"https:\/\/realites.com.tn\/fr\/wp-content\/uploads\/2026\/09\/792109606_3719035104931959_62320014943664189_n.jpg\" \/>\n\t<meta property=\"og:image:width\" content=\"960\" \/>\n\t<meta property=\"og:image:height\" content=\"540\" \/>\n\t<meta property=\"og:image:type\" content=\"image\/jpeg\" \/>\n<meta name=\"author\" content=\"WKB\" \/>\n<meta name=\"twitter:card\" content=\"summary_large_image\" \/>\n<meta name=\"twitter:label1\" content=\"\u00c9crit par\" \/>\n\t<meta name=\"twitter:data1\" content=\"WKB\" \/>\n\t<meta name=\"twitter:label2\" content=\"Dur\u00e9e de lecture estim\u00e9e\" \/>\n\t<meta name=\"twitter:data2\" content=\"2 minutes\" \/>\n<script type=\"application\/ld+json\" class=\"yoast-schema-graph\">{\"@context\":\"https:\/\/schema.org\",\"@graph\":[{\"@type\":\"WebPage\",\"@id\":\"https:\/\/realites.com.tn\/fr\/tunisie-libye-kais-saied-appelle-a-intensifier-la-concertation-et-a-faciliter-le-passage-aux-frontieres\/\",\"url\":\"https:\/\/realites.com.tn\/fr\/tunisie-libye-kais-saied-appelle-a-intensifier-la-concertation-et-a-faciliter-le-passage-aux-frontieres\/\",\"name\":\"Tunisie-Libye : Ka\u00efs Sa\u00efed appelle \u00e0 intensifier la concertation et \u00e0 faciliter le passage aux fronti\u00e8res - R\u00e9alit\u00e9s Magazine\",\"isPartOf\":{\"@id\":\"https:\/\/realites.com.tn\/fr\/#website\"},\"primaryImageOfPage\":{\"@id\":\"https:\/\/realites.com.tn\/fr\/tunisie-libye-kais-saied-appelle-a-intensifier-la-concertation-et-a-faciliter-le-passage-aux-frontieres\/#primaryimage\"},\"image\":{\"@id\":\"https:\/\/realites.com.tn\/fr\/tunisie-libye-kais-saied-appelle-a-intensifier-la-concertation-et-a-faciliter-le-passage-aux-frontieres\/#primaryimage\"},\"thumbnailUrl\":\"https:\/\/realites.com.tn\/fr\/wp-content\/uploads\/2026\/09\/792109606_3719035104931959_62320014943664189_n.jpg\",\"datePublished\":\"2026-09-03T07:29:24+00:00\",\"author\":{\"@id\":\"https:\/\/realites.com.tn\/fr\/#\/schema\/person\/3017fbbf260e8228acd3e8ebf0cdd37f\"},\"description\":\"Le pr\u00e9sident de la R\u00e9publique, Ka\u00efs Sa\u00efed, a r\u00e9affirm\u00e9 la position constante de la Tunisie, attach\u00e9e \u00e0 l'unit\u00e9 de la Libye et convaincue que la solution\",\"breadcrumb\":{\"@id\":\"https:\/\/realites.com.tn\/fr\/tunisie-libye-kais-saied-appelle-a-intensifier-la-concertation-et-a-faciliter-le-passage-aux-frontieres\/#breadcrumb\"},\"inLanguage\":\"fr-FR\",\"potentialAction\":[{\"@type\":\"ReadAction\",\"target\":[\"https:\/\/realites.com.tn\/fr\/tunisie-libye-kais-saied-appelle-a-intensifier-la-concertation-et-a-faciliter-le-passage-aux-frontieres\/\"]}]},{\"@type\":\"ImageObject\",\"inLanguage\":\"fr-FR\",\"@id\":\"https:\/\/realites.com.tn\/fr\/tunisie-libye-kais-saied-appelle-a-intensifier-la-concertation-et-a-faciliter-le-passage-aux-frontieres\/#primaryimage\",\"url\":\"https:\/\/realites.com.tn\/fr\/wp-content\/uploads\/2026\/09\/792109606_3719035104931959_62320014943664189_n.jpg\",\"contentUrl\":\"https:\/\/realites.com.tn\/fr\/wp-content\/uploads\/2026\/09\/792109606_3719035104931959_62320014943664189_n.jpg\",\"width\":960,\"height\":540},{\"@type\":\"BreadcrumbList\",\"@id\":\"https:\/\/realites.com.tn\/fr\/tunisie-libye-kais-saied-appelle-a-intensifier-la-concertation-et-a-faciliter-le-passage-aux-frontieres\/#breadcrumb\",\"itemListElement\":[{\"@type\":\"ListItem\",\"position\":1,\"name\":\"Home\",\"item\":\"https:\/\/realites.com.tn\/fr\/\"},{\"@type\":\"ListItem\",\"position\":2,\"name\":\"Tunisie-Libye : Ka\u00efs Sa\u00efed appelle \u00e0 intensifier la concertation et \u00e0 faciliter le passage aux fronti\u00e8res\"}]},{\"@type\":\"WebSite\",\"@id\":\"https:\/\/realites.com.tn\/fr\/#website\",\"url\":\"https:\/\/realites.com.tn\/fr\/\",\"name\":\"R\u00e9alit\u00e9s Magazine\",\"description\":\"Actualit\u00e9s de la Tunisie\",\"potentialAction\":[{\"@type\":\"SearchAction\",\"target\":{\"@type\":\"EntryPoint\",\"urlTemplate\":\"https:\/\/realites.com.tn\/fr\/?s={search_term_string}\"},\"query-input\":{\"@type\":\"PropertyValueSpecification\",\"valueRequired\":true,\"valueName\":\"search_term_string\"}}],\"inLanguage\":\"fr-FR\"},{\"@type\":\"Person\",\"@id\":\"https:\/\/realites.com.tn\/fr\/#\/schema\/person\/3017fbbf260e8228acd3e8ebf0cdd37f\",\"name\":\"WKB\",\"image\":{\"@type\":\"ImageObject\",\"inLanguage\":\"fr-FR\",\"@id\":\"https:\/\/realites.com.tn\/fr\/#\/schema\/person\/image\/\",\"url\":\"https:\/\/secure.gravatar.com\/avatar\/90f27863f4f5326a9b64d42421f4a20f?s=96&d=mm&r=g\",\"contentUrl\":\"https:\/\/secure.gravatar.com\/avatar\/90f27863f4f5326a9b64d42421f4a20f?s=96&d=mm&r=g\",\"caption\":\"WKB\"},\"url\":\"https:\/\/realites.com.tn\/fr\/author\/wkb2025\/\"}]}<\/script>\n<!-- \/ Yoast SEO plugin. -->","yoast_head_json":{"title":"Tunisie-Libye : Ka\u00efs Sa\u00efed appelle \u00e0 intensifier la concertation et \u00e0 faciliter le passage aux fronti\u00e8res - R\u00e9alit\u00e9s Magazine","description":"Le pr\u00e9sident de la R\u00e9publique, Ka\u00efs Sa\u00efed, a r\u00e9affirm\u00e9 la position constante de la Tunisie, attach\u00e9e \u00e0 l'unit\u00e9 de la Libye et convaincue que la solution","robots":{"index":"index","follow":"follow","max-snippet":"max-snippet:-1","max-image-preview":"max-image-preview:large","max-video-preview":"max-video-preview:-1"},"canonical":"https:\/\/realites.com.tn\/fr\/tunisie-libye-kais-saied-appelle-a-intensifier-la-concertation-et-a-faciliter-le-passage-aux-frontieres\/","og_locale":"fr_FR","og_type":"article","og_title":"Tunisie-Libye : Ka\u00efs Sa\u00efed appelle \u00e0 intensifier la concertation et \u00e0 faciliter le passage aux fronti\u00e8res - R\u00e9alit\u00e9s Magazine","og_description":"Le pr\u00e9sident de la R\u00e9publique, Ka\u00efs Sa\u00efed, a r\u00e9affirm\u00e9 la position constante de la Tunisie, attach\u00e9e \u00e0 l'unit\u00e9 de la Libye et convaincue que la solution","og_url":"https:\/\/realites.com.tn\/fr\/tunisie-libye-kais-saied-appelle-a-intensifier-la-concertation-et-a-faciliter-le-passage-aux-frontieres\/","og_site_name":"R\u00e9alit\u00e9s Magazine","article_publisher":"https:\/\/www.facebook.com\/realites.tn\/","article_published_time":"2026-09-03T07:29:24+00:00","og_image":[{"width":960,"height":540,"url":"https:\/\/realites.com.tn\/fr\/wp-content\/uploads\/2026\/09\/792109606_3719035104931959_62320014943664189_n.jpg","type":"image\/jpeg"}],"author":"WKB","twitter_card":"summary_large_image","twitter_misc":{"\u00c9crit par":"WKB","Dur\u00e9e de lecture estim\u00e9e":"2 minutes"},"schema":{"@context":"https:\/\/schema.org","@graph":[{"@type":"WebPage","@id":"https:\/\/realites.com.tn\/fr\/tunisie-libye-kais-saied-appelle-a-intensifier-la-concertation-et-a-faciliter-le-passage-aux-frontieres\/","url":"https:\/\/realites.com.tn\/fr\/tunisie-libye-kais-saied-appelle-a-intensifier-la-concertation-et-a-faciliter-le-passage-aux-frontieres\/","name":"Tunisie-Libye : Ka\u00efs Sa\u00efed appelle \u00e0 intensifier la concertation et \u00e0 faciliter le passage aux fronti\u00e8res - R\u00e9alit\u00e9s Magazine","isPartOf":{"@id":"https:\/\/realites.com.tn\/fr\/#website"},"primaryImageOfPage":{"@id":"https:\/\/realites.com.tn\/fr\/tunisie-libye-kais-saied-appelle-a-intensifier-la-concertation-et-a-faciliter-le-passage-aux-frontieres\/#primaryimage"},"image":{"@id":"https:\/\/realites.com.tn\/fr\/tunisie-libye-kais-saied-appelle-a-intensifier-la-concertation-et-a-faciliter-le-passage-aux-frontieres\/#primaryimage"},"thumbnailUrl":"https:\/\/realites.com.tn\/fr\/wp-content\/uploads\/2026\/09\/792109606_3719035104931959_62320014943664189_n.jpg","datePublished":"2026-09-03T07:29:24+00:00","author":{"@id":"https:\/\/realites.com.tn\/fr\/#\/schema\/person\/3017fbbf260e8228acd3e8ebf0cdd37f"},"description":"Le pr\u00e9sident de la R\u00e9publique, Ka\u00efs Sa\u00efed, a r\u00e9affirm\u00e9 la position constante de la Tunisie, attach\u00e9e \u00e0 l'unit\u00e9 de la Libye et convaincue que la solution","breadcrumb":{"@id":"https:\/\/realites.com.tn\/fr\/tunisie-libye-kais-saied-appelle-a-intensifier-la-concertation-et-a-faciliter-le-passage-aux-frontieres\/#breadcrumb"},"inLanguage":"fr-FR","potentialAction":[{"@type":"ReadAction","target":["https:\/\/realites.com.tn\/fr\/tunisie-libye-kais-saied-appelle-a-intensifier-la-concertation-et-a-faciliter-le-passage-aux-frontieres\/"]}]},{"@type":"ImageObject","inLanguage":"fr-FR","@id":"https:\/\/realites.com.tn\/fr\/tunisie-libye-kais-saied-appelle-a-intensifier-la-concertation-et-a-faciliter-le-passage-aux-frontieres\/#primaryimage","url":"https:\/\/realites.com.tn\/fr\/wp-content\/uploads\/2026\/09\/792109606_3719035104931959_62320014943664189_n.jpg","contentUrl":"https:\/\/realites.com.tn\/fr\/wp-content\/uploads\/2026\/09\/792109606_3719035104931959_62320014943664189_n.jpg","width":960,"height":540},{"@type":"BreadcrumbList","@id":"https:\/\/realites.com.tn\/fr\/tunisie-libye-kais-saied-appelle-a-intensifier-la-concertation-et-a-faciliter-le-passage-aux-frontieres\/#breadcrumb","itemListElement":[{"@type":"ListItem","position":1,"name":"Home","item":"https:\/\/realites.com.tn\/fr\/"},{"@type":"ListItem","position":2,"name":"Tunisie-Libye : Ka\u00efs Sa\u00efed appelle \u00e0 intensifier la concertation et \u00e0 faciliter le passage aux fronti\u00e8res"}]},{"@type":"WebSite","@id":"https:\/\/realites.com.tn\/fr\/#website","url":"https:\/\/realites.com.tn\/fr\/","name":"R\u00e9alit\u00e9s Magazine","description":"Actualit\u00e9s de la Tunisie","potentialAction":[{"@type":"SearchAction","target":{"@type":"EntryPoint","urlTemplate":"https:\/\/realites.com.tn\/fr\/?s={search_term_string}"},"query-input":{"@type":"PropertyValueSpecification","valueRequired":true,"valueName":"search_term_string"}}],"inLanguage":"fr-FR"},{"@type":"Person","@id":"https:\/\/realites.com.tn\/fr\/#\/schema\/person\/3017fbbf260e8228acd3e8ebf0cdd37f","name":"WKB","image":{"@type":"ImageObject","inLanguage":"fr-FR","@id":"https:\/\/realites.com.tn\/fr\/#\/schema\/person\/image\/","url":"https:\/\/secure.gravatar.com\/avatar\/90f27863f4f5326a9b64d42421f4a20f?s=96&d=mm&r=g","contentUrl":"https:\/\/secure.gravatar.com\/avatar\/90f27863f4f5326a9b64d42421f4a20f?s=96&d=mm&r=g","caption":"WKB"},"url":"https:\/\/realites.com.tn\/fr\/author\/wkb2025\/"}]}},"jetpack_featured_media_url":"https:\/\/realites.com.tn\/fr\/wp-content\/uploads\/2026\/09\/792109606_3719035104931959_62320014943664189_n.jpg","jetpack_sharing_enabled":true,"views":14,"_links":{"self":[{"href":"https:\/\/realites.com.tn\/fr\/wp-json\/wp\/v2\/posts\/394977","targetHints":{"allow":["GET"]}}],"collection":[{"href":"https:\/\/realites.com.tn\/fr\/wp-json\/wp\/v2\/posts"}],"about":[{"href":"https:\/\/realites.com.tn\/fr\/wp-json\/wp\/v2\/types\/post"}],"author":[{"embeddable":true,"href":"https:\/\/realites.com.tn\/fr\/wp-json\/wp\/v2\/users\/144"}],"replies":[{"embeddable":true,"href":"https:\/\/realites.com.tn\/fr\/wp-json\/wp\/v2\/comments?post=394977"}],"version-history":[{"count":1,"href":"https:\/\/realites.com.tn\/fr\/wp-json\/wp\/v2\/posts\/394977\/revisions"}],"predecessor-version":[{"id":394979,"href":"https:\/\/realites.com.tn\/fr\/wp-json\/wp\/v2\/posts\/394977\/revisions\/394979"}],"wp:featuredmedia":[{"embeddable":true,"href":"https:\/\/realites.com.tn\/fr\/wp-json\/wp\/v2\/media\/394978"}],"wp:attachment":[{"href":"https:\/\/realites.com.tn\/fr\/wp-json\/wp\/v2\/media?parent=394977"}],"wp:term":[{"taxonomy":"category","embeddable":true,"href":"https:\/\/realites.com.tn\/fr\/wp-json\/wp\/v2\/categories?post=394977"},{"taxonomy":"post_tag","embeddable":true,"href":"https:\/\/realites.com.tn\/fr\/wp-json\/wp\/v2\/tags?post=394977"}],"curies":[{"name":"wp","href":"https:\/\/api.w.org\/{rel}","templated":true}]}}