{"id":394980,"date":"2026-09-03T08:44:24","date_gmt":"2026-09-03T07:44:24","guid":{"rendered":"https:\/\/realites.com.tn\/fr\/?p=394980"},"modified":"2026-09-03T08:44:24","modified_gmt":"2026-09-03T07:44:24","slug":"trafic-ferroviaire-retour-a-la-normale-apres-le-deraillement-dun-train","status":"publish","type":"post","link":"https:\/\/realites.com.tn\/fr\/trafic-ferroviaire-retour-a-la-normale-apres-le-deraillement-dun-train\/","title":{"rendered":"Trafic ferroviaire : retour \u00e0 la normale apr\u00e8s le d\u00e9raillement d\u2019un train"},"content":{"rendered":"<p>Le trafic ferroviaire a repris normalement ce matin, au lendemain d&rsquo;une interruption survenue suite au d\u00e9raillement d&rsquo;une rame \u00e0 l&rsquo;entr\u00e9e de la gare de Tunis-Ville (Barcelone). Les \u00e9quipes techniques de la Soci\u00e9t\u00e9 Nationale des Chemins de Fer Tunisiens (SNCFT) sont intervenues pour remettre la rame sur les rails, permettant ainsi la reprise progressive de la circulation des trains.<br \/>\nPour rappel, un incident survenu hier sur le r\u00e9seau de la banlieue sud avait paralys\u00e9 le trafic ferroviaire dans la capitale. Le d\u00e9raillement d&rsquo;une rame avait provoqu\u00e9 l&rsquo;interruption brutale de la circulation des trains de la banlieue sud et des grandes lignes, entra\u00eenant un effet domino sur l&rsquo;ensemble du r\u00e9seau national.<\/p>\n","protected":false},"excerpt":{"rendered":"<p>Le trafic ferroviaire a repris normalement ce matin, au lendemain d&rsquo;une interruption survenue suite au d\u00e9raillement d&rsquo;une rame \u00e0 l&rsquo;entr\u00e9e de la gare de Tunis-Ville (Barcelone). Les \u00e9quipes techniques de&hellip;<\/p>\n","protected":false},"author":144,"featured_media":371711,"comment_status":"open","ping_status":"closed","sticky":false,"template":"","format":"standard","meta":{"_lmt_disableupdate":"","_lmt_disable":"","_jetpack_memberships_contains_paid_content":false,"footnotes":""},"categories":[4],"tags":[3736,2047,11356,1329],"class_list":["post-394980","post","type-post","status-publish","format-standard","has-post-thumbnail","hentry","category-actualites","tag-realites-online","tag-sncft","tag-trafic-ferroviaire","tag-train"],"yoast_head":"<!-- This site is optimized with the Yoast SEO plugin v26.3 - https:\/\/yoast.com\/wordpress\/plugins\/seo\/ -->\n<title>Trafic ferroviaire : retour \u00e0 la normale apr\u00e8s le d\u00e9raillement d\u2019un train - R\u00e9alit\u00e9s Magazine<\/title>\n<meta name=\"description\" content=\"Le trafic ferroviaire a repris normalement ce matin, au lendemain d&#039;une interruption survenue suite au d\u00e9raillement d&#039;une rame \u00e0 l&#039;entr\u00e9e de la gare de\" \/>\n<meta name=\"robots\" content=\"index, follow, max-snippet:-1, max-image-preview:large, max-video-preview:-1\" \/>\n<link rel=\"canonical\" href=\"https:\/\/realites.com.tn\/fr\/trafic-ferroviaire-retour-a-la-normale-apres-le-deraillement-dun-train\/\" \/>\n<meta property=\"og:locale\" content=\"fr_FR\" \/>\n<meta property=\"og:type\" content=\"article\" \/>\n<meta property=\"og:title\" content=\"Trafic ferroviaire : retour \u00e0 la normale apr\u00e8s le d\u00e9raillement d\u2019un train - R\u00e9alit\u00e9s Magazine\" \/>\n<meta property=\"og:description\" content=\"Le trafic ferroviaire a repris normalement ce matin, au lendemain d&#039;une interruption survenue suite au d\u00e9raillement d&#039;une rame \u00e0 l&#039;entr\u00e9e de la gare de\" \/>\n<meta property=\"og:url\" content=\"https:\/\/realites.com.tn\/fr\/trafic-ferroviaire-retour-a-la-normale-apres-le-deraillement-dun-train\/\" \/>\n<meta property=\"og:site_name\" content=\"R\u00e9alit\u00e9s Magazine\" \/>\n<meta property=\"article:publisher\" content=\"https:\/\/www.facebook.com\/realites.tn\/\" \/>\n<meta property=\"article:published_time\" content=\"2026-09-03T07:44:24+00:00\" \/>\n<meta property=\"og:image\" content=\"https:\/\/realites.com.tn\/fr\/wp-content\/uploads\/2025\/10\/train.jpg\" \/>\n\t<meta property=\"og:image:width\" content=\"640\" \/>\n\t<meta property=\"og:image:height\" content=\"360\" \/>\n\t<meta property=\"og:image:type\" content=\"image\/jpeg\" \/>\n<meta name=\"author\" content=\"WKB\" \/>\n<meta name=\"twitter:card\" content=\"summary_large_image\" \/>\n<meta name=\"twitter:label1\" content=\"\u00c9crit par\" \/>\n\t<meta name=\"twitter:data1\" content=\"WKB\" \/>\n\t<meta name=\"twitter:label2\" content=\"Dur\u00e9e de lecture estim\u00e9e\" \/>\n\t<meta name=\"twitter:data2\" content=\"1 minute\" \/>\n<script type=\"application\/ld+json\" class=\"yoast-schema-graph\">{\"@context\":\"https:\/\/schema.org\",\"@graph\":[{\"@type\":\"WebPage\",\"@id\":\"https:\/\/realites.com.tn\/fr\/trafic-ferroviaire-retour-a-la-normale-apres-le-deraillement-dun-train\/\",\"url\":\"https:\/\/realites.com.tn\/fr\/trafic-ferroviaire-retour-a-la-normale-apres-le-deraillement-dun-train\/\",\"name\":\"Trafic ferroviaire : retour \u00e0 la normale apr\u00e8s le d\u00e9raillement d\u2019un train - R\u00e9alit\u00e9s Magazine\",\"isPartOf\":{\"@id\":\"https:\/\/realites.com.tn\/fr\/#website\"},\"primaryImageOfPage\":{\"@id\":\"https:\/\/realites.com.tn\/fr\/trafic-ferroviaire-retour-a-la-normale-apres-le-deraillement-dun-train\/#primaryimage\"},\"image\":{\"@id\":\"https:\/\/realites.com.tn\/fr\/trafic-ferroviaire-retour-a-la-normale-apres-le-deraillement-dun-train\/#primaryimage\"},\"thumbnailUrl\":\"https:\/\/realites.com.tn\/fr\/wp-content\/uploads\/2025\/10\/train.jpg\",\"datePublished\":\"2026-09-03T07:44:24+00:00\",\"author\":{\"@id\":\"https:\/\/realites.com.tn\/fr\/#\/schema\/person\/3017fbbf260e8228acd3e8ebf0cdd37f\"},\"description\":\"Le trafic ferroviaire a repris normalement ce matin, au lendemain d'une interruption survenue suite au d\u00e9raillement d'une rame \u00e0 l'entr\u00e9e de la gare de\",\"breadcrumb\":{\"@id\":\"https:\/\/realites.com.tn\/fr\/trafic-ferroviaire-retour-a-la-normale-apres-le-deraillement-dun-train\/#breadcrumb\"},\"inLanguage\":\"fr-FR\",\"potentialAction\":[{\"@type\":\"ReadAction\",\"target\":[\"https:\/\/realites.com.tn\/fr\/trafic-ferroviaire-retour-a-la-normale-apres-le-deraillement-dun-train\/\"]}]},{\"@type\":\"ImageObject\",\"inLanguage\":\"fr-FR\",\"@id\":\"https:\/\/realites.com.tn\/fr\/trafic-ferroviaire-retour-a-la-normale-apres-le-deraillement-dun-train\/#primaryimage\",\"url\":\"https:\/\/realites.com.tn\/fr\/wp-content\/uploads\/2025\/10\/train.jpg\",\"contentUrl\":\"https:\/\/realites.com.tn\/fr\/wp-content\/uploads\/2025\/10\/train.jpg\",\"width\":640,\"height\":360},{\"@type\":\"BreadcrumbList\",\"@id\":\"https:\/\/realites.com.tn\/fr\/trafic-ferroviaire-retour-a-la-normale-apres-le-deraillement-dun-train\/#breadcrumb\",\"itemListElement\":[{\"@type\":\"ListItem\",\"position\":1,\"name\":\"Home\",\"item\":\"https:\/\/realites.com.tn\/fr\/\"},{\"@type\":\"ListItem\",\"position\":2,\"name\":\"Trafic ferroviaire : retour \u00e0 la normale apr\u00e8s le d\u00e9raillement d\u2019un train\"}]},{\"@type\":\"WebSite\",\"@id\":\"https:\/\/realites.com.tn\/fr\/#website\",\"url\":\"https:\/\/realites.com.tn\/fr\/\",\"name\":\"R\u00e9alit\u00e9s Magazine\",\"description\":\"Actualit\u00e9s de la Tunisie\",\"potentialAction\":[{\"@type\":\"SearchAction\",\"target\":{\"@type\":\"EntryPoint\",\"urlTemplate\":\"https:\/\/realites.com.tn\/fr\/?s={search_term_string}\"},\"query-input\":{\"@type\":\"PropertyValueSpecification\",\"valueRequired\":true,\"valueName\":\"search_term_string\"}}],\"inLanguage\":\"fr-FR\"},{\"@type\":\"Person\",\"@id\":\"https:\/\/realites.com.tn\/fr\/#\/schema\/person\/3017fbbf260e8228acd3e8ebf0cdd37f\",\"name\":\"WKB\",\"image\":{\"@type\":\"ImageObject\",\"inLanguage\":\"fr-FR\",\"@id\":\"https:\/\/realites.com.tn\/fr\/#\/schema\/person\/image\/\",\"url\":\"https:\/\/secure.gravatar.com\/avatar\/90f27863f4f5326a9b64d42421f4a20f?s=96&d=mm&r=g\",\"contentUrl\":\"https:\/\/secure.gravatar.com\/avatar\/90f27863f4f5326a9b64d42421f4a20f?s=96&d=mm&r=g\",\"caption\":\"WKB\"},\"url\":\"https:\/\/realites.com.tn\/fr\/author\/wkb2025\/\"}]}<\/script>\n<!-- \/ Yoast SEO plugin. -->","yoast_head_json":{"title":"Trafic ferroviaire : retour \u00e0 la normale apr\u00e8s le d\u00e9raillement d\u2019un train - R\u00e9alit\u00e9s Magazine","description":"Le trafic ferroviaire a repris normalement ce matin, au lendemain d'une interruption survenue suite au d\u00e9raillement d'une rame \u00e0 l'entr\u00e9e de la gare de","robots":{"index":"index","follow":"follow","max-snippet":"max-snippet:-1","max-image-preview":"max-image-preview:large","max-video-preview":"max-video-preview:-1"},"canonical":"https:\/\/realites.com.tn\/fr\/trafic-ferroviaire-retour-a-la-normale-apres-le-deraillement-dun-train\/","og_locale":"fr_FR","og_type":"article","og_title":"Trafic ferroviaire : retour \u00e0 la normale apr\u00e8s le d\u00e9raillement d\u2019un train - R\u00e9alit\u00e9s Magazine","og_description":"Le trafic ferroviaire a repris normalement ce matin, au lendemain d'une interruption survenue suite au d\u00e9raillement d'une rame \u00e0 l'entr\u00e9e de la gare de","og_url":"https:\/\/realites.com.tn\/fr\/trafic-ferroviaire-retour-a-la-normale-apres-le-deraillement-dun-train\/","og_site_name":"R\u00e9alit\u00e9s Magazine","article_publisher":"https:\/\/www.facebook.com\/realites.tn\/","article_published_time":"2026-09-03T07:44:24+00:00","og_image":[{"width":640,"height":360,"url":"https:\/\/realites.com.tn\/fr\/wp-content\/uploads\/2025\/10\/train.jpg","type":"image\/jpeg"}],"author":"WKB","twitter_card":"summary_large_image","twitter_misc":{"\u00c9crit par":"WKB","Dur\u00e9e de lecture estim\u00e9e":"1 minute"},"schema":{"@context":"https:\/\/schema.org","@graph":[{"@type":"WebPage","@id":"https:\/\/realites.com.tn\/fr\/trafic-ferroviaire-retour-a-la-normale-apres-le-deraillement-dun-train\/","url":"https:\/\/realites.com.tn\/fr\/trafic-ferroviaire-retour-a-la-normale-apres-le-deraillement-dun-train\/","name":"Trafic ferroviaire : retour \u00e0 la normale apr\u00e8s le d\u00e9raillement d\u2019un train - R\u00e9alit\u00e9s Magazine","isPartOf":{"@id":"https:\/\/realites.com.tn\/fr\/#website"},"primaryImageOfPage":{"@id":"https:\/\/realites.com.tn\/fr\/trafic-ferroviaire-retour-a-la-normale-apres-le-deraillement-dun-train\/#primaryimage"},"image":{"@id":"https:\/\/realites.com.tn\/fr\/trafic-ferroviaire-retour-a-la-normale-apres-le-deraillement-dun-train\/#primaryimage"},"thumbnailUrl":"https:\/\/realites.com.tn\/fr\/wp-content\/uploads\/2025\/10\/train.jpg","datePublished":"2026-09-03T07:44:24+00:00","author":{"@id":"https:\/\/realites.com.tn\/fr\/#\/schema\/person\/3017fbbf260e8228acd3e8ebf0cdd37f"},"description":"Le trafic ferroviaire a repris normalement ce matin, au lendemain d'une interruption survenue suite au d\u00e9raillement d'une rame \u00e0 l'entr\u00e9e de la gare de","breadcrumb":{"@id":"https:\/\/realites.com.tn\/fr\/trafic-ferroviaire-retour-a-la-normale-apres-le-deraillement-dun-train\/#breadcrumb"},"inLanguage":"fr-FR","potentialAction":[{"@type":"ReadAction","target":["https:\/\/realites.com.tn\/fr\/trafic-ferroviaire-retour-a-la-normale-apres-le-deraillement-dun-train\/"]}]},{"@type":"ImageObject","inLanguage":"fr-FR","@id":"https:\/\/realites.com.tn\/fr\/trafic-ferroviaire-retour-a-la-normale-apres-le-deraillement-dun-train\/#primaryimage","url":"https:\/\/realites.com.tn\/fr\/wp-content\/uploads\/2025\/10\/train.jpg","contentUrl":"https:\/\/realites.com.tn\/fr\/wp-content\/uploads\/2025\/10\/train.jpg","width":640,"height":360},{"@type":"BreadcrumbList","@id":"https:\/\/realites.com.tn\/fr\/trafic-ferroviaire-retour-a-la-normale-apres-le-deraillement-dun-train\/#breadcrumb","itemListElement":[{"@type":"ListItem","position":1,"name":"Home","item":"https:\/\/realites.com.tn\/fr\/"},{"@type":"ListItem","position":2,"name":"Trafic ferroviaire : retour \u00e0 la normale apr\u00e8s le d\u00e9raillement d\u2019un train"}]},{"@type":"WebSite","@id":"https:\/\/realites.com.tn\/fr\/#website","url":"https:\/\/realites.com.tn\/fr\/","name":"R\u00e9alit\u00e9s Magazine","description":"Actualit\u00e9s de la Tunisie","potentialAction":[{"@type":"SearchAction","target":{"@type":"EntryPoint","urlTemplate":"https:\/\/realites.com.tn\/fr\/?s={search_term_string}"},"query-input":{"@type":"PropertyValueSpecification","valueRequired":true,"valueName":"search_term_string"}}],"inLanguage":"fr-FR"},{"@type":"Person","@id":"https:\/\/realites.com.tn\/fr\/#\/schema\/person\/3017fbbf260e8228acd3e8ebf0cdd37f","name":"WKB","image":{"@type":"ImageObject","inLanguage":"fr-FR","@id":"https:\/\/realites.com.tn\/fr\/#\/schema\/person\/image\/","url":"https:\/\/secure.gravatar.com\/avatar\/90f27863f4f5326a9b64d42421f4a20f?s=96&d=mm&r=g","contentUrl":"https:\/\/secure.gravatar.com\/avatar\/90f27863f4f5326a9b64d42421f4a20f?s=96&d=mm&r=g","caption":"WKB"},"url":"https:\/\/realites.com.tn\/fr\/author\/wkb2025\/"}]}},"jetpack_featured_media_url":"https:\/\/realites.com.tn\/fr\/wp-content\/uploads\/2025\/10\/train.jpg","jetpack_sharing_enabled":true,"views":17,"_links":{"self":[{"href":"https:\/\/realites.com.tn\/fr\/wp-json\/wp\/v2\/posts\/394980","targetHints":{"allow":["GET"]}}],"collection":[{"href":"https:\/\/realites.com.tn\/fr\/wp-json\/wp\/v2\/posts"}],"about":[{"href":"https:\/\/realites.com.tn\/fr\/wp-json\/wp\/v2\/types\/post"}],"author":[{"embeddable":true,"href":"https:\/\/realites.com.tn\/fr\/wp-json\/wp\/v2\/users\/144"}],"replies":[{"embeddable":true,"href":"https:\/\/realites.com.tn\/fr\/wp-json\/wp\/v2\/comments?post=394980"}],"version-history":[{"count":1,"href":"https:\/\/realites.com.tn\/fr\/wp-json\/wp\/v2\/posts\/394980\/revisions"}],"predecessor-version":[{"id":394981,"href":"https:\/\/realites.com.tn\/fr\/wp-json\/wp\/v2\/posts\/394980\/revisions\/394981"}],"wp:featuredmedia":[{"embeddable":true,"href":"https:\/\/realites.com.tn\/fr\/wp-json\/wp\/v2\/media\/371711"}],"wp:attachment":[{"href":"https:\/\/realites.com.tn\/fr\/wp-json\/wp\/v2\/media?parent=394980"}],"wp:term":[{"taxonomy":"category","embeddable":true,"href":"https:\/\/realites.com.tn\/fr\/wp-json\/wp\/v2\/categories?post=394980"},{"taxonomy":"post_tag","embeddable":true,"href":"https:\/\/realites.com.tn\/fr\/wp-json\/wp\/v2\/tags?post=394980"}],"curies":[{"name":"wp","href":"https:\/\/api.w.org\/{rel}","templated":true}]}}