{"id":394982,"date":"2026-09-03T08:57:16","date_gmt":"2026-09-03T07:57:16","guid":{"rendered":"https:\/\/realites.com.tn\/fr\/?p=394982"},"modified":"2026-09-03T08:57:16","modified_gmt":"2026-09-03T07:57:16","slug":"affaire-du-complot-audience-decisive-aujourdhui-a-la-cour-de-cassation","status":"publish","type":"post","link":"https:\/\/realites.com.tn\/fr\/affaire-du-complot-audience-decisive-aujourdhui-a-la-cour-de-cassation\/","title":{"rendered":"\u00ab Affaire du complot \u00bb : audience d\u00e9cisive aujourd&rsquo;hui \u00e0 la Cour de cassation"},"content":{"rendered":"<p>La Cour de cassation se penche, ce jeudi 3 septembre, sur les pourvois d\u00e9pos\u00e9s contre les arr\u00eats d&rsquo;appel rendus dans l&rsquo;affaire dite du \u00ab complot contre la s\u00fbret\u00e9 de l&rsquo;\u00c9tat 1 \u00bb. Cette audience constitue une \u00e9tape cl\u00e9 dans l&rsquo;un des dossiers judiciaires les plus suivis du pays depuis l&rsquo;ouverture de l&rsquo;enqu\u00eate en f\u00e9vrier 2023.<\/p>\n<p>L&rsquo;enqu\u00eate, ouverte d\u00e9but 2023, vise plus de quarante personnes, parmi lesquelles des responsables politiques, des chefs d&rsquo;entreprise, des militants et des d\u00e9fenseurs des droits humains, dont le pr\u00e9sident du Front de salut national, Ahmed N\u00e9jib Chebbi, Ghazi Chaouachi, Jaouhar Ben Mbarek, Issam chebbi et autres . Les chefs d&rsquo;accusation retenus incluent le complot contre la s\u00fbret\u00e9 int\u00e9rieure et ext\u00e9rieure de l&rsquo;\u00c9tat, la constitution d&rsquo;une entente \u00e0 caract\u00e8re terroriste, la tentative de changement de la nature de l&rsquo;\u00c9tat et l&rsquo;atteinte \u00e0 la s\u00e9curit\u00e9 alimentaire. Le 28 novembre 2025, la chambre criminelle sp\u00e9cialis\u00e9e dans les affaires terroristes de la cour d&rsquo;appel de Tunis avait rendu ses arr\u00eats, pronon\u00e7ant des peines allant de dix \u00e0 quarante-cinq ans de prison, avec ex\u00e9cution imm\u00e9diate pour les accus\u00e9s en fuite, tandis que trois pr\u00e9venus, Mohamed Azhar El Akremi, Noureddine Boutar et Hattab Salama, avaient b\u00e9n\u00e9fici\u00e9 d&rsquo;un non-lieu.<br \/>\nParmi les principales condamnations figurent quarante-cinq ans de prison pour Khayam Turki, trente ans pour Kamel Lta\u00efef, vingt-cinq ans pour Noureddine Bhiri, vingt ans pour Issam Chebbi, Jaouhar Ben Mbarek, Ghazi Chaouachi, Ridha Belhaj et Chayma Issa, et douze ans pour Ahmed N\u00e9jib Chebbi, ces peines s&rsquo;accompagnant par ailleurs de la confiscation des biens de plusieurs condamn\u00e9s et de leur placement sous contr\u00f4le administratif.<br \/>\nLors de l&rsquo;audience d\u2019aujourd\u2019hui, la Cour de cassation entendra les plaidoiries de la d\u00e9fense ainsi que les r\u00e9quisitions du minist\u00e8re public sur les pourvois form\u00e9s contre ces arr\u00eats, une \u00e9ch\u00e9ance qui intervient apr\u00e8s plusieurs reports survenus depuis le prononc\u00e9 des jugements en appel.<br \/>\nLa fixation de cette date a provoqu\u00e9 de vives r\u00e9actions dans les milieux politiques et associatifs. La coordination des familles des d\u00e9tenus politiques d\u00e9nonce une proc\u00e9dure qui, selon elle, ne respecte pas les droits de la d\u00e9fense, et appelle \u00e0 un rassemblement devant la Cour de cassation tandis que la Ligue tunisienne de d\u00e9fense des droits de l&rsquo;Homme y voit au contraire une occasion de rendre justice aux accus\u00e9s, en appelant au respect des garanties d&rsquo;un proc\u00e8s \u00e9quitable.<\/p>\n","protected":false},"excerpt":{"rendered":"<p>La Cour de cassation se penche, ce jeudi 3 septembre, sur les pourvois d\u00e9pos\u00e9s contre les arr\u00eats d&rsquo;appel rendus dans l&rsquo;affaire dite du \u00ab complot contre la s\u00fbret\u00e9 de l&rsquo;\u00c9tat&hellip;<\/p>\n","protected":false},"author":144,"featured_media":355073,"comment_status":"open","ping_status":"closed","sticky":false,"template":"","format":"standard","meta":{"_lmt_disableupdate":"","_lmt_disable":"","_jetpack_memberships_contains_paid_content":false,"footnotes":""},"categories":[3,5],"tags":[3776,6380,3736],"class_list":["post-394982","post","type-post","status-publish","format-standard","has-post-thumbnail","hentry","category-a-la-une","category-politique","tag-affaire-du-complot","tag-cour-de-cassation","tag-realites-online"],"yoast_head":"<!-- This site is optimized with the Yoast SEO plugin v26.3 - https:\/\/yoast.com\/wordpress\/plugins\/seo\/ -->\n<title>\u00ab Affaire du complot \u00bb : audience d\u00e9cisive aujourd&#039;hui \u00e0 la Cour de cassation - R\u00e9alit\u00e9s Magazine<\/title>\n<meta name=\"description\" content=\"La Cour de cassation se penche, ce jeudi 3 septembre, sur les pourvois d\u00e9pos\u00e9s contre les arr\u00eats d&#039;appel rendus dans l&#039;affaire dite du \u00ab complot contre la\" \/>\n<meta name=\"robots\" content=\"index, follow, max-snippet:-1, max-image-preview:large, max-video-preview:-1\" \/>\n<link rel=\"canonical\" href=\"https:\/\/realites.com.tn\/fr\/affaire-du-complot-audience-decisive-aujourdhui-a-la-cour-de-cassation\/\" \/>\n<meta property=\"og:locale\" content=\"fr_FR\" \/>\n<meta property=\"og:type\" content=\"article\" \/>\n<meta property=\"og:title\" content=\"\u00ab Affaire du complot \u00bb : audience d\u00e9cisive aujourd&#039;hui \u00e0 la Cour de cassation - R\u00e9alit\u00e9s Magazine\" \/>\n<meta property=\"og:description\" content=\"La Cour de cassation se penche, ce jeudi 3 septembre, sur les pourvois d\u00e9pos\u00e9s contre les arr\u00eats d&#039;appel rendus dans l&#039;affaire dite du \u00ab complot contre la\" \/>\n<meta property=\"og:url\" content=\"https:\/\/realites.com.tn\/fr\/affaire-du-complot-audience-decisive-aujourdhui-a-la-cour-de-cassation\/\" \/>\n<meta property=\"og:site_name\" content=\"R\u00e9alit\u00e9s Magazine\" \/>\n<meta property=\"article:publisher\" content=\"https:\/\/www.facebook.com\/realites.tn\/\" \/>\n<meta property=\"article:published_time\" content=\"2026-09-03T07:57:16+00:00\" \/>\n<meta property=\"og:image\" content=\"https:\/\/realites.com.tn\/fr\/wp-content\/uploads\/2025\/04\/justice.jpg\" \/>\n\t<meta property=\"og:image:width\" content=\"1137\" \/>\n\t<meta property=\"og:image:height\" content=\"700\" \/>\n\t<meta property=\"og:image:type\" content=\"image\/jpeg\" \/>\n<meta name=\"author\" content=\"WKB\" \/>\n<meta name=\"twitter:card\" content=\"summary_large_image\" \/>\n<meta name=\"twitter:label1\" content=\"\u00c9crit par\" \/>\n\t<meta name=\"twitter:data1\" content=\"WKB\" \/>\n\t<meta name=\"twitter:label2\" content=\"Dur\u00e9e de lecture estim\u00e9e\" \/>\n\t<meta name=\"twitter:data2\" content=\"3 minutes\" \/>\n<script type=\"application\/ld+json\" class=\"yoast-schema-graph\">{\"@context\":\"https:\/\/schema.org\",\"@graph\":[{\"@type\":\"WebPage\",\"@id\":\"https:\/\/realites.com.tn\/fr\/affaire-du-complot-audience-decisive-aujourdhui-a-la-cour-de-cassation\/\",\"url\":\"https:\/\/realites.com.tn\/fr\/affaire-du-complot-audience-decisive-aujourdhui-a-la-cour-de-cassation\/\",\"name\":\"\u00ab Affaire du complot \u00bb : audience d\u00e9cisive aujourd'hui \u00e0 la Cour de cassation - R\u00e9alit\u00e9s Magazine\",\"isPartOf\":{\"@id\":\"https:\/\/realites.com.tn\/fr\/#website\"},\"primaryImageOfPage\":{\"@id\":\"https:\/\/realites.com.tn\/fr\/affaire-du-complot-audience-decisive-aujourdhui-a-la-cour-de-cassation\/#primaryimage\"},\"image\":{\"@id\":\"https:\/\/realites.com.tn\/fr\/affaire-du-complot-audience-decisive-aujourdhui-a-la-cour-de-cassation\/#primaryimage\"},\"thumbnailUrl\":\"https:\/\/realites.com.tn\/fr\/wp-content\/uploads\/2025\/04\/justice.jpg\",\"datePublished\":\"2026-09-03T07:57:16+00:00\",\"author\":{\"@id\":\"https:\/\/realites.com.tn\/fr\/#\/schema\/person\/3017fbbf260e8228acd3e8ebf0cdd37f\"},\"description\":\"La Cour de cassation se penche, ce jeudi 3 septembre, sur les pourvois d\u00e9pos\u00e9s contre les arr\u00eats d'appel rendus dans l'affaire dite du \u00ab complot contre la\",\"breadcrumb\":{\"@id\":\"https:\/\/realites.com.tn\/fr\/affaire-du-complot-audience-decisive-aujourdhui-a-la-cour-de-cassation\/#breadcrumb\"},\"inLanguage\":\"fr-FR\",\"potentialAction\":[{\"@type\":\"ReadAction\",\"target\":[\"https:\/\/realites.com.tn\/fr\/affaire-du-complot-audience-decisive-aujourdhui-a-la-cour-de-cassation\/\"]}]},{\"@type\":\"ImageObject\",\"inLanguage\":\"fr-FR\",\"@id\":\"https:\/\/realites.com.tn\/fr\/affaire-du-complot-audience-decisive-aujourdhui-a-la-cour-de-cassation\/#primaryimage\",\"url\":\"https:\/\/realites.com.tn\/fr\/wp-content\/uploads\/2025\/04\/justice.jpg\",\"contentUrl\":\"https:\/\/realites.com.tn\/fr\/wp-content\/uploads\/2025\/04\/justice.jpg\",\"width\":1137,\"height\":700},{\"@type\":\"BreadcrumbList\",\"@id\":\"https:\/\/realites.com.tn\/fr\/affaire-du-complot-audience-decisive-aujourdhui-a-la-cour-de-cassation\/#breadcrumb\",\"itemListElement\":[{\"@type\":\"ListItem\",\"position\":1,\"name\":\"Home\",\"item\":\"https:\/\/realites.com.tn\/fr\/\"},{\"@type\":\"ListItem\",\"position\":2,\"name\":\"\u00ab Affaire du complot \u00bb : audience d\u00e9cisive aujourd&rsquo;hui \u00e0 la Cour de cassation\"}]},{\"@type\":\"WebSite\",\"@id\":\"https:\/\/realites.com.tn\/fr\/#website\",\"url\":\"https:\/\/realites.com.tn\/fr\/\",\"name\":\"R\u00e9alit\u00e9s Magazine\",\"description\":\"Actualit\u00e9s de la Tunisie\",\"potentialAction\":[{\"@type\":\"SearchAction\",\"target\":{\"@type\":\"EntryPoint\",\"urlTemplate\":\"https:\/\/realites.com.tn\/fr\/?s={search_term_string}\"},\"query-input\":{\"@type\":\"PropertyValueSpecification\",\"valueRequired\":true,\"valueName\":\"search_term_string\"}}],\"inLanguage\":\"fr-FR\"},{\"@type\":\"Person\",\"@id\":\"https:\/\/realites.com.tn\/fr\/#\/schema\/person\/3017fbbf260e8228acd3e8ebf0cdd37f\",\"name\":\"WKB\",\"image\":{\"@type\":\"ImageObject\",\"inLanguage\":\"fr-FR\",\"@id\":\"https:\/\/realites.com.tn\/fr\/#\/schema\/person\/image\/\",\"url\":\"https:\/\/secure.gravatar.com\/avatar\/90f27863f4f5326a9b64d42421f4a20f?s=96&d=mm&r=g\",\"contentUrl\":\"https:\/\/secure.gravatar.com\/avatar\/90f27863f4f5326a9b64d42421f4a20f?s=96&d=mm&r=g\",\"caption\":\"WKB\"},\"url\":\"https:\/\/realites.com.tn\/fr\/author\/wkb2025\/\"}]}<\/script>\n<!-- \/ Yoast SEO plugin. -->","yoast_head_json":{"title":"\u00ab Affaire du complot \u00bb : audience d\u00e9cisive aujourd'hui \u00e0 la Cour de cassation - R\u00e9alit\u00e9s Magazine","description":"La Cour de cassation se penche, ce jeudi 3 septembre, sur les pourvois d\u00e9pos\u00e9s contre les arr\u00eats d'appel rendus dans l'affaire dite du \u00ab complot contre la","robots":{"index":"index","follow":"follow","max-snippet":"max-snippet:-1","max-image-preview":"max-image-preview:large","max-video-preview":"max-video-preview:-1"},"canonical":"https:\/\/realites.com.tn\/fr\/affaire-du-complot-audience-decisive-aujourdhui-a-la-cour-de-cassation\/","og_locale":"fr_FR","og_type":"article","og_title":"\u00ab Affaire du complot \u00bb : audience d\u00e9cisive aujourd'hui \u00e0 la Cour de cassation - R\u00e9alit\u00e9s Magazine","og_description":"La Cour de cassation se penche, ce jeudi 3 septembre, sur les pourvois d\u00e9pos\u00e9s contre les arr\u00eats d'appel rendus dans l'affaire dite du \u00ab complot contre la","og_url":"https:\/\/realites.com.tn\/fr\/affaire-du-complot-audience-decisive-aujourdhui-a-la-cour-de-cassation\/","og_site_name":"R\u00e9alit\u00e9s Magazine","article_publisher":"https:\/\/www.facebook.com\/realites.tn\/","article_published_time":"2026-09-03T07:57:16+00:00","og_image":[{"width":1137,"height":700,"url":"https:\/\/realites.com.tn\/fr\/wp-content\/uploads\/2025\/04\/justice.jpg","type":"image\/jpeg"}],"author":"WKB","twitter_card":"summary_large_image","twitter_misc":{"\u00c9crit par":"WKB","Dur\u00e9e de lecture estim\u00e9e":"3 minutes"},"schema":{"@context":"https:\/\/schema.org","@graph":[{"@type":"WebPage","@id":"https:\/\/realites.com.tn\/fr\/affaire-du-complot-audience-decisive-aujourdhui-a-la-cour-de-cassation\/","url":"https:\/\/realites.com.tn\/fr\/affaire-du-complot-audience-decisive-aujourdhui-a-la-cour-de-cassation\/","name":"\u00ab Affaire du complot \u00bb : audience d\u00e9cisive aujourd'hui \u00e0 la Cour de cassation - R\u00e9alit\u00e9s Magazine","isPartOf":{"@id":"https:\/\/realites.com.tn\/fr\/#website"},"primaryImageOfPage":{"@id":"https:\/\/realites.com.tn\/fr\/affaire-du-complot-audience-decisive-aujourdhui-a-la-cour-de-cassation\/#primaryimage"},"image":{"@id":"https:\/\/realites.com.tn\/fr\/affaire-du-complot-audience-decisive-aujourdhui-a-la-cour-de-cassation\/#primaryimage"},"thumbnailUrl":"https:\/\/realites.com.tn\/fr\/wp-content\/uploads\/2025\/04\/justice.jpg","datePublished":"2026-09-03T07:57:16+00:00","author":{"@id":"https:\/\/realites.com.tn\/fr\/#\/schema\/person\/3017fbbf260e8228acd3e8ebf0cdd37f"},"description":"La Cour de cassation se penche, ce jeudi 3 septembre, sur les pourvois d\u00e9pos\u00e9s contre les arr\u00eats d'appel rendus dans l'affaire dite du \u00ab complot contre la","breadcrumb":{"@id":"https:\/\/realites.com.tn\/fr\/affaire-du-complot-audience-decisive-aujourdhui-a-la-cour-de-cassation\/#breadcrumb"},"inLanguage":"fr-FR","potentialAction":[{"@type":"ReadAction","target":["https:\/\/realites.com.tn\/fr\/affaire-du-complot-audience-decisive-aujourdhui-a-la-cour-de-cassation\/"]}]},{"@type":"ImageObject","inLanguage":"fr-FR","@id":"https:\/\/realites.com.tn\/fr\/affaire-du-complot-audience-decisive-aujourdhui-a-la-cour-de-cassation\/#primaryimage","url":"https:\/\/realites.com.tn\/fr\/wp-content\/uploads\/2025\/04\/justice.jpg","contentUrl":"https:\/\/realites.com.tn\/fr\/wp-content\/uploads\/2025\/04\/justice.jpg","width":1137,"height":700},{"@type":"BreadcrumbList","@id":"https:\/\/realites.com.tn\/fr\/affaire-du-complot-audience-decisive-aujourdhui-a-la-cour-de-cassation\/#breadcrumb","itemListElement":[{"@type":"ListItem","position":1,"name":"Home","item":"https:\/\/realites.com.tn\/fr\/"},{"@type":"ListItem","position":2,"name":"\u00ab Affaire du complot \u00bb : audience d\u00e9cisive aujourd&rsquo;hui \u00e0 la Cour de cassation"}]},{"@type":"WebSite","@id":"https:\/\/realites.com.tn\/fr\/#website","url":"https:\/\/realites.com.tn\/fr\/","name":"R\u00e9alit\u00e9s Magazine","description":"Actualit\u00e9s de la Tunisie","potentialAction":[{"@type":"SearchAction","target":{"@type":"EntryPoint","urlTemplate":"https:\/\/realites.com.tn\/fr\/?s={search_term_string}"},"query-input":{"@type":"PropertyValueSpecification","valueRequired":true,"valueName":"search_term_string"}}],"inLanguage":"fr-FR"},{"@type":"Person","@id":"https:\/\/realites.com.tn\/fr\/#\/schema\/person\/3017fbbf260e8228acd3e8ebf0cdd37f","name":"WKB","image":{"@type":"ImageObject","inLanguage":"fr-FR","@id":"https:\/\/realites.com.tn\/fr\/#\/schema\/person\/image\/","url":"https:\/\/secure.gravatar.com\/avatar\/90f27863f4f5326a9b64d42421f4a20f?s=96&d=mm&r=g","contentUrl":"https:\/\/secure.gravatar.com\/avatar\/90f27863f4f5326a9b64d42421f4a20f?s=96&d=mm&r=g","caption":"WKB"},"url":"https:\/\/realites.com.tn\/fr\/author\/wkb2025\/"}]}},"jetpack_featured_media_url":"https:\/\/realites.com.tn\/fr\/wp-content\/uploads\/2025\/04\/justice.jpg","jetpack_sharing_enabled":true,"views":19,"_links":{"self":[{"href":"https:\/\/realites.com.tn\/fr\/wp-json\/wp\/v2\/posts\/394982","targetHints":{"allow":["GET"]}}],"collection":[{"href":"https:\/\/realites.com.tn\/fr\/wp-json\/wp\/v2\/posts"}],"about":[{"href":"https:\/\/realites.com.tn\/fr\/wp-json\/wp\/v2\/types\/post"}],"author":[{"embeddable":true,"href":"https:\/\/realites.com.tn\/fr\/wp-json\/wp\/v2\/users\/144"}],"replies":[{"embeddable":true,"href":"https:\/\/realites.com.tn\/fr\/wp-json\/wp\/v2\/comments?post=394982"}],"version-history":[{"count":1,"href":"https:\/\/realites.com.tn\/fr\/wp-json\/wp\/v2\/posts\/394982\/revisions"}],"predecessor-version":[{"id":394983,"href":"https:\/\/realites.com.tn\/fr\/wp-json\/wp\/v2\/posts\/394982\/revisions\/394983"}],"wp:featuredmedia":[{"embeddable":true,"href":"https:\/\/realites.com.tn\/fr\/wp-json\/wp\/v2\/media\/355073"}],"wp:attachment":[{"href":"https:\/\/realites.com.tn\/fr\/wp-json\/wp\/v2\/media?parent=394982"}],"wp:term":[{"taxonomy":"category","embeddable":true,"href":"https:\/\/realites.com.tn\/fr\/wp-json\/wp\/v2\/categories?post=394982"},{"taxonomy":"post_tag","embeddable":true,"href":"https:\/\/realites.com.tn\/fr\/wp-json\/wp\/v2\/tags?post=394982"}],"curies":[{"name":"wp","href":"https:\/\/api.w.org\/{rel}","templated":true}]}}