{"id":394986,"date":"2026-09-03T10:01:24","date_gmt":"2026-09-03T09:01:24","guid":{"rendered":"https:\/\/realites.com.tn\/fr\/?p=394986"},"modified":"2026-09-03T10:02:02","modified_gmt":"2026-09-03T09:02:02","slug":"la-marsa-20-migrants-subsahariens-interpelles","status":"publish","type":"post","link":"https:\/\/realites.com.tn\/fr\/la-marsa-20-migrants-subsahariens-interpelles\/","title":{"rendered":"La Marsa : 20 migrants subsahariens interpell\u00e9s"},"content":{"rendered":"<p class=\"isSelectedEnd\">Vingt personnes de nationalit\u00e9s subsahariennes ont \u00e9t\u00e9 interpell\u00e9es dans la zone de Bhar Lazreg, relevant de la d\u00e9l\u00e9gation de La Marsa, alors qu\u2019elles se trouvaient sur le territoire tunisien en situation irr\u00e9guli\u00e8re, a appris R\u00e9alit\u00e9s Online aupr\u00e8s d\u2019une source inform\u00e9e.<\/p>\n<p class=\"isSelectedEnd\">L\u2019op\u00e9ration a \u00e9t\u00e9 men\u00e9e par les agents et cadres de la zone de s\u00fbret\u00e9 nationale de La Marsa, dans le cadre d\u2019une campagne s\u00e9curitaire cibl\u00e9e visant notamment \u00e0 lutter contre les diff\u00e9rentes formes de s\u00e9jour irr\u00e9gulier et \u00e0 identifier d\u2019\u00e9ventuels r\u00e9seaux impliqu\u00e9s dans l\u2019organisation de la migration irr\u00e9guli\u00e8re.<\/p>\n<p class=\"isSelectedEnd\">Selon les m\u00eames informations, les forces de s\u00e9curit\u00e9 ont effectu\u00e9 des interventions dans plusieurs points consid\u00e9r\u00e9s comme suspects dans la zone, permettant l\u2019interpellation de l\u2019ensemble du groupe.<\/p>\n<p class=\"isSelectedEnd\">Apr\u00e8s consultation du minist\u00e8re public, les mesures l\u00e9gales et administratives n\u00e9cessaires ont \u00e9t\u00e9 ordonn\u00e9es \u00e0 l\u2019encontre des personnes interpell\u00e9es.<\/p>\n<p>Les investigations se poursuivent par ailleurs afin de d\u00e9terminer les circonstances de leur pr\u00e9sence dans la r\u00e9gion et d\u2019identifier d\u2019\u00e9ventuelles personnes impliqu\u00e9es dans leur h\u00e9bergement ou ayant facilit\u00e9 leur s\u00e9jour en dehors du cadre l\u00e9gal.<\/p>\n","protected":false},"excerpt":{"rendered":"<p>Vingt personnes de nationalit\u00e9s subsahariennes ont \u00e9t\u00e9 interpell\u00e9es dans la zone de Bhar Lazreg, relevant de la d\u00e9l\u00e9gation de La Marsa, alors qu\u2019elles se trouvaient sur le territoire tunisien en&hellip;<\/p>\n","protected":false},"author":145,"featured_media":343432,"comment_status":"open","ping_status":"closed","sticky":false,"template":"","format":"standard","meta":{"_lmt_disableupdate":"no","_lmt_disable":"","_jetpack_memberships_contains_paid_content":false,"footnotes":""},"categories":[4,9],"tags":[10007,2744,3922,3736],"class_list":["post-394986","post","type-post","status-publish","format-standard","has-post-thumbnail","hentry","category-actualites","category-societe","tag-bhar-lazreg","tag-la-marsa","tag-migrants-subsahariens","tag-realites-online"],"yoast_head":"<!-- This site is optimized with the Yoast SEO plugin v26.3 - https:\/\/yoast.com\/wordpress\/plugins\/seo\/ -->\n<title>La Marsa : 20 migrants subsahariens interpell\u00e9s - R\u00e9alit\u00e9s Magazine<\/title>\n<meta name=\"description\" content=\"Vingt personnes de nationalit\u00e9s subsahariennes ont \u00e9t\u00e9 interpell\u00e9es dans la zone de Bhar Lazreg, relevant de la d\u00e9l\u00e9gation de La Marsa, alors qu\u2019elles se\" \/>\n<meta name=\"robots\" content=\"index, follow, max-snippet:-1, max-image-preview:large, max-video-preview:-1\" \/>\n<link rel=\"canonical\" href=\"https:\/\/realites.com.tn\/fr\/la-marsa-20-migrants-subsahariens-interpelles\/\" \/>\n<meta property=\"og:locale\" content=\"fr_FR\" \/>\n<meta property=\"og:type\" content=\"article\" \/>\n<meta property=\"og:title\" content=\"La Marsa : 20 migrants subsahariens interpell\u00e9s - R\u00e9alit\u00e9s Magazine\" \/>\n<meta property=\"og:description\" content=\"Vingt personnes de nationalit\u00e9s subsahariennes ont \u00e9t\u00e9 interpell\u00e9es dans la zone de Bhar Lazreg, relevant de la d\u00e9l\u00e9gation de La Marsa, alors qu\u2019elles se\" \/>\n<meta property=\"og:url\" content=\"https:\/\/realites.com.tn\/fr\/la-marsa-20-migrants-subsahariens-interpelles\/\" \/>\n<meta property=\"og:site_name\" content=\"R\u00e9alit\u00e9s Magazine\" \/>\n<meta property=\"article:publisher\" content=\"https:\/\/www.facebook.com\/realites.tn\/\" \/>\n<meta property=\"article:published_time\" content=\"2026-09-03T09:01:24+00:00\" \/>\n<meta property=\"article:modified_time\" content=\"2026-09-03T09:02:02+00:00\" \/>\n<meta property=\"og:image\" content=\"https:\/\/realites.com.tn\/fr\/wp-content\/uploads\/2025\/01\/ARRESTATION.jpg\" \/>\n\t<meta property=\"og:image:width\" content=\"912\" \/>\n\t<meta property=\"og:image:height\" content=\"688\" \/>\n\t<meta property=\"og:image:type\" content=\"image\/jpeg\" \/>\n<meta name=\"author\" content=\"M. A\" \/>\n<meta name=\"twitter:card\" content=\"summary_large_image\" \/>\n<meta name=\"twitter:label1\" content=\"\u00c9crit par\" \/>\n\t<meta name=\"twitter:data1\" content=\"M. A\" \/>\n\t<meta name=\"twitter:label2\" content=\"Dur\u00e9e de lecture estim\u00e9e\" \/>\n\t<meta name=\"twitter:data2\" content=\"2 minutes\" \/>\n<script type=\"application\/ld+json\" class=\"yoast-schema-graph\">{\"@context\":\"https:\/\/schema.org\",\"@graph\":[{\"@type\":\"WebPage\",\"@id\":\"https:\/\/realites.com.tn\/fr\/la-marsa-20-migrants-subsahariens-interpelles\/\",\"url\":\"https:\/\/realites.com.tn\/fr\/la-marsa-20-migrants-subsahariens-interpelles\/\",\"name\":\"La Marsa : 20 migrants subsahariens interpell\u00e9s - R\u00e9alit\u00e9s Magazine\",\"isPartOf\":{\"@id\":\"https:\/\/realites.com.tn\/fr\/#website\"},\"primaryImageOfPage\":{\"@id\":\"https:\/\/realites.com.tn\/fr\/la-marsa-20-migrants-subsahariens-interpelles\/#primaryimage\"},\"image\":{\"@id\":\"https:\/\/realites.com.tn\/fr\/la-marsa-20-migrants-subsahariens-interpelles\/#primaryimage\"},\"thumbnailUrl\":\"https:\/\/realites.com.tn\/fr\/wp-content\/uploads\/2025\/01\/ARRESTATION.jpg\",\"datePublished\":\"2026-09-03T09:01:24+00:00\",\"dateModified\":\"2026-09-03T09:02:02+00:00\",\"author\":{\"@id\":\"https:\/\/realites.com.tn\/fr\/#\/schema\/person\/515fe3e54fbbc075df64dd746b52c530\"},\"description\":\"Vingt personnes de nationalit\u00e9s subsahariennes ont \u00e9t\u00e9 interpell\u00e9es dans la zone de Bhar Lazreg, relevant de la d\u00e9l\u00e9gation de La Marsa, alors qu\u2019elles se\",\"breadcrumb\":{\"@id\":\"https:\/\/realites.com.tn\/fr\/la-marsa-20-migrants-subsahariens-interpelles\/#breadcrumb\"},\"inLanguage\":\"fr-FR\",\"potentialAction\":[{\"@type\":\"ReadAction\",\"target\":[\"https:\/\/realites.com.tn\/fr\/la-marsa-20-migrants-subsahariens-interpelles\/\"]}]},{\"@type\":\"ImageObject\",\"inLanguage\":\"fr-FR\",\"@id\":\"https:\/\/realites.com.tn\/fr\/la-marsa-20-migrants-subsahariens-interpelles\/#primaryimage\",\"url\":\"https:\/\/realites.com.tn\/fr\/wp-content\/uploads\/2025\/01\/ARRESTATION.jpg\",\"contentUrl\":\"https:\/\/realites.com.tn\/fr\/wp-content\/uploads\/2025\/01\/ARRESTATION.jpg\",\"width\":912,\"height\":688},{\"@type\":\"BreadcrumbList\",\"@id\":\"https:\/\/realites.com.tn\/fr\/la-marsa-20-migrants-subsahariens-interpelles\/#breadcrumb\",\"itemListElement\":[{\"@type\":\"ListItem\",\"position\":1,\"name\":\"Home\",\"item\":\"https:\/\/realites.com.tn\/fr\/\"},{\"@type\":\"ListItem\",\"position\":2,\"name\":\"La Marsa : 20 migrants subsahariens interpell\u00e9s\"}]},{\"@type\":\"WebSite\",\"@id\":\"https:\/\/realites.com.tn\/fr\/#website\",\"url\":\"https:\/\/realites.com.tn\/fr\/\",\"name\":\"R\u00e9alit\u00e9s Magazine\",\"description\":\"Actualit\u00e9s de la Tunisie\",\"potentialAction\":[{\"@type\":\"SearchAction\",\"target\":{\"@type\":\"EntryPoint\",\"urlTemplate\":\"https:\/\/realites.com.tn\/fr\/?s={search_term_string}\"},\"query-input\":{\"@type\":\"PropertyValueSpecification\",\"valueRequired\":true,\"valueName\":\"search_term_string\"}}],\"inLanguage\":\"fr-FR\"},{\"@type\":\"Person\",\"@id\":\"https:\/\/realites.com.tn\/fr\/#\/schema\/person\/515fe3e54fbbc075df64dd746b52c530\",\"name\":\"M. A\",\"image\":{\"@type\":\"ImageObject\",\"inLanguage\":\"fr-FR\",\"@id\":\"https:\/\/realites.com.tn\/fr\/#\/schema\/person\/image\/\",\"url\":\"https:\/\/secure.gravatar.com\/avatar\/6cb0d0a36abd98854e1d819008d7569a?s=96&d=mm&r=g\",\"contentUrl\":\"https:\/\/secure.gravatar.com\/avatar\/6cb0d0a36abd98854e1d819008d7569a?s=96&d=mm&r=g\",\"caption\":\"M. A\"},\"url\":\"https:\/\/realites.com.tn\/fr\/author\/ma2025\/\"}]}<\/script>\n<!-- \/ Yoast SEO plugin. -->","yoast_head_json":{"title":"La Marsa : 20 migrants subsahariens interpell\u00e9s - R\u00e9alit\u00e9s Magazine","description":"Vingt personnes de nationalit\u00e9s subsahariennes ont \u00e9t\u00e9 interpell\u00e9es dans la zone de Bhar Lazreg, relevant de la d\u00e9l\u00e9gation de La Marsa, alors qu\u2019elles se","robots":{"index":"index","follow":"follow","max-snippet":"max-snippet:-1","max-image-preview":"max-image-preview:large","max-video-preview":"max-video-preview:-1"},"canonical":"https:\/\/realites.com.tn\/fr\/la-marsa-20-migrants-subsahariens-interpelles\/","og_locale":"fr_FR","og_type":"article","og_title":"La Marsa : 20 migrants subsahariens interpell\u00e9s - R\u00e9alit\u00e9s Magazine","og_description":"Vingt personnes de nationalit\u00e9s subsahariennes ont \u00e9t\u00e9 interpell\u00e9es dans la zone de Bhar Lazreg, relevant de la d\u00e9l\u00e9gation de La Marsa, alors qu\u2019elles se","og_url":"https:\/\/realites.com.tn\/fr\/la-marsa-20-migrants-subsahariens-interpelles\/","og_site_name":"R\u00e9alit\u00e9s Magazine","article_publisher":"https:\/\/www.facebook.com\/realites.tn\/","article_published_time":"2026-09-03T09:01:24+00:00","article_modified_time":"2026-09-03T09:02:02+00:00","og_image":[{"width":912,"height":688,"url":"https:\/\/realites.com.tn\/fr\/wp-content\/uploads\/2025\/01\/ARRESTATION.jpg","type":"image\/jpeg"}],"author":"M. A","twitter_card":"summary_large_image","twitter_misc":{"\u00c9crit par":"M. A","Dur\u00e9e de lecture estim\u00e9e":"2 minutes"},"schema":{"@context":"https:\/\/schema.org","@graph":[{"@type":"WebPage","@id":"https:\/\/realites.com.tn\/fr\/la-marsa-20-migrants-subsahariens-interpelles\/","url":"https:\/\/realites.com.tn\/fr\/la-marsa-20-migrants-subsahariens-interpelles\/","name":"La Marsa : 20 migrants subsahariens interpell\u00e9s - R\u00e9alit\u00e9s Magazine","isPartOf":{"@id":"https:\/\/realites.com.tn\/fr\/#website"},"primaryImageOfPage":{"@id":"https:\/\/realites.com.tn\/fr\/la-marsa-20-migrants-subsahariens-interpelles\/#primaryimage"},"image":{"@id":"https:\/\/realites.com.tn\/fr\/la-marsa-20-migrants-subsahariens-interpelles\/#primaryimage"},"thumbnailUrl":"https:\/\/realites.com.tn\/fr\/wp-content\/uploads\/2025\/01\/ARRESTATION.jpg","datePublished":"2026-09-03T09:01:24+00:00","dateModified":"2026-09-03T09:02:02+00:00","author":{"@id":"https:\/\/realites.com.tn\/fr\/#\/schema\/person\/515fe3e54fbbc075df64dd746b52c530"},"description":"Vingt personnes de nationalit\u00e9s subsahariennes ont \u00e9t\u00e9 interpell\u00e9es dans la zone de Bhar Lazreg, relevant de la d\u00e9l\u00e9gation de La Marsa, alors qu\u2019elles se","breadcrumb":{"@id":"https:\/\/realites.com.tn\/fr\/la-marsa-20-migrants-subsahariens-interpelles\/#breadcrumb"},"inLanguage":"fr-FR","potentialAction":[{"@type":"ReadAction","target":["https:\/\/realites.com.tn\/fr\/la-marsa-20-migrants-subsahariens-interpelles\/"]}]},{"@type":"ImageObject","inLanguage":"fr-FR","@id":"https:\/\/realites.com.tn\/fr\/la-marsa-20-migrants-subsahariens-interpelles\/#primaryimage","url":"https:\/\/realites.com.tn\/fr\/wp-content\/uploads\/2025\/01\/ARRESTATION.jpg","contentUrl":"https:\/\/realites.com.tn\/fr\/wp-content\/uploads\/2025\/01\/ARRESTATION.jpg","width":912,"height":688},{"@type":"BreadcrumbList","@id":"https:\/\/realites.com.tn\/fr\/la-marsa-20-migrants-subsahariens-interpelles\/#breadcrumb","itemListElement":[{"@type":"ListItem","position":1,"name":"Home","item":"https:\/\/realites.com.tn\/fr\/"},{"@type":"ListItem","position":2,"name":"La Marsa : 20 migrants subsahariens interpell\u00e9s"}]},{"@type":"WebSite","@id":"https:\/\/realites.com.tn\/fr\/#website","url":"https:\/\/realites.com.tn\/fr\/","name":"R\u00e9alit\u00e9s Magazine","description":"Actualit\u00e9s de la Tunisie","potentialAction":[{"@type":"SearchAction","target":{"@type":"EntryPoint","urlTemplate":"https:\/\/realites.com.tn\/fr\/?s={search_term_string}"},"query-input":{"@type":"PropertyValueSpecification","valueRequired":true,"valueName":"search_term_string"}}],"inLanguage":"fr-FR"},{"@type":"Person","@id":"https:\/\/realites.com.tn\/fr\/#\/schema\/person\/515fe3e54fbbc075df64dd746b52c530","name":"M. A","image":{"@type":"ImageObject","inLanguage":"fr-FR","@id":"https:\/\/realites.com.tn\/fr\/#\/schema\/person\/image\/","url":"https:\/\/secure.gravatar.com\/avatar\/6cb0d0a36abd98854e1d819008d7569a?s=96&d=mm&r=g","contentUrl":"https:\/\/secure.gravatar.com\/avatar\/6cb0d0a36abd98854e1d819008d7569a?s=96&d=mm&r=g","caption":"M. A"},"url":"https:\/\/realites.com.tn\/fr\/author\/ma2025\/"}]}},"jetpack_featured_media_url":"https:\/\/realites.com.tn\/fr\/wp-content\/uploads\/2025\/01\/ARRESTATION.jpg","jetpack_sharing_enabled":true,"views":38,"_links":{"self":[{"href":"https:\/\/realites.com.tn\/fr\/wp-json\/wp\/v2\/posts\/394986","targetHints":{"allow":["GET"]}}],"collection":[{"href":"https:\/\/realites.com.tn\/fr\/wp-json\/wp\/v2\/posts"}],"about":[{"href":"https:\/\/realites.com.tn\/fr\/wp-json\/wp\/v2\/types\/post"}],"author":[{"embeddable":true,"href":"https:\/\/realites.com.tn\/fr\/wp-json\/wp\/v2\/users\/145"}],"replies":[{"embeddable":true,"href":"https:\/\/realites.com.tn\/fr\/wp-json\/wp\/v2\/comments?post=394986"}],"version-history":[{"count":2,"href":"https:\/\/realites.com.tn\/fr\/wp-json\/wp\/v2\/posts\/394986\/revisions"}],"predecessor-version":[{"id":394989,"href":"https:\/\/realites.com.tn\/fr\/wp-json\/wp\/v2\/posts\/394986\/revisions\/394989"}],"wp:featuredmedia":[{"embeddable":true,"href":"https:\/\/realites.com.tn\/fr\/wp-json\/wp\/v2\/media\/343432"}],"wp:attachment":[{"href":"https:\/\/realites.com.tn\/fr\/wp-json\/wp\/v2\/media?parent=394986"}],"wp:term":[{"taxonomy":"category","embeddable":true,"href":"https:\/\/realites.com.tn\/fr\/wp-json\/wp\/v2\/categories?post=394986"},{"taxonomy":"post_tag","embeddable":true,"href":"https:\/\/realites.com.tn\/fr\/wp-json\/wp\/v2\/tags?post=394986"}],"curies":[{"name":"wp","href":"https:\/\/api.w.org\/{rel}","templated":true}]}}