{"id":394992,"date":"2026-09-03T10:17:40","date_gmt":"2026-09-03T09:17:40","guid":{"rendered":"https:\/\/realites.com.tn\/fr\/?p=394992"},"modified":"2026-09-03T10:17:40","modified_gmt":"2026-09-03T09:17:40","slug":"tunisie-libye-kais-saied-appelle-a-faciliter-la-circulation-des-personnes-et-des-marchandises-entre-les-deux-pays","status":"publish","type":"post","link":"https:\/\/realites.com.tn\/fr\/tunisie-libye-kais-saied-appelle-a-faciliter-la-circulation-des-personnes-et-des-marchandises-entre-les-deux-pays\/","title":{"rendered":"Tunisie-Libye : Ka\u00efs Sa\u00efed appelle \u00e0 faciliter la circulation des personnes et des marchandises entre les deux pays"},"content":{"rendered":"<p class=\"isSelectedEnd\">Le pr\u00e9sident de la R\u00e9publique, Ka\u00efs Sa\u00efed, a soulign\u00e9, mercredi 2 septembre 2026, la n\u00e9cessit\u00e9 d\u2019acc\u00e9l\u00e9rer les efforts visant \u00e0 lever les obstacles \u00e0 la circulation des personnes et des marchandises entre la Tunisie et la Libye, notamment au niveau des diff\u00e9rents points de passage frontaliers.<\/p>\n<p class=\"isSelectedEnd\">Lors d\u2019un entretien t\u00e9l\u00e9phonique avec le pr\u00e9sident du Conseil pr\u00e9sidentiel libyen, Mohamed al-Menfi, le chef de l\u2019\u00c9tat a insist\u00e9 sur la n\u00e9cessit\u00e9 d\u2019intensifier la concertation afin de lever tous les obstacles et de faciliter la circulation des personnes et des marchandises dans les deux sens, au niveau des diff\u00e9rents points de passage frontaliers.<\/p>\n<p>\u00ab Entre fr\u00e8res, les liens qui nous unissent transcendent toutes les consid\u00e9rations. Chaque fr\u00e8re veille \u00e0 la s\u00e9curit\u00e9 de son fr\u00e8re comme il veillerait \u00e0 la sienne, et chacun accourt au secours de l\u2019autre, allant parfois jusqu\u2019\u00e0 le privil\u00e9gier sur lui-m\u00eame. Les exemples de cette solidarit\u00e9 dans les relations entre les deux peuples fr\u00e8res sont nombreux, au point qu\u2019il serait difficile de les d\u00e9nombrer ou d\u2019en dresser une liste exhaustive. \u00bbpeut-on lire dans un communiqu\u00e9 publi\u00e9 par la pr\u00e9sidence de la R\u00e9publique.<\/p>\n<p><iframe style=\"border: none; overflow: hidden;\" src=\"https:\/\/www.facebook.com\/plugins\/post.php?href=https%3A%2F%2Fwww.facebook.com%2FPresidence.tn%2Fposts%2Fpfbid0yy7F6izww59L13eBa3scRca3fYQMiM4ttSvmQ23JjgT8Mu94qmLxTBr31yKZrrGUl&amp;show_text=true&amp;width=500\" width=\"500\" height=\"500\" frameborder=\"0\" scrolling=\"no\" allowfullscreen=\"allowfullscreen\"><\/iframe><\/p>\n<p class=\"isSelectedEnd\">Il convient de noter que dans plusieurs r\u00e9gions frontali\u00e8res tunisiennes, les habitants et les acteurs \u00e9conomiques d\u00e9noncent r\u00e9guli\u00e8rement les difficult\u00e9s rencontr\u00e9es au niveau du poste frontalier de Ras Jedir, principal point de passage entre la Tunisie et la Libye.<\/p>\n<p class=\"isSelectedEnd\">\u00c0 Ben Guerdane, notamment, la population s\u2019est r\u00e9cemment mobilis\u00e9e pour d\u00e9noncer la situation \u00e9conomique et sociale difficile dans la r\u00e9gion et les r\u00e9percussions des difficult\u00e9s rencontr\u00e9es au niveau de la fronti\u00e8re sur l\u2019activit\u00e9 commerciale et les conditions de vie des habitants. Les manifestants ont notamment r\u00e9clam\u00e9 la lev\u00e9e des restrictions entravant le commerce transfrontalier au niveau de Ras Jedir.<\/p>\n<p class=\"isSelectedEnd\">La mobilisation est intervenue au lendemain du naufrage d\u2019une embarcation de migrants clandestins, qui avait fait une quinzaine de morts. Des habitants avaient alors d\u00e9nonc\u00e9 une situation devenue particuli\u00e8rement difficile dans la zone frontali\u00e8re poussant ses jeunes \u00e0 la fuir et \u00e0 risquer leur vie pour rejoindre les c\u00f4tes europ\u00e9ennes dans l&rsquo;espoir de s&rsquo;offrir un avenir meilleur.<\/p>\n<p>Sur le dossier libyen, Ka\u00efs Sa\u00efed a par ailleurs r\u00e9affirm\u00e9 la position constante de la Tunisie en faveur de l\u2019unit\u00e9 de la Libye, estimant que la solution \u00e0 la crise doit \u00eatre \u00ab libyenne-libyenne \u00bb.<\/p>\n","protected":false},"excerpt":{"rendered":"<p>Le pr\u00e9sident de la R\u00e9publique, Ka\u00efs Sa\u00efed, a soulign\u00e9, mercredi 2 septembre 2026, la n\u00e9cessit\u00e9 d\u2019acc\u00e9l\u00e9rer les efforts visant \u00e0 lever les obstacles \u00e0 la circulation des personnes et des&hellip;<\/p>\n","protected":false},"author":145,"featured_media":394993,"comment_status":"open","ping_status":"closed","sticky":false,"template":"","format":"standard","meta":{"_lmt_disableupdate":"","_lmt_disable":"","_jetpack_memberships_contains_paid_content":false,"footnotes":""},"categories":[3,4,5],"tags":[1648,2702,1416,11688,1120,4523],"class_list":["post-394992","post","type-post","status-publish","format-standard","has-post-thumbnail","hentry","category-a-la-une","category-actualites","category-politique","tag-ben-guerdane","tag-kais-saied","tag-libye","tag-ras-jdir","tag-tunisie","tag-tunisie-libye"],"yoast_head":"<!-- This site is optimized with the Yoast SEO plugin v26.3 - https:\/\/yoast.com\/wordpress\/plugins\/seo\/ -->\n<title>Tunisie-Libye : Ka\u00efs Sa\u00efed appelle \u00e0 faciliter la circulation des personnes et des marchandises entre les deux pays - R\u00e9alit\u00e9s Magazine<\/title>\n<meta name=\"description\" content=\"Le pr\u00e9sident de la R\u00e9publique, Ka\u00efs Sa\u00efed, a soulign\u00e9, mercredi 2 septembre 2026, la n\u00e9cessit\u00e9 d\u2019acc\u00e9l\u00e9rer les efforts visant \u00e0 lever les obstacles \u00e0 la\" \/>\n<meta name=\"robots\" content=\"index, follow, max-snippet:-1, max-image-preview:large, max-video-preview:-1\" \/>\n<link rel=\"canonical\" href=\"https:\/\/realites.com.tn\/fr\/tunisie-libye-kais-saied-appelle-a-faciliter-la-circulation-des-personnes-et-des-marchandises-entre-les-deux-pays\/\" \/>\n<meta property=\"og:locale\" content=\"fr_FR\" \/>\n<meta property=\"og:type\" content=\"article\" \/>\n<meta property=\"og:title\" content=\"Tunisie-Libye : Ka\u00efs Sa\u00efed appelle \u00e0 faciliter la circulation des personnes et des marchandises entre les deux pays - R\u00e9alit\u00e9s Magazine\" \/>\n<meta property=\"og:description\" content=\"Le pr\u00e9sident de la R\u00e9publique, Ka\u00efs Sa\u00efed, a soulign\u00e9, mercredi 2 septembre 2026, la n\u00e9cessit\u00e9 d\u2019acc\u00e9l\u00e9rer les efforts visant \u00e0 lever les obstacles \u00e0 la\" \/>\n<meta property=\"og:url\" content=\"https:\/\/realites.com.tn\/fr\/tunisie-libye-kais-saied-appelle-a-faciliter-la-circulation-des-personnes-et-des-marchandises-entre-les-deux-pays\/\" \/>\n<meta property=\"og:site_name\" content=\"R\u00e9alit\u00e9s Magazine\" \/>\n<meta property=\"article:publisher\" content=\"https:\/\/www.facebook.com\/realites.tn\/\" \/>\n<meta property=\"article:published_time\" content=\"2026-09-03T09:17:40+00:00\" \/>\n<meta property=\"og:image\" content=\"https:\/\/realites.com.tn\/fr\/wp-content\/uploads\/2026\/09\/libye-tunisie.jpg\" \/>\n\t<meta property=\"og:image:width\" content=\"1280\" \/>\n\t<meta property=\"og:image:height\" content=\"720\" \/>\n\t<meta property=\"og:image:type\" content=\"image\/jpeg\" \/>\n<meta name=\"author\" content=\"M. A\" \/>\n<meta name=\"twitter:card\" content=\"summary_large_image\" \/>\n<meta name=\"twitter:label1\" content=\"\u00c9crit par\" \/>\n\t<meta name=\"twitter:data1\" content=\"M. A\" \/>\n\t<meta name=\"twitter:label2\" content=\"Dur\u00e9e de lecture estim\u00e9e\" \/>\n\t<meta name=\"twitter:data2\" content=\"3 minutes\" \/>\n<script type=\"application\/ld+json\" class=\"yoast-schema-graph\">{\"@context\":\"https:\/\/schema.org\",\"@graph\":[{\"@type\":\"WebPage\",\"@id\":\"https:\/\/realites.com.tn\/fr\/tunisie-libye-kais-saied-appelle-a-faciliter-la-circulation-des-personnes-et-des-marchandises-entre-les-deux-pays\/\",\"url\":\"https:\/\/realites.com.tn\/fr\/tunisie-libye-kais-saied-appelle-a-faciliter-la-circulation-des-personnes-et-des-marchandises-entre-les-deux-pays\/\",\"name\":\"Tunisie-Libye : Ka\u00efs Sa\u00efed appelle \u00e0 faciliter la circulation des personnes et des marchandises entre les deux pays - R\u00e9alit\u00e9s Magazine\",\"isPartOf\":{\"@id\":\"https:\/\/realites.com.tn\/fr\/#website\"},\"primaryImageOfPage\":{\"@id\":\"https:\/\/realites.com.tn\/fr\/tunisie-libye-kais-saied-appelle-a-faciliter-la-circulation-des-personnes-et-des-marchandises-entre-les-deux-pays\/#primaryimage\"},\"image\":{\"@id\":\"https:\/\/realites.com.tn\/fr\/tunisie-libye-kais-saied-appelle-a-faciliter-la-circulation-des-personnes-et-des-marchandises-entre-les-deux-pays\/#primaryimage\"},\"thumbnailUrl\":\"https:\/\/realites.com.tn\/fr\/wp-content\/uploads\/2026\/09\/libye-tunisie.jpg\",\"datePublished\":\"2026-09-03T09:17:40+00:00\",\"author\":{\"@id\":\"https:\/\/realites.com.tn\/fr\/#\/schema\/person\/515fe3e54fbbc075df64dd746b52c530\"},\"description\":\"Le pr\u00e9sident de la R\u00e9publique, Ka\u00efs Sa\u00efed, a soulign\u00e9, mercredi 2 septembre 2026, la n\u00e9cessit\u00e9 d\u2019acc\u00e9l\u00e9rer les efforts visant \u00e0 lever les obstacles \u00e0 la\",\"breadcrumb\":{\"@id\":\"https:\/\/realites.com.tn\/fr\/tunisie-libye-kais-saied-appelle-a-faciliter-la-circulation-des-personnes-et-des-marchandises-entre-les-deux-pays\/#breadcrumb\"},\"inLanguage\":\"fr-FR\",\"potentialAction\":[{\"@type\":\"ReadAction\",\"target\":[\"https:\/\/realites.com.tn\/fr\/tunisie-libye-kais-saied-appelle-a-faciliter-la-circulation-des-personnes-et-des-marchandises-entre-les-deux-pays\/\"]}]},{\"@type\":\"ImageObject\",\"inLanguage\":\"fr-FR\",\"@id\":\"https:\/\/realites.com.tn\/fr\/tunisie-libye-kais-saied-appelle-a-faciliter-la-circulation-des-personnes-et-des-marchandises-entre-les-deux-pays\/#primaryimage\",\"url\":\"https:\/\/realites.com.tn\/fr\/wp-content\/uploads\/2026\/09\/libye-tunisie.jpg\",\"contentUrl\":\"https:\/\/realites.com.tn\/fr\/wp-content\/uploads\/2026\/09\/libye-tunisie.jpg\",\"width\":1280,\"height\":720},{\"@type\":\"BreadcrumbList\",\"@id\":\"https:\/\/realites.com.tn\/fr\/tunisie-libye-kais-saied-appelle-a-faciliter-la-circulation-des-personnes-et-des-marchandises-entre-les-deux-pays\/#breadcrumb\",\"itemListElement\":[{\"@type\":\"ListItem\",\"position\":1,\"name\":\"Home\",\"item\":\"https:\/\/realites.com.tn\/fr\/\"},{\"@type\":\"ListItem\",\"position\":2,\"name\":\"Tunisie-Libye : Ka\u00efs Sa\u00efed appelle \u00e0 faciliter la circulation des personnes et des marchandises entre les deux pays\"}]},{\"@type\":\"WebSite\",\"@id\":\"https:\/\/realites.com.tn\/fr\/#website\",\"url\":\"https:\/\/realites.com.tn\/fr\/\",\"name\":\"R\u00e9alit\u00e9s Magazine\",\"description\":\"Actualit\u00e9s de la Tunisie\",\"potentialAction\":[{\"@type\":\"SearchAction\",\"target\":{\"@type\":\"EntryPoint\",\"urlTemplate\":\"https:\/\/realites.com.tn\/fr\/?s={search_term_string}\"},\"query-input\":{\"@type\":\"PropertyValueSpecification\",\"valueRequired\":true,\"valueName\":\"search_term_string\"}}],\"inLanguage\":\"fr-FR\"},{\"@type\":\"Person\",\"@id\":\"https:\/\/realites.com.tn\/fr\/#\/schema\/person\/515fe3e54fbbc075df64dd746b52c530\",\"name\":\"M. A\",\"image\":{\"@type\":\"ImageObject\",\"inLanguage\":\"fr-FR\",\"@id\":\"https:\/\/realites.com.tn\/fr\/#\/schema\/person\/image\/\",\"url\":\"https:\/\/secure.gravatar.com\/avatar\/6cb0d0a36abd98854e1d819008d7569a?s=96&d=mm&r=g\",\"contentUrl\":\"https:\/\/secure.gravatar.com\/avatar\/6cb0d0a36abd98854e1d819008d7569a?s=96&d=mm&r=g\",\"caption\":\"M. A\"},\"url\":\"https:\/\/realites.com.tn\/fr\/author\/ma2025\/\"}]}<\/script>\n<!-- \/ Yoast SEO plugin. -->","yoast_head_json":{"title":"Tunisie-Libye : Ka\u00efs Sa\u00efed appelle \u00e0 faciliter la circulation des personnes et des marchandises entre les deux pays - R\u00e9alit\u00e9s Magazine","description":"Le pr\u00e9sident de la R\u00e9publique, Ka\u00efs Sa\u00efed, a soulign\u00e9, mercredi 2 septembre 2026, la n\u00e9cessit\u00e9 d\u2019acc\u00e9l\u00e9rer les efforts visant \u00e0 lever les obstacles \u00e0 la","robots":{"index":"index","follow":"follow","max-snippet":"max-snippet:-1","max-image-preview":"max-image-preview:large","max-video-preview":"max-video-preview:-1"},"canonical":"https:\/\/realites.com.tn\/fr\/tunisie-libye-kais-saied-appelle-a-faciliter-la-circulation-des-personnes-et-des-marchandises-entre-les-deux-pays\/","og_locale":"fr_FR","og_type":"article","og_title":"Tunisie-Libye : Ka\u00efs Sa\u00efed appelle \u00e0 faciliter la circulation des personnes et des marchandises entre les deux pays - R\u00e9alit\u00e9s Magazine","og_description":"Le pr\u00e9sident de la R\u00e9publique, Ka\u00efs Sa\u00efed, a soulign\u00e9, mercredi 2 septembre 2026, la n\u00e9cessit\u00e9 d\u2019acc\u00e9l\u00e9rer les efforts visant \u00e0 lever les obstacles \u00e0 la","og_url":"https:\/\/realites.com.tn\/fr\/tunisie-libye-kais-saied-appelle-a-faciliter-la-circulation-des-personnes-et-des-marchandises-entre-les-deux-pays\/","og_site_name":"R\u00e9alit\u00e9s Magazine","article_publisher":"https:\/\/www.facebook.com\/realites.tn\/","article_published_time":"2026-09-03T09:17:40+00:00","og_image":[{"width":1280,"height":720,"url":"https:\/\/realites.com.tn\/fr\/wp-content\/uploads\/2026\/09\/libye-tunisie.jpg","type":"image\/jpeg"}],"author":"M. A","twitter_card":"summary_large_image","twitter_misc":{"\u00c9crit par":"M. A","Dur\u00e9e de lecture estim\u00e9e":"3 minutes"},"schema":{"@context":"https:\/\/schema.org","@graph":[{"@type":"WebPage","@id":"https:\/\/realites.com.tn\/fr\/tunisie-libye-kais-saied-appelle-a-faciliter-la-circulation-des-personnes-et-des-marchandises-entre-les-deux-pays\/","url":"https:\/\/realites.com.tn\/fr\/tunisie-libye-kais-saied-appelle-a-faciliter-la-circulation-des-personnes-et-des-marchandises-entre-les-deux-pays\/","name":"Tunisie-Libye : Ka\u00efs Sa\u00efed appelle \u00e0 faciliter la circulation des personnes et des marchandises entre les deux pays - R\u00e9alit\u00e9s Magazine","isPartOf":{"@id":"https:\/\/realites.com.tn\/fr\/#website"},"primaryImageOfPage":{"@id":"https:\/\/realites.com.tn\/fr\/tunisie-libye-kais-saied-appelle-a-faciliter-la-circulation-des-personnes-et-des-marchandises-entre-les-deux-pays\/#primaryimage"},"image":{"@id":"https:\/\/realites.com.tn\/fr\/tunisie-libye-kais-saied-appelle-a-faciliter-la-circulation-des-personnes-et-des-marchandises-entre-les-deux-pays\/#primaryimage"},"thumbnailUrl":"https:\/\/realites.com.tn\/fr\/wp-content\/uploads\/2026\/09\/libye-tunisie.jpg","datePublished":"2026-09-03T09:17:40+00:00","author":{"@id":"https:\/\/realites.com.tn\/fr\/#\/schema\/person\/515fe3e54fbbc075df64dd746b52c530"},"description":"Le pr\u00e9sident de la R\u00e9publique, Ka\u00efs Sa\u00efed, a soulign\u00e9, mercredi 2 septembre 2026, la n\u00e9cessit\u00e9 d\u2019acc\u00e9l\u00e9rer les efforts visant \u00e0 lever les obstacles \u00e0 la","breadcrumb":{"@id":"https:\/\/realites.com.tn\/fr\/tunisie-libye-kais-saied-appelle-a-faciliter-la-circulation-des-personnes-et-des-marchandises-entre-les-deux-pays\/#breadcrumb"},"inLanguage":"fr-FR","potentialAction":[{"@type":"ReadAction","target":["https:\/\/realites.com.tn\/fr\/tunisie-libye-kais-saied-appelle-a-faciliter-la-circulation-des-personnes-et-des-marchandises-entre-les-deux-pays\/"]}]},{"@type":"ImageObject","inLanguage":"fr-FR","@id":"https:\/\/realites.com.tn\/fr\/tunisie-libye-kais-saied-appelle-a-faciliter-la-circulation-des-personnes-et-des-marchandises-entre-les-deux-pays\/#primaryimage","url":"https:\/\/realites.com.tn\/fr\/wp-content\/uploads\/2026\/09\/libye-tunisie.jpg","contentUrl":"https:\/\/realites.com.tn\/fr\/wp-content\/uploads\/2026\/09\/libye-tunisie.jpg","width":1280,"height":720},{"@type":"BreadcrumbList","@id":"https:\/\/realites.com.tn\/fr\/tunisie-libye-kais-saied-appelle-a-faciliter-la-circulation-des-personnes-et-des-marchandises-entre-les-deux-pays\/#breadcrumb","itemListElement":[{"@type":"ListItem","position":1,"name":"Home","item":"https:\/\/realites.com.tn\/fr\/"},{"@type":"ListItem","position":2,"name":"Tunisie-Libye : Ka\u00efs Sa\u00efed appelle \u00e0 faciliter la circulation des personnes et des marchandises entre les deux pays"}]},{"@type":"WebSite","@id":"https:\/\/realites.com.tn\/fr\/#website","url":"https:\/\/realites.com.tn\/fr\/","name":"R\u00e9alit\u00e9s Magazine","description":"Actualit\u00e9s de la Tunisie","potentialAction":[{"@type":"SearchAction","target":{"@type":"EntryPoint","urlTemplate":"https:\/\/realites.com.tn\/fr\/?s={search_term_string}"},"query-input":{"@type":"PropertyValueSpecification","valueRequired":true,"valueName":"search_term_string"}}],"inLanguage":"fr-FR"},{"@type":"Person","@id":"https:\/\/realites.com.tn\/fr\/#\/schema\/person\/515fe3e54fbbc075df64dd746b52c530","name":"M. A","image":{"@type":"ImageObject","inLanguage":"fr-FR","@id":"https:\/\/realites.com.tn\/fr\/#\/schema\/person\/image\/","url":"https:\/\/secure.gravatar.com\/avatar\/6cb0d0a36abd98854e1d819008d7569a?s=96&d=mm&r=g","contentUrl":"https:\/\/secure.gravatar.com\/avatar\/6cb0d0a36abd98854e1d819008d7569a?s=96&d=mm&r=g","caption":"M. A"},"url":"https:\/\/realites.com.tn\/fr\/author\/ma2025\/"}]}},"jetpack_featured_media_url":"https:\/\/realites.com.tn\/fr\/wp-content\/uploads\/2026\/09\/libye-tunisie.jpg","jetpack_sharing_enabled":true,"views":20,"_links":{"self":[{"href":"https:\/\/realites.com.tn\/fr\/wp-json\/wp\/v2\/posts\/394992","targetHints":{"allow":["GET"]}}],"collection":[{"href":"https:\/\/realites.com.tn\/fr\/wp-json\/wp\/v2\/posts"}],"about":[{"href":"https:\/\/realites.com.tn\/fr\/wp-json\/wp\/v2\/types\/post"}],"author":[{"embeddable":true,"href":"https:\/\/realites.com.tn\/fr\/wp-json\/wp\/v2\/users\/145"}],"replies":[{"embeddable":true,"href":"https:\/\/realites.com.tn\/fr\/wp-json\/wp\/v2\/comments?post=394992"}],"version-history":[{"count":1,"href":"https:\/\/realites.com.tn\/fr\/wp-json\/wp\/v2\/posts\/394992\/revisions"}],"predecessor-version":[{"id":394994,"href":"https:\/\/realites.com.tn\/fr\/wp-json\/wp\/v2\/posts\/394992\/revisions\/394994"}],"wp:featuredmedia":[{"embeddable":true,"href":"https:\/\/realites.com.tn\/fr\/wp-json\/wp\/v2\/media\/394993"}],"wp:attachment":[{"href":"https:\/\/realites.com.tn\/fr\/wp-json\/wp\/v2\/media?parent=394992"}],"wp:term":[{"taxonomy":"category","embeddable":true,"href":"https:\/\/realites.com.tn\/fr\/wp-json\/wp\/v2\/categories?post=394992"},{"taxonomy":"post_tag","embeddable":true,"href":"https:\/\/realites.com.tn\/fr\/wp-json\/wp\/v2\/tags?post=394992"}],"curies":[{"name":"wp","href":"https:\/\/api.w.org\/{rel}","templated":true}]}}