{"id":394997,"date":"2026-09-03T10:28:22","date_gmt":"2026-09-03T09:28:22","guid":{"rendered":"https:\/\/realites.com.tn\/fr\/?p=394997"},"modified":"2026-09-03T10:28:53","modified_gmt":"2026-09-03T09:28:53","slug":"la-tunisie-accueillera-le-ai-forward-summit-2026-du-7-au-10-septembre-a-hammamet","status":"publish","type":"post","link":"https:\/\/realites.com.tn\/fr\/la-tunisie-accueillera-le-ai-forward-summit-2026-du-7-au-10-septembre-a-hammamet\/","title":{"rendered":"La Tunisie accueille le \u00ab AI-Forward Summit 2026 \u00bb du 7 au 10 septembre \u00e0 Hammamet"},"content":{"rendered":"<p data-path-to-node=\"1\">Sous l&rsquo;\u00e9gide de la Ligue des \u00c9tats Arabes, l&rsquo;Organisation Arabe des Technologies de l&rsquo;Information et de la Communication (AICTO), en collaboration avec le minist\u00e8re tunisien des Technologies de la Communication, organise la deuxi\u00e8me \u00e9dition du sommet r\u00e9gional <i data-path-to-node=\"1\" data-index-in-node=\"260\">AI-Forward Summit 2026<\/i>. Plac\u00e9 sous le th\u00e8me \u00ab Fa\u00e7onner l\u2019avenir de l\u2019IA : de la vision \u00e0 la valeur \u00bb, cet \u00e9v\u00e9nement se tiendra du 7 au 10 septembre 2026 \u00e0 Yasmine Hammamet, r\u00e9unissant d\u00e9cideurs politiques, experts, investisseurs et acteurs de l&rsquo;innovation de la r\u00e9gion arabe et africaine.<\/p>\n<p data-path-to-node=\"2\">S&rsquo;inscrivant dans la continuit\u00e9 de l&rsquo;\u00e9dition 2025, ce rendez-vous vise \u00e0 acc\u00e9l\u00e9rer la transition vers une \u00ab soci\u00e9t\u00e9 de l&rsquo;intelligence \u00bb. L&rsquo;ambition affich\u00e9e est de d\u00e9passer le stade des d\u00e9clarations d&rsquo;intentions pour se concentrer sur le d\u00e9ploiement de projets concrets, la gouvernance \u00e9thique et la souverainet\u00e9 num\u00e9rique. Le programme s&rsquo;articulera sur quatre jours, combinant sessions strat\u00e9giques, ateliers techniques et forums d&rsquo;investissement destin\u00e9s \u00e0 transformer les innovations technologiques en levier de croissance \u00e9conomique.<\/p>\n<p data-path-to-node=\"3\">Parmi les annonces phares pr\u00e9vues figurent le lancement de l&rsquo;indice r\u00e9gional <i data-path-to-node=\"3\" data-index-in-node=\"77\">AL-MUSTAQBAL<\/i> pour mesurer la maturit\u00e9 technologique des pays de la r\u00e9gion, ainsi que l&rsquo;initiative <i data-path-to-node=\"3\" data-index-in-node=\"175\">AWAII<\/i> d\u00e9di\u00e9e au renforcement du leadership f\u00e9minin dans l&rsquo;intelligence artificielle. Le sommet mettra \u00e9galement un accent particulier sur la sant\u00e9 intelligente, avec des pr\u00e9sentations consacr\u00e9es aux syst\u00e8mes d&rsquo;alerte pr\u00e9coce contre les \u00e9pid\u00e9mies, et proposera un forum d&rsquo;investissement (<i data-path-to-node=\"3\" data-index-in-node=\"462\">RAII<\/i>) pour financer les startups et projets \u00e0 fort impact r\u00e9gional.<\/p>\n<p data-path-to-node=\"4\"><i data-path-to-node=\"4\" data-index-in-node=\"0\">(Informations compl\u00e9mentaires et inscription sur le site officiel : ai-forwardsummit.org)<\/i><\/p>\n","protected":false},"excerpt":{"rendered":"<p>Sous l&rsquo;\u00e9gide de la Ligue des \u00c9tats Arabes, l&rsquo;Organisation Arabe des Technologies de l&rsquo;Information et de la Communication (AICTO), en collaboration avec le minist\u00e8re tunisien des Technologies de la Communication,&hellip;<\/p>\n","protected":false},"author":145,"featured_media":394998,"comment_status":"open","ping_status":"closed","sticky":false,"template":"","format":"standard","meta":{"_lmt_disableupdate":"no","_lmt_disable":"","_jetpack_memberships_contains_paid_content":false,"footnotes":""},"categories":[4],"tags":[11689],"class_list":["post-394997","post","type-post","status-publish","format-standard","has-post-thumbnail","hentry","category-actualites","tag-ai-forward-summit-2026"],"yoast_head":"<!-- This site is optimized with the Yoast SEO plugin v26.3 - https:\/\/yoast.com\/wordpress\/plugins\/seo\/ -->\n<title>La Tunisie accueille le \u00ab AI-Forward Summit 2026 \u00bb du 7 au 10 septembre \u00e0 Hammamet - R\u00e9alit\u00e9s Magazine<\/title>\n<meta name=\"description\" content=\"Sous l&#039;\u00e9gide de la Ligue des \u00c9tats Arabes, l&#039;Organisation Arabe des Technologies de l&#039;Information et de la Communication (AICTO), en collaboration avec le\" \/>\n<meta name=\"robots\" content=\"index, follow, max-snippet:-1, max-image-preview:large, max-video-preview:-1\" \/>\n<link rel=\"canonical\" href=\"https:\/\/realites.com.tn\/fr\/la-tunisie-accueillera-le-ai-forward-summit-2026-du-7-au-10-septembre-a-hammamet\/\" \/>\n<meta property=\"og:locale\" content=\"fr_FR\" \/>\n<meta property=\"og:type\" content=\"article\" \/>\n<meta property=\"og:title\" content=\"La Tunisie accueille le \u00ab AI-Forward Summit 2026 \u00bb du 7 au 10 septembre \u00e0 Hammamet - R\u00e9alit\u00e9s Magazine\" \/>\n<meta property=\"og:description\" content=\"Sous l&#039;\u00e9gide de la Ligue des \u00c9tats Arabes, l&#039;Organisation Arabe des Technologies de l&#039;Information et de la Communication (AICTO), en collaboration avec le\" \/>\n<meta property=\"og:url\" content=\"https:\/\/realites.com.tn\/fr\/la-tunisie-accueillera-le-ai-forward-summit-2026-du-7-au-10-septembre-a-hammamet\/\" \/>\n<meta property=\"og:site_name\" content=\"R\u00e9alit\u00e9s Magazine\" \/>\n<meta property=\"article:publisher\" content=\"https:\/\/www.facebook.com\/realites.tn\/\" \/>\n<meta property=\"article:published_time\" content=\"2026-09-03T09:28:22+00:00\" \/>\n<meta property=\"article:modified_time\" content=\"2026-09-03T09:28:53+00:00\" \/>\n<meta property=\"og:image\" content=\"https:\/\/realites.com.tn\/fr\/wp-content\/uploads\/2026\/09\/ai-forward-1.jpg\" \/>\n\t<meta property=\"og:image:width\" content=\"1300\" \/>\n\t<meta property=\"og:image:height\" content=\"750\" \/>\n\t<meta property=\"og:image:type\" content=\"image\/jpeg\" \/>\n<meta name=\"author\" content=\"M. A\" \/>\n<meta name=\"twitter:card\" content=\"summary_large_image\" \/>\n<meta name=\"twitter:label1\" content=\"\u00c9crit par\" \/>\n\t<meta name=\"twitter:data1\" content=\"M. A\" \/>\n\t<meta name=\"twitter:label2\" content=\"Dur\u00e9e de lecture estim\u00e9e\" \/>\n\t<meta name=\"twitter:data2\" content=\"2 minutes\" \/>\n<script type=\"application\/ld+json\" class=\"yoast-schema-graph\">{\"@context\":\"https:\/\/schema.org\",\"@graph\":[{\"@type\":\"WebPage\",\"@id\":\"https:\/\/realites.com.tn\/fr\/la-tunisie-accueillera-le-ai-forward-summit-2026-du-7-au-10-septembre-a-hammamet\/\",\"url\":\"https:\/\/realites.com.tn\/fr\/la-tunisie-accueillera-le-ai-forward-summit-2026-du-7-au-10-septembre-a-hammamet\/\",\"name\":\"La Tunisie accueille le \u00ab AI-Forward Summit 2026 \u00bb du 7 au 10 septembre \u00e0 Hammamet - R\u00e9alit\u00e9s Magazine\",\"isPartOf\":{\"@id\":\"https:\/\/realites.com.tn\/fr\/#website\"},\"primaryImageOfPage\":{\"@id\":\"https:\/\/realites.com.tn\/fr\/la-tunisie-accueillera-le-ai-forward-summit-2026-du-7-au-10-septembre-a-hammamet\/#primaryimage\"},\"image\":{\"@id\":\"https:\/\/realites.com.tn\/fr\/la-tunisie-accueillera-le-ai-forward-summit-2026-du-7-au-10-septembre-a-hammamet\/#primaryimage\"},\"thumbnailUrl\":\"https:\/\/realites.com.tn\/fr\/wp-content\/uploads\/2026\/09\/ai-forward-1.jpg\",\"datePublished\":\"2026-09-03T09:28:22+00:00\",\"dateModified\":\"2026-09-03T09:28:53+00:00\",\"author\":{\"@id\":\"https:\/\/realites.com.tn\/fr\/#\/schema\/person\/515fe3e54fbbc075df64dd746b52c530\"},\"description\":\"Sous l'\u00e9gide de la Ligue des \u00c9tats Arabes, l'Organisation Arabe des Technologies de l'Information et de la Communication (AICTO), en collaboration avec le\",\"breadcrumb\":{\"@id\":\"https:\/\/realites.com.tn\/fr\/la-tunisie-accueillera-le-ai-forward-summit-2026-du-7-au-10-septembre-a-hammamet\/#breadcrumb\"},\"inLanguage\":\"fr-FR\",\"potentialAction\":[{\"@type\":\"ReadAction\",\"target\":[\"https:\/\/realites.com.tn\/fr\/la-tunisie-accueillera-le-ai-forward-summit-2026-du-7-au-10-septembre-a-hammamet\/\"]}]},{\"@type\":\"ImageObject\",\"inLanguage\":\"fr-FR\",\"@id\":\"https:\/\/realites.com.tn\/fr\/la-tunisie-accueillera-le-ai-forward-summit-2026-du-7-au-10-septembre-a-hammamet\/#primaryimage\",\"url\":\"https:\/\/realites.com.tn\/fr\/wp-content\/uploads\/2026\/09\/ai-forward-1.jpg\",\"contentUrl\":\"https:\/\/realites.com.tn\/fr\/wp-content\/uploads\/2026\/09\/ai-forward-1.jpg\",\"width\":1300,\"height\":750},{\"@type\":\"BreadcrumbList\",\"@id\":\"https:\/\/realites.com.tn\/fr\/la-tunisie-accueillera-le-ai-forward-summit-2026-du-7-au-10-septembre-a-hammamet\/#breadcrumb\",\"itemListElement\":[{\"@type\":\"ListItem\",\"position\":1,\"name\":\"Home\",\"item\":\"https:\/\/realites.com.tn\/fr\/\"},{\"@type\":\"ListItem\",\"position\":2,\"name\":\"La Tunisie accueille le \u00ab AI-Forward Summit 2026 \u00bb du 7 au 10 septembre \u00e0 Hammamet\"}]},{\"@type\":\"WebSite\",\"@id\":\"https:\/\/realites.com.tn\/fr\/#website\",\"url\":\"https:\/\/realites.com.tn\/fr\/\",\"name\":\"R\u00e9alit\u00e9s Magazine\",\"description\":\"Actualit\u00e9s de la Tunisie\",\"potentialAction\":[{\"@type\":\"SearchAction\",\"target\":{\"@type\":\"EntryPoint\",\"urlTemplate\":\"https:\/\/realites.com.tn\/fr\/?s={search_term_string}\"},\"query-input\":{\"@type\":\"PropertyValueSpecification\",\"valueRequired\":true,\"valueName\":\"search_term_string\"}}],\"inLanguage\":\"fr-FR\"},{\"@type\":\"Person\",\"@id\":\"https:\/\/realites.com.tn\/fr\/#\/schema\/person\/515fe3e54fbbc075df64dd746b52c530\",\"name\":\"M. A\",\"image\":{\"@type\":\"ImageObject\",\"inLanguage\":\"fr-FR\",\"@id\":\"https:\/\/realites.com.tn\/fr\/#\/schema\/person\/image\/\",\"url\":\"https:\/\/secure.gravatar.com\/avatar\/6cb0d0a36abd98854e1d819008d7569a?s=96&d=mm&r=g\",\"contentUrl\":\"https:\/\/secure.gravatar.com\/avatar\/6cb0d0a36abd98854e1d819008d7569a?s=96&d=mm&r=g\",\"caption\":\"M. A\"},\"url\":\"https:\/\/realites.com.tn\/fr\/author\/ma2025\/\"}]}<\/script>\n<!-- \/ Yoast SEO plugin. -->","yoast_head_json":{"title":"La Tunisie accueille le \u00ab AI-Forward Summit 2026 \u00bb du 7 au 10 septembre \u00e0 Hammamet - R\u00e9alit\u00e9s Magazine","description":"Sous l'\u00e9gide de la Ligue des \u00c9tats Arabes, l'Organisation Arabe des Technologies de l'Information et de la Communication (AICTO), en collaboration avec le","robots":{"index":"index","follow":"follow","max-snippet":"max-snippet:-1","max-image-preview":"max-image-preview:large","max-video-preview":"max-video-preview:-1"},"canonical":"https:\/\/realites.com.tn\/fr\/la-tunisie-accueillera-le-ai-forward-summit-2026-du-7-au-10-septembre-a-hammamet\/","og_locale":"fr_FR","og_type":"article","og_title":"La Tunisie accueille le \u00ab AI-Forward Summit 2026 \u00bb du 7 au 10 septembre \u00e0 Hammamet - R\u00e9alit\u00e9s Magazine","og_description":"Sous l'\u00e9gide de la Ligue des \u00c9tats Arabes, l'Organisation Arabe des Technologies de l'Information et de la Communication (AICTO), en collaboration avec le","og_url":"https:\/\/realites.com.tn\/fr\/la-tunisie-accueillera-le-ai-forward-summit-2026-du-7-au-10-septembre-a-hammamet\/","og_site_name":"R\u00e9alit\u00e9s Magazine","article_publisher":"https:\/\/www.facebook.com\/realites.tn\/","article_published_time":"2026-09-03T09:28:22+00:00","article_modified_time":"2026-09-03T09:28:53+00:00","og_image":[{"width":1300,"height":750,"url":"https:\/\/realites.com.tn\/fr\/wp-content\/uploads\/2026\/09\/ai-forward-1.jpg","type":"image\/jpeg"}],"author":"M. A","twitter_card":"summary_large_image","twitter_misc":{"\u00c9crit par":"M. A","Dur\u00e9e de lecture estim\u00e9e":"2 minutes"},"schema":{"@context":"https:\/\/schema.org","@graph":[{"@type":"WebPage","@id":"https:\/\/realites.com.tn\/fr\/la-tunisie-accueillera-le-ai-forward-summit-2026-du-7-au-10-septembre-a-hammamet\/","url":"https:\/\/realites.com.tn\/fr\/la-tunisie-accueillera-le-ai-forward-summit-2026-du-7-au-10-septembre-a-hammamet\/","name":"La Tunisie accueille le \u00ab AI-Forward Summit 2026 \u00bb du 7 au 10 septembre \u00e0 Hammamet - R\u00e9alit\u00e9s Magazine","isPartOf":{"@id":"https:\/\/realites.com.tn\/fr\/#website"},"primaryImageOfPage":{"@id":"https:\/\/realites.com.tn\/fr\/la-tunisie-accueillera-le-ai-forward-summit-2026-du-7-au-10-septembre-a-hammamet\/#primaryimage"},"image":{"@id":"https:\/\/realites.com.tn\/fr\/la-tunisie-accueillera-le-ai-forward-summit-2026-du-7-au-10-septembre-a-hammamet\/#primaryimage"},"thumbnailUrl":"https:\/\/realites.com.tn\/fr\/wp-content\/uploads\/2026\/09\/ai-forward-1.jpg","datePublished":"2026-09-03T09:28:22+00:00","dateModified":"2026-09-03T09:28:53+00:00","author":{"@id":"https:\/\/realites.com.tn\/fr\/#\/schema\/person\/515fe3e54fbbc075df64dd746b52c530"},"description":"Sous l'\u00e9gide de la Ligue des \u00c9tats Arabes, l'Organisation Arabe des Technologies de l'Information et de la Communication (AICTO), en collaboration avec le","breadcrumb":{"@id":"https:\/\/realites.com.tn\/fr\/la-tunisie-accueillera-le-ai-forward-summit-2026-du-7-au-10-septembre-a-hammamet\/#breadcrumb"},"inLanguage":"fr-FR","potentialAction":[{"@type":"ReadAction","target":["https:\/\/realites.com.tn\/fr\/la-tunisie-accueillera-le-ai-forward-summit-2026-du-7-au-10-septembre-a-hammamet\/"]}]},{"@type":"ImageObject","inLanguage":"fr-FR","@id":"https:\/\/realites.com.tn\/fr\/la-tunisie-accueillera-le-ai-forward-summit-2026-du-7-au-10-septembre-a-hammamet\/#primaryimage","url":"https:\/\/realites.com.tn\/fr\/wp-content\/uploads\/2026\/09\/ai-forward-1.jpg","contentUrl":"https:\/\/realites.com.tn\/fr\/wp-content\/uploads\/2026\/09\/ai-forward-1.jpg","width":1300,"height":750},{"@type":"BreadcrumbList","@id":"https:\/\/realites.com.tn\/fr\/la-tunisie-accueillera-le-ai-forward-summit-2026-du-7-au-10-septembre-a-hammamet\/#breadcrumb","itemListElement":[{"@type":"ListItem","position":1,"name":"Home","item":"https:\/\/realites.com.tn\/fr\/"},{"@type":"ListItem","position":2,"name":"La Tunisie accueille le \u00ab AI-Forward Summit 2026 \u00bb du 7 au 10 septembre \u00e0 Hammamet"}]},{"@type":"WebSite","@id":"https:\/\/realites.com.tn\/fr\/#website","url":"https:\/\/realites.com.tn\/fr\/","name":"R\u00e9alit\u00e9s Magazine","description":"Actualit\u00e9s de la Tunisie","potentialAction":[{"@type":"SearchAction","target":{"@type":"EntryPoint","urlTemplate":"https:\/\/realites.com.tn\/fr\/?s={search_term_string}"},"query-input":{"@type":"PropertyValueSpecification","valueRequired":true,"valueName":"search_term_string"}}],"inLanguage":"fr-FR"},{"@type":"Person","@id":"https:\/\/realites.com.tn\/fr\/#\/schema\/person\/515fe3e54fbbc075df64dd746b52c530","name":"M. A","image":{"@type":"ImageObject","inLanguage":"fr-FR","@id":"https:\/\/realites.com.tn\/fr\/#\/schema\/person\/image\/","url":"https:\/\/secure.gravatar.com\/avatar\/6cb0d0a36abd98854e1d819008d7569a?s=96&d=mm&r=g","contentUrl":"https:\/\/secure.gravatar.com\/avatar\/6cb0d0a36abd98854e1d819008d7569a?s=96&d=mm&r=g","caption":"M. A"},"url":"https:\/\/realites.com.tn\/fr\/author\/ma2025\/"}]}},"jetpack_featured_media_url":"https:\/\/realites.com.tn\/fr\/wp-content\/uploads\/2026\/09\/ai-forward-1.jpg","jetpack_sharing_enabled":true,"views":11,"_links":{"self":[{"href":"https:\/\/realites.com.tn\/fr\/wp-json\/wp\/v2\/posts\/394997","targetHints":{"allow":["GET"]}}],"collection":[{"href":"https:\/\/realites.com.tn\/fr\/wp-json\/wp\/v2\/posts"}],"about":[{"href":"https:\/\/realites.com.tn\/fr\/wp-json\/wp\/v2\/types\/post"}],"author":[{"embeddable":true,"href":"https:\/\/realites.com.tn\/fr\/wp-json\/wp\/v2\/users\/145"}],"replies":[{"embeddable":true,"href":"https:\/\/realites.com.tn\/fr\/wp-json\/wp\/v2\/comments?post=394997"}],"version-history":[{"count":1,"href":"https:\/\/realites.com.tn\/fr\/wp-json\/wp\/v2\/posts\/394997\/revisions"}],"predecessor-version":[{"id":395000,"href":"https:\/\/realites.com.tn\/fr\/wp-json\/wp\/v2\/posts\/394997\/revisions\/395000"}],"wp:featuredmedia":[{"embeddable":true,"href":"https:\/\/realites.com.tn\/fr\/wp-json\/wp\/v2\/media\/394998"}],"wp:attachment":[{"href":"https:\/\/realites.com.tn\/fr\/wp-json\/wp\/v2\/media?parent=394997"}],"wp:term":[{"taxonomy":"category","embeddable":true,"href":"https:\/\/realites.com.tn\/fr\/wp-json\/wp\/v2\/categories?post=394997"},{"taxonomy":"post_tag","embeddable":true,"href":"https:\/\/realites.com.tn\/fr\/wp-json\/wp\/v2\/tags?post=394997"}],"curies":[{"name":"wp","href":"https:\/\/api.w.org\/{rel}","templated":true}]}}