{"id":395001,"date":"2026-09-03T10:35:04","date_gmt":"2026-09-03T09:35:04","guid":{"rendered":"https:\/\/realites.com.tn\/fr\/?p=395001"},"modified":"2026-09-03T10:35:04","modified_gmt":"2026-09-03T09:35:04","slug":"rentree-scolaire-la-premiere-edition-du-salon-back-to-school-reunit-plus-de-60-exposants-a-tunis","status":"publish","type":"post","link":"https:\/\/realites.com.tn\/fr\/rentree-scolaire-la-premiere-edition-du-salon-back-to-school-reunit-plus-de-60-exposants-a-tunis\/","title":{"rendered":"Rentr\u00e9e scolaire : la premi\u00e8re \u00e9dition du salon \u00ab Back to School \u00bb r\u00e9unit plus de 60 exposants \u00e0 Tunis"},"content":{"rendered":"<p data-path-to-node=\"0\">Le si\u00e8ge de l\u2019Union Tunisienne de l\u2019Industrie, du Commerce et de l\u2019Artisanat (UTICA) \u00e0 Tunis accueille, du 2 au 5 septembre 2026, la premi\u00e8re \u00e9dition du Salon \u00e9ducatif et commercial \u00ab Back to School \u00bb. Pens\u00e9e comme une plateforme d&rsquo;\u00e9changes \u00e0 l&rsquo;approche de la rentr\u00e9e scolaire, cette manifestation in\u00e9dite r\u00e9unit familles, professionnels du secteur et acteurs de l&rsquo;\u00e9cosyst\u00e8me \u00e9ducatif.<\/p>\n<p data-path-to-node=\"1\">Pour son lancement, le salon rassemble plus de 60 exposants et marques issus de domaines vari\u00e9s. L&rsquo;offre expos\u00e9e couvre l&rsquo;ensemble des besoins li\u00e9s \u00e0 la scolarit\u00e9 et \u00e0 la jeunesse : fournitures, litt\u00e9rature jeunesse, solutions EdTech, plateformes d&rsquo;apprentissage en ligne, centres de langues, mais aussi coaching parental, am\u00e9nagement et nutrition.<\/p>\n<p><iframe title=\"1\u00e8re \u00e9dition du salon Back to school du 2 au 5 septembre\" width=\"1170\" height=\"658\" src=\"https:\/\/www.youtube.com\/embed\/QK9MVwYB_-c?feature=oembed\" frameborder=\"0\" allow=\"accelerometer; autoplay; clipboard-write; encrypted-media; gyroscope; picture-in-picture; web-share\" referrerpolicy=\"strict-origin-when-cross-origin\" allowfullscreen><\/iframe><\/p>\n<p data-path-to-node=\"2\">Outre le volet commercial, l&rsquo;\u00e9v\u00e9nement int\u00e8gre un cycle de conf\u00e9rences et d&rsquo;ateliers \u00e9tal\u00e9 sur quatre jours. Ces sessions abordent plusieurs th\u00e9matiques centrales, notamment la transition num\u00e9rique de l&rsquo;\u00e9cole, la pr\u00e9vention de la violence en milieu scolaire, la promotion de la lecture ou encore le bien-\u00eatre des \u00e9l\u00e8ves.<\/p>\n<p data-path-to-node=\"3\">\u00c0 l&rsquo;occasion de l&rsquo;ouverture, Aycha Ennigrou, directrice de l\u2019\u00e9v\u00e9nement, a soulign\u00e9 la volont\u00e9 de concilier une offre marchande et un espace de r\u00e9flexion autour des enjeux \u00e9ducatifs, tout en saluant la r\u00e9ponse du public d\u00e8s le premier jour.<\/p>\n<p data-path-to-node=\"4\">Organis\u00e9 jusqu&rsquo;au 5 septembre, le salon entend p\u00e9rennisercet espace de rencontre afin d&rsquo;en faire un rendez-vous annuel pour les familles et les professionnels de l&rsquo;\u00e9ducation en Tunisie.<\/p>\n<div data-sliderid=\"53039\" id=\"penci-post-gallery__53039\" class=\"penci-post-gallery-container  penci-image-gallery-thumbnail-slider thumbnail-slider column-3\" data-height=\"150\" data-margin=\"3\"><div data-id=\"pcthumb-m-53039\" class=\"swiper penci-slick-carousel pcthumb-s-msl pcthumb-m-53039\"><div class=\"swiper-wrapper\"><figure class=\"swiper-slide\"><a class=\"penci-gallery-ite item-gallery-thumbnail-slider item-link-relative\" href=\"https:\/\/realites.com.tn\/fr\/wp-content\/uploads\/2026\/09\/salon-back-to-school-4.jpeg\"><span class=\"penci-isotope-padding\" style=\"padding-bottom:75.00000000%;\"><\/span><img decoding=\"async\" src=\"https:\/\/realites.com.tn\/fr\/wp-content\/uploads\/2026\/09\/salon-back-to-school-4.jpeg\" alt=\"\" title=\"salon-back-to-school (4)\"><\/a><\/figure><figure class=\"swiper-slide\"><a class=\"penci-gallery-ite item-gallery-thumbnail-slider item-link-relative\" href=\"https:\/\/realites.com.tn\/fr\/wp-content\/uploads\/2026\/09\/salon-back-to-school-1.jpeg\"><span class=\"penci-isotope-padding\" style=\"padding-bottom:75.00000000%;\"><\/span><img decoding=\"async\" src=\"https:\/\/realites.com.tn\/fr\/wp-content\/uploads\/2026\/09\/salon-back-to-school-1.jpeg\" alt=\"\" title=\"salon-back-to-school (1)\"><\/a><\/figure><figure class=\"swiper-slide\"><a class=\"penci-gallery-ite item-gallery-thumbnail-slider item-link-relative\" href=\"https:\/\/realites.com.tn\/fr\/wp-content\/uploads\/2026\/09\/salon-back-to-school-2.jpeg\"><span class=\"penci-isotope-padding\" style=\"padding-bottom:75.00000000%;\"><\/span><img decoding=\"async\" src=\"https:\/\/realites.com.tn\/fr\/wp-content\/uploads\/2026\/09\/salon-back-to-school-2.jpeg\" alt=\"\" title=\"salon-back-to-school (2)\"><\/a><\/figure><figure class=\"swiper-slide\"><a class=\"penci-gallery-ite item-gallery-thumbnail-slider item-link-relative\" href=\"https:\/\/realites.com.tn\/fr\/wp-content\/uploads\/2026\/09\/salon-back-to-school-3.jpeg\"><span class=\"penci-isotope-padding\" style=\"padding-bottom:75.00000000%;\"><\/span><img decoding=\"async\" src=\"https:\/\/realites.com.tn\/fr\/wp-content\/uploads\/2026\/09\/salon-back-to-school-3.jpeg\" alt=\"\" title=\"salon-back-to-school (3)\"><\/a><\/figure><\/div><\/div><div data-cols=\"7\" data-total=\"4\" data-id=\"pcthumb-c-53039\" class=\"swiper pcthumb-s-csl pcgl-thumb-slider penci-slick-carousel pcthumb-c-53039\"><div class=\"swiper-wrapper\"><div class=\"pcgl-thumb-item swiper-slide\"><div class=\"pcgl-thumb-item-img\"><span class=\"penci-image-holder\" style=\"background-image:url(https:\/\/realites.com.tn\/fr\/wp-content\/uploads\/2026\/09\/salon-back-to-school-4-150x150.jpeg)\"><\/div><\/div><div class=\"pcgl-thumb-item swiper-slide\"><div class=\"pcgl-thumb-item-img\"><span class=\"penci-image-holder\" style=\"background-image:url(https:\/\/realites.com.tn\/fr\/wp-content\/uploads\/2026\/09\/salon-back-to-school-1-150x150.jpeg)\"><\/div><\/div><div class=\"pcgl-thumb-item swiper-slide\"><div class=\"pcgl-thumb-item-img\"><span class=\"penci-image-holder\" style=\"background-image:url(https:\/\/realites.com.tn\/fr\/wp-content\/uploads\/2026\/09\/salon-back-to-school-2-150x150.jpeg)\"><\/div><\/div><div class=\"pcgl-thumb-item swiper-slide\"><div class=\"pcgl-thumb-item-img\"><span class=\"penci-image-holder\" style=\"background-image:url(https:\/\/realites.com.tn\/fr\/wp-content\/uploads\/2026\/09\/salon-back-to-school-3-150x150.jpeg)\"><\/div><\/div><\/div><div class=\"penci-slick-carousel-top-nav\"><div class=\"pcslick-nav-area\"><div class=\"pcslick-nav\"><button type=\"button\" class=\"slick-prev\"><i class=\"penciicon-left-chevron\"><\/i><\/button><button type=\"button\" class=\"slick-next\"><i class=\"penciicon-right-chevron\"><\/i><\/button><\/div><div class=\"slider-num\"><span class=\"current\">1<\/span> of <span class=\"total\">4<\/span><\/div><\/div><\/div><\/div><\/div>\n","protected":false},"excerpt":{"rendered":"<p>Le si\u00e8ge de l\u2019Union Tunisienne de l\u2019Industrie, du Commerce et de l\u2019Artisanat (UTICA) \u00e0 Tunis accueille, du 2 au 5 septembre 2026, la premi\u00e8re \u00e9dition du Salon \u00e9ducatif et commercial&hellip;<\/p>\n","protected":false},"author":145,"featured_media":395005,"comment_status":"open","ping_status":"closed","sticky":false,"template":"","format":"standard","meta":{"_lmt_disableupdate":"","_lmt_disable":"","_jetpack_memberships_contains_paid_content":false,"footnotes":""},"categories":[4,9],"tags":[11603],"class_list":["post-395001","post","type-post","status-publish","format-standard","has-post-thumbnail","hentry","category-actualites","category-societe","tag-back-to-school"],"yoast_head":"<!-- This site is optimized with the Yoast SEO plugin v26.3 - https:\/\/yoast.com\/wordpress\/plugins\/seo\/ -->\n<title>Rentr\u00e9e scolaire : la premi\u00e8re \u00e9dition du salon \u00ab Back to School \u00bb r\u00e9unit plus de 60 exposants \u00e0 Tunis - R\u00e9alit\u00e9s Magazine<\/title>\n<meta name=\"description\" content=\"Le si\u00e8ge de l\u2019Union Tunisienne de l\u2019Industrie, du Commerce et de l\u2019Artisanat (UTICA) \u00e0 Tunis accueille, du 2 au 5 septembre 2026, la premi\u00e8re \u00e9dition du\" \/>\n<meta name=\"robots\" content=\"index, follow, max-snippet:-1, max-image-preview:large, max-video-preview:-1\" \/>\n<link rel=\"canonical\" href=\"https:\/\/realites.com.tn\/fr\/rentree-scolaire-la-premiere-edition-du-salon-back-to-school-reunit-plus-de-60-exposants-a-tunis\/\" \/>\n<meta property=\"og:locale\" content=\"fr_FR\" \/>\n<meta property=\"og:type\" content=\"article\" \/>\n<meta property=\"og:title\" content=\"Rentr\u00e9e scolaire : la premi\u00e8re \u00e9dition du salon \u00ab Back to School \u00bb r\u00e9unit plus de 60 exposants \u00e0 Tunis - R\u00e9alit\u00e9s Magazine\" \/>\n<meta property=\"og:description\" content=\"Le si\u00e8ge de l\u2019Union Tunisienne de l\u2019Industrie, du Commerce et de l\u2019Artisanat (UTICA) \u00e0 Tunis accueille, du 2 au 5 septembre 2026, la premi\u00e8re \u00e9dition du\" \/>\n<meta property=\"og:url\" content=\"https:\/\/realites.com.tn\/fr\/rentree-scolaire-la-premiere-edition-du-salon-back-to-school-reunit-plus-de-60-exposants-a-tunis\/\" \/>\n<meta property=\"og:site_name\" content=\"R\u00e9alit\u00e9s Magazine\" \/>\n<meta property=\"article:publisher\" content=\"https:\/\/www.facebook.com\/realites.tn\/\" \/>\n<meta property=\"article:published_time\" content=\"2026-09-03T09:35:04+00:00\" \/>\n<meta property=\"og:image\" content=\"https:\/\/realites.com.tn\/fr\/wp-content\/uploads\/2026\/09\/salon-back-to-school-2.jpeg\" \/>\n\t<meta property=\"og:image:width\" content=\"1600\" \/>\n\t<meta property=\"og:image:height\" content=\"1200\" \/>\n\t<meta property=\"og:image:type\" content=\"image\/jpeg\" \/>\n<meta name=\"author\" content=\"M. A\" \/>\n<meta name=\"twitter:card\" content=\"summary_large_image\" \/>\n<meta name=\"twitter:label1\" content=\"\u00c9crit par\" \/>\n\t<meta name=\"twitter:data1\" content=\"M. A\" \/>\n\t<meta name=\"twitter:label2\" content=\"Dur\u00e9e de lecture estim\u00e9e\" \/>\n\t<meta name=\"twitter:data2\" content=\"2 minutes\" \/>\n<script type=\"application\/ld+json\" class=\"yoast-schema-graph\">{\"@context\":\"https:\/\/schema.org\",\"@graph\":[{\"@type\":\"WebPage\",\"@id\":\"https:\/\/realites.com.tn\/fr\/rentree-scolaire-la-premiere-edition-du-salon-back-to-school-reunit-plus-de-60-exposants-a-tunis\/\",\"url\":\"https:\/\/realites.com.tn\/fr\/rentree-scolaire-la-premiere-edition-du-salon-back-to-school-reunit-plus-de-60-exposants-a-tunis\/\",\"name\":\"Rentr\u00e9e scolaire : la premi\u00e8re \u00e9dition du salon \u00ab Back to School \u00bb r\u00e9unit plus de 60 exposants \u00e0 Tunis - R\u00e9alit\u00e9s Magazine\",\"isPartOf\":{\"@id\":\"https:\/\/realites.com.tn\/fr\/#website\"},\"primaryImageOfPage\":{\"@id\":\"https:\/\/realites.com.tn\/fr\/rentree-scolaire-la-premiere-edition-du-salon-back-to-school-reunit-plus-de-60-exposants-a-tunis\/#primaryimage\"},\"image\":{\"@id\":\"https:\/\/realites.com.tn\/fr\/rentree-scolaire-la-premiere-edition-du-salon-back-to-school-reunit-plus-de-60-exposants-a-tunis\/#primaryimage\"},\"thumbnailUrl\":\"https:\/\/realites.com.tn\/fr\/wp-content\/uploads\/2026\/09\/salon-back-to-school-2.jpeg\",\"datePublished\":\"2026-09-03T09:35:04+00:00\",\"author\":{\"@id\":\"https:\/\/realites.com.tn\/fr\/#\/schema\/person\/515fe3e54fbbc075df64dd746b52c530\"},\"description\":\"Le si\u00e8ge de l\u2019Union Tunisienne de l\u2019Industrie, du Commerce et de l\u2019Artisanat (UTICA) \u00e0 Tunis accueille, du 2 au 5 septembre 2026, la premi\u00e8re \u00e9dition du\",\"breadcrumb\":{\"@id\":\"https:\/\/realites.com.tn\/fr\/rentree-scolaire-la-premiere-edition-du-salon-back-to-school-reunit-plus-de-60-exposants-a-tunis\/#breadcrumb\"},\"inLanguage\":\"fr-FR\",\"potentialAction\":[{\"@type\":\"ReadAction\",\"target\":[\"https:\/\/realites.com.tn\/fr\/rentree-scolaire-la-premiere-edition-du-salon-back-to-school-reunit-plus-de-60-exposants-a-tunis\/\"]}]},{\"@type\":\"ImageObject\",\"inLanguage\":\"fr-FR\",\"@id\":\"https:\/\/realites.com.tn\/fr\/rentree-scolaire-la-premiere-edition-du-salon-back-to-school-reunit-plus-de-60-exposants-a-tunis\/#primaryimage\",\"url\":\"https:\/\/realites.com.tn\/fr\/wp-content\/uploads\/2026\/09\/salon-back-to-school-2.jpeg\",\"contentUrl\":\"https:\/\/realites.com.tn\/fr\/wp-content\/uploads\/2026\/09\/salon-back-to-school-2.jpeg\",\"width\":1600,\"height\":1200},{\"@type\":\"BreadcrumbList\",\"@id\":\"https:\/\/realites.com.tn\/fr\/rentree-scolaire-la-premiere-edition-du-salon-back-to-school-reunit-plus-de-60-exposants-a-tunis\/#breadcrumb\",\"itemListElement\":[{\"@type\":\"ListItem\",\"position\":1,\"name\":\"Home\",\"item\":\"https:\/\/realites.com.tn\/fr\/\"},{\"@type\":\"ListItem\",\"position\":2,\"name\":\"Rentr\u00e9e scolaire : la premi\u00e8re \u00e9dition du salon \u00ab Back to School \u00bb r\u00e9unit plus de 60 exposants \u00e0 Tunis\"}]},{\"@type\":\"WebSite\",\"@id\":\"https:\/\/realites.com.tn\/fr\/#website\",\"url\":\"https:\/\/realites.com.tn\/fr\/\",\"name\":\"R\u00e9alit\u00e9s Magazine\",\"description\":\"Actualit\u00e9s de la Tunisie\",\"potentialAction\":[{\"@type\":\"SearchAction\",\"target\":{\"@type\":\"EntryPoint\",\"urlTemplate\":\"https:\/\/realites.com.tn\/fr\/?s={search_term_string}\"},\"query-input\":{\"@type\":\"PropertyValueSpecification\",\"valueRequired\":true,\"valueName\":\"search_term_string\"}}],\"inLanguage\":\"fr-FR\"},{\"@type\":\"Person\",\"@id\":\"https:\/\/realites.com.tn\/fr\/#\/schema\/person\/515fe3e54fbbc075df64dd746b52c530\",\"name\":\"M. A\",\"image\":{\"@type\":\"ImageObject\",\"inLanguage\":\"fr-FR\",\"@id\":\"https:\/\/realites.com.tn\/fr\/#\/schema\/person\/image\/\",\"url\":\"https:\/\/secure.gravatar.com\/avatar\/6cb0d0a36abd98854e1d819008d7569a?s=96&d=mm&r=g\",\"contentUrl\":\"https:\/\/secure.gravatar.com\/avatar\/6cb0d0a36abd98854e1d819008d7569a?s=96&d=mm&r=g\",\"caption\":\"M. A\"},\"url\":\"https:\/\/realites.com.tn\/fr\/author\/ma2025\/\"}]}<\/script>\n<!-- \/ Yoast SEO plugin. -->","yoast_head_json":{"title":"Rentr\u00e9e scolaire : la premi\u00e8re \u00e9dition du salon \u00ab Back to School \u00bb r\u00e9unit plus de 60 exposants \u00e0 Tunis - R\u00e9alit\u00e9s Magazine","description":"Le si\u00e8ge de l\u2019Union Tunisienne de l\u2019Industrie, du Commerce et de l\u2019Artisanat (UTICA) \u00e0 Tunis accueille, du 2 au 5 septembre 2026, la premi\u00e8re \u00e9dition du","robots":{"index":"index","follow":"follow","max-snippet":"max-snippet:-1","max-image-preview":"max-image-preview:large","max-video-preview":"max-video-preview:-1"},"canonical":"https:\/\/realites.com.tn\/fr\/rentree-scolaire-la-premiere-edition-du-salon-back-to-school-reunit-plus-de-60-exposants-a-tunis\/","og_locale":"fr_FR","og_type":"article","og_title":"Rentr\u00e9e scolaire : la premi\u00e8re \u00e9dition du salon \u00ab Back to School \u00bb r\u00e9unit plus de 60 exposants \u00e0 Tunis - R\u00e9alit\u00e9s Magazine","og_description":"Le si\u00e8ge de l\u2019Union Tunisienne de l\u2019Industrie, du Commerce et de l\u2019Artisanat (UTICA) \u00e0 Tunis accueille, du 2 au 5 septembre 2026, la premi\u00e8re \u00e9dition du","og_url":"https:\/\/realites.com.tn\/fr\/rentree-scolaire-la-premiere-edition-du-salon-back-to-school-reunit-plus-de-60-exposants-a-tunis\/","og_site_name":"R\u00e9alit\u00e9s Magazine","article_publisher":"https:\/\/www.facebook.com\/realites.tn\/","article_published_time":"2026-09-03T09:35:04+00:00","og_image":[{"width":1600,"height":1200,"url":"https:\/\/realites.com.tn\/fr\/wp-content\/uploads\/2026\/09\/salon-back-to-school-2.jpeg","type":"image\/jpeg"}],"author":"M. A","twitter_card":"summary_large_image","twitter_misc":{"\u00c9crit par":"M. A","Dur\u00e9e de lecture estim\u00e9e":"2 minutes"},"schema":{"@context":"https:\/\/schema.org","@graph":[{"@type":"WebPage","@id":"https:\/\/realites.com.tn\/fr\/rentree-scolaire-la-premiere-edition-du-salon-back-to-school-reunit-plus-de-60-exposants-a-tunis\/","url":"https:\/\/realites.com.tn\/fr\/rentree-scolaire-la-premiere-edition-du-salon-back-to-school-reunit-plus-de-60-exposants-a-tunis\/","name":"Rentr\u00e9e scolaire : la premi\u00e8re \u00e9dition du salon \u00ab Back to School \u00bb r\u00e9unit plus de 60 exposants \u00e0 Tunis - R\u00e9alit\u00e9s Magazine","isPartOf":{"@id":"https:\/\/realites.com.tn\/fr\/#website"},"primaryImageOfPage":{"@id":"https:\/\/realites.com.tn\/fr\/rentree-scolaire-la-premiere-edition-du-salon-back-to-school-reunit-plus-de-60-exposants-a-tunis\/#primaryimage"},"image":{"@id":"https:\/\/realites.com.tn\/fr\/rentree-scolaire-la-premiere-edition-du-salon-back-to-school-reunit-plus-de-60-exposants-a-tunis\/#primaryimage"},"thumbnailUrl":"https:\/\/realites.com.tn\/fr\/wp-content\/uploads\/2026\/09\/salon-back-to-school-2.jpeg","datePublished":"2026-09-03T09:35:04+00:00","author":{"@id":"https:\/\/realites.com.tn\/fr\/#\/schema\/person\/515fe3e54fbbc075df64dd746b52c530"},"description":"Le si\u00e8ge de l\u2019Union Tunisienne de l\u2019Industrie, du Commerce et de l\u2019Artisanat (UTICA) \u00e0 Tunis accueille, du 2 au 5 septembre 2026, la premi\u00e8re \u00e9dition du","breadcrumb":{"@id":"https:\/\/realites.com.tn\/fr\/rentree-scolaire-la-premiere-edition-du-salon-back-to-school-reunit-plus-de-60-exposants-a-tunis\/#breadcrumb"},"inLanguage":"fr-FR","potentialAction":[{"@type":"ReadAction","target":["https:\/\/realites.com.tn\/fr\/rentree-scolaire-la-premiere-edition-du-salon-back-to-school-reunit-plus-de-60-exposants-a-tunis\/"]}]},{"@type":"ImageObject","inLanguage":"fr-FR","@id":"https:\/\/realites.com.tn\/fr\/rentree-scolaire-la-premiere-edition-du-salon-back-to-school-reunit-plus-de-60-exposants-a-tunis\/#primaryimage","url":"https:\/\/realites.com.tn\/fr\/wp-content\/uploads\/2026\/09\/salon-back-to-school-2.jpeg","contentUrl":"https:\/\/realites.com.tn\/fr\/wp-content\/uploads\/2026\/09\/salon-back-to-school-2.jpeg","width":1600,"height":1200},{"@type":"BreadcrumbList","@id":"https:\/\/realites.com.tn\/fr\/rentree-scolaire-la-premiere-edition-du-salon-back-to-school-reunit-plus-de-60-exposants-a-tunis\/#breadcrumb","itemListElement":[{"@type":"ListItem","position":1,"name":"Home","item":"https:\/\/realites.com.tn\/fr\/"},{"@type":"ListItem","position":2,"name":"Rentr\u00e9e scolaire : la premi\u00e8re \u00e9dition du salon \u00ab Back to School \u00bb r\u00e9unit plus de 60 exposants \u00e0 Tunis"}]},{"@type":"WebSite","@id":"https:\/\/realites.com.tn\/fr\/#website","url":"https:\/\/realites.com.tn\/fr\/","name":"R\u00e9alit\u00e9s Magazine","description":"Actualit\u00e9s de la Tunisie","potentialAction":[{"@type":"SearchAction","target":{"@type":"EntryPoint","urlTemplate":"https:\/\/realites.com.tn\/fr\/?s={search_term_string}"},"query-input":{"@type":"PropertyValueSpecification","valueRequired":true,"valueName":"search_term_string"}}],"inLanguage":"fr-FR"},{"@type":"Person","@id":"https:\/\/realites.com.tn\/fr\/#\/schema\/person\/515fe3e54fbbc075df64dd746b52c530","name":"M. A","image":{"@type":"ImageObject","inLanguage":"fr-FR","@id":"https:\/\/realites.com.tn\/fr\/#\/schema\/person\/image\/","url":"https:\/\/secure.gravatar.com\/avatar\/6cb0d0a36abd98854e1d819008d7569a?s=96&d=mm&r=g","contentUrl":"https:\/\/secure.gravatar.com\/avatar\/6cb0d0a36abd98854e1d819008d7569a?s=96&d=mm&r=g","caption":"M. A"},"url":"https:\/\/realites.com.tn\/fr\/author\/ma2025\/"}]}},"jetpack_featured_media_url":"https:\/\/realites.com.tn\/fr\/wp-content\/uploads\/2026\/09\/salon-back-to-school-2.jpeg","jetpack_sharing_enabled":true,"views":14,"_links":{"self":[{"href":"https:\/\/realites.com.tn\/fr\/wp-json\/wp\/v2\/posts\/395001","targetHints":{"allow":["GET"]}}],"collection":[{"href":"https:\/\/realites.com.tn\/fr\/wp-json\/wp\/v2\/posts"}],"about":[{"href":"https:\/\/realites.com.tn\/fr\/wp-json\/wp\/v2\/types\/post"}],"author":[{"embeddable":true,"href":"https:\/\/realites.com.tn\/fr\/wp-json\/wp\/v2\/users\/145"}],"replies":[{"embeddable":true,"href":"https:\/\/realites.com.tn\/fr\/wp-json\/wp\/v2\/comments?post=395001"}],"version-history":[{"count":1,"href":"https:\/\/realites.com.tn\/fr\/wp-json\/wp\/v2\/posts\/395001\/revisions"}],"predecessor-version":[{"id":395007,"href":"https:\/\/realites.com.tn\/fr\/wp-json\/wp\/v2\/posts\/395001\/revisions\/395007"}],"wp:featuredmedia":[{"embeddable":true,"href":"https:\/\/realites.com.tn\/fr\/wp-json\/wp\/v2\/media\/395005"}],"wp:attachment":[{"href":"https:\/\/realites.com.tn\/fr\/wp-json\/wp\/v2\/media?parent=395001"}],"wp:term":[{"taxonomy":"category","embeddable":true,"href":"https:\/\/realites.com.tn\/fr\/wp-json\/wp\/v2\/categories?post=395001"},{"taxonomy":"post_tag","embeddable":true,"href":"https:\/\/realites.com.tn\/fr\/wp-json\/wp\/v2\/tags?post=395001"}],"curies":[{"name":"wp","href":"https:\/\/api.w.org\/{rel}","templated":true}]}}