{"id":395008,"date":"2026-09-03T11:44:01","date_gmt":"2026-09-03T10:44:01","guid":{"rendered":"https:\/\/realites.com.tn\/fr\/?p=395008"},"modified":"2026-09-03T11:53:45","modified_gmt":"2026-09-03T10:53:45","slug":"ugtt-ordre-des-avocats-ltdh-un-cadre-commun-pour-sauver-la-tunisie","status":"publish","type":"post","link":"https:\/\/realites.com.tn\/fr\/ugtt-ordre-des-avocats-ltdh-un-cadre-commun-pour-sauver-la-tunisie\/","title":{"rendered":"UGTT, Ordre des avocats, LTDH : un cadre commun pour \u00ab sauver \u00bb la Tunisie"},"content":{"rendered":"<p><span style=\"font-weight: 400;\">Dans un communiqu\u00e9 conjoint publi\u00e9 le 3 septembre 2026 et intitul\u00e9 \u00ab Tunisie d&rsquo;abord, le peuple avant toute consid\u00e9ration \u00bb, l&rsquo;Union g\u00e9n\u00e9rale tunisienne du travail (UGTT), l&rsquo;Ordre national des avocats de Tunisie et la Ligue tunisienne des droits de l&rsquo;homme (LTDH) dressent un constat s\u00e9v\u00e8re de la situation du pays.<\/span><span style=\"font-weight: 400;\"><br \/>\n<\/span><span style=\"font-weight: 400;\">Les trois organisations estiment que la Tunisie traverse aujourd&rsquo;hui une crise politique, \u00e9conomique et sociale profonde, cons\u00e9quence de choix et de politiques \u201cdont l&rsquo;\u00e9chec \u00e0 r\u00e9soudre les difficult\u00e9s accumul\u00e9es est d\u00e9sormais av\u00e9r\u00e9\u201d. Selon elles, ces choix ont contribu\u00e9 \u00e0 aggraver les souffrances des Tunisiens, en \u00e9rodant leur pouvoir d&rsquo;achat et en \u00e9largissant les cercles de la pauvret\u00e9, du ch\u00f4mage et de la pr\u00e9carit\u00e9, au point que les citoyens ont perdu confiance dans la capacit\u00e9 des institutions de l&rsquo;\u00c9tat \u00e0 r\u00e9pondre \u00e0 leurs revendications l\u00e9gitimes.<\/span><\/p>\n<p><span style=\"font-weight: 400;\">Le communiqu\u00e9 pointe \u00e9galement un recul pr\u00e9occupant dans le domaine des droits et des libert\u00e9s, marqu\u00e9 par un r\u00e9tr\u00e9cissement continu de l&rsquo;espace politique, syndical et civil, ainsi que par des atteintes croissantes \u00e0 l&rsquo;ind\u00e9pendance de la justice et aux garanties d&rsquo;un proc\u00e8s \u00e9quitable. Les organisations ont mis la lumi\u00e8re en outre les conditions de d\u00e9tention dans les prisons jug\u00e9es \u201cincompatibles avec les exigences de dignit\u00e9 humaine et les normes internationales\u201d, de m\u00eame qu&rsquo;un recul de la libert\u00e9 de la presse, avec des pressions sur les voix ind\u00e9pendantes et un ciblage des journalistes.<\/span><\/p>\n<p><span style=\"font-weight: 400;\">Les signataires, \u00e0 savoir Bassem Trifi, pr\u00e9sident de la LTDH, Boubaker Belthabet, b\u00e2tonnier de l&rsquo;Ordre national des avocats de Tunisie, et Salaheddine Selmi, Secr\u00e9taire g\u00e9n\u00e9ral de l&rsquo;UGTT,\u00a0 soulignent que les p\u00e9nuries d&rsquo;eau et d&rsquo;\u00e9lectricit\u00e9, le manque de m\u00e9dicaments et la hausse des prix ne sont plus de simples difficult\u00e9s passag\u00e8res, mais \u201caffectent d\u00e9sormais directement les conditions de vie quotidienne, la dignit\u00e9 et le moral des Tunisiens\u201d. Ils reviennent aussi sur le naufrage de jeunes au large de ben Guerdane, y voyant \u201cl&rsquo;illustration d&rsquo;une migration irr\u00e9guli\u00e8re nourrie par le d\u00e9sespoir, l&rsquo;impasse et la perte d&rsquo;espoir en l&rsquo;avenir\u201d, un ph\u00e9nom\u00e8ne qu&rsquo;ils imputent \u00e0 la responsabilit\u00e9 des autorit\u00e9s dans le traitement de ses causes profondes.<\/span><\/p>\n<p><span style=\"font-weight: 400;\">Le communiqu\u00e9 insiste sur le fait que la responsabilit\u00e9 de la situation actuelle ne peut \u00eatre report\u00e9e sur des tiers, la responsabilit\u00e9 politique compl\u00e8te des choix, d\u00e9cisions et r\u00e9sultats des cinq derni\u00e8res ann\u00e9es incombant, selon les signataires, au pouvoir en place, qui \u201ca g\u00e9r\u00e9 les affaires publiques en dehors de toute logique de dialogue et de participation, dans un contexte de manque de transparence, d&rsquo;opacit\u00e9 sur les donn\u00e9es et de mise \u00e0 l&rsquo;\u00e9cart de toute voix dissidente\u201d.<\/span><\/p>\n<p><span style=\"font-weight: 400;\">Pour l&rsquo;UGTT, l&rsquo;Ordre des avocats et la LTDH, la Tunisie \u201cne peut \u00eatre gouvern\u00e9e par le d\u00e9ni ou le silence\u201d, pas plus que la soci\u00e9t\u00e9 ne peut \u00eatre mise \u00e0 l&rsquo;\u00e9cart des forces vives du pays. Ils affirment que \u201cla sortie de la situation actuelle ne pourra se faire que par une r\u00e9vision globale des choix \u00e9conomiques et sociaux ayant \u00e9chou\u00e9, et par l&rsquo;ouverture d&rsquo;un dialogue soci\u00e9tal s\u00e9rieux menant \u00e0 des solutions \u00e9conomiques et sociales et \u00e0 une volont\u00e9 politique capable de sauver le pays, de pr\u00e9server son unit\u00e9, de garantir les droits et les libert\u00e9s, et de restaurer la confiance et l&rsquo;espoir des Tunisiens\u201d.<\/span><\/p>\n<p><img fetchpriority=\"high\" decoding=\"async\" class=\" wp-image-395012 aligncenter\" src=\"https:\/\/realites.com.tn\/fr\/wp-content\/uploads\/2026\/09\/794097326_1246350771047450_1603466427374881991_n-211x300.jpg\" alt=\"\" width=\"263\" height=\"374\" srcset=\"https:\/\/realites.com.tn\/fr\/wp-content\/uploads\/2026\/09\/794097326_1246350771047450_1603466427374881991_n-211x300.jpg 211w, https:\/\/realites.com.tn\/fr\/wp-content\/uploads\/2026\/09\/794097326_1246350771047450_1603466427374881991_n-719x1024.jpg 719w, https:\/\/realites.com.tn\/fr\/wp-content\/uploads\/2026\/09\/794097326_1246350771047450_1603466427374881991_n-768x1094.jpg 768w, https:\/\/realites.com.tn\/fr\/wp-content\/uploads\/2026\/09\/794097326_1246350771047450_1603466427374881991_n-1078x1536.jpg 1078w, https:\/\/realites.com.tn\/fr\/wp-content\/uploads\/2026\/09\/794097326_1246350771047450_1603466427374881991_n.jpg 1123w\" sizes=\"(max-width: 263px) 100vw, 263px\" \/><\/p>\n<p><span style=\"font-weight: 400;\">Sur cette base, les trois organisations annoncent le lancement d&rsquo;un cadre de coordination commun \u00ab\u00a0pour la Tunisie et les Tunisiens\u00a0\u00bb, fond\u00e9 sur la conviction profonde de la n\u00e9cessit\u00e9 de rester vigilants quant aux acquis du peuple, de prot\u00e9ger les acquis sociaux, de s&rsquo;attacher \u00e0 l&rsquo;\u00c9tat de droit et aux institutions, de pr\u00e9server l&rsquo;ind\u00e9pendance de la soci\u00e9t\u00e9 civile, et de d\u00e9fendre les droits et les libert\u00e9s. Ce cadre se veut ouvert \u00e0 l&rsquo;ensemble des forces vives d\u00e9mocratiques du pays, dans la perspective d&rsquo;ouvrir de nouveaux horizons pour l&rsquo;action commune, de redonner sa place au dialogue et \u00e0 la participation, et de pr\u00e9server l&rsquo;avenir des jeunes g\u00e9n\u00e9rations ainsi que l&rsquo;unit\u00e9, la stabilit\u00e9 et la dignit\u00e9 de la Tunisie.<\/span><\/p>\n","protected":false},"excerpt":{"rendered":"<p>Dans un communiqu\u00e9 conjoint publi\u00e9 le 3 septembre 2026 et intitul\u00e9 \u00ab Tunisie d&rsquo;abord, le peuple avant toute consid\u00e9ration \u00bb, l&rsquo;Union g\u00e9n\u00e9rale tunisienne du travail (UGTT), l&rsquo;Ordre national des avocats&hellip;<\/p>\n","protected":false},"author":144,"featured_media":395010,"comment_status":"open","ping_status":"closed","sticky":false,"template":"","format":"standard","meta":{"_lmt_disableupdate":"no","_lmt_disable":"","_jetpack_memberships_contains_paid_content":false,"footnotes":""},"categories":[3,5],"tags":[4845,3878,3736,1120,1186],"class_list":["post-395008","post","type-post","status-publish","format-standard","has-post-thumbnail","hentry","category-a-la-une","category-politique","tag-ltdh","tag-onat","tag-realites-online","tag-tunisie","tag-ugtt"],"yoast_head":"<!-- This site is optimized with the Yoast SEO plugin v26.3 - https:\/\/yoast.com\/wordpress\/plugins\/seo\/ -->\n<title>UGTT, Ordre des avocats, LTDH : un cadre commun pour \u00ab sauver \u00bb la Tunisie - R\u00e9alit\u00e9s Magazine<\/title>\n<meta name=\"description\" content=\"Dans un communiqu\u00e9 conjoint publi\u00e9 le 3 septembre 2026 et intitul\u00e9 \u00ab Tunisie d&#039;abord, le peuple avant toute consid\u00e9ration \u00bb, l&#039;Union g\u00e9n\u00e9rale tunisienne\" \/>\n<meta name=\"robots\" content=\"index, follow, max-snippet:-1, max-image-preview:large, max-video-preview:-1\" \/>\n<link rel=\"canonical\" href=\"https:\/\/realites.com.tn\/fr\/ugtt-ordre-des-avocats-ltdh-un-cadre-commun-pour-sauver-la-tunisie\/\" \/>\n<meta property=\"og:locale\" content=\"fr_FR\" \/>\n<meta property=\"og:type\" content=\"article\" \/>\n<meta property=\"og:title\" content=\"UGTT, Ordre des avocats, LTDH : un cadre commun pour \u00ab sauver \u00bb la Tunisie - R\u00e9alit\u00e9s Magazine\" \/>\n<meta property=\"og:description\" content=\"Dans un communiqu\u00e9 conjoint publi\u00e9 le 3 septembre 2026 et intitul\u00e9 \u00ab Tunisie d&#039;abord, le peuple avant toute consid\u00e9ration \u00bb, l&#039;Union g\u00e9n\u00e9rale tunisienne\" \/>\n<meta property=\"og:url\" content=\"https:\/\/realites.com.tn\/fr\/ugtt-ordre-des-avocats-ltdh-un-cadre-commun-pour-sauver-la-tunisie\/\" \/>\n<meta property=\"og:site_name\" content=\"R\u00e9alit\u00e9s Magazine\" \/>\n<meta property=\"article:publisher\" content=\"https:\/\/www.facebook.com\/realites.tn\/\" \/>\n<meta property=\"article:published_time\" content=\"2026-09-03T10:44:01+00:00\" \/>\n<meta property=\"article:modified_time\" content=\"2026-09-03T10:53:45+00:00\" \/>\n<meta property=\"og:image\" content=\"https:\/\/realites.com.tn\/fr\/wp-content\/uploads\/2026\/09\/791276669_1072104621887347_4015381727302584450_n.jpg\" \/>\n\t<meta property=\"og:image:width\" content=\"2048\" \/>\n\t<meta property=\"og:image:height\" content=\"1536\" \/>\n\t<meta property=\"og:image:type\" content=\"image\/jpeg\" \/>\n<meta name=\"author\" content=\"WKB\" \/>\n<meta name=\"twitter:card\" content=\"summary_large_image\" \/>\n<meta name=\"twitter:label1\" content=\"\u00c9crit par\" \/>\n\t<meta name=\"twitter:data1\" content=\"WKB\" \/>\n\t<meta name=\"twitter:label2\" content=\"Dur\u00e9e de lecture estim\u00e9e\" \/>\n\t<meta name=\"twitter:data2\" content=\"4 minutes\" \/>\n<script type=\"application\/ld+json\" class=\"yoast-schema-graph\">{\"@context\":\"https:\/\/schema.org\",\"@graph\":[{\"@type\":\"WebPage\",\"@id\":\"https:\/\/realites.com.tn\/fr\/ugtt-ordre-des-avocats-ltdh-un-cadre-commun-pour-sauver-la-tunisie\/\",\"url\":\"https:\/\/realites.com.tn\/fr\/ugtt-ordre-des-avocats-ltdh-un-cadre-commun-pour-sauver-la-tunisie\/\",\"name\":\"UGTT, Ordre des avocats, LTDH : un cadre commun pour \u00ab sauver \u00bb la Tunisie - R\u00e9alit\u00e9s Magazine\",\"isPartOf\":{\"@id\":\"https:\/\/realites.com.tn\/fr\/#website\"},\"primaryImageOfPage\":{\"@id\":\"https:\/\/realites.com.tn\/fr\/ugtt-ordre-des-avocats-ltdh-un-cadre-commun-pour-sauver-la-tunisie\/#primaryimage\"},\"image\":{\"@id\":\"https:\/\/realites.com.tn\/fr\/ugtt-ordre-des-avocats-ltdh-un-cadre-commun-pour-sauver-la-tunisie\/#primaryimage\"},\"thumbnailUrl\":\"https:\/\/realites.com.tn\/fr\/wp-content\/uploads\/2026\/09\/791276669_1072104621887347_4015381727302584450_n.jpg\",\"datePublished\":\"2026-09-03T10:44:01+00:00\",\"dateModified\":\"2026-09-03T10:53:45+00:00\",\"author\":{\"@id\":\"https:\/\/realites.com.tn\/fr\/#\/schema\/person\/3017fbbf260e8228acd3e8ebf0cdd37f\"},\"description\":\"Dans un communiqu\u00e9 conjoint publi\u00e9 le 3 septembre 2026 et intitul\u00e9 \u00ab Tunisie d'abord, le peuple avant toute consid\u00e9ration \u00bb, l'Union g\u00e9n\u00e9rale tunisienne\",\"breadcrumb\":{\"@id\":\"https:\/\/realites.com.tn\/fr\/ugtt-ordre-des-avocats-ltdh-un-cadre-commun-pour-sauver-la-tunisie\/#breadcrumb\"},\"inLanguage\":\"fr-FR\",\"potentialAction\":[{\"@type\":\"ReadAction\",\"target\":[\"https:\/\/realites.com.tn\/fr\/ugtt-ordre-des-avocats-ltdh-un-cadre-commun-pour-sauver-la-tunisie\/\"]}]},{\"@type\":\"ImageObject\",\"inLanguage\":\"fr-FR\",\"@id\":\"https:\/\/realites.com.tn\/fr\/ugtt-ordre-des-avocats-ltdh-un-cadre-commun-pour-sauver-la-tunisie\/#primaryimage\",\"url\":\"https:\/\/realites.com.tn\/fr\/wp-content\/uploads\/2026\/09\/791276669_1072104621887347_4015381727302584450_n.jpg\",\"contentUrl\":\"https:\/\/realites.com.tn\/fr\/wp-content\/uploads\/2026\/09\/791276669_1072104621887347_4015381727302584450_n.jpg\",\"width\":2048,\"height\":1536},{\"@type\":\"BreadcrumbList\",\"@id\":\"https:\/\/realites.com.tn\/fr\/ugtt-ordre-des-avocats-ltdh-un-cadre-commun-pour-sauver-la-tunisie\/#breadcrumb\",\"itemListElement\":[{\"@type\":\"ListItem\",\"position\":1,\"name\":\"Home\",\"item\":\"https:\/\/realites.com.tn\/fr\/\"},{\"@type\":\"ListItem\",\"position\":2,\"name\":\"UGTT, Ordre des avocats, LTDH : un cadre commun pour \u00ab sauver \u00bb la Tunisie\"}]},{\"@type\":\"WebSite\",\"@id\":\"https:\/\/realites.com.tn\/fr\/#website\",\"url\":\"https:\/\/realites.com.tn\/fr\/\",\"name\":\"R\u00e9alit\u00e9s Magazine\",\"description\":\"Actualit\u00e9s de la Tunisie\",\"potentialAction\":[{\"@type\":\"SearchAction\",\"target\":{\"@type\":\"EntryPoint\",\"urlTemplate\":\"https:\/\/realites.com.tn\/fr\/?s={search_term_string}\"},\"query-input\":{\"@type\":\"PropertyValueSpecification\",\"valueRequired\":true,\"valueName\":\"search_term_string\"}}],\"inLanguage\":\"fr-FR\"},{\"@type\":\"Person\",\"@id\":\"https:\/\/realites.com.tn\/fr\/#\/schema\/person\/3017fbbf260e8228acd3e8ebf0cdd37f\",\"name\":\"WKB\",\"image\":{\"@type\":\"ImageObject\",\"inLanguage\":\"fr-FR\",\"@id\":\"https:\/\/realites.com.tn\/fr\/#\/schema\/person\/image\/\",\"url\":\"https:\/\/secure.gravatar.com\/avatar\/90f27863f4f5326a9b64d42421f4a20f?s=96&d=mm&r=g\",\"contentUrl\":\"https:\/\/secure.gravatar.com\/avatar\/90f27863f4f5326a9b64d42421f4a20f?s=96&d=mm&r=g\",\"caption\":\"WKB\"},\"url\":\"https:\/\/realites.com.tn\/fr\/author\/wkb2025\/\"}]}<\/script>\n<!-- \/ Yoast SEO plugin. -->","yoast_head_json":{"title":"UGTT, Ordre des avocats, LTDH : un cadre commun pour \u00ab sauver \u00bb la Tunisie - R\u00e9alit\u00e9s Magazine","description":"Dans un communiqu\u00e9 conjoint publi\u00e9 le 3 septembre 2026 et intitul\u00e9 \u00ab Tunisie d'abord, le peuple avant toute consid\u00e9ration \u00bb, l'Union g\u00e9n\u00e9rale tunisienne","robots":{"index":"index","follow":"follow","max-snippet":"max-snippet:-1","max-image-preview":"max-image-preview:large","max-video-preview":"max-video-preview:-1"},"canonical":"https:\/\/realites.com.tn\/fr\/ugtt-ordre-des-avocats-ltdh-un-cadre-commun-pour-sauver-la-tunisie\/","og_locale":"fr_FR","og_type":"article","og_title":"UGTT, Ordre des avocats, LTDH : un cadre commun pour \u00ab sauver \u00bb la Tunisie - R\u00e9alit\u00e9s Magazine","og_description":"Dans un communiqu\u00e9 conjoint publi\u00e9 le 3 septembre 2026 et intitul\u00e9 \u00ab Tunisie d'abord, le peuple avant toute consid\u00e9ration \u00bb, l'Union g\u00e9n\u00e9rale tunisienne","og_url":"https:\/\/realites.com.tn\/fr\/ugtt-ordre-des-avocats-ltdh-un-cadre-commun-pour-sauver-la-tunisie\/","og_site_name":"R\u00e9alit\u00e9s Magazine","article_publisher":"https:\/\/www.facebook.com\/realites.tn\/","article_published_time":"2026-09-03T10:44:01+00:00","article_modified_time":"2026-09-03T10:53:45+00:00","og_image":[{"width":2048,"height":1536,"url":"https:\/\/realites.com.tn\/fr\/wp-content\/uploads\/2026\/09\/791276669_1072104621887347_4015381727302584450_n.jpg","type":"image\/jpeg"}],"author":"WKB","twitter_card":"summary_large_image","twitter_misc":{"\u00c9crit par":"WKB","Dur\u00e9e de lecture estim\u00e9e":"4 minutes"},"schema":{"@context":"https:\/\/schema.org","@graph":[{"@type":"WebPage","@id":"https:\/\/realites.com.tn\/fr\/ugtt-ordre-des-avocats-ltdh-un-cadre-commun-pour-sauver-la-tunisie\/","url":"https:\/\/realites.com.tn\/fr\/ugtt-ordre-des-avocats-ltdh-un-cadre-commun-pour-sauver-la-tunisie\/","name":"UGTT, Ordre des avocats, LTDH : un cadre commun pour \u00ab sauver \u00bb la Tunisie - R\u00e9alit\u00e9s Magazine","isPartOf":{"@id":"https:\/\/realites.com.tn\/fr\/#website"},"primaryImageOfPage":{"@id":"https:\/\/realites.com.tn\/fr\/ugtt-ordre-des-avocats-ltdh-un-cadre-commun-pour-sauver-la-tunisie\/#primaryimage"},"image":{"@id":"https:\/\/realites.com.tn\/fr\/ugtt-ordre-des-avocats-ltdh-un-cadre-commun-pour-sauver-la-tunisie\/#primaryimage"},"thumbnailUrl":"https:\/\/realites.com.tn\/fr\/wp-content\/uploads\/2026\/09\/791276669_1072104621887347_4015381727302584450_n.jpg","datePublished":"2026-09-03T10:44:01+00:00","dateModified":"2026-09-03T10:53:45+00:00","author":{"@id":"https:\/\/realites.com.tn\/fr\/#\/schema\/person\/3017fbbf260e8228acd3e8ebf0cdd37f"},"description":"Dans un communiqu\u00e9 conjoint publi\u00e9 le 3 septembre 2026 et intitul\u00e9 \u00ab Tunisie d'abord, le peuple avant toute consid\u00e9ration \u00bb, l'Union g\u00e9n\u00e9rale tunisienne","breadcrumb":{"@id":"https:\/\/realites.com.tn\/fr\/ugtt-ordre-des-avocats-ltdh-un-cadre-commun-pour-sauver-la-tunisie\/#breadcrumb"},"inLanguage":"fr-FR","potentialAction":[{"@type":"ReadAction","target":["https:\/\/realites.com.tn\/fr\/ugtt-ordre-des-avocats-ltdh-un-cadre-commun-pour-sauver-la-tunisie\/"]}]},{"@type":"ImageObject","inLanguage":"fr-FR","@id":"https:\/\/realites.com.tn\/fr\/ugtt-ordre-des-avocats-ltdh-un-cadre-commun-pour-sauver-la-tunisie\/#primaryimage","url":"https:\/\/realites.com.tn\/fr\/wp-content\/uploads\/2026\/09\/791276669_1072104621887347_4015381727302584450_n.jpg","contentUrl":"https:\/\/realites.com.tn\/fr\/wp-content\/uploads\/2026\/09\/791276669_1072104621887347_4015381727302584450_n.jpg","width":2048,"height":1536},{"@type":"BreadcrumbList","@id":"https:\/\/realites.com.tn\/fr\/ugtt-ordre-des-avocats-ltdh-un-cadre-commun-pour-sauver-la-tunisie\/#breadcrumb","itemListElement":[{"@type":"ListItem","position":1,"name":"Home","item":"https:\/\/realites.com.tn\/fr\/"},{"@type":"ListItem","position":2,"name":"UGTT, Ordre des avocats, LTDH : un cadre commun pour \u00ab sauver \u00bb la Tunisie"}]},{"@type":"WebSite","@id":"https:\/\/realites.com.tn\/fr\/#website","url":"https:\/\/realites.com.tn\/fr\/","name":"R\u00e9alit\u00e9s Magazine","description":"Actualit\u00e9s de la Tunisie","potentialAction":[{"@type":"SearchAction","target":{"@type":"EntryPoint","urlTemplate":"https:\/\/realites.com.tn\/fr\/?s={search_term_string}"},"query-input":{"@type":"PropertyValueSpecification","valueRequired":true,"valueName":"search_term_string"}}],"inLanguage":"fr-FR"},{"@type":"Person","@id":"https:\/\/realites.com.tn\/fr\/#\/schema\/person\/3017fbbf260e8228acd3e8ebf0cdd37f","name":"WKB","image":{"@type":"ImageObject","inLanguage":"fr-FR","@id":"https:\/\/realites.com.tn\/fr\/#\/schema\/person\/image\/","url":"https:\/\/secure.gravatar.com\/avatar\/90f27863f4f5326a9b64d42421f4a20f?s=96&d=mm&r=g","contentUrl":"https:\/\/secure.gravatar.com\/avatar\/90f27863f4f5326a9b64d42421f4a20f?s=96&d=mm&r=g","caption":"WKB"},"url":"https:\/\/realites.com.tn\/fr\/author\/wkb2025\/"}]}},"jetpack_featured_media_url":"https:\/\/realites.com.tn\/fr\/wp-content\/uploads\/2026\/09\/791276669_1072104621887347_4015381727302584450_n.jpg","jetpack_sharing_enabled":true,"views":24,"_links":{"self":[{"href":"https:\/\/realites.com.tn\/fr\/wp-json\/wp\/v2\/posts\/395008","targetHints":{"allow":["GET"]}}],"collection":[{"href":"https:\/\/realites.com.tn\/fr\/wp-json\/wp\/v2\/posts"}],"about":[{"href":"https:\/\/realites.com.tn\/fr\/wp-json\/wp\/v2\/types\/post"}],"author":[{"embeddable":true,"href":"https:\/\/realites.com.tn\/fr\/wp-json\/wp\/v2\/users\/144"}],"replies":[{"embeddable":true,"href":"https:\/\/realites.com.tn\/fr\/wp-json\/wp\/v2\/comments?post=395008"}],"version-history":[{"count":2,"href":"https:\/\/realites.com.tn\/fr\/wp-json\/wp\/v2\/posts\/395008\/revisions"}],"predecessor-version":[{"id":395015,"href":"https:\/\/realites.com.tn\/fr\/wp-json\/wp\/v2\/posts\/395008\/revisions\/395015"}],"wp:featuredmedia":[{"embeddable":true,"href":"https:\/\/realites.com.tn\/fr\/wp-json\/wp\/v2\/media\/395010"}],"wp:attachment":[{"href":"https:\/\/realites.com.tn\/fr\/wp-json\/wp\/v2\/media?parent=395008"}],"wp:term":[{"taxonomy":"category","embeddable":true,"href":"https:\/\/realites.com.tn\/fr\/wp-json\/wp\/v2\/categories?post=395008"},{"taxonomy":"post_tag","embeddable":true,"href":"https:\/\/realites.com.tn\/fr\/wp-json\/wp\/v2\/tags?post=395008"}],"curies":[{"name":"wp","href":"https:\/\/api.w.org\/{rel}","templated":true}]}}