{"id":395014,"date":"2026-09-03T12:09:47","date_gmt":"2026-09-03T11:09:47","guid":{"rendered":"https:\/\/realites.com.tn\/fr\/?p=395014"},"modified":"2026-09-03T12:09:47","modified_gmt":"2026-09-03T11:09:47","slug":"bizerte-zeineb-une-fillette-de-12-ans-portee-disparue-depuis-trois-jours","status":"publish","type":"post","link":"https:\/\/realites.com.tn\/fr\/bizerte-zeineb-une-fillette-de-12-ans-portee-disparue-depuis-trois-jours\/","title":{"rendered":"Bizerte : Zeineb, une fillette de 12 ans port\u00e9e disparue depuis trois jours"},"content":{"rendered":"<p class=\"isSelectedEnd\">Une fillette \u00e2g\u00e9e de 12 ans, identifi\u00e9e comme Zeineb Jebri, est port\u00e9e disparue depuis trois jours dans la r\u00e9gion de Bir Massiougha, gouvernorat de Bizerte, selon un appel \u00e0 t\u00e9moins relay\u00e9 jeudi 3 septembre 2026 sur les r\u00e9seaux sociaux.<\/p>\n<p class=\"isSelectedEnd\">D\u2019apr\u00e8s les informations publi\u00e9es, la jeune fille aurait quitt\u00e9 son domicile pour se rendre \u00e0 une s\u00e9ance d\u2019\u00e9tude dans son quartier, mais n\u2019est pas rentr\u00e9e chez elle depuis. Sa famille demeure sans nouvelles d\u2019elle depuis sa disparition.<\/p>\n<p class=\"isSelectedEnd\">Un appel est lanc\u00e9 \u00e0 toute personne susceptible de d\u00e9tenir des informations permettant de la retrouver et d\u2019en informer sa famille ou les autorit\u00e9s comp\u00e9tentes.<\/p>\n<p class=\"isSelectedEnd\">Toute information susceptible d\u2019aider \u00e0 localiser la fillette doit \u00eatre communiqu\u00e9e rapidement aux services de s\u00e9curit\u00e9 ou \u00e0 sa famille.<\/p>\n<p>Les circonstances de sa disparition et les recherches engag\u00e9es par les autorit\u00e9s restent \u00e0 pr\u00e9ciser.<\/p>\n","protected":false},"excerpt":{"rendered":"<p>Une fillette \u00e2g\u00e9e de 12 ans, identifi\u00e9e comme Zeineb Jebri, est port\u00e9e disparue depuis trois jours dans la r\u00e9gion de Bir Massiougha, gouvernorat de Bizerte, selon un appel \u00e0 t\u00e9moins&hellip;<\/p>\n","protected":false},"author":145,"featured_media":395016,"comment_status":"open","ping_status":"closed","sticky":false,"template":"","format":"standard","meta":{"_lmt_disableupdate":"","_lmt_disable":"","_jetpack_memberships_contains_paid_content":false,"footnotes":""},"categories":[4,9],"tags":[1631],"class_list":["post-395014","post","type-post","status-publish","format-standard","has-post-thumbnail","hentry","category-actualites","category-societe","tag-bizerte"],"yoast_head":"<!-- This site is optimized with the Yoast SEO plugin v26.3 - https:\/\/yoast.com\/wordpress\/plugins\/seo\/ -->\n<title>Bizerte : Zeineb, une fillette de 12 ans port\u00e9e disparue depuis trois jours - R\u00e9alit\u00e9s Magazine<\/title>\n<meta name=\"description\" content=\"Une fillette \u00e2g\u00e9e de 12 ans, identifi\u00e9e comme Zeineb Jebri, est port\u00e9e disparue depuis trois jours dans la r\u00e9gion de Bir Massiougha, gouvernorat de\" \/>\n<meta name=\"robots\" content=\"index, follow, max-snippet:-1, max-image-preview:large, max-video-preview:-1\" \/>\n<link rel=\"canonical\" href=\"https:\/\/realites.com.tn\/fr\/bizerte-zeineb-une-fillette-de-12-ans-portee-disparue-depuis-trois-jours\/\" \/>\n<meta property=\"og:locale\" content=\"fr_FR\" \/>\n<meta property=\"og:type\" content=\"article\" \/>\n<meta property=\"og:title\" content=\"Bizerte : Zeineb, une fillette de 12 ans port\u00e9e disparue depuis trois jours - R\u00e9alit\u00e9s Magazine\" \/>\n<meta property=\"og:description\" content=\"Une fillette \u00e2g\u00e9e de 12 ans, identifi\u00e9e comme Zeineb Jebri, est port\u00e9e disparue depuis trois jours dans la r\u00e9gion de Bir Massiougha, gouvernorat de\" \/>\n<meta property=\"og:url\" content=\"https:\/\/realites.com.tn\/fr\/bizerte-zeineb-une-fillette-de-12-ans-portee-disparue-depuis-trois-jours\/\" \/>\n<meta property=\"og:site_name\" content=\"R\u00e9alit\u00e9s Magazine\" \/>\n<meta property=\"article:publisher\" content=\"https:\/\/www.facebook.com\/realites.tn\/\" \/>\n<meta property=\"article:published_time\" content=\"2026-09-03T11:09:47+00:00\" \/>\n<meta property=\"og:image\" content=\"https:\/\/realites.com.tn\/fr\/wp-content\/uploads\/2026\/09\/zeineb-1.jpg\" \/>\n\t<meta property=\"og:image:width\" content=\"675\" \/>\n\t<meta property=\"og:image:height\" content=\"827\" \/>\n\t<meta property=\"og:image:type\" content=\"image\/jpeg\" \/>\n<meta name=\"author\" content=\"M. A\" \/>\n<meta name=\"twitter:card\" content=\"summary_large_image\" \/>\n<meta name=\"twitter:label1\" content=\"\u00c9crit par\" \/>\n\t<meta name=\"twitter:data1\" content=\"M. A\" \/>\n\t<meta name=\"twitter:label2\" content=\"Dur\u00e9e de lecture estim\u00e9e\" \/>\n\t<meta name=\"twitter:data2\" content=\"1 minute\" \/>\n<script type=\"application\/ld+json\" class=\"yoast-schema-graph\">{\"@context\":\"https:\/\/schema.org\",\"@graph\":[{\"@type\":\"WebPage\",\"@id\":\"https:\/\/realites.com.tn\/fr\/bizerte-zeineb-une-fillette-de-12-ans-portee-disparue-depuis-trois-jours\/\",\"url\":\"https:\/\/realites.com.tn\/fr\/bizerte-zeineb-une-fillette-de-12-ans-portee-disparue-depuis-trois-jours\/\",\"name\":\"Bizerte : Zeineb, une fillette de 12 ans port\u00e9e disparue depuis trois jours - R\u00e9alit\u00e9s Magazine\",\"isPartOf\":{\"@id\":\"https:\/\/realites.com.tn\/fr\/#website\"},\"primaryImageOfPage\":{\"@id\":\"https:\/\/realites.com.tn\/fr\/bizerte-zeineb-une-fillette-de-12-ans-portee-disparue-depuis-trois-jours\/#primaryimage\"},\"image\":{\"@id\":\"https:\/\/realites.com.tn\/fr\/bizerte-zeineb-une-fillette-de-12-ans-portee-disparue-depuis-trois-jours\/#primaryimage\"},\"thumbnailUrl\":\"https:\/\/realites.com.tn\/fr\/wp-content\/uploads\/2026\/09\/zeineb-1.jpg\",\"datePublished\":\"2026-09-03T11:09:47+00:00\",\"author\":{\"@id\":\"https:\/\/realites.com.tn\/fr\/#\/schema\/person\/515fe3e54fbbc075df64dd746b52c530\"},\"description\":\"Une fillette \u00e2g\u00e9e de 12 ans, identifi\u00e9e comme Zeineb Jebri, est port\u00e9e disparue depuis trois jours dans la r\u00e9gion de Bir Massiougha, gouvernorat de\",\"breadcrumb\":{\"@id\":\"https:\/\/realites.com.tn\/fr\/bizerte-zeineb-une-fillette-de-12-ans-portee-disparue-depuis-trois-jours\/#breadcrumb\"},\"inLanguage\":\"fr-FR\",\"potentialAction\":[{\"@type\":\"ReadAction\",\"target\":[\"https:\/\/realites.com.tn\/fr\/bizerte-zeineb-une-fillette-de-12-ans-portee-disparue-depuis-trois-jours\/\"]}]},{\"@type\":\"ImageObject\",\"inLanguage\":\"fr-FR\",\"@id\":\"https:\/\/realites.com.tn\/fr\/bizerte-zeineb-une-fillette-de-12-ans-portee-disparue-depuis-trois-jours\/#primaryimage\",\"url\":\"https:\/\/realites.com.tn\/fr\/wp-content\/uploads\/2026\/09\/zeineb-1.jpg\",\"contentUrl\":\"https:\/\/realites.com.tn\/fr\/wp-content\/uploads\/2026\/09\/zeineb-1.jpg\",\"width\":675,\"height\":827},{\"@type\":\"BreadcrumbList\",\"@id\":\"https:\/\/realites.com.tn\/fr\/bizerte-zeineb-une-fillette-de-12-ans-portee-disparue-depuis-trois-jours\/#breadcrumb\",\"itemListElement\":[{\"@type\":\"ListItem\",\"position\":1,\"name\":\"Home\",\"item\":\"https:\/\/realites.com.tn\/fr\/\"},{\"@type\":\"ListItem\",\"position\":2,\"name\":\"Bizerte : Zeineb, une fillette de 12 ans port\u00e9e disparue depuis trois jours\"}]},{\"@type\":\"WebSite\",\"@id\":\"https:\/\/realites.com.tn\/fr\/#website\",\"url\":\"https:\/\/realites.com.tn\/fr\/\",\"name\":\"R\u00e9alit\u00e9s Magazine\",\"description\":\"Actualit\u00e9s de la Tunisie\",\"potentialAction\":[{\"@type\":\"SearchAction\",\"target\":{\"@type\":\"EntryPoint\",\"urlTemplate\":\"https:\/\/realites.com.tn\/fr\/?s={search_term_string}\"},\"query-input\":{\"@type\":\"PropertyValueSpecification\",\"valueRequired\":true,\"valueName\":\"search_term_string\"}}],\"inLanguage\":\"fr-FR\"},{\"@type\":\"Person\",\"@id\":\"https:\/\/realites.com.tn\/fr\/#\/schema\/person\/515fe3e54fbbc075df64dd746b52c530\",\"name\":\"M. A\",\"image\":{\"@type\":\"ImageObject\",\"inLanguage\":\"fr-FR\",\"@id\":\"https:\/\/realites.com.tn\/fr\/#\/schema\/person\/image\/\",\"url\":\"https:\/\/secure.gravatar.com\/avatar\/6cb0d0a36abd98854e1d819008d7569a?s=96&d=mm&r=g\",\"contentUrl\":\"https:\/\/secure.gravatar.com\/avatar\/6cb0d0a36abd98854e1d819008d7569a?s=96&d=mm&r=g\",\"caption\":\"M. A\"},\"url\":\"https:\/\/realites.com.tn\/fr\/author\/ma2025\/\"}]}<\/script>\n<!-- \/ Yoast SEO plugin. -->","yoast_head_json":{"title":"Bizerte : Zeineb, une fillette de 12 ans port\u00e9e disparue depuis trois jours - R\u00e9alit\u00e9s Magazine","description":"Une fillette \u00e2g\u00e9e de 12 ans, identifi\u00e9e comme Zeineb Jebri, est port\u00e9e disparue depuis trois jours dans la r\u00e9gion de Bir Massiougha, gouvernorat de","robots":{"index":"index","follow":"follow","max-snippet":"max-snippet:-1","max-image-preview":"max-image-preview:large","max-video-preview":"max-video-preview:-1"},"canonical":"https:\/\/realites.com.tn\/fr\/bizerte-zeineb-une-fillette-de-12-ans-portee-disparue-depuis-trois-jours\/","og_locale":"fr_FR","og_type":"article","og_title":"Bizerte : Zeineb, une fillette de 12 ans port\u00e9e disparue depuis trois jours - R\u00e9alit\u00e9s Magazine","og_description":"Une fillette \u00e2g\u00e9e de 12 ans, identifi\u00e9e comme Zeineb Jebri, est port\u00e9e disparue depuis trois jours dans la r\u00e9gion de Bir Massiougha, gouvernorat de","og_url":"https:\/\/realites.com.tn\/fr\/bizerte-zeineb-une-fillette-de-12-ans-portee-disparue-depuis-trois-jours\/","og_site_name":"R\u00e9alit\u00e9s Magazine","article_publisher":"https:\/\/www.facebook.com\/realites.tn\/","article_published_time":"2026-09-03T11:09:47+00:00","og_image":[{"width":675,"height":827,"url":"https:\/\/realites.com.tn\/fr\/wp-content\/uploads\/2026\/09\/zeineb-1.jpg","type":"image\/jpeg"}],"author":"M. A","twitter_card":"summary_large_image","twitter_misc":{"\u00c9crit par":"M. A","Dur\u00e9e de lecture estim\u00e9e":"1 minute"},"schema":{"@context":"https:\/\/schema.org","@graph":[{"@type":"WebPage","@id":"https:\/\/realites.com.tn\/fr\/bizerte-zeineb-une-fillette-de-12-ans-portee-disparue-depuis-trois-jours\/","url":"https:\/\/realites.com.tn\/fr\/bizerte-zeineb-une-fillette-de-12-ans-portee-disparue-depuis-trois-jours\/","name":"Bizerte : Zeineb, une fillette de 12 ans port\u00e9e disparue depuis trois jours - R\u00e9alit\u00e9s Magazine","isPartOf":{"@id":"https:\/\/realites.com.tn\/fr\/#website"},"primaryImageOfPage":{"@id":"https:\/\/realites.com.tn\/fr\/bizerte-zeineb-une-fillette-de-12-ans-portee-disparue-depuis-trois-jours\/#primaryimage"},"image":{"@id":"https:\/\/realites.com.tn\/fr\/bizerte-zeineb-une-fillette-de-12-ans-portee-disparue-depuis-trois-jours\/#primaryimage"},"thumbnailUrl":"https:\/\/realites.com.tn\/fr\/wp-content\/uploads\/2026\/09\/zeineb-1.jpg","datePublished":"2026-09-03T11:09:47+00:00","author":{"@id":"https:\/\/realites.com.tn\/fr\/#\/schema\/person\/515fe3e54fbbc075df64dd746b52c530"},"description":"Une fillette \u00e2g\u00e9e de 12 ans, identifi\u00e9e comme Zeineb Jebri, est port\u00e9e disparue depuis trois jours dans la r\u00e9gion de Bir Massiougha, gouvernorat de","breadcrumb":{"@id":"https:\/\/realites.com.tn\/fr\/bizerte-zeineb-une-fillette-de-12-ans-portee-disparue-depuis-trois-jours\/#breadcrumb"},"inLanguage":"fr-FR","potentialAction":[{"@type":"ReadAction","target":["https:\/\/realites.com.tn\/fr\/bizerte-zeineb-une-fillette-de-12-ans-portee-disparue-depuis-trois-jours\/"]}]},{"@type":"ImageObject","inLanguage":"fr-FR","@id":"https:\/\/realites.com.tn\/fr\/bizerte-zeineb-une-fillette-de-12-ans-portee-disparue-depuis-trois-jours\/#primaryimage","url":"https:\/\/realites.com.tn\/fr\/wp-content\/uploads\/2026\/09\/zeineb-1.jpg","contentUrl":"https:\/\/realites.com.tn\/fr\/wp-content\/uploads\/2026\/09\/zeineb-1.jpg","width":675,"height":827},{"@type":"BreadcrumbList","@id":"https:\/\/realites.com.tn\/fr\/bizerte-zeineb-une-fillette-de-12-ans-portee-disparue-depuis-trois-jours\/#breadcrumb","itemListElement":[{"@type":"ListItem","position":1,"name":"Home","item":"https:\/\/realites.com.tn\/fr\/"},{"@type":"ListItem","position":2,"name":"Bizerte : Zeineb, une fillette de 12 ans port\u00e9e disparue depuis trois jours"}]},{"@type":"WebSite","@id":"https:\/\/realites.com.tn\/fr\/#website","url":"https:\/\/realites.com.tn\/fr\/","name":"R\u00e9alit\u00e9s Magazine","description":"Actualit\u00e9s de la Tunisie","potentialAction":[{"@type":"SearchAction","target":{"@type":"EntryPoint","urlTemplate":"https:\/\/realites.com.tn\/fr\/?s={search_term_string}"},"query-input":{"@type":"PropertyValueSpecification","valueRequired":true,"valueName":"search_term_string"}}],"inLanguage":"fr-FR"},{"@type":"Person","@id":"https:\/\/realites.com.tn\/fr\/#\/schema\/person\/515fe3e54fbbc075df64dd746b52c530","name":"M. A","image":{"@type":"ImageObject","inLanguage":"fr-FR","@id":"https:\/\/realites.com.tn\/fr\/#\/schema\/person\/image\/","url":"https:\/\/secure.gravatar.com\/avatar\/6cb0d0a36abd98854e1d819008d7569a?s=96&d=mm&r=g","contentUrl":"https:\/\/secure.gravatar.com\/avatar\/6cb0d0a36abd98854e1d819008d7569a?s=96&d=mm&r=g","caption":"M. A"},"url":"https:\/\/realites.com.tn\/fr\/author\/ma2025\/"}]}},"jetpack_featured_media_url":"https:\/\/realites.com.tn\/fr\/wp-content\/uploads\/2026\/09\/zeineb-1.jpg","jetpack_sharing_enabled":true,"views":15,"_links":{"self":[{"href":"https:\/\/realites.com.tn\/fr\/wp-json\/wp\/v2\/posts\/395014","targetHints":{"allow":["GET"]}}],"collection":[{"href":"https:\/\/realites.com.tn\/fr\/wp-json\/wp\/v2\/posts"}],"about":[{"href":"https:\/\/realites.com.tn\/fr\/wp-json\/wp\/v2\/types\/post"}],"author":[{"embeddable":true,"href":"https:\/\/realites.com.tn\/fr\/wp-json\/wp\/v2\/users\/145"}],"replies":[{"embeddable":true,"href":"https:\/\/realites.com.tn\/fr\/wp-json\/wp\/v2\/comments?post=395014"}],"version-history":[{"count":1,"href":"https:\/\/realites.com.tn\/fr\/wp-json\/wp\/v2\/posts\/395014\/revisions"}],"predecessor-version":[{"id":395017,"href":"https:\/\/realites.com.tn\/fr\/wp-json\/wp\/v2\/posts\/395014\/revisions\/395017"}],"wp:featuredmedia":[{"embeddable":true,"href":"https:\/\/realites.com.tn\/fr\/wp-json\/wp\/v2\/media\/395016"}],"wp:attachment":[{"href":"https:\/\/realites.com.tn\/fr\/wp-json\/wp\/v2\/media?parent=395014"}],"wp:term":[{"taxonomy":"category","embeddable":true,"href":"https:\/\/realites.com.tn\/fr\/wp-json\/wp\/v2\/categories?post=395014"},{"taxonomy":"post_tag","embeddable":true,"href":"https:\/\/realites.com.tn\/fr\/wp-json\/wp\/v2\/tags?post=395014"}],"curies":[{"name":"wp","href":"https:\/\/api.w.org\/{rel}","templated":true}]}}