{"id":395018,"date":"2026-09-03T21:07:49","date_gmt":"2026-09-03T20:07:49","guid":{"rendered":"https:\/\/realites.com.tn\/fr\/?p=395018"},"modified":"2026-09-03T21:07:49","modified_gmt":"2026-09-03T20:07:49","slug":"de-la-tunisie-a-la-nasa-un-ingenieur-tuniso-americain-partage-son-parcours","status":"publish","type":"post","link":"https:\/\/realites.com.tn\/fr\/de-la-tunisie-a-la-nasa-un-ingenieur-tuniso-americain-partage-son-parcours\/","title":{"rendered":"De la Tunisie \u00e0 la NASA : un ing\u00e9nieur tuniso-am\u00e9ricain partage son parcours"},"content":{"rendered":"<div role=\"feed\" aria-label=\"Messages de la conversation\" aria-describedby=\"_r_77_\">\n<div>\n<div>\n<div tabindex=\"0\" role=\"article\" aria-setsize=\"20\" aria-posinset=\"20\" aria-label=\"Message 20 sur 20\">\n<div>\n<div>\n<div>\n<div>\n<div>\n<div>\n<div>\n<div>\n<p dir=\"ltr\">Dans un geste de reconnaissance envers l&rsquo;une des comp\u00e9tences tunisiennes les plus brillantes \u00e9tablies \u00e0 l&rsquo;\u00e9tranger, la charg\u00e9e d&rsquo;affaires par int\u00e9rim \u00e0 l&rsquo;ambassade des \u00c9tats-Unis en Tunisie, Emily Katcher, a re\u00e7u \u00e0 la r\u00e9sidence de l&rsquo;ambassadeur l&rsquo;ing\u00e9nieur et scientifique tuniso-am\u00e9ricain de renom, le Dr Mohamed Abid, une figure tunisienne \u00e9minente au sein de la NASA, \u00e0 l&rsquo;occasion d&rsquo;une pr\u00e9sentation sp\u00e9ciale intitul\u00e9e : \u00ab De la Tunisie \u00e0 la NASA : l&rsquo;avenir de l&rsquo;exploration spatiale \u00bb.<\/p>\n<p dir=\"ltr\">Le Dr Abid, v\u00e9ritable mod\u00e8le de r\u00e9ussite pour l&rsquo;expertise tunisienne \u00e0 l&rsquo;\u00e9chelle internationale, a retrac\u00e9 son parcours scientifique et professionnel exceptionnel au sein des plus prestigieux centres de recherche et de technologie spatiale am\u00e9ricains, devant un public d&rsquo;\u00e9lite r\u00e9unissant d&rsquo;\u00e9minents scientifiques, des entrepreneurs technologiques, des responsables universitaires ainsi que d&rsquo;anciens participants aux programmes d&rsquo;\u00e9change acad\u00e9mique du gouvernement am\u00e9ricain.<\/p>\n<p dir=\"ltr\">Cette soir\u00e9e a \u00e9t\u00e9 l&rsquo;occasion de c\u00e9l\u00e9brer un parcours remarquable, t\u00e9moignant de la capacit\u00e9 des comp\u00e9tences tunisiennes \u00e0 atteindre les plus hautes sph\u00e8res scientifiques mondiales. Elle a \u00e9galement mis en lumi\u00e8re l&rsquo;excellence am\u00e9ricaine en mati\u00e8re d&rsquo;innovation spatiale, ainsi que les perspectives prometteuses offertes \u00e0 la jeunesse tunisienne ambitieuse souhaitant s&rsquo;investir dans ce domaine strat\u00e9gique et porteur d&rsquo;avenir.<\/p>\n<p dir=\"ltr\">Les participants ont exprim\u00e9 leur fiert\u00e9 face aux r\u00e9alisations du Dr Abid, devenu aujourd&rsquo;hui une sorte d&rsquo;ambassadeur informel de l&rsquo;excellence tunisienne au sein des institutions scientifiques les plus prestigieuses au monde.<\/p>\n<\/div>\n<\/div>\n<\/div>\n<\/div>\n<\/div>\n<\/div>\n<\/div>\n<\/div>\n<\/div>\n<\/div>\n<div aria-hidden=\"true\"><\/div>\n<\/div>\n<\/div>\n<div>\n<div>\n<div>\n<div>\n<div><\/div>\n<\/div>\n<\/div>\n<\/div>\n<\/div>\n<div aria-hidden=\"true\"><\/div>\n<div aria-hidden=\"true\"><\/div>\n","protected":false},"excerpt":{"rendered":"<p>Dans un geste de reconnaissance envers l&rsquo;une des comp\u00e9tences tunisiennes les plus brillantes \u00e9tablies \u00e0 l&rsquo;\u00e9tranger, la charg\u00e9e d&rsquo;affaires par int\u00e9rim \u00e0 l&rsquo;ambassade des \u00c9tats-Unis en Tunisie, Emily Katcher, a&hellip;<\/p>\n","protected":false},"author":144,"featured_media":395019,"comment_status":"open","ping_status":"closed","sticky":false,"template":"","format":"standard","meta":{"_lmt_disableupdate":"","_lmt_disable":"","_jetpack_memberships_contains_paid_content":false,"footnotes":""},"categories":[4],"tags":[1266,11690,3736,1120],"class_list":["post-395018","post","type-post","status-publish","format-standard","has-post-thumbnail","hentry","category-actualites","tag-etats-unis","tag-mohamed-abid","tag-realites-online","tag-tunisie"],"yoast_head":"<!-- This site is optimized with the Yoast SEO plugin v26.3 - https:\/\/yoast.com\/wordpress\/plugins\/seo\/ -->\n<title>De la Tunisie \u00e0 la NASA : un ing\u00e9nieur tuniso-am\u00e9ricain partage son parcours - R\u00e9alit\u00e9s Magazine<\/title>\n<meta name=\"description\" content=\"Dans un geste de reconnaissance envers l&#039;une des comp\u00e9tences tunisiennes les plus brillantes \u00e9tablies \u00e0 l&#039;\u00e9tranger, la charg\u00e9e d&#039;affaires par int\u00e9rim \u00e0\" \/>\n<meta name=\"robots\" content=\"index, follow, max-snippet:-1, max-image-preview:large, max-video-preview:-1\" \/>\n<link rel=\"canonical\" href=\"https:\/\/realites.com.tn\/fr\/de-la-tunisie-a-la-nasa-un-ingenieur-tuniso-americain-partage-son-parcours\/\" \/>\n<meta property=\"og:locale\" content=\"fr_FR\" \/>\n<meta property=\"og:type\" content=\"article\" \/>\n<meta property=\"og:title\" content=\"De la Tunisie \u00e0 la NASA : un ing\u00e9nieur tuniso-am\u00e9ricain partage son parcours - R\u00e9alit\u00e9s Magazine\" \/>\n<meta property=\"og:description\" content=\"Dans un geste de reconnaissance envers l&#039;une des comp\u00e9tences tunisiennes les plus brillantes \u00e9tablies \u00e0 l&#039;\u00e9tranger, la charg\u00e9e d&#039;affaires par int\u00e9rim \u00e0\" \/>\n<meta property=\"og:url\" content=\"https:\/\/realites.com.tn\/fr\/de-la-tunisie-a-la-nasa-un-ingenieur-tuniso-americain-partage-son-parcours\/\" \/>\n<meta property=\"og:site_name\" content=\"R\u00e9alit\u00e9s Magazine\" \/>\n<meta property=\"article:publisher\" content=\"https:\/\/www.facebook.com\/realites.tn\/\" \/>\n<meta property=\"article:published_time\" content=\"2026-09-03T20:07:49+00:00\" \/>\n<meta property=\"og:image\" content=\"https:\/\/realites.com.tn\/fr\/wp-content\/uploads\/2026\/09\/791453493_2384906542039939_7975104781694799933_n.jpg\" \/>\n\t<meta property=\"og:image:width\" content=\"2048\" \/>\n\t<meta property=\"og:image:height\" content=\"1365\" \/>\n\t<meta property=\"og:image:type\" content=\"image\/jpeg\" \/>\n<meta name=\"author\" content=\"WKB\" \/>\n<meta name=\"twitter:card\" content=\"summary_large_image\" \/>\n<meta name=\"twitter:label1\" content=\"\u00c9crit par\" \/>\n\t<meta name=\"twitter:data1\" content=\"WKB\" \/>\n\t<meta name=\"twitter:label2\" content=\"Dur\u00e9e de lecture estim\u00e9e\" \/>\n\t<meta name=\"twitter:data2\" content=\"2 minutes\" \/>\n<script type=\"application\/ld+json\" class=\"yoast-schema-graph\">{\"@context\":\"https:\/\/schema.org\",\"@graph\":[{\"@type\":\"WebPage\",\"@id\":\"https:\/\/realites.com.tn\/fr\/de-la-tunisie-a-la-nasa-un-ingenieur-tuniso-americain-partage-son-parcours\/\",\"url\":\"https:\/\/realites.com.tn\/fr\/de-la-tunisie-a-la-nasa-un-ingenieur-tuniso-americain-partage-son-parcours\/\",\"name\":\"De la Tunisie \u00e0 la NASA : un ing\u00e9nieur tuniso-am\u00e9ricain partage son parcours - R\u00e9alit\u00e9s Magazine\",\"isPartOf\":{\"@id\":\"https:\/\/realites.com.tn\/fr\/#website\"},\"primaryImageOfPage\":{\"@id\":\"https:\/\/realites.com.tn\/fr\/de-la-tunisie-a-la-nasa-un-ingenieur-tuniso-americain-partage-son-parcours\/#primaryimage\"},\"image\":{\"@id\":\"https:\/\/realites.com.tn\/fr\/de-la-tunisie-a-la-nasa-un-ingenieur-tuniso-americain-partage-son-parcours\/#primaryimage\"},\"thumbnailUrl\":\"https:\/\/realites.com.tn\/fr\/wp-content\/uploads\/2026\/09\/791453493_2384906542039939_7975104781694799933_n.jpg\",\"datePublished\":\"2026-09-03T20:07:49+00:00\",\"author\":{\"@id\":\"https:\/\/realites.com.tn\/fr\/#\/schema\/person\/3017fbbf260e8228acd3e8ebf0cdd37f\"},\"description\":\"Dans un geste de reconnaissance envers l'une des comp\u00e9tences tunisiennes les plus brillantes \u00e9tablies \u00e0 l'\u00e9tranger, la charg\u00e9e d'affaires par int\u00e9rim \u00e0\",\"breadcrumb\":{\"@id\":\"https:\/\/realites.com.tn\/fr\/de-la-tunisie-a-la-nasa-un-ingenieur-tuniso-americain-partage-son-parcours\/#breadcrumb\"},\"inLanguage\":\"fr-FR\",\"potentialAction\":[{\"@type\":\"ReadAction\",\"target\":[\"https:\/\/realites.com.tn\/fr\/de-la-tunisie-a-la-nasa-un-ingenieur-tuniso-americain-partage-son-parcours\/\"]}]},{\"@type\":\"ImageObject\",\"inLanguage\":\"fr-FR\",\"@id\":\"https:\/\/realites.com.tn\/fr\/de-la-tunisie-a-la-nasa-un-ingenieur-tuniso-americain-partage-son-parcours\/#primaryimage\",\"url\":\"https:\/\/realites.com.tn\/fr\/wp-content\/uploads\/2026\/09\/791453493_2384906542039939_7975104781694799933_n.jpg\",\"contentUrl\":\"https:\/\/realites.com.tn\/fr\/wp-content\/uploads\/2026\/09\/791453493_2384906542039939_7975104781694799933_n.jpg\",\"width\":2048,\"height\":1365},{\"@type\":\"BreadcrumbList\",\"@id\":\"https:\/\/realites.com.tn\/fr\/de-la-tunisie-a-la-nasa-un-ingenieur-tuniso-americain-partage-son-parcours\/#breadcrumb\",\"itemListElement\":[{\"@type\":\"ListItem\",\"position\":1,\"name\":\"Home\",\"item\":\"https:\/\/realites.com.tn\/fr\/\"},{\"@type\":\"ListItem\",\"position\":2,\"name\":\"De la Tunisie \u00e0 la NASA : un ing\u00e9nieur tuniso-am\u00e9ricain partage son parcours\"}]},{\"@type\":\"WebSite\",\"@id\":\"https:\/\/realites.com.tn\/fr\/#website\",\"url\":\"https:\/\/realites.com.tn\/fr\/\",\"name\":\"R\u00e9alit\u00e9s Magazine\",\"description\":\"Actualit\u00e9s de la Tunisie\",\"potentialAction\":[{\"@type\":\"SearchAction\",\"target\":{\"@type\":\"EntryPoint\",\"urlTemplate\":\"https:\/\/realites.com.tn\/fr\/?s={search_term_string}\"},\"query-input\":{\"@type\":\"PropertyValueSpecification\",\"valueRequired\":true,\"valueName\":\"search_term_string\"}}],\"inLanguage\":\"fr-FR\"},{\"@type\":\"Person\",\"@id\":\"https:\/\/realites.com.tn\/fr\/#\/schema\/person\/3017fbbf260e8228acd3e8ebf0cdd37f\",\"name\":\"WKB\",\"image\":{\"@type\":\"ImageObject\",\"inLanguage\":\"fr-FR\",\"@id\":\"https:\/\/realites.com.tn\/fr\/#\/schema\/person\/image\/\",\"url\":\"https:\/\/secure.gravatar.com\/avatar\/90f27863f4f5326a9b64d42421f4a20f?s=96&d=mm&r=g\",\"contentUrl\":\"https:\/\/secure.gravatar.com\/avatar\/90f27863f4f5326a9b64d42421f4a20f?s=96&d=mm&r=g\",\"caption\":\"WKB\"},\"url\":\"https:\/\/realites.com.tn\/fr\/author\/wkb2025\/\"}]}<\/script>\n<!-- \/ Yoast SEO plugin. -->","yoast_head_json":{"title":"De la Tunisie \u00e0 la NASA : un ing\u00e9nieur tuniso-am\u00e9ricain partage son parcours - R\u00e9alit\u00e9s Magazine","description":"Dans un geste de reconnaissance envers l'une des comp\u00e9tences tunisiennes les plus brillantes \u00e9tablies \u00e0 l'\u00e9tranger, la charg\u00e9e d'affaires par int\u00e9rim \u00e0","robots":{"index":"index","follow":"follow","max-snippet":"max-snippet:-1","max-image-preview":"max-image-preview:large","max-video-preview":"max-video-preview:-1"},"canonical":"https:\/\/realites.com.tn\/fr\/de-la-tunisie-a-la-nasa-un-ingenieur-tuniso-americain-partage-son-parcours\/","og_locale":"fr_FR","og_type":"article","og_title":"De la Tunisie \u00e0 la NASA : un ing\u00e9nieur tuniso-am\u00e9ricain partage son parcours - R\u00e9alit\u00e9s Magazine","og_description":"Dans un geste de reconnaissance envers l'une des comp\u00e9tences tunisiennes les plus brillantes \u00e9tablies \u00e0 l'\u00e9tranger, la charg\u00e9e d'affaires par int\u00e9rim \u00e0","og_url":"https:\/\/realites.com.tn\/fr\/de-la-tunisie-a-la-nasa-un-ingenieur-tuniso-americain-partage-son-parcours\/","og_site_name":"R\u00e9alit\u00e9s Magazine","article_publisher":"https:\/\/www.facebook.com\/realites.tn\/","article_published_time":"2026-09-03T20:07:49+00:00","og_image":[{"width":2048,"height":1365,"url":"https:\/\/realites.com.tn\/fr\/wp-content\/uploads\/2026\/09\/791453493_2384906542039939_7975104781694799933_n.jpg","type":"image\/jpeg"}],"author":"WKB","twitter_card":"summary_large_image","twitter_misc":{"\u00c9crit par":"WKB","Dur\u00e9e de lecture estim\u00e9e":"2 minutes"},"schema":{"@context":"https:\/\/schema.org","@graph":[{"@type":"WebPage","@id":"https:\/\/realites.com.tn\/fr\/de-la-tunisie-a-la-nasa-un-ingenieur-tuniso-americain-partage-son-parcours\/","url":"https:\/\/realites.com.tn\/fr\/de-la-tunisie-a-la-nasa-un-ingenieur-tuniso-americain-partage-son-parcours\/","name":"De la Tunisie \u00e0 la NASA : un ing\u00e9nieur tuniso-am\u00e9ricain partage son parcours - R\u00e9alit\u00e9s Magazine","isPartOf":{"@id":"https:\/\/realites.com.tn\/fr\/#website"},"primaryImageOfPage":{"@id":"https:\/\/realites.com.tn\/fr\/de-la-tunisie-a-la-nasa-un-ingenieur-tuniso-americain-partage-son-parcours\/#primaryimage"},"image":{"@id":"https:\/\/realites.com.tn\/fr\/de-la-tunisie-a-la-nasa-un-ingenieur-tuniso-americain-partage-son-parcours\/#primaryimage"},"thumbnailUrl":"https:\/\/realites.com.tn\/fr\/wp-content\/uploads\/2026\/09\/791453493_2384906542039939_7975104781694799933_n.jpg","datePublished":"2026-09-03T20:07:49+00:00","author":{"@id":"https:\/\/realites.com.tn\/fr\/#\/schema\/person\/3017fbbf260e8228acd3e8ebf0cdd37f"},"description":"Dans un geste de reconnaissance envers l'une des comp\u00e9tences tunisiennes les plus brillantes \u00e9tablies \u00e0 l'\u00e9tranger, la charg\u00e9e d'affaires par int\u00e9rim \u00e0","breadcrumb":{"@id":"https:\/\/realites.com.tn\/fr\/de-la-tunisie-a-la-nasa-un-ingenieur-tuniso-americain-partage-son-parcours\/#breadcrumb"},"inLanguage":"fr-FR","potentialAction":[{"@type":"ReadAction","target":["https:\/\/realites.com.tn\/fr\/de-la-tunisie-a-la-nasa-un-ingenieur-tuniso-americain-partage-son-parcours\/"]}]},{"@type":"ImageObject","inLanguage":"fr-FR","@id":"https:\/\/realites.com.tn\/fr\/de-la-tunisie-a-la-nasa-un-ingenieur-tuniso-americain-partage-son-parcours\/#primaryimage","url":"https:\/\/realites.com.tn\/fr\/wp-content\/uploads\/2026\/09\/791453493_2384906542039939_7975104781694799933_n.jpg","contentUrl":"https:\/\/realites.com.tn\/fr\/wp-content\/uploads\/2026\/09\/791453493_2384906542039939_7975104781694799933_n.jpg","width":2048,"height":1365},{"@type":"BreadcrumbList","@id":"https:\/\/realites.com.tn\/fr\/de-la-tunisie-a-la-nasa-un-ingenieur-tuniso-americain-partage-son-parcours\/#breadcrumb","itemListElement":[{"@type":"ListItem","position":1,"name":"Home","item":"https:\/\/realites.com.tn\/fr\/"},{"@type":"ListItem","position":2,"name":"De la Tunisie \u00e0 la NASA : un ing\u00e9nieur tuniso-am\u00e9ricain partage son parcours"}]},{"@type":"WebSite","@id":"https:\/\/realites.com.tn\/fr\/#website","url":"https:\/\/realites.com.tn\/fr\/","name":"R\u00e9alit\u00e9s Magazine","description":"Actualit\u00e9s de la Tunisie","potentialAction":[{"@type":"SearchAction","target":{"@type":"EntryPoint","urlTemplate":"https:\/\/realites.com.tn\/fr\/?s={search_term_string}"},"query-input":{"@type":"PropertyValueSpecification","valueRequired":true,"valueName":"search_term_string"}}],"inLanguage":"fr-FR"},{"@type":"Person","@id":"https:\/\/realites.com.tn\/fr\/#\/schema\/person\/3017fbbf260e8228acd3e8ebf0cdd37f","name":"WKB","image":{"@type":"ImageObject","inLanguage":"fr-FR","@id":"https:\/\/realites.com.tn\/fr\/#\/schema\/person\/image\/","url":"https:\/\/secure.gravatar.com\/avatar\/90f27863f4f5326a9b64d42421f4a20f?s=96&d=mm&r=g","contentUrl":"https:\/\/secure.gravatar.com\/avatar\/90f27863f4f5326a9b64d42421f4a20f?s=96&d=mm&r=g","caption":"WKB"},"url":"https:\/\/realites.com.tn\/fr\/author\/wkb2025\/"}]}},"jetpack_featured_media_url":"https:\/\/realites.com.tn\/fr\/wp-content\/uploads\/2026\/09\/791453493_2384906542039939_7975104781694799933_n.jpg","jetpack_sharing_enabled":true,"views":21,"_links":{"self":[{"href":"https:\/\/realites.com.tn\/fr\/wp-json\/wp\/v2\/posts\/395018","targetHints":{"allow":["GET"]}}],"collection":[{"href":"https:\/\/realites.com.tn\/fr\/wp-json\/wp\/v2\/posts"}],"about":[{"href":"https:\/\/realites.com.tn\/fr\/wp-json\/wp\/v2\/types\/post"}],"author":[{"embeddable":true,"href":"https:\/\/realites.com.tn\/fr\/wp-json\/wp\/v2\/users\/144"}],"replies":[{"embeddable":true,"href":"https:\/\/realites.com.tn\/fr\/wp-json\/wp\/v2\/comments?post=395018"}],"version-history":[{"count":1,"href":"https:\/\/realites.com.tn\/fr\/wp-json\/wp\/v2\/posts\/395018\/revisions"}],"predecessor-version":[{"id":395020,"href":"https:\/\/realites.com.tn\/fr\/wp-json\/wp\/v2\/posts\/395018\/revisions\/395020"}],"wp:featuredmedia":[{"embeddable":true,"href":"https:\/\/realites.com.tn\/fr\/wp-json\/wp\/v2\/media\/395019"}],"wp:attachment":[{"href":"https:\/\/realites.com.tn\/fr\/wp-json\/wp\/v2\/media?parent=395018"}],"wp:term":[{"taxonomy":"category","embeddable":true,"href":"https:\/\/realites.com.tn\/fr\/wp-json\/wp\/v2\/categories?post=395018"},{"taxonomy":"post_tag","embeddable":true,"href":"https:\/\/realites.com.tn\/fr\/wp-json\/wp\/v2\/tags?post=395018"}],"curies":[{"name":"wp","href":"https:\/\/api.w.org\/{rel}","templated":true}]}}