{"id":395040,"date":"2026-09-04T12:51:00","date_gmt":"2026-09-04T11:51:00","guid":{"rendered":"https:\/\/realites.com.tn\/fr\/?p=395040"},"modified":"2026-09-04T12:51:00","modified_gmt":"2026-09-04T11:51:00","slug":"enfidha-une-fillette-de-3-ans-mortellement-percutee-par-un-bus","status":"publish","type":"post","link":"https:\/\/realites.com.tn\/fr\/enfidha-une-fillette-de-3-ans-mortellement-percutee-par-un-bus\/","title":{"rendered":"Enfidha : une fillette de 3 ans mortellement percut\u00e9e par un bus"},"content":{"rendered":"<p><span style=\"font-weight: 400;\">Une fillette \u00e2g\u00e9e de trois ans est d\u00e9c\u00e9d\u00e9e ce vendredi dans la ville d\u2019Enfidha (gouvernorat de Sousse), apr\u00e8s avoir \u00e9t\u00e9 percut\u00e9e par un autobus priv\u00e9 que conduisait son propre oncle. Selon les circonstances rapport\u00e9es, la fillette se trouvait derri\u00e8re le v\u00e9hicule au moment o\u00f9 le conducteur effectuait une man\u0153uvre de recul avant de faire sortir le bus, sans remarquer sa pr\u00e9sence.<\/span><\/p>\n","protected":false},"excerpt":{"rendered":"<p>Une fillette \u00e2g\u00e9e de trois ans est d\u00e9c\u00e9d\u00e9e ce vendredi dans la ville d\u2019Enfidha (gouvernorat de Sousse), apr\u00e8s avoir \u00e9t\u00e9 percut\u00e9e par un autobus priv\u00e9 que conduisait son propre oncle.&hellip;<\/p>\n","protected":false},"author":144,"featured_media":377778,"comment_status":"open","ping_status":"closed","sticky":false,"template":"","format":"standard","meta":{"_lmt_disableupdate":"","_lmt_disable":"","_jetpack_memberships_contains_paid_content":false,"footnotes":""},"categories":[4,1291],"tags":[3451,3816,3736],"class_list":["post-395040","post","type-post","status-publish","format-standard","has-post-thumbnail","hentry","category-actualites","category-regions","tag-accident-de-la-route","tag-enfidha","tag-realites-online"],"yoast_head":"<!-- This site is optimized with the Yoast SEO plugin v26.3 - https:\/\/yoast.com\/wordpress\/plugins\/seo\/ -->\n<title>Enfidha : une fillette de 3 ans mortellement percut\u00e9e par un bus - R\u00e9alit\u00e9s Magazine<\/title>\n<meta name=\"description\" content=\"Une fillette \u00e2g\u00e9e de trois ans est d\u00e9c\u00e9d\u00e9e ce vendredi dans la ville d\u2019Enfidha (gouvernorat de Sousse), apr\u00e8s avoir \u00e9t\u00e9 percut\u00e9e par un autobus priv\u00e9 que\" \/>\n<meta name=\"robots\" content=\"index, follow, max-snippet:-1, max-image-preview:large, max-video-preview:-1\" \/>\n<link rel=\"canonical\" href=\"https:\/\/realites.com.tn\/fr\/enfidha-une-fillette-de-3-ans-mortellement-percutee-par-un-bus\/\" \/>\n<meta property=\"og:locale\" content=\"fr_FR\" \/>\n<meta property=\"og:type\" content=\"article\" \/>\n<meta property=\"og:title\" content=\"Enfidha : une fillette de 3 ans mortellement percut\u00e9e par un bus - R\u00e9alit\u00e9s Magazine\" \/>\n<meta property=\"og:description\" content=\"Une fillette \u00e2g\u00e9e de trois ans est d\u00e9c\u00e9d\u00e9e ce vendredi dans la ville d\u2019Enfidha (gouvernorat de Sousse), apr\u00e8s avoir \u00e9t\u00e9 percut\u00e9e par un autobus priv\u00e9 que\" \/>\n<meta property=\"og:url\" content=\"https:\/\/realites.com.tn\/fr\/enfidha-une-fillette-de-3-ans-mortellement-percutee-par-un-bus\/\" \/>\n<meta property=\"og:site_name\" content=\"R\u00e9alit\u00e9s Magazine\" \/>\n<meta property=\"article:publisher\" content=\"https:\/\/www.facebook.com\/realites.tn\/\" \/>\n<meta property=\"article:published_time\" content=\"2026-09-04T11:51:00+00:00\" \/>\n<meta property=\"og:image\" content=\"https:\/\/realites.com.tn\/fr\/wp-content\/uploads\/2025\/12\/accidentZ.jpg\" \/>\n\t<meta property=\"og:image:width\" content=\"800\" \/>\n\t<meta property=\"og:image:height\" content=\"600\" \/>\n\t<meta property=\"og:image:type\" content=\"image\/jpeg\" \/>\n<meta name=\"author\" content=\"WKB\" \/>\n<meta name=\"twitter:card\" content=\"summary_large_image\" \/>\n<meta name=\"twitter:label1\" content=\"\u00c9crit par\" \/>\n\t<meta name=\"twitter:data1\" content=\"WKB\" \/>\n\t<meta name=\"twitter:label2\" content=\"Dur\u00e9e de lecture estim\u00e9e\" \/>\n\t<meta name=\"twitter:data2\" content=\"1 minute\" \/>\n<script type=\"application\/ld+json\" class=\"yoast-schema-graph\">{\"@context\":\"https:\/\/schema.org\",\"@graph\":[{\"@type\":\"WebPage\",\"@id\":\"https:\/\/realites.com.tn\/fr\/enfidha-une-fillette-de-3-ans-mortellement-percutee-par-un-bus\/\",\"url\":\"https:\/\/realites.com.tn\/fr\/enfidha-une-fillette-de-3-ans-mortellement-percutee-par-un-bus\/\",\"name\":\"Enfidha : une fillette de 3 ans mortellement percut\u00e9e par un bus - R\u00e9alit\u00e9s Magazine\",\"isPartOf\":{\"@id\":\"https:\/\/realites.com.tn\/fr\/#website\"},\"primaryImageOfPage\":{\"@id\":\"https:\/\/realites.com.tn\/fr\/enfidha-une-fillette-de-3-ans-mortellement-percutee-par-un-bus\/#primaryimage\"},\"image\":{\"@id\":\"https:\/\/realites.com.tn\/fr\/enfidha-une-fillette-de-3-ans-mortellement-percutee-par-un-bus\/#primaryimage\"},\"thumbnailUrl\":\"https:\/\/realites.com.tn\/fr\/wp-content\/uploads\/2025\/12\/accidentZ.jpg\",\"datePublished\":\"2026-09-04T11:51:00+00:00\",\"author\":{\"@id\":\"https:\/\/realites.com.tn\/fr\/#\/schema\/person\/3017fbbf260e8228acd3e8ebf0cdd37f\"},\"description\":\"Une fillette \u00e2g\u00e9e de trois ans est d\u00e9c\u00e9d\u00e9e ce vendredi dans la ville d\u2019Enfidha (gouvernorat de Sousse), apr\u00e8s avoir \u00e9t\u00e9 percut\u00e9e par un autobus priv\u00e9 que\",\"breadcrumb\":{\"@id\":\"https:\/\/realites.com.tn\/fr\/enfidha-une-fillette-de-3-ans-mortellement-percutee-par-un-bus\/#breadcrumb\"},\"inLanguage\":\"fr-FR\",\"potentialAction\":[{\"@type\":\"ReadAction\",\"target\":[\"https:\/\/realites.com.tn\/fr\/enfidha-une-fillette-de-3-ans-mortellement-percutee-par-un-bus\/\"]}]},{\"@type\":\"ImageObject\",\"inLanguage\":\"fr-FR\",\"@id\":\"https:\/\/realites.com.tn\/fr\/enfidha-une-fillette-de-3-ans-mortellement-percutee-par-un-bus\/#primaryimage\",\"url\":\"https:\/\/realites.com.tn\/fr\/wp-content\/uploads\/2025\/12\/accidentZ.jpg\",\"contentUrl\":\"https:\/\/realites.com.tn\/fr\/wp-content\/uploads\/2025\/12\/accidentZ.jpg\",\"width\":800,\"height\":600},{\"@type\":\"BreadcrumbList\",\"@id\":\"https:\/\/realites.com.tn\/fr\/enfidha-une-fillette-de-3-ans-mortellement-percutee-par-un-bus\/#breadcrumb\",\"itemListElement\":[{\"@type\":\"ListItem\",\"position\":1,\"name\":\"Home\",\"item\":\"https:\/\/realites.com.tn\/fr\/\"},{\"@type\":\"ListItem\",\"position\":2,\"name\":\"Enfidha : une fillette de 3 ans mortellement percut\u00e9e par un bus\"}]},{\"@type\":\"WebSite\",\"@id\":\"https:\/\/realites.com.tn\/fr\/#website\",\"url\":\"https:\/\/realites.com.tn\/fr\/\",\"name\":\"R\u00e9alit\u00e9s Magazine\",\"description\":\"Actualit\u00e9s de la Tunisie\",\"potentialAction\":[{\"@type\":\"SearchAction\",\"target\":{\"@type\":\"EntryPoint\",\"urlTemplate\":\"https:\/\/realites.com.tn\/fr\/?s={search_term_string}\"},\"query-input\":{\"@type\":\"PropertyValueSpecification\",\"valueRequired\":true,\"valueName\":\"search_term_string\"}}],\"inLanguage\":\"fr-FR\"},{\"@type\":\"Person\",\"@id\":\"https:\/\/realites.com.tn\/fr\/#\/schema\/person\/3017fbbf260e8228acd3e8ebf0cdd37f\",\"name\":\"WKB\",\"image\":{\"@type\":\"ImageObject\",\"inLanguage\":\"fr-FR\",\"@id\":\"https:\/\/realites.com.tn\/fr\/#\/schema\/person\/image\/\",\"url\":\"https:\/\/secure.gravatar.com\/avatar\/90f27863f4f5326a9b64d42421f4a20f?s=96&d=mm&r=g\",\"contentUrl\":\"https:\/\/secure.gravatar.com\/avatar\/90f27863f4f5326a9b64d42421f4a20f?s=96&d=mm&r=g\",\"caption\":\"WKB\"},\"url\":\"https:\/\/realites.com.tn\/fr\/author\/wkb2025\/\"}]}<\/script>\n<!-- \/ Yoast SEO plugin. -->","yoast_head_json":{"title":"Enfidha : une fillette de 3 ans mortellement percut\u00e9e par un bus - R\u00e9alit\u00e9s Magazine","description":"Une fillette \u00e2g\u00e9e de trois ans est d\u00e9c\u00e9d\u00e9e ce vendredi dans la ville d\u2019Enfidha (gouvernorat de Sousse), apr\u00e8s avoir \u00e9t\u00e9 percut\u00e9e par un autobus priv\u00e9 que","robots":{"index":"index","follow":"follow","max-snippet":"max-snippet:-1","max-image-preview":"max-image-preview:large","max-video-preview":"max-video-preview:-1"},"canonical":"https:\/\/realites.com.tn\/fr\/enfidha-une-fillette-de-3-ans-mortellement-percutee-par-un-bus\/","og_locale":"fr_FR","og_type":"article","og_title":"Enfidha : une fillette de 3 ans mortellement percut\u00e9e par un bus - R\u00e9alit\u00e9s Magazine","og_description":"Une fillette \u00e2g\u00e9e de trois ans est d\u00e9c\u00e9d\u00e9e ce vendredi dans la ville d\u2019Enfidha (gouvernorat de Sousse), apr\u00e8s avoir \u00e9t\u00e9 percut\u00e9e par un autobus priv\u00e9 que","og_url":"https:\/\/realites.com.tn\/fr\/enfidha-une-fillette-de-3-ans-mortellement-percutee-par-un-bus\/","og_site_name":"R\u00e9alit\u00e9s Magazine","article_publisher":"https:\/\/www.facebook.com\/realites.tn\/","article_published_time":"2026-09-04T11:51:00+00:00","og_image":[{"width":800,"height":600,"url":"https:\/\/realites.com.tn\/fr\/wp-content\/uploads\/2025\/12\/accidentZ.jpg","type":"image\/jpeg"}],"author":"WKB","twitter_card":"summary_large_image","twitter_misc":{"\u00c9crit par":"WKB","Dur\u00e9e de lecture estim\u00e9e":"1 minute"},"schema":{"@context":"https:\/\/schema.org","@graph":[{"@type":"WebPage","@id":"https:\/\/realites.com.tn\/fr\/enfidha-une-fillette-de-3-ans-mortellement-percutee-par-un-bus\/","url":"https:\/\/realites.com.tn\/fr\/enfidha-une-fillette-de-3-ans-mortellement-percutee-par-un-bus\/","name":"Enfidha : une fillette de 3 ans mortellement percut\u00e9e par un bus - R\u00e9alit\u00e9s Magazine","isPartOf":{"@id":"https:\/\/realites.com.tn\/fr\/#website"},"primaryImageOfPage":{"@id":"https:\/\/realites.com.tn\/fr\/enfidha-une-fillette-de-3-ans-mortellement-percutee-par-un-bus\/#primaryimage"},"image":{"@id":"https:\/\/realites.com.tn\/fr\/enfidha-une-fillette-de-3-ans-mortellement-percutee-par-un-bus\/#primaryimage"},"thumbnailUrl":"https:\/\/realites.com.tn\/fr\/wp-content\/uploads\/2025\/12\/accidentZ.jpg","datePublished":"2026-09-04T11:51:00+00:00","author":{"@id":"https:\/\/realites.com.tn\/fr\/#\/schema\/person\/3017fbbf260e8228acd3e8ebf0cdd37f"},"description":"Une fillette \u00e2g\u00e9e de trois ans est d\u00e9c\u00e9d\u00e9e ce vendredi dans la ville d\u2019Enfidha (gouvernorat de Sousse), apr\u00e8s avoir \u00e9t\u00e9 percut\u00e9e par un autobus priv\u00e9 que","breadcrumb":{"@id":"https:\/\/realites.com.tn\/fr\/enfidha-une-fillette-de-3-ans-mortellement-percutee-par-un-bus\/#breadcrumb"},"inLanguage":"fr-FR","potentialAction":[{"@type":"ReadAction","target":["https:\/\/realites.com.tn\/fr\/enfidha-une-fillette-de-3-ans-mortellement-percutee-par-un-bus\/"]}]},{"@type":"ImageObject","inLanguage":"fr-FR","@id":"https:\/\/realites.com.tn\/fr\/enfidha-une-fillette-de-3-ans-mortellement-percutee-par-un-bus\/#primaryimage","url":"https:\/\/realites.com.tn\/fr\/wp-content\/uploads\/2025\/12\/accidentZ.jpg","contentUrl":"https:\/\/realites.com.tn\/fr\/wp-content\/uploads\/2025\/12\/accidentZ.jpg","width":800,"height":600},{"@type":"BreadcrumbList","@id":"https:\/\/realites.com.tn\/fr\/enfidha-une-fillette-de-3-ans-mortellement-percutee-par-un-bus\/#breadcrumb","itemListElement":[{"@type":"ListItem","position":1,"name":"Home","item":"https:\/\/realites.com.tn\/fr\/"},{"@type":"ListItem","position":2,"name":"Enfidha : une fillette de 3 ans mortellement percut\u00e9e par un bus"}]},{"@type":"WebSite","@id":"https:\/\/realites.com.tn\/fr\/#website","url":"https:\/\/realites.com.tn\/fr\/","name":"R\u00e9alit\u00e9s Magazine","description":"Actualit\u00e9s de la Tunisie","potentialAction":[{"@type":"SearchAction","target":{"@type":"EntryPoint","urlTemplate":"https:\/\/realites.com.tn\/fr\/?s={search_term_string}"},"query-input":{"@type":"PropertyValueSpecification","valueRequired":true,"valueName":"search_term_string"}}],"inLanguage":"fr-FR"},{"@type":"Person","@id":"https:\/\/realites.com.tn\/fr\/#\/schema\/person\/3017fbbf260e8228acd3e8ebf0cdd37f","name":"WKB","image":{"@type":"ImageObject","inLanguage":"fr-FR","@id":"https:\/\/realites.com.tn\/fr\/#\/schema\/person\/image\/","url":"https:\/\/secure.gravatar.com\/avatar\/90f27863f4f5326a9b64d42421f4a20f?s=96&d=mm&r=g","contentUrl":"https:\/\/secure.gravatar.com\/avatar\/90f27863f4f5326a9b64d42421f4a20f?s=96&d=mm&r=g","caption":"WKB"},"url":"https:\/\/realites.com.tn\/fr\/author\/wkb2025\/"}]}},"jetpack_featured_media_url":"https:\/\/realites.com.tn\/fr\/wp-content\/uploads\/2025\/12\/accidentZ.jpg","jetpack_sharing_enabled":true,"views":15,"_links":{"self":[{"href":"https:\/\/realites.com.tn\/fr\/wp-json\/wp\/v2\/posts\/395040","targetHints":{"allow":["GET"]}}],"collection":[{"href":"https:\/\/realites.com.tn\/fr\/wp-json\/wp\/v2\/posts"}],"about":[{"href":"https:\/\/realites.com.tn\/fr\/wp-json\/wp\/v2\/types\/post"}],"author":[{"embeddable":true,"href":"https:\/\/realites.com.tn\/fr\/wp-json\/wp\/v2\/users\/144"}],"replies":[{"embeddable":true,"href":"https:\/\/realites.com.tn\/fr\/wp-json\/wp\/v2\/comments?post=395040"}],"version-history":[{"count":1,"href":"https:\/\/realites.com.tn\/fr\/wp-json\/wp\/v2\/posts\/395040\/revisions"}],"predecessor-version":[{"id":395041,"href":"https:\/\/realites.com.tn\/fr\/wp-json\/wp\/v2\/posts\/395040\/revisions\/395041"}],"wp:featuredmedia":[{"embeddable":true,"href":"https:\/\/realites.com.tn\/fr\/wp-json\/wp\/v2\/media\/377778"}],"wp:attachment":[{"href":"https:\/\/realites.com.tn\/fr\/wp-json\/wp\/v2\/media?parent=395040"}],"wp:term":[{"taxonomy":"category","embeddable":true,"href":"https:\/\/realites.com.tn\/fr\/wp-json\/wp\/v2\/categories?post=395040"},{"taxonomy":"post_tag","embeddable":true,"href":"https:\/\/realites.com.tn\/fr\/wp-json\/wp\/v2\/tags?post=395040"}],"curies":[{"name":"wp","href":"https:\/\/api.w.org\/{rel}","templated":true}]}}