{"id":395042,"date":"2026-09-04T18:49:32","date_gmt":"2026-09-04T17:49:32","guid":{"rendered":"https:\/\/realites.com.tn\/fr\/?p=395042"},"modified":"2026-09-04T18:51:29","modified_gmt":"2026-09-04T17:51:29","slug":"arrestation-de-mohamed-youssfi","status":"publish","type":"post","link":"https:\/\/realites.com.tn\/fr\/arrestation-de-mohamed-youssfi\/","title":{"rendered":"Arrestation de Mohamed Youssfi"},"content":{"rendered":"<p dir=\"ltr\">Le journaliste \u00e0 la plateforme Al Katiba, Wael Ouniffi, a annonc\u00e9 que son r\u00e9dacteur en chef, Mohamed Youssfi, a \u00e9t\u00e9 arr\u00eat\u00e9 ce vendredi, peu avant sa participation pr\u00e9vue \u00e0 une \u00e9mission \u00a0de Walid Ben Rhouma, diffus\u00e9e \u00e0 partir de 18h ce vendredi sur les ondes de Radio Express FM. Il devait y intervenir pour parler de l&rsquo;ouvrage publi\u00e9 par le site Al Katiba sur les politiques hydrauliques en Tunisie, qui regroupe plusieurs enqu\u00eates d&rsquo;investigation en lien avec ce sujet.<\/p>\n<p dir=\"ltr\"><img decoding=\"async\" class=\"alignnone size-medium wp-image-395045\" src=\"https:\/\/realites.com.tn\/fr\/wp-content\/uploads\/2026\/09\/Capture-decran-2026-09-04-184703-300x90.png\" alt=\"\" width=\"300\" height=\"90\" srcset=\"https:\/\/realites.com.tn\/fr\/wp-content\/uploads\/2026\/09\/Capture-decran-2026-09-04-184703-300x90.png 300w, https:\/\/realites.com.tn\/fr\/wp-content\/uploads\/2026\/09\/Capture-decran-2026-09-04-184703.png 445w\" sizes=\"(max-width: 300px) 100vw, 300px\" \/><br \/>\nL&rsquo;information a \u00e9t\u00e9 confirm\u00e9e par Jihene Elouati, membre du Syndicat national des journalistes tunisiens qui a indiqu\u00e9 que Youssfi a \u00e9t\u00e9 transf\u00e9r\u00e9 \u00e0 El Gorjani.<\/p>\n<p dir=\"ltr\"><img decoding=\"async\" class=\"alignnone size-medium wp-image-395046\" src=\"https:\/\/realites.com.tn\/fr\/wp-content\/uploads\/2026\/09\/Capture-decran-2026-09-04-184736-300x113.png\" alt=\"\" width=\"300\" height=\"113\" srcset=\"https:\/\/realites.com.tn\/fr\/wp-content\/uploads\/2026\/09\/Capture-decran-2026-09-04-184736-300x113.png 300w, https:\/\/realites.com.tn\/fr\/wp-content\/uploads\/2026\/09\/Capture-decran-2026-09-04-184736.png 459w\" sizes=\"(max-width: 300px) 100vw, 300px\" \/><\/p>\n","protected":false},"excerpt":{"rendered":"<p>Le journaliste \u00e0 la plateforme Al Katiba, Wael Ouniffi, a annonc\u00e9 que son r\u00e9dacteur en chef, Mohamed Youssfi, a \u00e9t\u00e9 arr\u00eat\u00e9 ce vendredi, peu avant sa participation pr\u00e9vue \u00e0 une&hellip;<\/p>\n","protected":false},"author":144,"featured_media":395043,"comment_status":"open","ping_status":"closed","sticky":false,"template":"","format":"standard","meta":{"_lmt_disableupdate":"no","_lmt_disable":"","_jetpack_memberships_contains_paid_content":false,"footnotes":""},"categories":[3,27],"tags":[9268,2875,3591,3736],"class_list":["post-395042","post","type-post","status-publish","format-standard","has-post-thumbnail","hentry","category-a-la-une","category-actualite","tag-al-katiba","tag-express-fm","tag-mohamed-youssfi","tag-realites-online"],"yoast_head":"<!-- This site is optimized with the Yoast SEO plugin v26.3 - https:\/\/yoast.com\/wordpress\/plugins\/seo\/ -->\n<title>Arrestation de Mohamed Youssfi - R\u00e9alit\u00e9s Magazine<\/title>\n<meta name=\"description\" content=\"Le journaliste \u00e0 la plateforme Al Katiba, Wael Ouniffi, a annonc\u00e9 que son r\u00e9dacteur en chef, Mohamed Youssfi, a \u00e9t\u00e9 arr\u00eat\u00e9 ce vendredi, peu avant sa\" \/>\n<meta name=\"robots\" content=\"index, follow, max-snippet:-1, max-image-preview:large, max-video-preview:-1\" \/>\n<link rel=\"canonical\" href=\"https:\/\/realites.com.tn\/fr\/arrestation-de-mohamed-youssfi\/\" \/>\n<meta property=\"og:locale\" content=\"fr_FR\" \/>\n<meta property=\"og:type\" content=\"article\" \/>\n<meta property=\"og:title\" content=\"Arrestation de Mohamed Youssfi - R\u00e9alit\u00e9s Magazine\" \/>\n<meta property=\"og:description\" content=\"Le journaliste \u00e0 la plateforme Al Katiba, Wael Ouniffi, a annonc\u00e9 que son r\u00e9dacteur en chef, Mohamed Youssfi, a \u00e9t\u00e9 arr\u00eat\u00e9 ce vendredi, peu avant sa\" \/>\n<meta property=\"og:url\" content=\"https:\/\/realites.com.tn\/fr\/arrestation-de-mohamed-youssfi\/\" \/>\n<meta property=\"og:site_name\" content=\"R\u00e9alit\u00e9s Magazine\" \/>\n<meta property=\"article:publisher\" content=\"https:\/\/www.facebook.com\/realites.tn\/\" \/>\n<meta property=\"article:published_time\" content=\"2026-09-04T17:49:32+00:00\" \/>\n<meta property=\"article:modified_time\" content=\"2026-09-04T17:51:29+00:00\" \/>\n<meta property=\"og:image\" content=\"https:\/\/realites.com.tn\/fr\/wp-content\/uploads\/2026\/09\/mohamed-yousfi.jpg\" \/>\n\t<meta property=\"og:image:width\" content=\"555\" \/>\n\t<meta property=\"og:image:height\" content=\"553\" \/>\n\t<meta property=\"og:image:type\" content=\"image\/jpeg\" \/>\n<meta name=\"author\" content=\"WKB\" \/>\n<meta name=\"twitter:card\" content=\"summary_large_image\" \/>\n<meta name=\"twitter:label1\" content=\"\u00c9crit par\" \/>\n\t<meta name=\"twitter:data1\" content=\"WKB\" \/>\n\t<meta name=\"twitter:label2\" content=\"Dur\u00e9e de lecture estim\u00e9e\" \/>\n\t<meta name=\"twitter:data2\" content=\"2 minutes\" \/>\n<script type=\"application\/ld+json\" class=\"yoast-schema-graph\">{\"@context\":\"https:\/\/schema.org\",\"@graph\":[{\"@type\":\"WebPage\",\"@id\":\"https:\/\/realites.com.tn\/fr\/arrestation-de-mohamed-youssfi\/\",\"url\":\"https:\/\/realites.com.tn\/fr\/arrestation-de-mohamed-youssfi\/\",\"name\":\"Arrestation de Mohamed Youssfi - R\u00e9alit\u00e9s Magazine\",\"isPartOf\":{\"@id\":\"https:\/\/realites.com.tn\/fr\/#website\"},\"primaryImageOfPage\":{\"@id\":\"https:\/\/realites.com.tn\/fr\/arrestation-de-mohamed-youssfi\/#primaryimage\"},\"image\":{\"@id\":\"https:\/\/realites.com.tn\/fr\/arrestation-de-mohamed-youssfi\/#primaryimage\"},\"thumbnailUrl\":\"https:\/\/realites.com.tn\/fr\/wp-content\/uploads\/2026\/09\/mohamed-yousfi.jpg\",\"datePublished\":\"2026-09-04T17:49:32+00:00\",\"dateModified\":\"2026-09-04T17:51:29+00:00\",\"author\":{\"@id\":\"https:\/\/realites.com.tn\/fr\/#\/schema\/person\/3017fbbf260e8228acd3e8ebf0cdd37f\"},\"description\":\"Le journaliste \u00e0 la plateforme Al Katiba, Wael Ouniffi, a annonc\u00e9 que son r\u00e9dacteur en chef, Mohamed Youssfi, a \u00e9t\u00e9 arr\u00eat\u00e9 ce vendredi, peu avant sa\",\"breadcrumb\":{\"@id\":\"https:\/\/realites.com.tn\/fr\/arrestation-de-mohamed-youssfi\/#breadcrumb\"},\"inLanguage\":\"fr-FR\",\"potentialAction\":[{\"@type\":\"ReadAction\",\"target\":[\"https:\/\/realites.com.tn\/fr\/arrestation-de-mohamed-youssfi\/\"]}]},{\"@type\":\"ImageObject\",\"inLanguage\":\"fr-FR\",\"@id\":\"https:\/\/realites.com.tn\/fr\/arrestation-de-mohamed-youssfi\/#primaryimage\",\"url\":\"https:\/\/realites.com.tn\/fr\/wp-content\/uploads\/2026\/09\/mohamed-yousfi.jpg\",\"contentUrl\":\"https:\/\/realites.com.tn\/fr\/wp-content\/uploads\/2026\/09\/mohamed-yousfi.jpg\",\"width\":555,\"height\":553},{\"@type\":\"BreadcrumbList\",\"@id\":\"https:\/\/realites.com.tn\/fr\/arrestation-de-mohamed-youssfi\/#breadcrumb\",\"itemListElement\":[{\"@type\":\"ListItem\",\"position\":1,\"name\":\"Home\",\"item\":\"https:\/\/realites.com.tn\/fr\/\"},{\"@type\":\"ListItem\",\"position\":2,\"name\":\"Arrestation de Mohamed Youssfi\"}]},{\"@type\":\"WebSite\",\"@id\":\"https:\/\/realites.com.tn\/fr\/#website\",\"url\":\"https:\/\/realites.com.tn\/fr\/\",\"name\":\"R\u00e9alit\u00e9s Magazine\",\"description\":\"Actualit\u00e9s de la Tunisie\",\"potentialAction\":[{\"@type\":\"SearchAction\",\"target\":{\"@type\":\"EntryPoint\",\"urlTemplate\":\"https:\/\/realites.com.tn\/fr\/?s={search_term_string}\"},\"query-input\":{\"@type\":\"PropertyValueSpecification\",\"valueRequired\":true,\"valueName\":\"search_term_string\"}}],\"inLanguage\":\"fr-FR\"},{\"@type\":\"Person\",\"@id\":\"https:\/\/realites.com.tn\/fr\/#\/schema\/person\/3017fbbf260e8228acd3e8ebf0cdd37f\",\"name\":\"WKB\",\"image\":{\"@type\":\"ImageObject\",\"inLanguage\":\"fr-FR\",\"@id\":\"https:\/\/realites.com.tn\/fr\/#\/schema\/person\/image\/\",\"url\":\"https:\/\/secure.gravatar.com\/avatar\/90f27863f4f5326a9b64d42421f4a20f?s=96&d=mm&r=g\",\"contentUrl\":\"https:\/\/secure.gravatar.com\/avatar\/90f27863f4f5326a9b64d42421f4a20f?s=96&d=mm&r=g\",\"caption\":\"WKB\"},\"url\":\"https:\/\/realites.com.tn\/fr\/author\/wkb2025\/\"}]}<\/script>\n<!-- \/ Yoast SEO plugin. -->","yoast_head_json":{"title":"Arrestation de Mohamed Youssfi - R\u00e9alit\u00e9s Magazine","description":"Le journaliste \u00e0 la plateforme Al Katiba, Wael Ouniffi, a annonc\u00e9 que son r\u00e9dacteur en chef, Mohamed Youssfi, a \u00e9t\u00e9 arr\u00eat\u00e9 ce vendredi, peu avant sa","robots":{"index":"index","follow":"follow","max-snippet":"max-snippet:-1","max-image-preview":"max-image-preview:large","max-video-preview":"max-video-preview:-1"},"canonical":"https:\/\/realites.com.tn\/fr\/arrestation-de-mohamed-youssfi\/","og_locale":"fr_FR","og_type":"article","og_title":"Arrestation de Mohamed Youssfi - R\u00e9alit\u00e9s Magazine","og_description":"Le journaliste \u00e0 la plateforme Al Katiba, Wael Ouniffi, a annonc\u00e9 que son r\u00e9dacteur en chef, Mohamed Youssfi, a \u00e9t\u00e9 arr\u00eat\u00e9 ce vendredi, peu avant sa","og_url":"https:\/\/realites.com.tn\/fr\/arrestation-de-mohamed-youssfi\/","og_site_name":"R\u00e9alit\u00e9s Magazine","article_publisher":"https:\/\/www.facebook.com\/realites.tn\/","article_published_time":"2026-09-04T17:49:32+00:00","article_modified_time":"2026-09-04T17:51:29+00:00","og_image":[{"width":555,"height":553,"url":"https:\/\/realites.com.tn\/fr\/wp-content\/uploads\/2026\/09\/mohamed-yousfi.jpg","type":"image\/jpeg"}],"author":"WKB","twitter_card":"summary_large_image","twitter_misc":{"\u00c9crit par":"WKB","Dur\u00e9e de lecture estim\u00e9e":"2 minutes"},"schema":{"@context":"https:\/\/schema.org","@graph":[{"@type":"WebPage","@id":"https:\/\/realites.com.tn\/fr\/arrestation-de-mohamed-youssfi\/","url":"https:\/\/realites.com.tn\/fr\/arrestation-de-mohamed-youssfi\/","name":"Arrestation de Mohamed Youssfi - R\u00e9alit\u00e9s Magazine","isPartOf":{"@id":"https:\/\/realites.com.tn\/fr\/#website"},"primaryImageOfPage":{"@id":"https:\/\/realites.com.tn\/fr\/arrestation-de-mohamed-youssfi\/#primaryimage"},"image":{"@id":"https:\/\/realites.com.tn\/fr\/arrestation-de-mohamed-youssfi\/#primaryimage"},"thumbnailUrl":"https:\/\/realites.com.tn\/fr\/wp-content\/uploads\/2026\/09\/mohamed-yousfi.jpg","datePublished":"2026-09-04T17:49:32+00:00","dateModified":"2026-09-04T17:51:29+00:00","author":{"@id":"https:\/\/realites.com.tn\/fr\/#\/schema\/person\/3017fbbf260e8228acd3e8ebf0cdd37f"},"description":"Le journaliste \u00e0 la plateforme Al Katiba, Wael Ouniffi, a annonc\u00e9 que son r\u00e9dacteur en chef, Mohamed Youssfi, a \u00e9t\u00e9 arr\u00eat\u00e9 ce vendredi, peu avant sa","breadcrumb":{"@id":"https:\/\/realites.com.tn\/fr\/arrestation-de-mohamed-youssfi\/#breadcrumb"},"inLanguage":"fr-FR","potentialAction":[{"@type":"ReadAction","target":["https:\/\/realites.com.tn\/fr\/arrestation-de-mohamed-youssfi\/"]}]},{"@type":"ImageObject","inLanguage":"fr-FR","@id":"https:\/\/realites.com.tn\/fr\/arrestation-de-mohamed-youssfi\/#primaryimage","url":"https:\/\/realites.com.tn\/fr\/wp-content\/uploads\/2026\/09\/mohamed-yousfi.jpg","contentUrl":"https:\/\/realites.com.tn\/fr\/wp-content\/uploads\/2026\/09\/mohamed-yousfi.jpg","width":555,"height":553},{"@type":"BreadcrumbList","@id":"https:\/\/realites.com.tn\/fr\/arrestation-de-mohamed-youssfi\/#breadcrumb","itemListElement":[{"@type":"ListItem","position":1,"name":"Home","item":"https:\/\/realites.com.tn\/fr\/"},{"@type":"ListItem","position":2,"name":"Arrestation de Mohamed Youssfi"}]},{"@type":"WebSite","@id":"https:\/\/realites.com.tn\/fr\/#website","url":"https:\/\/realites.com.tn\/fr\/","name":"R\u00e9alit\u00e9s Magazine","description":"Actualit\u00e9s de la Tunisie","potentialAction":[{"@type":"SearchAction","target":{"@type":"EntryPoint","urlTemplate":"https:\/\/realites.com.tn\/fr\/?s={search_term_string}"},"query-input":{"@type":"PropertyValueSpecification","valueRequired":true,"valueName":"search_term_string"}}],"inLanguage":"fr-FR"},{"@type":"Person","@id":"https:\/\/realites.com.tn\/fr\/#\/schema\/person\/3017fbbf260e8228acd3e8ebf0cdd37f","name":"WKB","image":{"@type":"ImageObject","inLanguage":"fr-FR","@id":"https:\/\/realites.com.tn\/fr\/#\/schema\/person\/image\/","url":"https:\/\/secure.gravatar.com\/avatar\/90f27863f4f5326a9b64d42421f4a20f?s=96&d=mm&r=g","contentUrl":"https:\/\/secure.gravatar.com\/avatar\/90f27863f4f5326a9b64d42421f4a20f?s=96&d=mm&r=g","caption":"WKB"},"url":"https:\/\/realites.com.tn\/fr\/author\/wkb2025\/"}]}},"jetpack_featured_media_url":"https:\/\/realites.com.tn\/fr\/wp-content\/uploads\/2026\/09\/mohamed-yousfi.jpg","jetpack_sharing_enabled":true,"views":86,"_links":{"self":[{"href":"https:\/\/realites.com.tn\/fr\/wp-json\/wp\/v2\/posts\/395042","targetHints":{"allow":["GET"]}}],"collection":[{"href":"https:\/\/realites.com.tn\/fr\/wp-json\/wp\/v2\/posts"}],"about":[{"href":"https:\/\/realites.com.tn\/fr\/wp-json\/wp\/v2\/types\/post"}],"author":[{"embeddable":true,"href":"https:\/\/realites.com.tn\/fr\/wp-json\/wp\/v2\/users\/144"}],"replies":[{"embeddable":true,"href":"https:\/\/realites.com.tn\/fr\/wp-json\/wp\/v2\/comments?post=395042"}],"version-history":[{"count":2,"href":"https:\/\/realites.com.tn\/fr\/wp-json\/wp\/v2\/posts\/395042\/revisions"}],"predecessor-version":[{"id":395049,"href":"https:\/\/realites.com.tn\/fr\/wp-json\/wp\/v2\/posts\/395042\/revisions\/395049"}],"wp:featuredmedia":[{"embeddable":true,"href":"https:\/\/realites.com.tn\/fr\/wp-json\/wp\/v2\/media\/395043"}],"wp:attachment":[{"href":"https:\/\/realites.com.tn\/fr\/wp-json\/wp\/v2\/media?parent=395042"}],"wp:term":[{"taxonomy":"category","embeddable":true,"href":"https:\/\/realites.com.tn\/fr\/wp-json\/wp\/v2\/categories?post=395042"},{"taxonomy":"post_tag","embeddable":true,"href":"https:\/\/realites.com.tn\/fr\/wp-json\/wp\/v2\/tags?post=395042"}],"curies":[{"name":"wp","href":"https:\/\/api.w.org\/{rel}","templated":true}]}}