{"id":395050,"date":"2026-09-04T19:42:30","date_gmt":"2026-09-04T18:42:30","guid":{"rendered":"https:\/\/realites.com.tn\/fr\/?p=395050"},"modified":"2026-09-04T19:43:00","modified_gmt":"2026-09-04T18:43:00","slug":"lavocat-ghazi-mrabet-place-en-garde-a-vue","status":"publish","type":"post","link":"https:\/\/realites.com.tn\/fr\/lavocat-ghazi-mrabet-place-en-garde-a-vue\/","title":{"rendered":"L&rsquo;avocat Ghazi Mrabet plac\u00e9 en garde \u00e0 vue"},"content":{"rendered":"<p><span style=\"font-weight: 400;\">Le parquet pr\u00e8s le tribunal de premi\u00e8re instance de Tunis a ordonn\u00e9 le placement en garde \u00e0 vue pour une dur\u00e9e de cinq jours de l&rsquo;avocat Ghazi Mrabet et d&rsquo;un important trafiquant de drogue recherch\u00e9, d\u00e9j\u00e0 condamn\u00e9 \u00e0 40 ans de prison. <\/span><span style=\"font-weight: 400;\"><br \/>\n<\/span><span style=\"font-weight: 400;\">L&rsquo;op\u00e9ration a \u00e9t\u00e9 men\u00e9e par la sous-direction anti-stup\u00e9fiants de la police judiciaire suite \u00e0 une intervention au domicile du fugitif, o\u00f9 les deux hommes ont \u00e9t\u00e9 surpris en flagrant d\u00e9lit. <\/span><span style=\"font-weight: 400;\"><br \/>\n<\/span><span style=\"font-weight: 400;\">Lors de la perquisition, les enqu\u00eateurs ont d\u00e9couvert plus de 8 kg de coca\u00efne, 4 kg de cannabis ainsi qu&rsquo;une somme de 394 000 dinars. Selon des pr\u00e9cisions apport\u00e9es par une source judiciaire \u00e0 l&rsquo;agence TAP, l&rsquo;avocat aurait <a href=\"https:\/\/realites.com.tn\/fr\/lavocat-ghazi-mrabet-arrete-ce-que-lon-sait\/\">tent\u00e9 d&rsquo;entraver le travail<\/a> des policiers afin de favoriser la fuite du suspect avant que les forces de l&rsquo;ordre ne parviennent \u00e0 les ma\u00eetriser tous les deux. <\/span><span style=\"font-weight: 400;\"><br \/>\n<\/span><span style=\"font-weight: 400;\">Poursuivies pour trafic de stup\u00e9fiants en bande organis\u00e9e et blanchiment d&rsquo;argent, les personnes interpell\u00e9es restent \u00e0 la disposition des chercheurs alors que les investigations se poursuivent pour identifier l&rsquo;ensemble des ramifications de ce r\u00e9seau.<\/span><\/p>\n","protected":false},"excerpt":{"rendered":"<p>Le parquet pr\u00e8s le tribunal de premi\u00e8re instance de Tunis a ordonn\u00e9 le placement en garde \u00e0 vue pour une dur\u00e9e de cinq jours de l&rsquo;avocat Ghazi Mrabet et d&rsquo;un&hellip;<\/p>\n","protected":false},"author":144,"featured_media":210138,"comment_status":"open","ping_status":"closed","sticky":false,"template":"","format":"standard","meta":{"_lmt_disableupdate":"no","_lmt_disable":"","_jetpack_memberships_contains_paid_content":false,"footnotes":""},"categories":[3,4],"tags":[1381,11692,3736,4041],"class_list":["post-395050","post","type-post","status-publish","format-standard","has-post-thumbnail","hentry","category-a-la-une","category-actualites","tag-drogue","tag-ghazi-mrabet","tag-realites-online","tag-trafic"],"yoast_head":"<!-- This site is optimized with the Yoast SEO plugin v26.3 - https:\/\/yoast.com\/wordpress\/plugins\/seo\/ -->\n<title>L&#039;avocat Ghazi Mrabet plac\u00e9 en garde \u00e0 vue - R\u00e9alit\u00e9s Magazine<\/title>\n<meta name=\"description\" content=\"Le parquet pr\u00e8s le tribunal de premi\u00e8re instance de Tunis a ordonn\u00e9 le placement en garde \u00e0 vue pour une dur\u00e9e de cinq jours de l&#039;avocat Ghazi Mrabet et\" \/>\n<meta name=\"robots\" content=\"index, follow, max-snippet:-1, max-image-preview:large, max-video-preview:-1\" \/>\n<link rel=\"canonical\" href=\"https:\/\/realites.com.tn\/fr\/lavocat-ghazi-mrabet-place-en-garde-a-vue\/\" \/>\n<meta property=\"og:locale\" content=\"fr_FR\" \/>\n<meta property=\"og:type\" content=\"article\" \/>\n<meta property=\"og:title\" content=\"L&#039;avocat Ghazi Mrabet plac\u00e9 en garde \u00e0 vue - R\u00e9alit\u00e9s Magazine\" \/>\n<meta property=\"og:description\" content=\"Le parquet pr\u00e8s le tribunal de premi\u00e8re instance de Tunis a ordonn\u00e9 le placement en garde \u00e0 vue pour une dur\u00e9e de cinq jours de l&#039;avocat Ghazi Mrabet et\" \/>\n<meta property=\"og:url\" content=\"https:\/\/realites.com.tn\/fr\/lavocat-ghazi-mrabet-place-en-garde-a-vue\/\" \/>\n<meta property=\"og:site_name\" content=\"R\u00e9alit\u00e9s Magazine\" \/>\n<meta property=\"article:publisher\" content=\"https:\/\/www.facebook.com\/realites.tn\/\" \/>\n<meta property=\"article:published_time\" content=\"2026-09-04T18:42:30+00:00\" \/>\n<meta property=\"article:modified_time\" content=\"2026-09-04T18:43:00+00:00\" \/>\n<meta property=\"og:image\" content=\"https:\/\/realites.com.tn\/fr\/wp-content\/uploads\/2021\/05\/agence-banque-arrestation.jpg\" \/>\n\t<meta property=\"og:image:width\" content=\"900\" \/>\n\t<meta property=\"og:image:height\" content=\"506\" \/>\n\t<meta property=\"og:image:type\" content=\"image\/jpeg\" \/>\n<meta name=\"author\" content=\"WKB\" \/>\n<meta name=\"twitter:card\" content=\"summary_large_image\" \/>\n<meta name=\"twitter:label1\" content=\"\u00c9crit par\" \/>\n\t<meta name=\"twitter:data1\" content=\"WKB\" \/>\n\t<meta name=\"twitter:label2\" content=\"Dur\u00e9e de lecture estim\u00e9e\" \/>\n\t<meta name=\"twitter:data2\" content=\"2 minutes\" \/>\n<script type=\"application\/ld+json\" class=\"yoast-schema-graph\">{\"@context\":\"https:\/\/schema.org\",\"@graph\":[{\"@type\":\"WebPage\",\"@id\":\"https:\/\/realites.com.tn\/fr\/lavocat-ghazi-mrabet-place-en-garde-a-vue\/\",\"url\":\"https:\/\/realites.com.tn\/fr\/lavocat-ghazi-mrabet-place-en-garde-a-vue\/\",\"name\":\"L'avocat Ghazi Mrabet plac\u00e9 en garde \u00e0 vue - R\u00e9alit\u00e9s Magazine\",\"isPartOf\":{\"@id\":\"https:\/\/realites.com.tn\/fr\/#website\"},\"primaryImageOfPage\":{\"@id\":\"https:\/\/realites.com.tn\/fr\/lavocat-ghazi-mrabet-place-en-garde-a-vue\/#primaryimage\"},\"image\":{\"@id\":\"https:\/\/realites.com.tn\/fr\/lavocat-ghazi-mrabet-place-en-garde-a-vue\/#primaryimage\"},\"thumbnailUrl\":\"https:\/\/realites.com.tn\/fr\/wp-content\/uploads\/2021\/05\/agence-banque-arrestation.jpg\",\"datePublished\":\"2026-09-04T18:42:30+00:00\",\"dateModified\":\"2026-09-04T18:43:00+00:00\",\"author\":{\"@id\":\"https:\/\/realites.com.tn\/fr\/#\/schema\/person\/3017fbbf260e8228acd3e8ebf0cdd37f\"},\"description\":\"Le parquet pr\u00e8s le tribunal de premi\u00e8re instance de Tunis a ordonn\u00e9 le placement en garde \u00e0 vue pour une dur\u00e9e de cinq jours de l'avocat Ghazi Mrabet et\",\"breadcrumb\":{\"@id\":\"https:\/\/realites.com.tn\/fr\/lavocat-ghazi-mrabet-place-en-garde-a-vue\/#breadcrumb\"},\"inLanguage\":\"fr-FR\",\"potentialAction\":[{\"@type\":\"ReadAction\",\"target\":[\"https:\/\/realites.com.tn\/fr\/lavocat-ghazi-mrabet-place-en-garde-a-vue\/\"]}]},{\"@type\":\"ImageObject\",\"inLanguage\":\"fr-FR\",\"@id\":\"https:\/\/realites.com.tn\/fr\/lavocat-ghazi-mrabet-place-en-garde-a-vue\/#primaryimage\",\"url\":\"https:\/\/realites.com.tn\/fr\/wp-content\/uploads\/2021\/05\/agence-banque-arrestation.jpg\",\"contentUrl\":\"https:\/\/realites.com.tn\/fr\/wp-content\/uploads\/2021\/05\/agence-banque-arrestation.jpg\",\"width\":900,\"height\":506},{\"@type\":\"BreadcrumbList\",\"@id\":\"https:\/\/realites.com.tn\/fr\/lavocat-ghazi-mrabet-place-en-garde-a-vue\/#breadcrumb\",\"itemListElement\":[{\"@type\":\"ListItem\",\"position\":1,\"name\":\"Home\",\"item\":\"https:\/\/realites.com.tn\/fr\/\"},{\"@type\":\"ListItem\",\"position\":2,\"name\":\"L&rsquo;avocat Ghazi Mrabet plac\u00e9 en garde \u00e0 vue\"}]},{\"@type\":\"WebSite\",\"@id\":\"https:\/\/realites.com.tn\/fr\/#website\",\"url\":\"https:\/\/realites.com.tn\/fr\/\",\"name\":\"R\u00e9alit\u00e9s Magazine\",\"description\":\"Actualit\u00e9s de la Tunisie\",\"potentialAction\":[{\"@type\":\"SearchAction\",\"target\":{\"@type\":\"EntryPoint\",\"urlTemplate\":\"https:\/\/realites.com.tn\/fr\/?s={search_term_string}\"},\"query-input\":{\"@type\":\"PropertyValueSpecification\",\"valueRequired\":true,\"valueName\":\"search_term_string\"}}],\"inLanguage\":\"fr-FR\"},{\"@type\":\"Person\",\"@id\":\"https:\/\/realites.com.tn\/fr\/#\/schema\/person\/3017fbbf260e8228acd3e8ebf0cdd37f\",\"name\":\"WKB\",\"image\":{\"@type\":\"ImageObject\",\"inLanguage\":\"fr-FR\",\"@id\":\"https:\/\/realites.com.tn\/fr\/#\/schema\/person\/image\/\",\"url\":\"https:\/\/secure.gravatar.com\/avatar\/90f27863f4f5326a9b64d42421f4a20f?s=96&d=mm&r=g\",\"contentUrl\":\"https:\/\/secure.gravatar.com\/avatar\/90f27863f4f5326a9b64d42421f4a20f?s=96&d=mm&r=g\",\"caption\":\"WKB\"},\"url\":\"https:\/\/realites.com.tn\/fr\/author\/wkb2025\/\"}]}<\/script>\n<!-- \/ Yoast SEO plugin. -->","yoast_head_json":{"title":"L'avocat Ghazi Mrabet plac\u00e9 en garde \u00e0 vue - R\u00e9alit\u00e9s Magazine","description":"Le parquet pr\u00e8s le tribunal de premi\u00e8re instance de Tunis a ordonn\u00e9 le placement en garde \u00e0 vue pour une dur\u00e9e de cinq jours de l'avocat Ghazi Mrabet et","robots":{"index":"index","follow":"follow","max-snippet":"max-snippet:-1","max-image-preview":"max-image-preview:large","max-video-preview":"max-video-preview:-1"},"canonical":"https:\/\/realites.com.tn\/fr\/lavocat-ghazi-mrabet-place-en-garde-a-vue\/","og_locale":"fr_FR","og_type":"article","og_title":"L'avocat Ghazi Mrabet plac\u00e9 en garde \u00e0 vue - R\u00e9alit\u00e9s Magazine","og_description":"Le parquet pr\u00e8s le tribunal de premi\u00e8re instance de Tunis a ordonn\u00e9 le placement en garde \u00e0 vue pour une dur\u00e9e de cinq jours de l'avocat Ghazi Mrabet et","og_url":"https:\/\/realites.com.tn\/fr\/lavocat-ghazi-mrabet-place-en-garde-a-vue\/","og_site_name":"R\u00e9alit\u00e9s Magazine","article_publisher":"https:\/\/www.facebook.com\/realites.tn\/","article_published_time":"2026-09-04T18:42:30+00:00","article_modified_time":"2026-09-04T18:43:00+00:00","og_image":[{"width":900,"height":506,"url":"https:\/\/realites.com.tn\/fr\/wp-content\/uploads\/2021\/05\/agence-banque-arrestation.jpg","type":"image\/jpeg"}],"author":"WKB","twitter_card":"summary_large_image","twitter_misc":{"\u00c9crit par":"WKB","Dur\u00e9e de lecture estim\u00e9e":"2 minutes"},"schema":{"@context":"https:\/\/schema.org","@graph":[{"@type":"WebPage","@id":"https:\/\/realites.com.tn\/fr\/lavocat-ghazi-mrabet-place-en-garde-a-vue\/","url":"https:\/\/realites.com.tn\/fr\/lavocat-ghazi-mrabet-place-en-garde-a-vue\/","name":"L'avocat Ghazi Mrabet plac\u00e9 en garde \u00e0 vue - R\u00e9alit\u00e9s Magazine","isPartOf":{"@id":"https:\/\/realites.com.tn\/fr\/#website"},"primaryImageOfPage":{"@id":"https:\/\/realites.com.tn\/fr\/lavocat-ghazi-mrabet-place-en-garde-a-vue\/#primaryimage"},"image":{"@id":"https:\/\/realites.com.tn\/fr\/lavocat-ghazi-mrabet-place-en-garde-a-vue\/#primaryimage"},"thumbnailUrl":"https:\/\/realites.com.tn\/fr\/wp-content\/uploads\/2021\/05\/agence-banque-arrestation.jpg","datePublished":"2026-09-04T18:42:30+00:00","dateModified":"2026-09-04T18:43:00+00:00","author":{"@id":"https:\/\/realites.com.tn\/fr\/#\/schema\/person\/3017fbbf260e8228acd3e8ebf0cdd37f"},"description":"Le parquet pr\u00e8s le tribunal de premi\u00e8re instance de Tunis a ordonn\u00e9 le placement en garde \u00e0 vue pour une dur\u00e9e de cinq jours de l'avocat Ghazi Mrabet et","breadcrumb":{"@id":"https:\/\/realites.com.tn\/fr\/lavocat-ghazi-mrabet-place-en-garde-a-vue\/#breadcrumb"},"inLanguage":"fr-FR","potentialAction":[{"@type":"ReadAction","target":["https:\/\/realites.com.tn\/fr\/lavocat-ghazi-mrabet-place-en-garde-a-vue\/"]}]},{"@type":"ImageObject","inLanguage":"fr-FR","@id":"https:\/\/realites.com.tn\/fr\/lavocat-ghazi-mrabet-place-en-garde-a-vue\/#primaryimage","url":"https:\/\/realites.com.tn\/fr\/wp-content\/uploads\/2021\/05\/agence-banque-arrestation.jpg","contentUrl":"https:\/\/realites.com.tn\/fr\/wp-content\/uploads\/2021\/05\/agence-banque-arrestation.jpg","width":900,"height":506},{"@type":"BreadcrumbList","@id":"https:\/\/realites.com.tn\/fr\/lavocat-ghazi-mrabet-place-en-garde-a-vue\/#breadcrumb","itemListElement":[{"@type":"ListItem","position":1,"name":"Home","item":"https:\/\/realites.com.tn\/fr\/"},{"@type":"ListItem","position":2,"name":"L&rsquo;avocat Ghazi Mrabet plac\u00e9 en garde \u00e0 vue"}]},{"@type":"WebSite","@id":"https:\/\/realites.com.tn\/fr\/#website","url":"https:\/\/realites.com.tn\/fr\/","name":"R\u00e9alit\u00e9s Magazine","description":"Actualit\u00e9s de la Tunisie","potentialAction":[{"@type":"SearchAction","target":{"@type":"EntryPoint","urlTemplate":"https:\/\/realites.com.tn\/fr\/?s={search_term_string}"},"query-input":{"@type":"PropertyValueSpecification","valueRequired":true,"valueName":"search_term_string"}}],"inLanguage":"fr-FR"},{"@type":"Person","@id":"https:\/\/realites.com.tn\/fr\/#\/schema\/person\/3017fbbf260e8228acd3e8ebf0cdd37f","name":"WKB","image":{"@type":"ImageObject","inLanguage":"fr-FR","@id":"https:\/\/realites.com.tn\/fr\/#\/schema\/person\/image\/","url":"https:\/\/secure.gravatar.com\/avatar\/90f27863f4f5326a9b64d42421f4a20f?s=96&d=mm&r=g","contentUrl":"https:\/\/secure.gravatar.com\/avatar\/90f27863f4f5326a9b64d42421f4a20f?s=96&d=mm&r=g","caption":"WKB"},"url":"https:\/\/realites.com.tn\/fr\/author\/wkb2025\/"}]}},"jetpack_featured_media_url":"https:\/\/realites.com.tn\/fr\/wp-content\/uploads\/2021\/05\/agence-banque-arrestation.jpg","jetpack_sharing_enabled":true,"views":29,"_links":{"self":[{"href":"https:\/\/realites.com.tn\/fr\/wp-json\/wp\/v2\/posts\/395050","targetHints":{"allow":["GET"]}}],"collection":[{"href":"https:\/\/realites.com.tn\/fr\/wp-json\/wp\/v2\/posts"}],"about":[{"href":"https:\/\/realites.com.tn\/fr\/wp-json\/wp\/v2\/types\/post"}],"author":[{"embeddable":true,"href":"https:\/\/realites.com.tn\/fr\/wp-json\/wp\/v2\/users\/144"}],"replies":[{"embeddable":true,"href":"https:\/\/realites.com.tn\/fr\/wp-json\/wp\/v2\/comments?post=395050"}],"version-history":[{"count":1,"href":"https:\/\/realites.com.tn\/fr\/wp-json\/wp\/v2\/posts\/395050\/revisions"}],"predecessor-version":[{"id":395052,"href":"https:\/\/realites.com.tn\/fr\/wp-json\/wp\/v2\/posts\/395050\/revisions\/395052"}],"wp:featuredmedia":[{"embeddable":true,"href":"https:\/\/realites.com.tn\/fr\/wp-json\/wp\/v2\/media\/210138"}],"wp:attachment":[{"href":"https:\/\/realites.com.tn\/fr\/wp-json\/wp\/v2\/media?parent=395050"}],"wp:term":[{"taxonomy":"category","embeddable":true,"href":"https:\/\/realites.com.tn\/fr\/wp-json\/wp\/v2\/categories?post=395050"},{"taxonomy":"post_tag","embeddable":true,"href":"https:\/\/realites.com.tn\/fr\/wp-json\/wp\/v2\/tags?post=395050"}],"curies":[{"name":"wp","href":"https:\/\/api.w.org\/{rel}","templated":true}]}}