{"id":395057,"date":"2026-09-04T20:49:01","date_gmt":"2026-09-04T19:49:01","guid":{"rendered":"https:\/\/realites.com.tn\/fr\/?p=395057"},"modified":"2026-09-04T20:49:01","modified_gmt":"2026-09-04T19:49:01","slug":"selection-de-309-projets-photovoltaiques-pour-une-puissance-installee-de-455-mw","status":"publish","type":"post","link":"https:\/\/realites.com.tn\/fr\/selection-de-309-projets-photovoltaiques-pour-une-puissance-installee-de-455-mw\/","title":{"rendered":"S\u00e9lection de 309 projets photovolta\u00efques pour une puissance install\u00e9e de 455 MW"},"content":{"rendered":"<p class=\"ds-markdown-paragraph\"><span class=\"\">Le minist\u00e8re de l&rsquo;Industrie, des Mines et de l&rsquo;\u00c9nergie a rendu publics les r\u00e9sultats de l&rsquo;examen des candidatures d\u00e9pos\u00e9es dans le cadre de la sixi\u00e8me session du r\u00e9gime des autorisations pour la production d&rsquo;\u00e9lectricit\u00e9 d&rsquo;origine solaire photovolta\u00efque. Sur l&rsquo;ensemble des dossiers soumis, 309 projets ont \u00e9t\u00e9 retenus, pour une capacit\u00e9 cumul\u00e9e de 455 m\u00e9gawatts. <\/span><span class=\"\">Les projets accept\u00e9s se r\u00e9partissent en trois cat\u00e9gories distinctes. D&rsquo;une part, 187 installations d&rsquo;une puissance unitaire de 1 MW ont \u00e9t\u00e9 s\u00e9lectionn\u00e9es. D&rsquo;autre part, 119 projets d&rsquo;une capacit\u00e9 de 2 MW ont \u00e9galement \u00e9t\u00e9 retenus. En sus, trois projets d&rsquo;une puissance de 10 MW viennent compl\u00e9ter ce dispositif.<\/span><span class=\"\">Les demandes avaient \u00e9t\u00e9 soumises au minist\u00e8re avant le 30 juin 2026. Par ailleurs, la liste compl\u00e8te des projets retenus est consultable sur le site internet du minist\u00e8re de l&rsquo;Industrie, des Mines et de l&rsquo;\u00c9nergie.<br \/>\n<strong>MBY<\/strong><br \/>\n<\/span><\/p>\n","protected":false},"excerpt":{"rendered":"<p>Le minist\u00e8re de l&rsquo;Industrie, des Mines et de l&rsquo;\u00c9nergie a rendu publics les r\u00e9sultats de l&rsquo;examen des candidatures d\u00e9pos\u00e9es dans le cadre de la sixi\u00e8me session du r\u00e9gime des autorisations&hellip;<\/p>\n","protected":false},"author":60,"featured_media":75847,"comment_status":"open","ping_status":"closed","sticky":false,"template":"","format":"standard","meta":{"_lmt_disableupdate":"","_lmt_disable":"","_jetpack_memberships_contains_paid_content":false,"footnotes":""},"categories":[6],"tags":[],"class_list":["post-395057","post","type-post","status-publish","format-standard","has-post-thumbnail","hentry","category-economie"],"yoast_head":"<!-- This site is optimized with the Yoast SEO plugin v26.3 - https:\/\/yoast.com\/wordpress\/plugins\/seo\/ -->\n<title>S\u00e9lection de 309 projets photovolta\u00efques pour une puissance install\u00e9e de 455 MW - R\u00e9alit\u00e9s Magazine<\/title>\n<meta name=\"description\" content=\"Le minist\u00e8re de l&#039;Industrie, des Mines et de l&#039;\u00c9nergie a rendu publics les r\u00e9sultats de l&#039;examen des candidatures d\u00e9pos\u00e9es dans le cadre de la sixi\u00e8me\" \/>\n<meta name=\"robots\" content=\"index, follow, max-snippet:-1, max-image-preview:large, max-video-preview:-1\" \/>\n<link rel=\"canonical\" href=\"https:\/\/realites.com.tn\/fr\/selection-de-309-projets-photovoltaiques-pour-une-puissance-installee-de-455-mw\/\" \/>\n<meta property=\"og:locale\" content=\"fr_FR\" \/>\n<meta property=\"og:type\" content=\"article\" \/>\n<meta property=\"og:title\" content=\"S\u00e9lection de 309 projets photovolta\u00efques pour une puissance install\u00e9e de 455 MW - R\u00e9alit\u00e9s Magazine\" \/>\n<meta property=\"og:description\" content=\"Le minist\u00e8re de l&#039;Industrie, des Mines et de l&#039;\u00c9nergie a rendu publics les r\u00e9sultats de l&#039;examen des candidatures d\u00e9pos\u00e9es dans le cadre de la sixi\u00e8me\" \/>\n<meta property=\"og:url\" content=\"https:\/\/realites.com.tn\/fr\/selection-de-309-projets-photovoltaiques-pour-une-puissance-installee-de-455-mw\/\" \/>\n<meta property=\"og:site_name\" content=\"R\u00e9alit\u00e9s Magazine\" \/>\n<meta property=\"article:publisher\" content=\"https:\/\/www.facebook.com\/realites.tn\/\" \/>\n<meta property=\"article:published_time\" content=\"2026-09-04T19:49:01+00:00\" \/>\n<meta property=\"og:image\" content=\"https:\/\/realites.com.tn\/fr\/wp-content\/uploads\/2016\/11\/photovota-15112106.jpg\" \/>\n\t<meta property=\"og:image:width\" content=\"605\" \/>\n\t<meta property=\"og:image:height\" content=\"425\" \/>\n\t<meta property=\"og:image:type\" content=\"image\/jpeg\" \/>\n<meta name=\"author\" content=\"La R\u00e9daction\" \/>\n<meta name=\"twitter:card\" content=\"summary_large_image\" \/>\n<meta name=\"twitter:label1\" content=\"\u00c9crit par\" \/>\n\t<meta name=\"twitter:data1\" content=\"La R\u00e9daction\" \/>\n\t<meta name=\"twitter:label2\" content=\"Dur\u00e9e de lecture estim\u00e9e\" \/>\n\t<meta name=\"twitter:data2\" content=\"1 minute\" \/>\n<script type=\"application\/ld+json\" class=\"yoast-schema-graph\">{\"@context\":\"https:\/\/schema.org\",\"@graph\":[{\"@type\":\"WebPage\",\"@id\":\"https:\/\/realites.com.tn\/fr\/selection-de-309-projets-photovoltaiques-pour-une-puissance-installee-de-455-mw\/\",\"url\":\"https:\/\/realites.com.tn\/fr\/selection-de-309-projets-photovoltaiques-pour-une-puissance-installee-de-455-mw\/\",\"name\":\"S\u00e9lection de 309 projets photovolta\u00efques pour une puissance install\u00e9e de 455 MW - R\u00e9alit\u00e9s Magazine\",\"isPartOf\":{\"@id\":\"https:\/\/realites.com.tn\/fr\/#website\"},\"primaryImageOfPage\":{\"@id\":\"https:\/\/realites.com.tn\/fr\/selection-de-309-projets-photovoltaiques-pour-une-puissance-installee-de-455-mw\/#primaryimage\"},\"image\":{\"@id\":\"https:\/\/realites.com.tn\/fr\/selection-de-309-projets-photovoltaiques-pour-une-puissance-installee-de-455-mw\/#primaryimage\"},\"thumbnailUrl\":\"https:\/\/realites.com.tn\/fr\/wp-content\/uploads\/2016\/11\/photovota-15112106.jpg\",\"datePublished\":\"2026-09-04T19:49:01+00:00\",\"author\":{\"@id\":\"https:\/\/realites.com.tn\/fr\/#\/schema\/person\/438b71c29a257d955d96d8aef42336e7\"},\"description\":\"Le minist\u00e8re de l'Industrie, des Mines et de l'\u00c9nergie a rendu publics les r\u00e9sultats de l'examen des candidatures d\u00e9pos\u00e9es dans le cadre de la sixi\u00e8me\",\"breadcrumb\":{\"@id\":\"https:\/\/realites.com.tn\/fr\/selection-de-309-projets-photovoltaiques-pour-une-puissance-installee-de-455-mw\/#breadcrumb\"},\"inLanguage\":\"fr-FR\",\"potentialAction\":[{\"@type\":\"ReadAction\",\"target\":[\"https:\/\/realites.com.tn\/fr\/selection-de-309-projets-photovoltaiques-pour-une-puissance-installee-de-455-mw\/\"]}]},{\"@type\":\"ImageObject\",\"inLanguage\":\"fr-FR\",\"@id\":\"https:\/\/realites.com.tn\/fr\/selection-de-309-projets-photovoltaiques-pour-une-puissance-installee-de-455-mw\/#primaryimage\",\"url\":\"https:\/\/realites.com.tn\/fr\/wp-content\/uploads\/2016\/11\/photovota-15112106.jpg\",\"contentUrl\":\"https:\/\/realites.com.tn\/fr\/wp-content\/uploads\/2016\/11\/photovota-15112106.jpg\",\"width\":605,\"height\":425},{\"@type\":\"BreadcrumbList\",\"@id\":\"https:\/\/realites.com.tn\/fr\/selection-de-309-projets-photovoltaiques-pour-une-puissance-installee-de-455-mw\/#breadcrumb\",\"itemListElement\":[{\"@type\":\"ListItem\",\"position\":1,\"name\":\"Home\",\"item\":\"https:\/\/realites.com.tn\/fr\/\"},{\"@type\":\"ListItem\",\"position\":2,\"name\":\"S\u00e9lection de 309 projets photovolta\u00efques pour une puissance install\u00e9e de 455 MW\"}]},{\"@type\":\"WebSite\",\"@id\":\"https:\/\/realites.com.tn\/fr\/#website\",\"url\":\"https:\/\/realites.com.tn\/fr\/\",\"name\":\"R\u00e9alit\u00e9s Magazine\",\"description\":\"Actualit\u00e9s de la Tunisie\",\"potentialAction\":[{\"@type\":\"SearchAction\",\"target\":{\"@type\":\"EntryPoint\",\"urlTemplate\":\"https:\/\/realites.com.tn\/fr\/?s={search_term_string}\"},\"query-input\":{\"@type\":\"PropertyValueSpecification\",\"valueRequired\":true,\"valueName\":\"search_term_string\"}}],\"inLanguage\":\"fr-FR\"},{\"@type\":\"Person\",\"@id\":\"https:\/\/realites.com.tn\/fr\/#\/schema\/person\/438b71c29a257d955d96d8aef42336e7\",\"name\":\"La R\u00e9daction\",\"image\":{\"@type\":\"ImageObject\",\"inLanguage\":\"fr-FR\",\"@id\":\"https:\/\/realites.com.tn\/fr\/#\/schema\/person\/image\/\",\"url\":\"https:\/\/secure.gravatar.com\/avatar\/fbe9ab25fcc82b6e660ad5648f91eadb?s=96&d=mm&r=g\",\"contentUrl\":\"https:\/\/secure.gravatar.com\/avatar\/fbe9ab25fcc82b6e660ad5648f91eadb?s=96&d=mm&r=g\",\"caption\":\"La R\u00e9daction\"},\"url\":\"https:\/\/realites.com.tn\/fr\/author\/realites5201\/\"}]}<\/script>\n<!-- \/ Yoast SEO plugin. -->","yoast_head_json":{"title":"S\u00e9lection de 309 projets photovolta\u00efques pour une puissance install\u00e9e de 455 MW - R\u00e9alit\u00e9s Magazine","description":"Le minist\u00e8re de l'Industrie, des Mines et de l'\u00c9nergie a rendu publics les r\u00e9sultats de l'examen des candidatures d\u00e9pos\u00e9es dans le cadre de la sixi\u00e8me","robots":{"index":"index","follow":"follow","max-snippet":"max-snippet:-1","max-image-preview":"max-image-preview:large","max-video-preview":"max-video-preview:-1"},"canonical":"https:\/\/realites.com.tn\/fr\/selection-de-309-projets-photovoltaiques-pour-une-puissance-installee-de-455-mw\/","og_locale":"fr_FR","og_type":"article","og_title":"S\u00e9lection de 309 projets photovolta\u00efques pour une puissance install\u00e9e de 455 MW - R\u00e9alit\u00e9s Magazine","og_description":"Le minist\u00e8re de l'Industrie, des Mines et de l'\u00c9nergie a rendu publics les r\u00e9sultats de l'examen des candidatures d\u00e9pos\u00e9es dans le cadre de la sixi\u00e8me","og_url":"https:\/\/realites.com.tn\/fr\/selection-de-309-projets-photovoltaiques-pour-une-puissance-installee-de-455-mw\/","og_site_name":"R\u00e9alit\u00e9s Magazine","article_publisher":"https:\/\/www.facebook.com\/realites.tn\/","article_published_time":"2026-09-04T19:49:01+00:00","og_image":[{"width":605,"height":425,"url":"https:\/\/realites.com.tn\/fr\/wp-content\/uploads\/2016\/11\/photovota-15112106.jpg","type":"image\/jpeg"}],"author":"La R\u00e9daction","twitter_card":"summary_large_image","twitter_misc":{"\u00c9crit par":"La R\u00e9daction","Dur\u00e9e de lecture estim\u00e9e":"1 minute"},"schema":{"@context":"https:\/\/schema.org","@graph":[{"@type":"WebPage","@id":"https:\/\/realites.com.tn\/fr\/selection-de-309-projets-photovoltaiques-pour-une-puissance-installee-de-455-mw\/","url":"https:\/\/realites.com.tn\/fr\/selection-de-309-projets-photovoltaiques-pour-une-puissance-installee-de-455-mw\/","name":"S\u00e9lection de 309 projets photovolta\u00efques pour une puissance install\u00e9e de 455 MW - R\u00e9alit\u00e9s Magazine","isPartOf":{"@id":"https:\/\/realites.com.tn\/fr\/#website"},"primaryImageOfPage":{"@id":"https:\/\/realites.com.tn\/fr\/selection-de-309-projets-photovoltaiques-pour-une-puissance-installee-de-455-mw\/#primaryimage"},"image":{"@id":"https:\/\/realites.com.tn\/fr\/selection-de-309-projets-photovoltaiques-pour-une-puissance-installee-de-455-mw\/#primaryimage"},"thumbnailUrl":"https:\/\/realites.com.tn\/fr\/wp-content\/uploads\/2016\/11\/photovota-15112106.jpg","datePublished":"2026-09-04T19:49:01+00:00","author":{"@id":"https:\/\/realites.com.tn\/fr\/#\/schema\/person\/438b71c29a257d955d96d8aef42336e7"},"description":"Le minist\u00e8re de l'Industrie, des Mines et de l'\u00c9nergie a rendu publics les r\u00e9sultats de l'examen des candidatures d\u00e9pos\u00e9es dans le cadre de la sixi\u00e8me","breadcrumb":{"@id":"https:\/\/realites.com.tn\/fr\/selection-de-309-projets-photovoltaiques-pour-une-puissance-installee-de-455-mw\/#breadcrumb"},"inLanguage":"fr-FR","potentialAction":[{"@type":"ReadAction","target":["https:\/\/realites.com.tn\/fr\/selection-de-309-projets-photovoltaiques-pour-une-puissance-installee-de-455-mw\/"]}]},{"@type":"ImageObject","inLanguage":"fr-FR","@id":"https:\/\/realites.com.tn\/fr\/selection-de-309-projets-photovoltaiques-pour-une-puissance-installee-de-455-mw\/#primaryimage","url":"https:\/\/realites.com.tn\/fr\/wp-content\/uploads\/2016\/11\/photovota-15112106.jpg","contentUrl":"https:\/\/realites.com.tn\/fr\/wp-content\/uploads\/2016\/11\/photovota-15112106.jpg","width":605,"height":425},{"@type":"BreadcrumbList","@id":"https:\/\/realites.com.tn\/fr\/selection-de-309-projets-photovoltaiques-pour-une-puissance-installee-de-455-mw\/#breadcrumb","itemListElement":[{"@type":"ListItem","position":1,"name":"Home","item":"https:\/\/realites.com.tn\/fr\/"},{"@type":"ListItem","position":2,"name":"S\u00e9lection de 309 projets photovolta\u00efques pour une puissance install\u00e9e de 455 MW"}]},{"@type":"WebSite","@id":"https:\/\/realites.com.tn\/fr\/#website","url":"https:\/\/realites.com.tn\/fr\/","name":"R\u00e9alit\u00e9s Magazine","description":"Actualit\u00e9s de la Tunisie","potentialAction":[{"@type":"SearchAction","target":{"@type":"EntryPoint","urlTemplate":"https:\/\/realites.com.tn\/fr\/?s={search_term_string}"},"query-input":{"@type":"PropertyValueSpecification","valueRequired":true,"valueName":"search_term_string"}}],"inLanguage":"fr-FR"},{"@type":"Person","@id":"https:\/\/realites.com.tn\/fr\/#\/schema\/person\/438b71c29a257d955d96d8aef42336e7","name":"La R\u00e9daction","image":{"@type":"ImageObject","inLanguage":"fr-FR","@id":"https:\/\/realites.com.tn\/fr\/#\/schema\/person\/image\/","url":"https:\/\/secure.gravatar.com\/avatar\/fbe9ab25fcc82b6e660ad5648f91eadb?s=96&d=mm&r=g","contentUrl":"https:\/\/secure.gravatar.com\/avatar\/fbe9ab25fcc82b6e660ad5648f91eadb?s=96&d=mm&r=g","caption":"La R\u00e9daction"},"url":"https:\/\/realites.com.tn\/fr\/author\/realites5201\/"}]}},"jetpack_featured_media_url":"https:\/\/realites.com.tn\/fr\/wp-content\/uploads\/2016\/11\/photovota-15112106.jpg","jetpack_sharing_enabled":true,"views":27,"_links":{"self":[{"href":"https:\/\/realites.com.tn\/fr\/wp-json\/wp\/v2\/posts\/395057","targetHints":{"allow":["GET"]}}],"collection":[{"href":"https:\/\/realites.com.tn\/fr\/wp-json\/wp\/v2\/posts"}],"about":[{"href":"https:\/\/realites.com.tn\/fr\/wp-json\/wp\/v2\/types\/post"}],"author":[{"embeddable":true,"href":"https:\/\/realites.com.tn\/fr\/wp-json\/wp\/v2\/users\/60"}],"replies":[{"embeddable":true,"href":"https:\/\/realites.com.tn\/fr\/wp-json\/wp\/v2\/comments?post=395057"}],"version-history":[{"count":1,"href":"https:\/\/realites.com.tn\/fr\/wp-json\/wp\/v2\/posts\/395057\/revisions"}],"predecessor-version":[{"id":395058,"href":"https:\/\/realites.com.tn\/fr\/wp-json\/wp\/v2\/posts\/395057\/revisions\/395058"}],"wp:featuredmedia":[{"embeddable":true,"href":"https:\/\/realites.com.tn\/fr\/wp-json\/wp\/v2\/media\/75847"}],"wp:attachment":[{"href":"https:\/\/realites.com.tn\/fr\/wp-json\/wp\/v2\/media?parent=395057"}],"wp:term":[{"taxonomy":"category","embeddable":true,"href":"https:\/\/realites.com.tn\/fr\/wp-json\/wp\/v2\/categories?post=395057"},{"taxonomy":"post_tag","embeddable":true,"href":"https:\/\/realites.com.tn\/fr\/wp-json\/wp\/v2\/tags?post=395057"}],"curies":[{"name":"wp","href":"https:\/\/api.w.org\/{rel}","templated":true}]}}