{"id":395059,"date":"2026-09-05T00:53:12","date_gmt":"2026-09-04T23:53:12","guid":{"rendered":"https:\/\/realites.com.tn\/fr\/?p=395059"},"modified":"2026-09-05T01:05:47","modified_gmt":"2026-09-05T00:05:47","slug":"le-journaliste-mohamed-yousfi-place-en-garde-a-vue","status":"publish","type":"post","link":"https:\/\/realites.com.tn\/fr\/le-journaliste-mohamed-yousfi-place-en-garde-a-vue\/","title":{"rendered":"Le journaliste Mohamed Yousfi plac\u00e9 en garde \u00e0 vue"},"content":{"rendered":"<p>Le journaliste et r\u00e9dacteur en chef du site Al Qatiba, Mohamed Yousfi, a \u00e9t\u00e9 plac\u00e9 en garde \u00e0 vue, dans la nuit du vendredi au samedi 5 septembre 2026, dans le cadre d\u2019une enqu\u00eate ouverte par le p\u00f4le judiciaire \u00e9conomique et financier.<\/p>\n<p>Selon l\u2019agence Tap citant une source judiciaire proche du dossier, le juge d&rsquo;instruction pr\u00e8s le P\u00f4le judiciaire \u00e9conomique et financier a ordonn\u00e9 la mise en garde \u00e0 vue du journaliste dans le cadre d&rsquo;une affaire portant sur des soup\u00e7ons d&rsquo;enrichissement illicite et de blanchiment d&rsquo;argent.<\/p>\n<p>Il convient de rappeler que le pr\u00e9sident du Syndicat national des journalistes tunisiens (SNJT), Zied Dabbar, a annonc\u00e9 plus t\u00f4t dans la journ\u00e9e l\u2019arrestation de Mohamed Yousfi. Selon Zied Dabbar, le journaliste a \u00e9t\u00e9 interpell\u00e9 alors qu\u2019il s\u2019appr\u00eatait \u00e0 entrer dans les locaux de la radio Express FM, o\u00f9 il devait participer \u00e0 une \u00e9mission.<\/p>\n","protected":false},"excerpt":{"rendered":"<p>Le journaliste et r\u00e9dacteur en chef du site Al Qatiba, Mohamed Yousfi, a \u00e9t\u00e9 plac\u00e9 en garde \u00e0 vue, dans la nuit du vendredi au samedi 5 septembre 2026, dans&hellip;<\/p>\n","protected":false},"author":145,"featured_media":395043,"comment_status":"open","ping_status":"closed","sticky":false,"template":"","format":"standard","meta":{"_lmt_disableupdate":"no","_lmt_disable":"","_jetpack_memberships_contains_paid_content":false,"footnotes":""},"categories":[4],"tags":[3551,11694],"class_list":["post-395059","post","type-post","status-publish","format-standard","has-post-thumbnail","hentry","category-actualites","tag-journaliste","tag-mohamed-yousfi"],"yoast_head":"<!-- This site is optimized with the Yoast SEO plugin v26.3 - https:\/\/yoast.com\/wordpress\/plugins\/seo\/ -->\n<title>Le journaliste Mohamed Yousfi plac\u00e9 en garde \u00e0 vue - R\u00e9alit\u00e9s Magazine<\/title>\n<meta name=\"description\" content=\"Le journaliste et r\u00e9dacteur en chef du site Al Qatiba, Mohamed Yousfi, a \u00e9t\u00e9 plac\u00e9 en garde \u00e0 vue, dans la nuit du vendredi au samedi 5 septembre 2026,\" \/>\n<meta name=\"robots\" content=\"index, follow, max-snippet:-1, max-image-preview:large, max-video-preview:-1\" \/>\n<link rel=\"canonical\" href=\"https:\/\/realites.com.tn\/fr\/le-journaliste-mohamed-yousfi-place-en-garde-a-vue\/\" \/>\n<meta property=\"og:locale\" content=\"fr_FR\" \/>\n<meta property=\"og:type\" content=\"article\" \/>\n<meta property=\"og:title\" content=\"Le journaliste Mohamed Yousfi plac\u00e9 en garde \u00e0 vue - R\u00e9alit\u00e9s Magazine\" \/>\n<meta property=\"og:description\" content=\"Le journaliste et r\u00e9dacteur en chef du site Al Qatiba, Mohamed Yousfi, a \u00e9t\u00e9 plac\u00e9 en garde \u00e0 vue, dans la nuit du vendredi au samedi 5 septembre 2026,\" \/>\n<meta property=\"og:url\" content=\"https:\/\/realites.com.tn\/fr\/le-journaliste-mohamed-yousfi-place-en-garde-a-vue\/\" \/>\n<meta property=\"og:site_name\" content=\"R\u00e9alit\u00e9s Magazine\" \/>\n<meta property=\"article:publisher\" content=\"https:\/\/www.facebook.com\/realites.tn\/\" \/>\n<meta property=\"article:published_time\" content=\"2026-09-04T23:53:12+00:00\" \/>\n<meta property=\"article:modified_time\" content=\"2026-09-05T00:05:47+00:00\" \/>\n<meta property=\"og:image\" content=\"https:\/\/realites.com.tn\/fr\/wp-content\/uploads\/2026\/09\/mohamed-yousfi.jpg\" \/>\n\t<meta property=\"og:image:width\" content=\"555\" \/>\n\t<meta property=\"og:image:height\" content=\"553\" \/>\n\t<meta property=\"og:image:type\" content=\"image\/jpeg\" \/>\n<meta name=\"author\" content=\"M. A\" \/>\n<meta name=\"twitter:card\" content=\"summary_large_image\" \/>\n<meta name=\"twitter:label1\" content=\"\u00c9crit par\" \/>\n\t<meta name=\"twitter:data1\" content=\"M. A\" \/>\n\t<meta name=\"twitter:label2\" content=\"Dur\u00e9e de lecture estim\u00e9e\" \/>\n\t<meta name=\"twitter:data2\" content=\"1 minute\" \/>\n<script type=\"application\/ld+json\" class=\"yoast-schema-graph\">{\"@context\":\"https:\/\/schema.org\",\"@graph\":[{\"@type\":\"WebPage\",\"@id\":\"https:\/\/realites.com.tn\/fr\/le-journaliste-mohamed-yousfi-place-en-garde-a-vue\/\",\"url\":\"https:\/\/realites.com.tn\/fr\/le-journaliste-mohamed-yousfi-place-en-garde-a-vue\/\",\"name\":\"Le journaliste Mohamed Yousfi plac\u00e9 en garde \u00e0 vue - R\u00e9alit\u00e9s Magazine\",\"isPartOf\":{\"@id\":\"https:\/\/realites.com.tn\/fr\/#website\"},\"primaryImageOfPage\":{\"@id\":\"https:\/\/realites.com.tn\/fr\/le-journaliste-mohamed-yousfi-place-en-garde-a-vue\/#primaryimage\"},\"image\":{\"@id\":\"https:\/\/realites.com.tn\/fr\/le-journaliste-mohamed-yousfi-place-en-garde-a-vue\/#primaryimage\"},\"thumbnailUrl\":\"https:\/\/realites.com.tn\/fr\/wp-content\/uploads\/2026\/09\/mohamed-yousfi.jpg\",\"datePublished\":\"2026-09-04T23:53:12+00:00\",\"dateModified\":\"2026-09-05T00:05:47+00:00\",\"author\":{\"@id\":\"https:\/\/realites.com.tn\/fr\/#\/schema\/person\/515fe3e54fbbc075df64dd746b52c530\"},\"description\":\"Le journaliste et r\u00e9dacteur en chef du site Al Qatiba, Mohamed Yousfi, a \u00e9t\u00e9 plac\u00e9 en garde \u00e0 vue, dans la nuit du vendredi au samedi 5 septembre 2026,\",\"breadcrumb\":{\"@id\":\"https:\/\/realites.com.tn\/fr\/le-journaliste-mohamed-yousfi-place-en-garde-a-vue\/#breadcrumb\"},\"inLanguage\":\"fr-FR\",\"potentialAction\":[{\"@type\":\"ReadAction\",\"target\":[\"https:\/\/realites.com.tn\/fr\/le-journaliste-mohamed-yousfi-place-en-garde-a-vue\/\"]}]},{\"@type\":\"ImageObject\",\"inLanguage\":\"fr-FR\",\"@id\":\"https:\/\/realites.com.tn\/fr\/le-journaliste-mohamed-yousfi-place-en-garde-a-vue\/#primaryimage\",\"url\":\"https:\/\/realites.com.tn\/fr\/wp-content\/uploads\/2026\/09\/mohamed-yousfi.jpg\",\"contentUrl\":\"https:\/\/realites.com.tn\/fr\/wp-content\/uploads\/2026\/09\/mohamed-yousfi.jpg\",\"width\":555,\"height\":553},{\"@type\":\"BreadcrumbList\",\"@id\":\"https:\/\/realites.com.tn\/fr\/le-journaliste-mohamed-yousfi-place-en-garde-a-vue\/#breadcrumb\",\"itemListElement\":[{\"@type\":\"ListItem\",\"position\":1,\"name\":\"Home\",\"item\":\"https:\/\/realites.com.tn\/fr\/\"},{\"@type\":\"ListItem\",\"position\":2,\"name\":\"Le journaliste Mohamed Yousfi plac\u00e9 en garde \u00e0 vue\"}]},{\"@type\":\"WebSite\",\"@id\":\"https:\/\/realites.com.tn\/fr\/#website\",\"url\":\"https:\/\/realites.com.tn\/fr\/\",\"name\":\"R\u00e9alit\u00e9s Magazine\",\"description\":\"Actualit\u00e9s de la Tunisie\",\"potentialAction\":[{\"@type\":\"SearchAction\",\"target\":{\"@type\":\"EntryPoint\",\"urlTemplate\":\"https:\/\/realites.com.tn\/fr\/?s={search_term_string}\"},\"query-input\":{\"@type\":\"PropertyValueSpecification\",\"valueRequired\":true,\"valueName\":\"search_term_string\"}}],\"inLanguage\":\"fr-FR\"},{\"@type\":\"Person\",\"@id\":\"https:\/\/realites.com.tn\/fr\/#\/schema\/person\/515fe3e54fbbc075df64dd746b52c530\",\"name\":\"M. A\",\"image\":{\"@type\":\"ImageObject\",\"inLanguage\":\"fr-FR\",\"@id\":\"https:\/\/realites.com.tn\/fr\/#\/schema\/person\/image\/\",\"url\":\"https:\/\/secure.gravatar.com\/avatar\/6cb0d0a36abd98854e1d819008d7569a?s=96&d=mm&r=g\",\"contentUrl\":\"https:\/\/secure.gravatar.com\/avatar\/6cb0d0a36abd98854e1d819008d7569a?s=96&d=mm&r=g\",\"caption\":\"M. A\"},\"url\":\"https:\/\/realites.com.tn\/fr\/author\/ma2025\/\"}]}<\/script>\n<!-- \/ Yoast SEO plugin. -->","yoast_head_json":{"title":"Le journaliste Mohamed Yousfi plac\u00e9 en garde \u00e0 vue - R\u00e9alit\u00e9s Magazine","description":"Le journaliste et r\u00e9dacteur en chef du site Al Qatiba, Mohamed Yousfi, a \u00e9t\u00e9 plac\u00e9 en garde \u00e0 vue, dans la nuit du vendredi au samedi 5 septembre 2026,","robots":{"index":"index","follow":"follow","max-snippet":"max-snippet:-1","max-image-preview":"max-image-preview:large","max-video-preview":"max-video-preview:-1"},"canonical":"https:\/\/realites.com.tn\/fr\/le-journaliste-mohamed-yousfi-place-en-garde-a-vue\/","og_locale":"fr_FR","og_type":"article","og_title":"Le journaliste Mohamed Yousfi plac\u00e9 en garde \u00e0 vue - R\u00e9alit\u00e9s Magazine","og_description":"Le journaliste et r\u00e9dacteur en chef du site Al Qatiba, Mohamed Yousfi, a \u00e9t\u00e9 plac\u00e9 en garde \u00e0 vue, dans la nuit du vendredi au samedi 5 septembre 2026,","og_url":"https:\/\/realites.com.tn\/fr\/le-journaliste-mohamed-yousfi-place-en-garde-a-vue\/","og_site_name":"R\u00e9alit\u00e9s Magazine","article_publisher":"https:\/\/www.facebook.com\/realites.tn\/","article_published_time":"2026-09-04T23:53:12+00:00","article_modified_time":"2026-09-05T00:05:47+00:00","og_image":[{"width":555,"height":553,"url":"https:\/\/realites.com.tn\/fr\/wp-content\/uploads\/2026\/09\/mohamed-yousfi.jpg","type":"image\/jpeg"}],"author":"M. A","twitter_card":"summary_large_image","twitter_misc":{"\u00c9crit par":"M. A","Dur\u00e9e de lecture estim\u00e9e":"1 minute"},"schema":{"@context":"https:\/\/schema.org","@graph":[{"@type":"WebPage","@id":"https:\/\/realites.com.tn\/fr\/le-journaliste-mohamed-yousfi-place-en-garde-a-vue\/","url":"https:\/\/realites.com.tn\/fr\/le-journaliste-mohamed-yousfi-place-en-garde-a-vue\/","name":"Le journaliste Mohamed Yousfi plac\u00e9 en garde \u00e0 vue - R\u00e9alit\u00e9s Magazine","isPartOf":{"@id":"https:\/\/realites.com.tn\/fr\/#website"},"primaryImageOfPage":{"@id":"https:\/\/realites.com.tn\/fr\/le-journaliste-mohamed-yousfi-place-en-garde-a-vue\/#primaryimage"},"image":{"@id":"https:\/\/realites.com.tn\/fr\/le-journaliste-mohamed-yousfi-place-en-garde-a-vue\/#primaryimage"},"thumbnailUrl":"https:\/\/realites.com.tn\/fr\/wp-content\/uploads\/2026\/09\/mohamed-yousfi.jpg","datePublished":"2026-09-04T23:53:12+00:00","dateModified":"2026-09-05T00:05:47+00:00","author":{"@id":"https:\/\/realites.com.tn\/fr\/#\/schema\/person\/515fe3e54fbbc075df64dd746b52c530"},"description":"Le journaliste et r\u00e9dacteur en chef du site Al Qatiba, Mohamed Yousfi, a \u00e9t\u00e9 plac\u00e9 en garde \u00e0 vue, dans la nuit du vendredi au samedi 5 septembre 2026,","breadcrumb":{"@id":"https:\/\/realites.com.tn\/fr\/le-journaliste-mohamed-yousfi-place-en-garde-a-vue\/#breadcrumb"},"inLanguage":"fr-FR","potentialAction":[{"@type":"ReadAction","target":["https:\/\/realites.com.tn\/fr\/le-journaliste-mohamed-yousfi-place-en-garde-a-vue\/"]}]},{"@type":"ImageObject","inLanguage":"fr-FR","@id":"https:\/\/realites.com.tn\/fr\/le-journaliste-mohamed-yousfi-place-en-garde-a-vue\/#primaryimage","url":"https:\/\/realites.com.tn\/fr\/wp-content\/uploads\/2026\/09\/mohamed-yousfi.jpg","contentUrl":"https:\/\/realites.com.tn\/fr\/wp-content\/uploads\/2026\/09\/mohamed-yousfi.jpg","width":555,"height":553},{"@type":"BreadcrumbList","@id":"https:\/\/realites.com.tn\/fr\/le-journaliste-mohamed-yousfi-place-en-garde-a-vue\/#breadcrumb","itemListElement":[{"@type":"ListItem","position":1,"name":"Home","item":"https:\/\/realites.com.tn\/fr\/"},{"@type":"ListItem","position":2,"name":"Le journaliste Mohamed Yousfi plac\u00e9 en garde \u00e0 vue"}]},{"@type":"WebSite","@id":"https:\/\/realites.com.tn\/fr\/#website","url":"https:\/\/realites.com.tn\/fr\/","name":"R\u00e9alit\u00e9s Magazine","description":"Actualit\u00e9s de la Tunisie","potentialAction":[{"@type":"SearchAction","target":{"@type":"EntryPoint","urlTemplate":"https:\/\/realites.com.tn\/fr\/?s={search_term_string}"},"query-input":{"@type":"PropertyValueSpecification","valueRequired":true,"valueName":"search_term_string"}}],"inLanguage":"fr-FR"},{"@type":"Person","@id":"https:\/\/realites.com.tn\/fr\/#\/schema\/person\/515fe3e54fbbc075df64dd746b52c530","name":"M. A","image":{"@type":"ImageObject","inLanguage":"fr-FR","@id":"https:\/\/realites.com.tn\/fr\/#\/schema\/person\/image\/","url":"https:\/\/secure.gravatar.com\/avatar\/6cb0d0a36abd98854e1d819008d7569a?s=96&d=mm&r=g","contentUrl":"https:\/\/secure.gravatar.com\/avatar\/6cb0d0a36abd98854e1d819008d7569a?s=96&d=mm&r=g","caption":"M. A"},"url":"https:\/\/realites.com.tn\/fr\/author\/ma2025\/"}]}},"jetpack_featured_media_url":"https:\/\/realites.com.tn\/fr\/wp-content\/uploads\/2026\/09\/mohamed-yousfi.jpg","jetpack_sharing_enabled":true,"views":102,"_links":{"self":[{"href":"https:\/\/realites.com.tn\/fr\/wp-json\/wp\/v2\/posts\/395059","targetHints":{"allow":["GET"]}}],"collection":[{"href":"https:\/\/realites.com.tn\/fr\/wp-json\/wp\/v2\/posts"}],"about":[{"href":"https:\/\/realites.com.tn\/fr\/wp-json\/wp\/v2\/types\/post"}],"author":[{"embeddable":true,"href":"https:\/\/realites.com.tn\/fr\/wp-json\/wp\/v2\/users\/145"}],"replies":[{"embeddable":true,"href":"https:\/\/realites.com.tn\/fr\/wp-json\/wp\/v2\/comments?post=395059"}],"version-history":[{"count":2,"href":"https:\/\/realites.com.tn\/fr\/wp-json\/wp\/v2\/posts\/395059\/revisions"}],"predecessor-version":[{"id":395063,"href":"https:\/\/realites.com.tn\/fr\/wp-json\/wp\/v2\/posts\/395059\/revisions\/395063"}],"wp:featuredmedia":[{"embeddable":true,"href":"https:\/\/realites.com.tn\/fr\/wp-json\/wp\/v2\/media\/395043"}],"wp:attachment":[{"href":"https:\/\/realites.com.tn\/fr\/wp-json\/wp\/v2\/media?parent=395059"}],"wp:term":[{"taxonomy":"category","embeddable":true,"href":"https:\/\/realites.com.tn\/fr\/wp-json\/wp\/v2\/categories?post=395059"},{"taxonomy":"post_tag","embeddable":true,"href":"https:\/\/realites.com.tn\/fr\/wp-json\/wp\/v2\/tags?post=395059"}],"curies":[{"name":"wp","href":"https:\/\/api.w.org\/{rel}","templated":true}]}}