{"id":395064,"date":"2026-09-05T07:18:21","date_gmt":"2026-09-05T06:18:21","guid":{"rendered":"https:\/\/realites.com.tn\/fr\/?p=395064"},"modified":"2026-09-05T07:18:21","modified_gmt":"2026-09-05T06:18:21","slug":"trois-projets-tunisiens-selectionnes-pour-la-finale-internationale-du-poesam","status":"publish","type":"post","link":"https:\/\/realites.com.tn\/fr\/trois-projets-tunisiens-selectionnes-pour-la-finale-internationale-du-poesam\/","title":{"rendered":"Trois projets tunisiens s\u00e9lectionn\u00e9s pour la finale internationale du POESAM"},"content":{"rendered":"<p class=\"ds-markdown-paragraph\"><span class=\"\">La c\u00e9r\u00e9monie organis\u00e9e le 3 septembre \u00e0 Tunis a permis \u00e0 Orange Tunisie de d\u00e9voiler les noms des laur\u00e9ats nationaux de la seizi\u00e8me \u00e9dition du Prix Orange de l&rsquo;Entrepreneur Social en Afrique et au Moyen-Orient (POESAM). Cette \u00e9dition a \u00e9galement d\u00e9cern\u00e9, pour la deuxi\u00e8me ann\u00e9e cons\u00e9cutive, le Prix F\u00e9minin National, soutenu par le PNUD Tunisie et financ\u00e9 par le Canada.<\/span><\/p>\n<p><iframe title=\"YouTube video player\" src=\"https:\/\/www.youtube.com\/embed\/FknU8I4sWm4?si=OMAe6ttmTAg9KSsq\" width=\"560\" height=\"315\" frameborder=\"0\" allowfullscreen=\"allowfullscreen\"><\/iframe><\/p>\n<p class=\"ds-markdown-paragraph\"><span class=\"\">Parmi les 156 candidatures re\u00e7ues, le jury a distingu\u00e9 trois projets. Le premier prix, d&rsquo;un montant de 15 000 dinars, a \u00e9t\u00e9 attribu\u00e9 \u00e0 Anis Ben Ghalia pour CHITELIX, une solution de valorisation des d\u00e9chets de crabe bleu. Le deuxi\u00e8me prix (10 000 dinars) ainsi que le Prix F\u00e9minin National ont \u00e9t\u00e9 d\u00e9cern\u00e9s \u00e0 Amal Chebbi pour PigmentOCO, qui d\u00e9veloppe des technologies textiles durables. Le troisi\u00e8me prix (5 000 dinars) est revenu \u00e0 Nejah Cherif pour HandiSuccess International, une plateforme favorisant l&rsquo;inclusion professionnelle des personnes handicap\u00e9es. La laur\u00e9ate du Prix F\u00e9minin b\u00e9n\u00e9ficie en outre d&rsquo;un \u00e9quipement d&rsquo;une valeur de 10 000 dinars.<\/span><\/p>\n<p class=\"ds-markdown-paragraph\"><span class=\"\">Les trois laur\u00e9ats tunisiens participeront \u00e0 la finale internationale, o\u00f9 ils concourront face aux repr\u00e9sentants de seize autres pays. Trois prix internationaux, dot\u00e9s de 25 000, 15 000 et 10 000 euros, seront attribu\u00e9s. En sus, les projets f\u00e9minins seront \u00e9ligibles au Prix F\u00e9minin International de 20 000 euros. Au-del\u00e0 des dotations, les laur\u00e9ats b\u00e9n\u00e9ficieront d&rsquo;un accompagnement en mati\u00e8re de coaching et de r\u00e9seautage.\u00a0<\/span><\/p>\n<div data-sliderid=\"73126\" id=\"penci-post-gallery__73126\" class=\"penci-post-gallery-container single-slider column-3\" data-height=\"150\" data-margin=\"3\"><div class=\"penci-owl-carousel swiper penci-owl-carousel-slider penci-nav-visible\" data-auto=\"true\" data-lazy=\"true\"><div class=\"swiper-wrapper\"><figure class=\"swiper-slide\"><a class=\"penci-gallery-ite item-gallery-single-slider item-link-relative\" href=\"https:\/\/realites.com.tn\/fr\/wp-content\/uploads\/2026\/09\/1000016302.jpg\"><span class=\"penci-isotope-padding\" style=\"padding-bottom:53.96365043%;\"><\/span><img decoding=\"async\" src=\"https:\/\/realites.com.tn\/fr\/wp-content\/uploads\/2026\/09\/1000016302.jpg\" alt=\"\" title=\"DCIM100GOPROGPAD9076.JPG\"><\/a><\/figure><figure class=\"swiper-slide\"><a class=\"penci-gallery-ite item-gallery-single-slider item-link-relative\" href=\"https:\/\/realites.com.tn\/fr\/wp-content\/uploads\/2026\/09\/1000016283.jpg\"><span class=\"penci-isotope-padding\" style=\"padding-bottom:42.38085061%;\"><\/span><img decoding=\"async\" src=\"https:\/\/realites.com.tn\/fr\/wp-content\/uploads\/2026\/09\/1000016283.jpg\" alt=\"\" title=\"DCIM100GOPROGPAI9105.JPG\"><\/a><\/figure><figure class=\"swiper-slide\"><a class=\"penci-gallery-ite item-gallery-single-slider item-link-relative\" href=\"https:\/\/realites.com.tn\/fr\/wp-content\/uploads\/2026\/09\/1000016290.jpg\"><span class=\"penci-isotope-padding\" style=\"padding-bottom:56.03224129%;\"><\/span><img decoding=\"async\" src=\"https:\/\/realites.com.tn\/fr\/wp-content\/uploads\/2026\/09\/1000016290.jpg\" alt=\"\" title=\"DCIM100GOPROGPAH9103.JPG\"><\/a><\/figure><figure class=\"swiper-slide\"><a class=\"penci-gallery-ite item-gallery-single-slider item-link-relative\" href=\"https:\/\/realites.com.tn\/fr\/wp-content\/uploads\/2026\/09\/1000016293.jpg\"><span class=\"penci-isotope-padding\" style=\"padding-bottom:44.87342925%;\"><\/span><img decoding=\"async\" src=\"https:\/\/realites.com.tn\/fr\/wp-content\/uploads\/2026\/09\/1000016293.jpg\" alt=\"\" title=\"DCIM100GOPROGPAB9067.JPG\"><\/a><\/figure><figure class=\"swiper-slide\"><a class=\"penci-gallery-ite item-gallery-single-slider item-link-relative\" href=\"https:\/\/realites.com.tn\/fr\/wp-content\/uploads\/2026\/09\/1000016303.jpg\"><span class=\"penci-isotope-padding\" style=\"padding-bottom:49.29920780%;\"><\/span><img decoding=\"async\" src=\"https:\/\/realites.com.tn\/fr\/wp-content\/uploads\/2026\/09\/1000016303.jpg\" alt=\"\" title=\"DCIM100GOPROGPAK9110.JPG\"><\/a><\/figure><figure class=\"swiper-slide\"><a class=\"penci-gallery-ite item-gallery-single-slider item-link-relative\" href=\"https:\/\/realites.com.tn\/fr\/wp-content\/uploads\/2026\/09\/1000016305.jpg\"><span class=\"penci-isotope-padding\" style=\"padding-bottom:55.68181818%;\"><\/span><img decoding=\"async\" src=\"https:\/\/realites.com.tn\/fr\/wp-content\/uploads\/2026\/09\/1000016305.jpg\" alt=\"\" title=\"DCIM100GOPROGPAC9075.JPG\"><\/a><\/figure><figure class=\"swiper-slide\"><a class=\"penci-gallery-ite item-gallery-single-slider item-link-relative\" href=\"https:\/\/realites.com.tn\/fr\/wp-content\/uploads\/2026\/09\/1000016295.jpg\"><span class=\"penci-isotope-padding\" style=\"padding-bottom:52.60847107%;\"><\/span><img decoding=\"async\" src=\"https:\/\/realites.com.tn\/fr\/wp-content\/uploads\/2026\/09\/1000016295.jpg\" alt=\"\" title=\"DCIM100GOPROGPAJ9107.JPG\"><\/a><\/figure><figure class=\"swiper-slide\"><a class=\"penci-gallery-ite item-gallery-single-slider item-link-relative\" href=\"https:\/\/realites.com.tn\/fr\/wp-content\/uploads\/2026\/09\/1000016297.jpg\"><span class=\"penci-isotope-padding\" style=\"padding-bottom:57.30027548%;\"><\/span><img decoding=\"async\" src=\"https:\/\/realites.com.tn\/fr\/wp-content\/uploads\/2026\/09\/1000016297.jpg\" alt=\"\" title=\"DCIM100GOPROGPAG9101.JPG\"><\/a><\/figure><figure class=\"swiper-slide\"><a class=\"penci-gallery-ite item-gallery-single-slider item-link-relative\" href=\"https:\/\/realites.com.tn\/fr\/wp-content\/uploads\/2026\/09\/1000016282.jpg\"><span class=\"penci-isotope-padding\" style=\"padding-bottom:67.85260483%;\"><\/span><img decoding=\"async\" src=\"https:\/\/realites.com.tn\/fr\/wp-content\/uploads\/2026\/09\/1000016282.jpg\" alt=\"\" title=\"DCIM100GOPROGPAF9097.JPG\"><\/a><\/figure><\/div><\/div><\/div>\n<p class=\"ds-markdown-paragraph\"><span class=\"\"><strong>Photos, r\u00e9alisation et montage: Riadh Sahli<\/strong><br \/>\n<\/span><\/p>\n","protected":false},"excerpt":{"rendered":"<p>La c\u00e9r\u00e9monie organis\u00e9e le 3 septembre \u00e0 Tunis a permis \u00e0 Orange Tunisie de d\u00e9voiler les noms des laur\u00e9ats nationaux de la seizi\u00e8me \u00e9dition du Prix Orange de l&rsquo;Entrepreneur Social&hellip;<\/p>\n","protected":false},"author":60,"featured_media":395069,"comment_status":"open","ping_status":"closed","sticky":false,"template":"","format":"standard","meta":{"_lmt_disableupdate":"","_lmt_disable":"","_jetpack_memberships_contains_paid_content":false,"footnotes":""},"categories":[1464],"tags":[],"class_list":["post-395064","post","type-post","status-publish","format-standard","has-post-thumbnail","hentry","category-entreprises"],"yoast_head":"<!-- This site is optimized with the Yoast SEO plugin v26.3 - https:\/\/yoast.com\/wordpress\/plugins\/seo\/ -->\n<title>Trois projets tunisiens s\u00e9lectionn\u00e9s pour la finale internationale du POESAM - R\u00e9alit\u00e9s Magazine<\/title>\n<meta name=\"description\" content=\"La c\u00e9r\u00e9monie organis\u00e9e le 3 septembre \u00e0 Tunis a permis \u00e0 Orange Tunisie de d\u00e9voiler les noms des laur\u00e9ats nationaux de la seizi\u00e8me \u00e9dition du Prix Orange\" \/>\n<meta name=\"robots\" content=\"index, follow, max-snippet:-1, max-image-preview:large, max-video-preview:-1\" \/>\n<link rel=\"canonical\" href=\"https:\/\/realites.com.tn\/fr\/trois-projets-tunisiens-selectionnes-pour-la-finale-internationale-du-poesam\/\" \/>\n<meta property=\"og:locale\" content=\"fr_FR\" \/>\n<meta property=\"og:type\" content=\"article\" \/>\n<meta property=\"og:title\" content=\"Trois projets tunisiens s\u00e9lectionn\u00e9s pour la finale internationale du POESAM - R\u00e9alit\u00e9s Magazine\" \/>\n<meta property=\"og:description\" content=\"La c\u00e9r\u00e9monie organis\u00e9e le 3 septembre \u00e0 Tunis a permis \u00e0 Orange Tunisie de d\u00e9voiler les noms des laur\u00e9ats nationaux de la seizi\u00e8me \u00e9dition du Prix Orange\" \/>\n<meta property=\"og:url\" content=\"https:\/\/realites.com.tn\/fr\/trois-projets-tunisiens-selectionnes-pour-la-finale-internationale-du-poesam\/\" \/>\n<meta property=\"og:site_name\" content=\"R\u00e9alit\u00e9s Magazine\" \/>\n<meta property=\"article:publisher\" content=\"https:\/\/www.facebook.com\/realites.tn\/\" \/>\n<meta property=\"article:published_time\" content=\"2026-09-05T06:18:21+00:00\" \/>\n<meta property=\"og:image\" content=\"https:\/\/realites.com.tn\/fr\/wp-content\/uploads\/2026\/09\/1000016303.jpg\" \/>\n\t<meta property=\"og:image:width\" content=\"3282\" \/>\n\t<meta property=\"og:image:height\" content=\"1618\" \/>\n\t<meta property=\"og:image:type\" content=\"image\/jpeg\" \/>\n<meta name=\"author\" content=\"La R\u00e9daction\" \/>\n<meta name=\"twitter:card\" content=\"summary_large_image\" \/>\n<meta name=\"twitter:label1\" content=\"\u00c9crit par\" \/>\n\t<meta name=\"twitter:data1\" content=\"La R\u00e9daction\" \/>\n\t<meta name=\"twitter:label2\" content=\"Dur\u00e9e de lecture estim\u00e9e\" \/>\n\t<meta name=\"twitter:data2\" content=\"2 minutes\" \/>\n<script type=\"application\/ld+json\" class=\"yoast-schema-graph\">{\"@context\":\"https:\/\/schema.org\",\"@graph\":[{\"@type\":\"WebPage\",\"@id\":\"https:\/\/realites.com.tn\/fr\/trois-projets-tunisiens-selectionnes-pour-la-finale-internationale-du-poesam\/\",\"url\":\"https:\/\/realites.com.tn\/fr\/trois-projets-tunisiens-selectionnes-pour-la-finale-internationale-du-poesam\/\",\"name\":\"Trois projets tunisiens s\u00e9lectionn\u00e9s pour la finale internationale du POESAM - R\u00e9alit\u00e9s Magazine\",\"isPartOf\":{\"@id\":\"https:\/\/realites.com.tn\/fr\/#website\"},\"primaryImageOfPage\":{\"@id\":\"https:\/\/realites.com.tn\/fr\/trois-projets-tunisiens-selectionnes-pour-la-finale-internationale-du-poesam\/#primaryimage\"},\"image\":{\"@id\":\"https:\/\/realites.com.tn\/fr\/trois-projets-tunisiens-selectionnes-pour-la-finale-internationale-du-poesam\/#primaryimage\"},\"thumbnailUrl\":\"https:\/\/realites.com.tn\/fr\/wp-content\/uploads\/2026\/09\/1000016303.jpg\",\"datePublished\":\"2026-09-05T06:18:21+00:00\",\"author\":{\"@id\":\"https:\/\/realites.com.tn\/fr\/#\/schema\/person\/438b71c29a257d955d96d8aef42336e7\"},\"description\":\"La c\u00e9r\u00e9monie organis\u00e9e le 3 septembre \u00e0 Tunis a permis \u00e0 Orange Tunisie de d\u00e9voiler les noms des laur\u00e9ats nationaux de la seizi\u00e8me \u00e9dition du Prix Orange\",\"breadcrumb\":{\"@id\":\"https:\/\/realites.com.tn\/fr\/trois-projets-tunisiens-selectionnes-pour-la-finale-internationale-du-poesam\/#breadcrumb\"},\"inLanguage\":\"fr-FR\",\"potentialAction\":[{\"@type\":\"ReadAction\",\"target\":[\"https:\/\/realites.com.tn\/fr\/trois-projets-tunisiens-selectionnes-pour-la-finale-internationale-du-poesam\/\"]}]},{\"@type\":\"ImageObject\",\"inLanguage\":\"fr-FR\",\"@id\":\"https:\/\/realites.com.tn\/fr\/trois-projets-tunisiens-selectionnes-pour-la-finale-internationale-du-poesam\/#primaryimage\",\"url\":\"https:\/\/realites.com.tn\/fr\/wp-content\/uploads\/2026\/09\/1000016303.jpg\",\"contentUrl\":\"https:\/\/realites.com.tn\/fr\/wp-content\/uploads\/2026\/09\/1000016303.jpg\",\"width\":3282,\"height\":1618},{\"@type\":\"BreadcrumbList\",\"@id\":\"https:\/\/realites.com.tn\/fr\/trois-projets-tunisiens-selectionnes-pour-la-finale-internationale-du-poesam\/#breadcrumb\",\"itemListElement\":[{\"@type\":\"ListItem\",\"position\":1,\"name\":\"Home\",\"item\":\"https:\/\/realites.com.tn\/fr\/\"},{\"@type\":\"ListItem\",\"position\":2,\"name\":\"Trois projets tunisiens s\u00e9lectionn\u00e9s pour la finale internationale du POESAM\"}]},{\"@type\":\"WebSite\",\"@id\":\"https:\/\/realites.com.tn\/fr\/#website\",\"url\":\"https:\/\/realites.com.tn\/fr\/\",\"name\":\"R\u00e9alit\u00e9s Magazine\",\"description\":\"Actualit\u00e9s de la Tunisie\",\"potentialAction\":[{\"@type\":\"SearchAction\",\"target\":{\"@type\":\"EntryPoint\",\"urlTemplate\":\"https:\/\/realites.com.tn\/fr\/?s={search_term_string}\"},\"query-input\":{\"@type\":\"PropertyValueSpecification\",\"valueRequired\":true,\"valueName\":\"search_term_string\"}}],\"inLanguage\":\"fr-FR\"},{\"@type\":\"Person\",\"@id\":\"https:\/\/realites.com.tn\/fr\/#\/schema\/person\/438b71c29a257d955d96d8aef42336e7\",\"name\":\"La R\u00e9daction\",\"image\":{\"@type\":\"ImageObject\",\"inLanguage\":\"fr-FR\",\"@id\":\"https:\/\/realites.com.tn\/fr\/#\/schema\/person\/image\/\",\"url\":\"https:\/\/secure.gravatar.com\/avatar\/fbe9ab25fcc82b6e660ad5648f91eadb?s=96&d=mm&r=g\",\"contentUrl\":\"https:\/\/secure.gravatar.com\/avatar\/fbe9ab25fcc82b6e660ad5648f91eadb?s=96&d=mm&r=g\",\"caption\":\"La R\u00e9daction\"},\"url\":\"https:\/\/realites.com.tn\/fr\/author\/realites5201\/\"}]}<\/script>\n<!-- \/ Yoast SEO plugin. -->","yoast_head_json":{"title":"Trois projets tunisiens s\u00e9lectionn\u00e9s pour la finale internationale du POESAM - R\u00e9alit\u00e9s Magazine","description":"La c\u00e9r\u00e9monie organis\u00e9e le 3 septembre \u00e0 Tunis a permis \u00e0 Orange Tunisie de d\u00e9voiler les noms des laur\u00e9ats nationaux de la seizi\u00e8me \u00e9dition du Prix Orange","robots":{"index":"index","follow":"follow","max-snippet":"max-snippet:-1","max-image-preview":"max-image-preview:large","max-video-preview":"max-video-preview:-1"},"canonical":"https:\/\/realites.com.tn\/fr\/trois-projets-tunisiens-selectionnes-pour-la-finale-internationale-du-poesam\/","og_locale":"fr_FR","og_type":"article","og_title":"Trois projets tunisiens s\u00e9lectionn\u00e9s pour la finale internationale du POESAM - R\u00e9alit\u00e9s Magazine","og_description":"La c\u00e9r\u00e9monie organis\u00e9e le 3 septembre \u00e0 Tunis a permis \u00e0 Orange Tunisie de d\u00e9voiler les noms des laur\u00e9ats nationaux de la seizi\u00e8me \u00e9dition du Prix Orange","og_url":"https:\/\/realites.com.tn\/fr\/trois-projets-tunisiens-selectionnes-pour-la-finale-internationale-du-poesam\/","og_site_name":"R\u00e9alit\u00e9s Magazine","article_publisher":"https:\/\/www.facebook.com\/realites.tn\/","article_published_time":"2026-09-05T06:18:21+00:00","og_image":[{"width":3282,"height":1618,"url":"https:\/\/realites.com.tn\/fr\/wp-content\/uploads\/2026\/09\/1000016303.jpg","type":"image\/jpeg"}],"author":"La R\u00e9daction","twitter_card":"summary_large_image","twitter_misc":{"\u00c9crit par":"La R\u00e9daction","Dur\u00e9e de lecture estim\u00e9e":"2 minutes"},"schema":{"@context":"https:\/\/schema.org","@graph":[{"@type":"WebPage","@id":"https:\/\/realites.com.tn\/fr\/trois-projets-tunisiens-selectionnes-pour-la-finale-internationale-du-poesam\/","url":"https:\/\/realites.com.tn\/fr\/trois-projets-tunisiens-selectionnes-pour-la-finale-internationale-du-poesam\/","name":"Trois projets tunisiens s\u00e9lectionn\u00e9s pour la finale internationale du POESAM - R\u00e9alit\u00e9s Magazine","isPartOf":{"@id":"https:\/\/realites.com.tn\/fr\/#website"},"primaryImageOfPage":{"@id":"https:\/\/realites.com.tn\/fr\/trois-projets-tunisiens-selectionnes-pour-la-finale-internationale-du-poesam\/#primaryimage"},"image":{"@id":"https:\/\/realites.com.tn\/fr\/trois-projets-tunisiens-selectionnes-pour-la-finale-internationale-du-poesam\/#primaryimage"},"thumbnailUrl":"https:\/\/realites.com.tn\/fr\/wp-content\/uploads\/2026\/09\/1000016303.jpg","datePublished":"2026-09-05T06:18:21+00:00","author":{"@id":"https:\/\/realites.com.tn\/fr\/#\/schema\/person\/438b71c29a257d955d96d8aef42336e7"},"description":"La c\u00e9r\u00e9monie organis\u00e9e le 3 septembre \u00e0 Tunis a permis \u00e0 Orange Tunisie de d\u00e9voiler les noms des laur\u00e9ats nationaux de la seizi\u00e8me \u00e9dition du Prix Orange","breadcrumb":{"@id":"https:\/\/realites.com.tn\/fr\/trois-projets-tunisiens-selectionnes-pour-la-finale-internationale-du-poesam\/#breadcrumb"},"inLanguage":"fr-FR","potentialAction":[{"@type":"ReadAction","target":["https:\/\/realites.com.tn\/fr\/trois-projets-tunisiens-selectionnes-pour-la-finale-internationale-du-poesam\/"]}]},{"@type":"ImageObject","inLanguage":"fr-FR","@id":"https:\/\/realites.com.tn\/fr\/trois-projets-tunisiens-selectionnes-pour-la-finale-internationale-du-poesam\/#primaryimage","url":"https:\/\/realites.com.tn\/fr\/wp-content\/uploads\/2026\/09\/1000016303.jpg","contentUrl":"https:\/\/realites.com.tn\/fr\/wp-content\/uploads\/2026\/09\/1000016303.jpg","width":3282,"height":1618},{"@type":"BreadcrumbList","@id":"https:\/\/realites.com.tn\/fr\/trois-projets-tunisiens-selectionnes-pour-la-finale-internationale-du-poesam\/#breadcrumb","itemListElement":[{"@type":"ListItem","position":1,"name":"Home","item":"https:\/\/realites.com.tn\/fr\/"},{"@type":"ListItem","position":2,"name":"Trois projets tunisiens s\u00e9lectionn\u00e9s pour la finale internationale du POESAM"}]},{"@type":"WebSite","@id":"https:\/\/realites.com.tn\/fr\/#website","url":"https:\/\/realites.com.tn\/fr\/","name":"R\u00e9alit\u00e9s Magazine","description":"Actualit\u00e9s de la Tunisie","potentialAction":[{"@type":"SearchAction","target":{"@type":"EntryPoint","urlTemplate":"https:\/\/realites.com.tn\/fr\/?s={search_term_string}"},"query-input":{"@type":"PropertyValueSpecification","valueRequired":true,"valueName":"search_term_string"}}],"inLanguage":"fr-FR"},{"@type":"Person","@id":"https:\/\/realites.com.tn\/fr\/#\/schema\/person\/438b71c29a257d955d96d8aef42336e7","name":"La R\u00e9daction","image":{"@type":"ImageObject","inLanguage":"fr-FR","@id":"https:\/\/realites.com.tn\/fr\/#\/schema\/person\/image\/","url":"https:\/\/secure.gravatar.com\/avatar\/fbe9ab25fcc82b6e660ad5648f91eadb?s=96&d=mm&r=g","contentUrl":"https:\/\/secure.gravatar.com\/avatar\/fbe9ab25fcc82b6e660ad5648f91eadb?s=96&d=mm&r=g","caption":"La R\u00e9daction"},"url":"https:\/\/realites.com.tn\/fr\/author\/realites5201\/"}]}},"jetpack_featured_media_url":"https:\/\/realites.com.tn\/fr\/wp-content\/uploads\/2026\/09\/1000016303.jpg","jetpack_sharing_enabled":true,"views":16,"_links":{"self":[{"href":"https:\/\/realites.com.tn\/fr\/wp-json\/wp\/v2\/posts\/395064","targetHints":{"allow":["GET"]}}],"collection":[{"href":"https:\/\/realites.com.tn\/fr\/wp-json\/wp\/v2\/posts"}],"about":[{"href":"https:\/\/realites.com.tn\/fr\/wp-json\/wp\/v2\/types\/post"}],"author":[{"embeddable":true,"href":"https:\/\/realites.com.tn\/fr\/wp-json\/wp\/v2\/users\/60"}],"replies":[{"embeddable":true,"href":"https:\/\/realites.com.tn\/fr\/wp-json\/wp\/v2\/comments?post=395064"}],"version-history":[{"count":1,"href":"https:\/\/realites.com.tn\/fr\/wp-json\/wp\/v2\/posts\/395064\/revisions"}],"predecessor-version":[{"id":395074,"href":"https:\/\/realites.com.tn\/fr\/wp-json\/wp\/v2\/posts\/395064\/revisions\/395074"}],"wp:featuredmedia":[{"embeddable":true,"href":"https:\/\/realites.com.tn\/fr\/wp-json\/wp\/v2\/media\/395069"}],"wp:attachment":[{"href":"https:\/\/realites.com.tn\/fr\/wp-json\/wp\/v2\/media?parent=395064"}],"wp:term":[{"taxonomy":"category","embeddable":true,"href":"https:\/\/realites.com.tn\/fr\/wp-json\/wp\/v2\/categories?post=395064"},{"taxonomy":"post_tag","embeddable":true,"href":"https:\/\/realites.com.tn\/fr\/wp-json\/wp\/v2\/tags?post=395064"}],"curies":[{"name":"wp","href":"https:\/\/api.w.org\/{rel}","templated":true}]}}