{"id":395078,"date":"2026-09-05T15:41:38","date_gmt":"2026-09-05T14:41:38","guid":{"rendered":"https:\/\/realites.com.tn\/fr\/?p=395078"},"modified":"2026-09-05T15:41:38","modified_gmt":"2026-09-05T14:41:38","slug":"hammam-lif-deux-terroristes-en-fuite-arretes-dont-un-condamne-a-10-ans-de-prison","status":"publish","type":"post","link":"https:\/\/realites.com.tn\/fr\/hammam-lif-deux-terroristes-en-fuite-arretes-dont-un-condamne-a-10-ans-de-prison\/","title":{"rendered":"Hammam Lif : deux terroristes en fuite arr\u00eat\u00e9s, dont un condamn\u00e9 \u00e0 10 ans de prison"},"content":{"rendered":"<div role=\"feed\" aria-label=\"Messages de la conversation\" aria-describedby=\"_r_7l_\">\n<div>\n<div tabindex=\"0\" role=\"article\" aria-setsize=\"16\" aria-posinset=\"16\" aria-label=\"Message 16 sur 16\">\n<p dir=\"ltr\">Les unit\u00e9s s\u00e9curitaires \u00e0 Hammam Lif ont proc\u00e9d\u00e9, samedi, \u00e0 l&rsquo;arrestation de deux takfiristes activement recherch\u00e9s par la justice, dont l&rsquo;un faisait l&rsquo;objet d&rsquo;un jugement le condamnant \u00e0 une peine de prison avec ex\u00e9cution imm\u00e9diate.<br \/>\nSelon les d\u00e9tails de l&rsquo;op\u00e9ration, les services s\u00e9curitaires ont r\u00e9ussi \u00e0 localiser le lieu de r\u00e9sidence du premier suspect avant de l&rsquo;appr\u00e9hender. Les v\u00e9rifications effectu\u00e9es ont r\u00e9v\u00e9l\u00e9 qu&rsquo;il faisait l&rsquo;objet d&rsquo;un avis de recherche \u00e9mis par la chambre criminelle sp\u00e9cialis\u00e9e dans les affaires de terrorisme pr\u00e8s le tribunal de premi\u00e8re instance de Tunis, et qu&rsquo;il avait \u00e9t\u00e9 condamn\u00e9 \u00e0 une peine de 10 ans de prison ferme et ex\u00e9cutoire, pour son implication dans une affaire d&rsquo;adh\u00e9sion \u00e0 une organisation terroriste.<\/p>\n<p dir=\"ltr\">Dans une op\u00e9ration men\u00e9e en parall\u00e8le, la brigade a \u00e9galement interpell\u00e9 un second individu takfiriste dans la r\u00e9gion de Borj Louzir, \u00e0 Ezzahra. Apr\u00e8s v\u00e9rification de son identit\u00e9, il s&rsquo;est av\u00e9r\u00e9 qu&rsquo;il \u00e9tait vis\u00e9 par des avis de recherche \u00e9manant des autorit\u00e9s s\u00e9curitaires et judiciaires, en raison de son implication dans des affaires de vol et d&rsquo;atteinte au domaine public.<\/p>\n<\/div>\n<\/div>\n<div aria-hidden=\"true\"><\/div>\n<\/div>\n<div>\n<div>\n<div>\n<div>\n<div><\/div>\n<\/div>\n<\/div>\n<\/div>\n<\/div>\n<div aria-hidden=\"true\"><\/div>\n<div aria-hidden=\"true\"><\/div>\n","protected":false},"excerpt":{"rendered":"<p>Les unit\u00e9s s\u00e9curitaires \u00e0 Hammam Lif ont proc\u00e9d\u00e9, samedi, \u00e0 l&rsquo;arrestation de deux takfiristes activement recherch\u00e9s par la justice, dont l&rsquo;un faisait l&rsquo;objet d&rsquo;un jugement le condamnant \u00e0 une peine&hellip;<\/p>\n","protected":false},"author":144,"featured_media":312255,"comment_status":"open","ping_status":"closed","sticky":false,"template":"","format":"standard","meta":{"_lmt_disableupdate":"","_lmt_disable":"","_jetpack_memberships_contains_paid_content":false,"footnotes":""},"categories":[4,9],"tags":[1230,4412,3736,4937],"class_list":["post-395078","post","type-post","status-publish","format-standard","has-post-thumbnail","hentry","category-actualites","category-societe","tag-arrestation","tag-hammam-lif","tag-realites-online","tag-takfiriste"],"yoast_head":"<!-- This site is optimized with the Yoast SEO plugin v26.3 - https:\/\/yoast.com\/wordpress\/plugins\/seo\/ -->\n<title>Hammam Lif : deux terroristes en fuite arr\u00eat\u00e9s, dont un condamn\u00e9 \u00e0 10 ans de prison - R\u00e9alit\u00e9s Magazine<\/title>\n<meta name=\"description\" content=\"Les unit\u00e9s s\u00e9curitaires \u00e0 Hammam Lif ont proc\u00e9d\u00e9, samedi, \u00e0 l&#039;arrestation de deux takfiristes activement recherch\u00e9s par la justice, dont l&#039;un faisait\" \/>\n<meta name=\"robots\" content=\"index, follow, max-snippet:-1, max-image-preview:large, max-video-preview:-1\" \/>\n<link rel=\"canonical\" href=\"https:\/\/realites.com.tn\/fr\/hammam-lif-deux-terroristes-en-fuite-arretes-dont-un-condamne-a-10-ans-de-prison\/\" \/>\n<meta property=\"og:locale\" content=\"fr_FR\" \/>\n<meta property=\"og:type\" content=\"article\" \/>\n<meta property=\"og:title\" content=\"Hammam Lif : deux terroristes en fuite arr\u00eat\u00e9s, dont un condamn\u00e9 \u00e0 10 ans de prison - R\u00e9alit\u00e9s Magazine\" \/>\n<meta property=\"og:description\" content=\"Les unit\u00e9s s\u00e9curitaires \u00e0 Hammam Lif ont proc\u00e9d\u00e9, samedi, \u00e0 l&#039;arrestation de deux takfiristes activement recherch\u00e9s par la justice, dont l&#039;un faisait\" \/>\n<meta property=\"og:url\" content=\"https:\/\/realites.com.tn\/fr\/hammam-lif-deux-terroristes-en-fuite-arretes-dont-un-condamne-a-10-ans-de-prison\/\" \/>\n<meta property=\"og:site_name\" content=\"R\u00e9alit\u00e9s Magazine\" \/>\n<meta property=\"article:publisher\" content=\"https:\/\/www.facebook.com\/realites.tn\/\" \/>\n<meta property=\"article:published_time\" content=\"2026-09-05T14:41:38+00:00\" \/>\n<meta property=\"og:image\" content=\"https:\/\/realites.com.tn\/fr\/wp-content\/uploads\/2024\/01\/arrestation-djihadistes.webp\" \/>\n\t<meta property=\"og:image:width\" content=\"520\" \/>\n\t<meta property=\"og:image:height\" content=\"288\" \/>\n\t<meta property=\"og:image:type\" content=\"image\/webp\" \/>\n<meta name=\"author\" content=\"WKB\" \/>\n<meta name=\"twitter:card\" content=\"summary_large_image\" \/>\n<meta name=\"twitter:label1\" content=\"\u00c9crit par\" \/>\n\t<meta name=\"twitter:data1\" content=\"WKB\" \/>\n\t<meta name=\"twitter:label2\" content=\"Dur\u00e9e de lecture estim\u00e9e\" \/>\n\t<meta name=\"twitter:data2\" content=\"2 minutes\" \/>\n<script type=\"application\/ld+json\" class=\"yoast-schema-graph\">{\"@context\":\"https:\/\/schema.org\",\"@graph\":[{\"@type\":\"WebPage\",\"@id\":\"https:\/\/realites.com.tn\/fr\/hammam-lif-deux-terroristes-en-fuite-arretes-dont-un-condamne-a-10-ans-de-prison\/\",\"url\":\"https:\/\/realites.com.tn\/fr\/hammam-lif-deux-terroristes-en-fuite-arretes-dont-un-condamne-a-10-ans-de-prison\/\",\"name\":\"Hammam Lif : deux terroristes en fuite arr\u00eat\u00e9s, dont un condamn\u00e9 \u00e0 10 ans de prison - R\u00e9alit\u00e9s Magazine\",\"isPartOf\":{\"@id\":\"https:\/\/realites.com.tn\/fr\/#website\"},\"primaryImageOfPage\":{\"@id\":\"https:\/\/realites.com.tn\/fr\/hammam-lif-deux-terroristes-en-fuite-arretes-dont-un-condamne-a-10-ans-de-prison\/#primaryimage\"},\"image\":{\"@id\":\"https:\/\/realites.com.tn\/fr\/hammam-lif-deux-terroristes-en-fuite-arretes-dont-un-condamne-a-10-ans-de-prison\/#primaryimage\"},\"thumbnailUrl\":\"https:\/\/realites.com.tn\/fr\/wp-content\/uploads\/2024\/01\/arrestation-djihadistes.webp\",\"datePublished\":\"2026-09-05T14:41:38+00:00\",\"author\":{\"@id\":\"https:\/\/realites.com.tn\/fr\/#\/schema\/person\/3017fbbf260e8228acd3e8ebf0cdd37f\"},\"description\":\"Les unit\u00e9s s\u00e9curitaires \u00e0 Hammam Lif ont proc\u00e9d\u00e9, samedi, \u00e0 l'arrestation de deux takfiristes activement recherch\u00e9s par la justice, dont l'un faisait\",\"breadcrumb\":{\"@id\":\"https:\/\/realites.com.tn\/fr\/hammam-lif-deux-terroristes-en-fuite-arretes-dont-un-condamne-a-10-ans-de-prison\/#breadcrumb\"},\"inLanguage\":\"fr-FR\",\"potentialAction\":[{\"@type\":\"ReadAction\",\"target\":[\"https:\/\/realites.com.tn\/fr\/hammam-lif-deux-terroristes-en-fuite-arretes-dont-un-condamne-a-10-ans-de-prison\/\"]}]},{\"@type\":\"ImageObject\",\"inLanguage\":\"fr-FR\",\"@id\":\"https:\/\/realites.com.tn\/fr\/hammam-lif-deux-terroristes-en-fuite-arretes-dont-un-condamne-a-10-ans-de-prison\/#primaryimage\",\"url\":\"https:\/\/realites.com.tn\/fr\/wp-content\/uploads\/2024\/01\/arrestation-djihadistes.webp\",\"contentUrl\":\"https:\/\/realites.com.tn\/fr\/wp-content\/uploads\/2024\/01\/arrestation-djihadistes.webp\",\"width\":520,\"height\":288},{\"@type\":\"BreadcrumbList\",\"@id\":\"https:\/\/realites.com.tn\/fr\/hammam-lif-deux-terroristes-en-fuite-arretes-dont-un-condamne-a-10-ans-de-prison\/#breadcrumb\",\"itemListElement\":[{\"@type\":\"ListItem\",\"position\":1,\"name\":\"Home\",\"item\":\"https:\/\/realites.com.tn\/fr\/\"},{\"@type\":\"ListItem\",\"position\":2,\"name\":\"Hammam Lif : deux terroristes en fuite arr\u00eat\u00e9s, dont un condamn\u00e9 \u00e0 10 ans de prison\"}]},{\"@type\":\"WebSite\",\"@id\":\"https:\/\/realites.com.tn\/fr\/#website\",\"url\":\"https:\/\/realites.com.tn\/fr\/\",\"name\":\"R\u00e9alit\u00e9s Magazine\",\"description\":\"Actualit\u00e9s de la Tunisie\",\"potentialAction\":[{\"@type\":\"SearchAction\",\"target\":{\"@type\":\"EntryPoint\",\"urlTemplate\":\"https:\/\/realites.com.tn\/fr\/?s={search_term_string}\"},\"query-input\":{\"@type\":\"PropertyValueSpecification\",\"valueRequired\":true,\"valueName\":\"search_term_string\"}}],\"inLanguage\":\"fr-FR\"},{\"@type\":\"Person\",\"@id\":\"https:\/\/realites.com.tn\/fr\/#\/schema\/person\/3017fbbf260e8228acd3e8ebf0cdd37f\",\"name\":\"WKB\",\"image\":{\"@type\":\"ImageObject\",\"inLanguage\":\"fr-FR\",\"@id\":\"https:\/\/realites.com.tn\/fr\/#\/schema\/person\/image\/\",\"url\":\"https:\/\/secure.gravatar.com\/avatar\/90f27863f4f5326a9b64d42421f4a20f?s=96&d=mm&r=g\",\"contentUrl\":\"https:\/\/secure.gravatar.com\/avatar\/90f27863f4f5326a9b64d42421f4a20f?s=96&d=mm&r=g\",\"caption\":\"WKB\"},\"url\":\"https:\/\/realites.com.tn\/fr\/author\/wkb2025\/\"}]}<\/script>\n<!-- \/ Yoast SEO plugin. -->","yoast_head_json":{"title":"Hammam Lif : deux terroristes en fuite arr\u00eat\u00e9s, dont un condamn\u00e9 \u00e0 10 ans de prison - R\u00e9alit\u00e9s Magazine","description":"Les unit\u00e9s s\u00e9curitaires \u00e0 Hammam Lif ont proc\u00e9d\u00e9, samedi, \u00e0 l'arrestation de deux takfiristes activement recherch\u00e9s par la justice, dont l'un faisait","robots":{"index":"index","follow":"follow","max-snippet":"max-snippet:-1","max-image-preview":"max-image-preview:large","max-video-preview":"max-video-preview:-1"},"canonical":"https:\/\/realites.com.tn\/fr\/hammam-lif-deux-terroristes-en-fuite-arretes-dont-un-condamne-a-10-ans-de-prison\/","og_locale":"fr_FR","og_type":"article","og_title":"Hammam Lif : deux terroristes en fuite arr\u00eat\u00e9s, dont un condamn\u00e9 \u00e0 10 ans de prison - R\u00e9alit\u00e9s Magazine","og_description":"Les unit\u00e9s s\u00e9curitaires \u00e0 Hammam Lif ont proc\u00e9d\u00e9, samedi, \u00e0 l'arrestation de deux takfiristes activement recherch\u00e9s par la justice, dont l'un faisait","og_url":"https:\/\/realites.com.tn\/fr\/hammam-lif-deux-terroristes-en-fuite-arretes-dont-un-condamne-a-10-ans-de-prison\/","og_site_name":"R\u00e9alit\u00e9s Magazine","article_publisher":"https:\/\/www.facebook.com\/realites.tn\/","article_published_time":"2026-09-05T14:41:38+00:00","og_image":[{"width":520,"height":288,"url":"https:\/\/realites.com.tn\/fr\/wp-content\/uploads\/2024\/01\/arrestation-djihadistes.webp","type":"image\/webp"}],"author":"WKB","twitter_card":"summary_large_image","twitter_misc":{"\u00c9crit par":"WKB","Dur\u00e9e de lecture estim\u00e9e":"2 minutes"},"schema":{"@context":"https:\/\/schema.org","@graph":[{"@type":"WebPage","@id":"https:\/\/realites.com.tn\/fr\/hammam-lif-deux-terroristes-en-fuite-arretes-dont-un-condamne-a-10-ans-de-prison\/","url":"https:\/\/realites.com.tn\/fr\/hammam-lif-deux-terroristes-en-fuite-arretes-dont-un-condamne-a-10-ans-de-prison\/","name":"Hammam Lif : deux terroristes en fuite arr\u00eat\u00e9s, dont un condamn\u00e9 \u00e0 10 ans de prison - R\u00e9alit\u00e9s Magazine","isPartOf":{"@id":"https:\/\/realites.com.tn\/fr\/#website"},"primaryImageOfPage":{"@id":"https:\/\/realites.com.tn\/fr\/hammam-lif-deux-terroristes-en-fuite-arretes-dont-un-condamne-a-10-ans-de-prison\/#primaryimage"},"image":{"@id":"https:\/\/realites.com.tn\/fr\/hammam-lif-deux-terroristes-en-fuite-arretes-dont-un-condamne-a-10-ans-de-prison\/#primaryimage"},"thumbnailUrl":"https:\/\/realites.com.tn\/fr\/wp-content\/uploads\/2024\/01\/arrestation-djihadistes.webp","datePublished":"2026-09-05T14:41:38+00:00","author":{"@id":"https:\/\/realites.com.tn\/fr\/#\/schema\/person\/3017fbbf260e8228acd3e8ebf0cdd37f"},"description":"Les unit\u00e9s s\u00e9curitaires \u00e0 Hammam Lif ont proc\u00e9d\u00e9, samedi, \u00e0 l'arrestation de deux takfiristes activement recherch\u00e9s par la justice, dont l'un faisait","breadcrumb":{"@id":"https:\/\/realites.com.tn\/fr\/hammam-lif-deux-terroristes-en-fuite-arretes-dont-un-condamne-a-10-ans-de-prison\/#breadcrumb"},"inLanguage":"fr-FR","potentialAction":[{"@type":"ReadAction","target":["https:\/\/realites.com.tn\/fr\/hammam-lif-deux-terroristes-en-fuite-arretes-dont-un-condamne-a-10-ans-de-prison\/"]}]},{"@type":"ImageObject","inLanguage":"fr-FR","@id":"https:\/\/realites.com.tn\/fr\/hammam-lif-deux-terroristes-en-fuite-arretes-dont-un-condamne-a-10-ans-de-prison\/#primaryimage","url":"https:\/\/realites.com.tn\/fr\/wp-content\/uploads\/2024\/01\/arrestation-djihadistes.webp","contentUrl":"https:\/\/realites.com.tn\/fr\/wp-content\/uploads\/2024\/01\/arrestation-djihadistes.webp","width":520,"height":288},{"@type":"BreadcrumbList","@id":"https:\/\/realites.com.tn\/fr\/hammam-lif-deux-terroristes-en-fuite-arretes-dont-un-condamne-a-10-ans-de-prison\/#breadcrumb","itemListElement":[{"@type":"ListItem","position":1,"name":"Home","item":"https:\/\/realites.com.tn\/fr\/"},{"@type":"ListItem","position":2,"name":"Hammam Lif : deux terroristes en fuite arr\u00eat\u00e9s, dont un condamn\u00e9 \u00e0 10 ans de prison"}]},{"@type":"WebSite","@id":"https:\/\/realites.com.tn\/fr\/#website","url":"https:\/\/realites.com.tn\/fr\/","name":"R\u00e9alit\u00e9s Magazine","description":"Actualit\u00e9s de la Tunisie","potentialAction":[{"@type":"SearchAction","target":{"@type":"EntryPoint","urlTemplate":"https:\/\/realites.com.tn\/fr\/?s={search_term_string}"},"query-input":{"@type":"PropertyValueSpecification","valueRequired":true,"valueName":"search_term_string"}}],"inLanguage":"fr-FR"},{"@type":"Person","@id":"https:\/\/realites.com.tn\/fr\/#\/schema\/person\/3017fbbf260e8228acd3e8ebf0cdd37f","name":"WKB","image":{"@type":"ImageObject","inLanguage":"fr-FR","@id":"https:\/\/realites.com.tn\/fr\/#\/schema\/person\/image\/","url":"https:\/\/secure.gravatar.com\/avatar\/90f27863f4f5326a9b64d42421f4a20f?s=96&d=mm&r=g","contentUrl":"https:\/\/secure.gravatar.com\/avatar\/90f27863f4f5326a9b64d42421f4a20f?s=96&d=mm&r=g","caption":"WKB"},"url":"https:\/\/realites.com.tn\/fr\/author\/wkb2025\/"}]}},"jetpack_featured_media_url":"https:\/\/realites.com.tn\/fr\/wp-content\/uploads\/2024\/01\/arrestation-djihadistes.webp","jetpack_sharing_enabled":true,"views":18,"_links":{"self":[{"href":"https:\/\/realites.com.tn\/fr\/wp-json\/wp\/v2\/posts\/395078","targetHints":{"allow":["GET"]}}],"collection":[{"href":"https:\/\/realites.com.tn\/fr\/wp-json\/wp\/v2\/posts"}],"about":[{"href":"https:\/\/realites.com.tn\/fr\/wp-json\/wp\/v2\/types\/post"}],"author":[{"embeddable":true,"href":"https:\/\/realites.com.tn\/fr\/wp-json\/wp\/v2\/users\/144"}],"replies":[{"embeddable":true,"href":"https:\/\/realites.com.tn\/fr\/wp-json\/wp\/v2\/comments?post=395078"}],"version-history":[{"count":1,"href":"https:\/\/realites.com.tn\/fr\/wp-json\/wp\/v2\/posts\/395078\/revisions"}],"predecessor-version":[{"id":395079,"href":"https:\/\/realites.com.tn\/fr\/wp-json\/wp\/v2\/posts\/395078\/revisions\/395079"}],"wp:featuredmedia":[{"embeddable":true,"href":"https:\/\/realites.com.tn\/fr\/wp-json\/wp\/v2\/media\/312255"}],"wp:attachment":[{"href":"https:\/\/realites.com.tn\/fr\/wp-json\/wp\/v2\/media?parent=395078"}],"wp:term":[{"taxonomy":"category","embeddable":true,"href":"https:\/\/realites.com.tn\/fr\/wp-json\/wp\/v2\/categories?post=395078"},{"taxonomy":"post_tag","embeddable":true,"href":"https:\/\/realites.com.tn\/fr\/wp-json\/wp\/v2\/tags?post=395078"}],"curies":[{"name":"wp","href":"https:\/\/api.w.org\/{rel}","templated":true}]}}