{"id":395081,"date":"2026-09-05T17:27:46","date_gmt":"2026-09-05T16:27:46","guid":{"rendered":"https:\/\/realites.com.tn\/fr\/?p=395081"},"modified":"2026-09-05T17:27:46","modified_gmt":"2026-09-05T16:27:46","slug":"apres-un-double-succes-sahbek-rajel-revient-pour-un-troisieme-volet","status":"publish","type":"post","link":"https:\/\/realites.com.tn\/fr\/apres-un-double-succes-sahbek-rajel-revient-pour-un-troisieme-volet\/","title":{"rendered":"Apr\u00e8s un double succ\u00e8s, \u00ab Sahbek Rajel \u00bb revient pour un troisi\u00e8me volet"},"content":{"rendered":"<p>La soci\u00e9t\u00e9 de production Goubantini Distribution a annonc\u00e9 une nouvelle qui devrait r\u00e9jouir de nombreux cin\u00e9philes tunisiens : le tournage du troisi\u00e8me opus de la saga \u00e0 succ\u00e8s \u00ab Sahbek Rajel \u00bb, de Ka\u00efs Chekir, d\u00e9butera officiellement \u00e0 partir du 12 septembre, marquant ainsi le retour tr\u00e8s attendu de ce ph\u00e9nom\u00e8ne du cin\u00e9ma comique tunisien.<\/p>\n<p>Port\u00e9 par un succ\u00e8s public consid\u00e9rable, le film avait su, \u00e0 travers ses deux premiers volets, conqu\u00e9rir un large public gr\u00e2ce \u00e0 son humour authentique et ses personnages attachants, profond\u00e9ment ancr\u00e9s dans le quotidien et la culture tunisienne. Loin de s&rsquo;essouffler, la franchise s&rsquo;appr\u00eate donc \u00e0 conna\u00eetre une nouvelle suite, preuve que l&rsquo;histoire de \u00ab Sahbek Rajel \u00bb est encore loin d&rsquo;avoir livr\u00e9 tous ses secrets.<\/p>\n<p>Ce troisi\u00e8me chapitre promet de renouveler la formule qui a fait le succ\u00e8s de la saga, tout en y apportant un vent de fra\u00eecheur : de nouveaux personnages viendront enrichir l&rsquo;univers du film, aux c\u00f4t\u00e9s de situations comiques in\u00e9dites qui devraient, une fois de plus, garantir de nombreux \u00e9clats de rire au public.<\/p>\n<p>Selon les informations communiqu\u00e9es, les pr\u00e9paratifs du tournage seraient d&rsquo;ores et d\u00e9j\u00e0 entr\u00e9s dans leur phase finale, signe que l&rsquo;\u00e9quipe du film met les bouch\u00e9es doubles pour tenir les d\u00e9lais annonc\u00e9s. Cette annonce suscite naturellement une vague de curiosit\u00e9 et d&rsquo;impatience chez les fans de la premi\u00e8re heure, qui se demandent d\u00e9j\u00e0 quelles surprises leur r\u00e9serve ce nouvel \u00e9pisode tant attendu.<\/p>\n<p>Reste d\u00e9sormais \u00e0 savoir si ce troisi\u00e8me volet parviendra \u00e0 \u00e9galer, voire \u00e0 surpasser, le succ\u00e8s retentissant de ses pr\u00e9d\u00e9cesseurs. Une chose est s\u00fbre : le rendez-vous est d\u00e9j\u00e0 pris pour suivre de pr\u00e8s les prochaines \u00e9tapes de cette aventure cin\u00e9matographique qui continue d&rsquo;\u00e9crire son histoire avec le public tunisien.<\/p>\n","protected":false},"excerpt":{"rendered":"<p>La soci\u00e9t\u00e9 de production Goubantini Distribution a annonc\u00e9 une nouvelle qui devrait r\u00e9jouir de nombreux cin\u00e9philes tunisiens : le tournage du troisi\u00e8me opus de la saga \u00e0 succ\u00e8s \u00ab Sahbek&hellip;<\/p>\n","protected":false},"author":144,"featured_media":395083,"comment_status":"open","ping_status":"closed","sticky":false,"template":"","format":"standard","meta":{"_lmt_disableupdate":"","_lmt_disable":"","_jetpack_memberships_contains_paid_content":false,"footnotes":""},"categories":[8],"tags":[3001,3736,11696],"class_list":["post-395081","post","type-post","status-publish","format-standard","has-post-thumbnail","hentry","category-culture","tag-cinema","tag-realites-online","tag-sahbek-rajel"],"yoast_head":"<!-- This site is optimized with the Yoast SEO plugin v26.3 - https:\/\/yoast.com\/wordpress\/plugins\/seo\/ -->\n<title>Apr\u00e8s un double succ\u00e8s, \u00ab Sahbek Rajel \u00bb revient pour un troisi\u00e8me volet - R\u00e9alit\u00e9s Magazine<\/title>\n<meta name=\"description\" content=\"La soci\u00e9t\u00e9 de production Goubantini Distribution a annonc\u00e9 une nouvelle qui devrait r\u00e9jouir de nombreux cin\u00e9philes tunisiens : le tournage du troisi\u00e8me\" \/>\n<meta name=\"robots\" content=\"index, follow, max-snippet:-1, max-image-preview:large, max-video-preview:-1\" \/>\n<link rel=\"canonical\" href=\"https:\/\/realites.com.tn\/fr\/apres-un-double-succes-sahbek-rajel-revient-pour-un-troisieme-volet\/\" \/>\n<meta property=\"og:locale\" content=\"fr_FR\" \/>\n<meta property=\"og:type\" content=\"article\" \/>\n<meta property=\"og:title\" content=\"Apr\u00e8s un double succ\u00e8s, \u00ab Sahbek Rajel \u00bb revient pour un troisi\u00e8me volet - R\u00e9alit\u00e9s Magazine\" \/>\n<meta property=\"og:description\" content=\"La soci\u00e9t\u00e9 de production Goubantini Distribution a annonc\u00e9 une nouvelle qui devrait r\u00e9jouir de nombreux cin\u00e9philes tunisiens : le tournage du troisi\u00e8me\" \/>\n<meta property=\"og:url\" content=\"https:\/\/realites.com.tn\/fr\/apres-un-double-succes-sahbek-rajel-revient-pour-un-troisieme-volet\/\" \/>\n<meta property=\"og:site_name\" content=\"R\u00e9alit\u00e9s Magazine\" \/>\n<meta property=\"article:publisher\" content=\"https:\/\/www.facebook.com\/realites.tn\/\" \/>\n<meta property=\"article:published_time\" content=\"2026-09-05T16:27:46+00:00\" \/>\n<meta property=\"og:image\" content=\"https:\/\/realites.com.tn\/fr\/wp-content\/uploads\/2026\/09\/790425486_17899489806585647_2914338866494179349_n-1.jpg\" \/>\n\t<meta property=\"og:image:width\" content=\"1440\" \/>\n\t<meta property=\"og:image:height\" content=\"1544\" \/>\n\t<meta property=\"og:image:type\" content=\"image\/jpeg\" \/>\n<meta name=\"author\" content=\"WKB\" \/>\n<meta name=\"twitter:card\" content=\"summary_large_image\" \/>\n<meta name=\"twitter:label1\" content=\"\u00c9crit par\" \/>\n\t<meta name=\"twitter:data1\" content=\"WKB\" \/>\n\t<meta name=\"twitter:label2\" content=\"Dur\u00e9e de lecture estim\u00e9e\" \/>\n\t<meta name=\"twitter:data2\" content=\"2 minutes\" \/>\n<script type=\"application\/ld+json\" class=\"yoast-schema-graph\">{\"@context\":\"https:\/\/schema.org\",\"@graph\":[{\"@type\":\"WebPage\",\"@id\":\"https:\/\/realites.com.tn\/fr\/apres-un-double-succes-sahbek-rajel-revient-pour-un-troisieme-volet\/\",\"url\":\"https:\/\/realites.com.tn\/fr\/apres-un-double-succes-sahbek-rajel-revient-pour-un-troisieme-volet\/\",\"name\":\"Apr\u00e8s un double succ\u00e8s, \u00ab Sahbek Rajel \u00bb revient pour un troisi\u00e8me volet - R\u00e9alit\u00e9s Magazine\",\"isPartOf\":{\"@id\":\"https:\/\/realites.com.tn\/fr\/#website\"},\"primaryImageOfPage\":{\"@id\":\"https:\/\/realites.com.tn\/fr\/apres-un-double-succes-sahbek-rajel-revient-pour-un-troisieme-volet\/#primaryimage\"},\"image\":{\"@id\":\"https:\/\/realites.com.tn\/fr\/apres-un-double-succes-sahbek-rajel-revient-pour-un-troisieme-volet\/#primaryimage\"},\"thumbnailUrl\":\"https:\/\/realites.com.tn\/fr\/wp-content\/uploads\/2026\/09\/790425486_17899489806585647_2914338866494179349_n-1.jpg\",\"datePublished\":\"2026-09-05T16:27:46+00:00\",\"author\":{\"@id\":\"https:\/\/realites.com.tn\/fr\/#\/schema\/person\/3017fbbf260e8228acd3e8ebf0cdd37f\"},\"description\":\"La soci\u00e9t\u00e9 de production Goubantini Distribution a annonc\u00e9 une nouvelle qui devrait r\u00e9jouir de nombreux cin\u00e9philes tunisiens : le tournage du troisi\u00e8me\",\"breadcrumb\":{\"@id\":\"https:\/\/realites.com.tn\/fr\/apres-un-double-succes-sahbek-rajel-revient-pour-un-troisieme-volet\/#breadcrumb\"},\"inLanguage\":\"fr-FR\",\"potentialAction\":[{\"@type\":\"ReadAction\",\"target\":[\"https:\/\/realites.com.tn\/fr\/apres-un-double-succes-sahbek-rajel-revient-pour-un-troisieme-volet\/\"]}]},{\"@type\":\"ImageObject\",\"inLanguage\":\"fr-FR\",\"@id\":\"https:\/\/realites.com.tn\/fr\/apres-un-double-succes-sahbek-rajel-revient-pour-un-troisieme-volet\/#primaryimage\",\"url\":\"https:\/\/realites.com.tn\/fr\/wp-content\/uploads\/2026\/09\/790425486_17899489806585647_2914338866494179349_n-1.jpg\",\"contentUrl\":\"https:\/\/realites.com.tn\/fr\/wp-content\/uploads\/2026\/09\/790425486_17899489806585647_2914338866494179349_n-1.jpg\",\"width\":1440,\"height\":1544},{\"@type\":\"BreadcrumbList\",\"@id\":\"https:\/\/realites.com.tn\/fr\/apres-un-double-succes-sahbek-rajel-revient-pour-un-troisieme-volet\/#breadcrumb\",\"itemListElement\":[{\"@type\":\"ListItem\",\"position\":1,\"name\":\"Home\",\"item\":\"https:\/\/realites.com.tn\/fr\/\"},{\"@type\":\"ListItem\",\"position\":2,\"name\":\"Apr\u00e8s un double succ\u00e8s, \u00ab Sahbek Rajel \u00bb revient pour un troisi\u00e8me volet\"}]},{\"@type\":\"WebSite\",\"@id\":\"https:\/\/realites.com.tn\/fr\/#website\",\"url\":\"https:\/\/realites.com.tn\/fr\/\",\"name\":\"R\u00e9alit\u00e9s Magazine\",\"description\":\"Actualit\u00e9s de la Tunisie\",\"potentialAction\":[{\"@type\":\"SearchAction\",\"target\":{\"@type\":\"EntryPoint\",\"urlTemplate\":\"https:\/\/realites.com.tn\/fr\/?s={search_term_string}\"},\"query-input\":{\"@type\":\"PropertyValueSpecification\",\"valueRequired\":true,\"valueName\":\"search_term_string\"}}],\"inLanguage\":\"fr-FR\"},{\"@type\":\"Person\",\"@id\":\"https:\/\/realites.com.tn\/fr\/#\/schema\/person\/3017fbbf260e8228acd3e8ebf0cdd37f\",\"name\":\"WKB\",\"image\":{\"@type\":\"ImageObject\",\"inLanguage\":\"fr-FR\",\"@id\":\"https:\/\/realites.com.tn\/fr\/#\/schema\/person\/image\/\",\"url\":\"https:\/\/secure.gravatar.com\/avatar\/90f27863f4f5326a9b64d42421f4a20f?s=96&d=mm&r=g\",\"contentUrl\":\"https:\/\/secure.gravatar.com\/avatar\/90f27863f4f5326a9b64d42421f4a20f?s=96&d=mm&r=g\",\"caption\":\"WKB\"},\"url\":\"https:\/\/realites.com.tn\/fr\/author\/wkb2025\/\"}]}<\/script>\n<!-- \/ Yoast SEO plugin. -->","yoast_head_json":{"title":"Apr\u00e8s un double succ\u00e8s, \u00ab Sahbek Rajel \u00bb revient pour un troisi\u00e8me volet - R\u00e9alit\u00e9s Magazine","description":"La soci\u00e9t\u00e9 de production Goubantini Distribution a annonc\u00e9 une nouvelle qui devrait r\u00e9jouir de nombreux cin\u00e9philes tunisiens : le tournage du troisi\u00e8me","robots":{"index":"index","follow":"follow","max-snippet":"max-snippet:-1","max-image-preview":"max-image-preview:large","max-video-preview":"max-video-preview:-1"},"canonical":"https:\/\/realites.com.tn\/fr\/apres-un-double-succes-sahbek-rajel-revient-pour-un-troisieme-volet\/","og_locale":"fr_FR","og_type":"article","og_title":"Apr\u00e8s un double succ\u00e8s, \u00ab Sahbek Rajel \u00bb revient pour un troisi\u00e8me volet - R\u00e9alit\u00e9s Magazine","og_description":"La soci\u00e9t\u00e9 de production Goubantini Distribution a annonc\u00e9 une nouvelle qui devrait r\u00e9jouir de nombreux cin\u00e9philes tunisiens : le tournage du troisi\u00e8me","og_url":"https:\/\/realites.com.tn\/fr\/apres-un-double-succes-sahbek-rajel-revient-pour-un-troisieme-volet\/","og_site_name":"R\u00e9alit\u00e9s Magazine","article_publisher":"https:\/\/www.facebook.com\/realites.tn\/","article_published_time":"2026-09-05T16:27:46+00:00","og_image":[{"width":1440,"height":1544,"url":"https:\/\/realites.com.tn\/fr\/wp-content\/uploads\/2026\/09\/790425486_17899489806585647_2914338866494179349_n-1.jpg","type":"image\/jpeg"}],"author":"WKB","twitter_card":"summary_large_image","twitter_misc":{"\u00c9crit par":"WKB","Dur\u00e9e de lecture estim\u00e9e":"2 minutes"},"schema":{"@context":"https:\/\/schema.org","@graph":[{"@type":"WebPage","@id":"https:\/\/realites.com.tn\/fr\/apres-un-double-succes-sahbek-rajel-revient-pour-un-troisieme-volet\/","url":"https:\/\/realites.com.tn\/fr\/apres-un-double-succes-sahbek-rajel-revient-pour-un-troisieme-volet\/","name":"Apr\u00e8s un double succ\u00e8s, \u00ab Sahbek Rajel \u00bb revient pour un troisi\u00e8me volet - R\u00e9alit\u00e9s Magazine","isPartOf":{"@id":"https:\/\/realites.com.tn\/fr\/#website"},"primaryImageOfPage":{"@id":"https:\/\/realites.com.tn\/fr\/apres-un-double-succes-sahbek-rajel-revient-pour-un-troisieme-volet\/#primaryimage"},"image":{"@id":"https:\/\/realites.com.tn\/fr\/apres-un-double-succes-sahbek-rajel-revient-pour-un-troisieme-volet\/#primaryimage"},"thumbnailUrl":"https:\/\/realites.com.tn\/fr\/wp-content\/uploads\/2026\/09\/790425486_17899489806585647_2914338866494179349_n-1.jpg","datePublished":"2026-09-05T16:27:46+00:00","author":{"@id":"https:\/\/realites.com.tn\/fr\/#\/schema\/person\/3017fbbf260e8228acd3e8ebf0cdd37f"},"description":"La soci\u00e9t\u00e9 de production Goubantini Distribution a annonc\u00e9 une nouvelle qui devrait r\u00e9jouir de nombreux cin\u00e9philes tunisiens : le tournage du troisi\u00e8me","breadcrumb":{"@id":"https:\/\/realites.com.tn\/fr\/apres-un-double-succes-sahbek-rajel-revient-pour-un-troisieme-volet\/#breadcrumb"},"inLanguage":"fr-FR","potentialAction":[{"@type":"ReadAction","target":["https:\/\/realites.com.tn\/fr\/apres-un-double-succes-sahbek-rajel-revient-pour-un-troisieme-volet\/"]}]},{"@type":"ImageObject","inLanguage":"fr-FR","@id":"https:\/\/realites.com.tn\/fr\/apres-un-double-succes-sahbek-rajel-revient-pour-un-troisieme-volet\/#primaryimage","url":"https:\/\/realites.com.tn\/fr\/wp-content\/uploads\/2026\/09\/790425486_17899489806585647_2914338866494179349_n-1.jpg","contentUrl":"https:\/\/realites.com.tn\/fr\/wp-content\/uploads\/2026\/09\/790425486_17899489806585647_2914338866494179349_n-1.jpg","width":1440,"height":1544},{"@type":"BreadcrumbList","@id":"https:\/\/realites.com.tn\/fr\/apres-un-double-succes-sahbek-rajel-revient-pour-un-troisieme-volet\/#breadcrumb","itemListElement":[{"@type":"ListItem","position":1,"name":"Home","item":"https:\/\/realites.com.tn\/fr\/"},{"@type":"ListItem","position":2,"name":"Apr\u00e8s un double succ\u00e8s, \u00ab Sahbek Rajel \u00bb revient pour un troisi\u00e8me volet"}]},{"@type":"WebSite","@id":"https:\/\/realites.com.tn\/fr\/#website","url":"https:\/\/realites.com.tn\/fr\/","name":"R\u00e9alit\u00e9s Magazine","description":"Actualit\u00e9s de la Tunisie","potentialAction":[{"@type":"SearchAction","target":{"@type":"EntryPoint","urlTemplate":"https:\/\/realites.com.tn\/fr\/?s={search_term_string}"},"query-input":{"@type":"PropertyValueSpecification","valueRequired":true,"valueName":"search_term_string"}}],"inLanguage":"fr-FR"},{"@type":"Person","@id":"https:\/\/realites.com.tn\/fr\/#\/schema\/person\/3017fbbf260e8228acd3e8ebf0cdd37f","name":"WKB","image":{"@type":"ImageObject","inLanguage":"fr-FR","@id":"https:\/\/realites.com.tn\/fr\/#\/schema\/person\/image\/","url":"https:\/\/secure.gravatar.com\/avatar\/90f27863f4f5326a9b64d42421f4a20f?s=96&d=mm&r=g","contentUrl":"https:\/\/secure.gravatar.com\/avatar\/90f27863f4f5326a9b64d42421f4a20f?s=96&d=mm&r=g","caption":"WKB"},"url":"https:\/\/realites.com.tn\/fr\/author\/wkb2025\/"}]}},"jetpack_featured_media_url":"https:\/\/realites.com.tn\/fr\/wp-content\/uploads\/2026\/09\/790425486_17899489806585647_2914338866494179349_n-1.jpg","jetpack_sharing_enabled":true,"views":6,"_links":{"self":[{"href":"https:\/\/realites.com.tn\/fr\/wp-json\/wp\/v2\/posts\/395081","targetHints":{"allow":["GET"]}}],"collection":[{"href":"https:\/\/realites.com.tn\/fr\/wp-json\/wp\/v2\/posts"}],"about":[{"href":"https:\/\/realites.com.tn\/fr\/wp-json\/wp\/v2\/types\/post"}],"author":[{"embeddable":true,"href":"https:\/\/realites.com.tn\/fr\/wp-json\/wp\/v2\/users\/144"}],"replies":[{"embeddable":true,"href":"https:\/\/realites.com.tn\/fr\/wp-json\/wp\/v2\/comments?post=395081"}],"version-history":[{"count":1,"href":"https:\/\/realites.com.tn\/fr\/wp-json\/wp\/v2\/posts\/395081\/revisions"}],"predecessor-version":[{"id":395084,"href":"https:\/\/realites.com.tn\/fr\/wp-json\/wp\/v2\/posts\/395081\/revisions\/395084"}],"wp:featuredmedia":[{"embeddable":true,"href":"https:\/\/realites.com.tn\/fr\/wp-json\/wp\/v2\/media\/395083"}],"wp:attachment":[{"href":"https:\/\/realites.com.tn\/fr\/wp-json\/wp\/v2\/media?parent=395081"}],"wp:term":[{"taxonomy":"category","embeddable":true,"href":"https:\/\/realites.com.tn\/fr\/wp-json\/wp\/v2\/categories?post=395081"},{"taxonomy":"post_tag","embeddable":true,"href":"https:\/\/realites.com.tn\/fr\/wp-json\/wp\/v2\/tags?post=395081"}],"curies":[{"name":"wp","href":"https:\/\/api.w.org\/{rel}","templated":true}]}}