{"id":395092,"date":"2026-09-05T19:09:41","date_gmt":"2026-09-05T18:09:41","guid":{"rendered":"https:\/\/realites.com.tn\/fr\/?p=395092"},"modified":"2026-09-05T19:09:41","modified_gmt":"2026-09-05T18:09:41","slug":"tunisie-le-conseil-de-la-presse-exige-la-liberation-du-journaliste-mohamed-youssfi","status":"publish","type":"post","link":"https:\/\/realites.com.tn\/fr\/tunisie-le-conseil-de-la-presse-exige-la-liberation-du-journaliste-mohamed-youssfi\/","title":{"rendered":"Tunisie : Le Conseil de la Presse exige la lib\u00e9ration du journaliste Mohamed Youssfi"},"content":{"rendered":"<p>Dans un communiqu\u00e9 rendu public le 5 septembre 2026, le Conseil de la Presse a exprim\u00e9 sa vive inqui\u00e9tude \u00e0 la suite de l&rsquo;arrestation du journaliste Mohamed Youssfi, \u00e9galement membre de son comit\u00e9 d&rsquo;\u00e9thique. L&rsquo;interpellation est survenue dans la soir\u00e9e du vendredi 4 septembre, au moment o\u00f9 l&rsquo;int\u00e9ress\u00e9 s&rsquo;appr\u00eatait \u00e0 p\u00e9n\u00e9trer dans les locaux d&rsquo;une station de radio priv\u00e9e pour intervenir dans une \u00e9mission d\u00e9di\u00e9e \u00e0 la crise de l&rsquo;eau. L&rsquo;organisation qualifie cet \u00e9v\u00e9nement d&rsquo;indicateur grave qui vient s&rsquo;ajouter \u00e0 un historique de pressions s&rsquo;exer\u00e7ant sur les m\u00e9dias et leurs acteurs.<\/p>\n<p>Tout en rappelant le principe d&rsquo;\u00e9quit\u00e9 devant la loi et la l\u00e9gitimit\u00e9 des proc\u00e9dures d&rsquo;enqu\u00eate, l&rsquo;instance d&rsquo;autor\u00e9gulation souligne que ces d\u00e9marches ne doivent pas \u00eatre d\u00e9tourn\u00e9es de leur cadre pour neutraliser les garanties l\u00e9gales accord\u00e9es aux journalistes. Le Conseil met en garde contre la banalisation de ces poursuites r\u00e9p\u00e9t\u00e9es, estimant qu&rsquo;elles entretiennent un climat d&rsquo;intimidation propre \u00e0 favoriser l&rsquo;autocensure et \u00e0 tarir les sources d&rsquo;information, ce qui nuit directement au droit des citoyens \u00e0 acc\u00e9der \u00e0 des donn\u00e9es fiables et de qualit\u00e9.<\/p>\n<p>Afin de rem\u00e9dier \u00e0 cette crise, l&rsquo;organisation formule une s\u00e9rie de revendications urgentes. Elle exige la lib\u00e9ration imm\u00e9diate de Mohamed Youssfi ainsi que le respect de l&rsquo;ind\u00e9pendance de la justice. Elle appelle au respect strict du secret des sources, \u00e0 la r\u00e9habilitation des m\u00e9canismes professionnels de r\u00e9gulation pour traiter d&rsquo;\u00e9ventuels manquements, et \u00e0 la cessation de toute forme de harc\u00e8lement mena\u00e7ant la libert\u00e9 d&rsquo;expression.<\/p>\n<p>Le Conseil de la Presse attribue la responsabilit\u00e9 de la d\u00e9gradation de ce paysage m\u00e9diatique au pouvoir politique. Selon le communiqu\u00e9, la r\u00e9duction progressive des espaces de d\u00e9bat, de critique et de pluralisme fragilise l&rsquo;exercice d&rsquo;un journalisme d&rsquo;int\u00e9r\u00eat public essentiel \u00e0 la soci\u00e9t\u00e9.<\/p>\n","protected":false},"excerpt":{"rendered":"<p>Dans un communiqu\u00e9 rendu public le 5 septembre 2026, le Conseil de la Presse a exprim\u00e9 sa vive inqui\u00e9tude \u00e0 la suite de l&rsquo;arrestation du journaliste Mohamed Youssfi, \u00e9galement membre&hellip;<\/p>\n","protected":false},"author":145,"featured_media":370560,"comment_status":"open","ping_status":"closed","sticky":false,"template":"","format":"standard","meta":{"_lmt_disableupdate":"","_lmt_disable":"","_jetpack_memberships_contains_paid_content":false,"footnotes":""},"categories":[4,5],"tags":[11697,3591],"class_list":["post-395092","post","type-post","status-publish","format-standard","has-post-thumbnail","hentry","category-actualites","category-politique","tag-conseil-de-presse","tag-mohamed-youssfi"],"yoast_head":"<!-- This site is optimized with the Yoast SEO plugin v26.3 - https:\/\/yoast.com\/wordpress\/plugins\/seo\/ -->\n<title>Tunisie : Le Conseil de la Presse exige la lib\u00e9ration du journaliste Mohamed Youssfi - R\u00e9alit\u00e9s Magazine<\/title>\n<meta name=\"description\" content=\"Dans un communiqu\u00e9 rendu public le 5 septembre 2026, le Conseil de la Presse a exprim\u00e9 sa vive inqui\u00e9tude \u00e0 la suite de l&#039;arrestation du journaliste\" \/>\n<meta name=\"robots\" content=\"index, follow, max-snippet:-1, max-image-preview:large, max-video-preview:-1\" \/>\n<link rel=\"canonical\" href=\"https:\/\/realites.com.tn\/fr\/tunisie-le-conseil-de-la-presse-exige-la-liberation-du-journaliste-mohamed-youssfi\/\" \/>\n<meta property=\"og:locale\" content=\"fr_FR\" \/>\n<meta property=\"og:type\" content=\"article\" \/>\n<meta property=\"og:title\" content=\"Tunisie : Le Conseil de la Presse exige la lib\u00e9ration du journaliste Mohamed Youssfi - R\u00e9alit\u00e9s Magazine\" \/>\n<meta property=\"og:description\" content=\"Dans un communiqu\u00e9 rendu public le 5 septembre 2026, le Conseil de la Presse a exprim\u00e9 sa vive inqui\u00e9tude \u00e0 la suite de l&#039;arrestation du journaliste\" \/>\n<meta property=\"og:url\" content=\"https:\/\/realites.com.tn\/fr\/tunisie-le-conseil-de-la-presse-exige-la-liberation-du-journaliste-mohamed-youssfi\/\" \/>\n<meta property=\"og:site_name\" content=\"R\u00e9alit\u00e9s Magazine\" \/>\n<meta property=\"article:publisher\" content=\"https:\/\/www.facebook.com\/realites.tn\/\" \/>\n<meta property=\"article:published_time\" content=\"2026-09-05T18:09:41+00:00\" \/>\n<meta property=\"og:image\" content=\"https:\/\/realites.com.tn\/fr\/wp-content\/uploads\/2025\/09\/conseil-de-presse.jpg\" \/>\n\t<meta property=\"og:image:width\" content=\"684\" \/>\n\t<meta property=\"og:image:height\" content=\"463\" \/>\n\t<meta property=\"og:image:type\" content=\"image\/jpeg\" \/>\n<meta name=\"author\" content=\"M. A\" \/>\n<meta name=\"twitter:card\" content=\"summary_large_image\" \/>\n<meta name=\"twitter:label1\" content=\"\u00c9crit par\" \/>\n\t<meta name=\"twitter:data1\" content=\"M. A\" \/>\n\t<meta name=\"twitter:label2\" content=\"Dur\u00e9e de lecture estim\u00e9e\" \/>\n\t<meta name=\"twitter:data2\" content=\"2 minutes\" \/>\n<script type=\"application\/ld+json\" class=\"yoast-schema-graph\">{\"@context\":\"https:\/\/schema.org\",\"@graph\":[{\"@type\":\"WebPage\",\"@id\":\"https:\/\/realites.com.tn\/fr\/tunisie-le-conseil-de-la-presse-exige-la-liberation-du-journaliste-mohamed-youssfi\/\",\"url\":\"https:\/\/realites.com.tn\/fr\/tunisie-le-conseil-de-la-presse-exige-la-liberation-du-journaliste-mohamed-youssfi\/\",\"name\":\"Tunisie : Le Conseil de la Presse exige la lib\u00e9ration du journaliste Mohamed Youssfi - R\u00e9alit\u00e9s Magazine\",\"isPartOf\":{\"@id\":\"https:\/\/realites.com.tn\/fr\/#website\"},\"primaryImageOfPage\":{\"@id\":\"https:\/\/realites.com.tn\/fr\/tunisie-le-conseil-de-la-presse-exige-la-liberation-du-journaliste-mohamed-youssfi\/#primaryimage\"},\"image\":{\"@id\":\"https:\/\/realites.com.tn\/fr\/tunisie-le-conseil-de-la-presse-exige-la-liberation-du-journaliste-mohamed-youssfi\/#primaryimage\"},\"thumbnailUrl\":\"https:\/\/realites.com.tn\/fr\/wp-content\/uploads\/2025\/09\/conseil-de-presse.jpg\",\"datePublished\":\"2026-09-05T18:09:41+00:00\",\"author\":{\"@id\":\"https:\/\/realites.com.tn\/fr\/#\/schema\/person\/515fe3e54fbbc075df64dd746b52c530\"},\"description\":\"Dans un communiqu\u00e9 rendu public le 5 septembre 2026, le Conseil de la Presse a exprim\u00e9 sa vive inqui\u00e9tude \u00e0 la suite de l'arrestation du journaliste\",\"breadcrumb\":{\"@id\":\"https:\/\/realites.com.tn\/fr\/tunisie-le-conseil-de-la-presse-exige-la-liberation-du-journaliste-mohamed-youssfi\/#breadcrumb\"},\"inLanguage\":\"fr-FR\",\"potentialAction\":[{\"@type\":\"ReadAction\",\"target\":[\"https:\/\/realites.com.tn\/fr\/tunisie-le-conseil-de-la-presse-exige-la-liberation-du-journaliste-mohamed-youssfi\/\"]}]},{\"@type\":\"ImageObject\",\"inLanguage\":\"fr-FR\",\"@id\":\"https:\/\/realites.com.tn\/fr\/tunisie-le-conseil-de-la-presse-exige-la-liberation-du-journaliste-mohamed-youssfi\/#primaryimage\",\"url\":\"https:\/\/realites.com.tn\/fr\/wp-content\/uploads\/2025\/09\/conseil-de-presse.jpg\",\"contentUrl\":\"https:\/\/realites.com.tn\/fr\/wp-content\/uploads\/2025\/09\/conseil-de-presse.jpg\",\"width\":684,\"height\":463},{\"@type\":\"BreadcrumbList\",\"@id\":\"https:\/\/realites.com.tn\/fr\/tunisie-le-conseil-de-la-presse-exige-la-liberation-du-journaliste-mohamed-youssfi\/#breadcrumb\",\"itemListElement\":[{\"@type\":\"ListItem\",\"position\":1,\"name\":\"Home\",\"item\":\"https:\/\/realites.com.tn\/fr\/\"},{\"@type\":\"ListItem\",\"position\":2,\"name\":\"Tunisie : Le Conseil de la Presse exige la lib\u00e9ration du journaliste Mohamed Youssfi\"}]},{\"@type\":\"WebSite\",\"@id\":\"https:\/\/realites.com.tn\/fr\/#website\",\"url\":\"https:\/\/realites.com.tn\/fr\/\",\"name\":\"R\u00e9alit\u00e9s Magazine\",\"description\":\"Actualit\u00e9s de la Tunisie\",\"potentialAction\":[{\"@type\":\"SearchAction\",\"target\":{\"@type\":\"EntryPoint\",\"urlTemplate\":\"https:\/\/realites.com.tn\/fr\/?s={search_term_string}\"},\"query-input\":{\"@type\":\"PropertyValueSpecification\",\"valueRequired\":true,\"valueName\":\"search_term_string\"}}],\"inLanguage\":\"fr-FR\"},{\"@type\":\"Person\",\"@id\":\"https:\/\/realites.com.tn\/fr\/#\/schema\/person\/515fe3e54fbbc075df64dd746b52c530\",\"name\":\"M. A\",\"image\":{\"@type\":\"ImageObject\",\"inLanguage\":\"fr-FR\",\"@id\":\"https:\/\/realites.com.tn\/fr\/#\/schema\/person\/image\/\",\"url\":\"https:\/\/secure.gravatar.com\/avatar\/6cb0d0a36abd98854e1d819008d7569a?s=96&d=mm&r=g\",\"contentUrl\":\"https:\/\/secure.gravatar.com\/avatar\/6cb0d0a36abd98854e1d819008d7569a?s=96&d=mm&r=g\",\"caption\":\"M. A\"},\"url\":\"https:\/\/realites.com.tn\/fr\/author\/ma2025\/\"}]}<\/script>\n<!-- \/ Yoast SEO plugin. -->","yoast_head_json":{"title":"Tunisie : Le Conseil de la Presse exige la lib\u00e9ration du journaliste Mohamed Youssfi - R\u00e9alit\u00e9s Magazine","description":"Dans un communiqu\u00e9 rendu public le 5 septembre 2026, le Conseil de la Presse a exprim\u00e9 sa vive inqui\u00e9tude \u00e0 la suite de l'arrestation du journaliste","robots":{"index":"index","follow":"follow","max-snippet":"max-snippet:-1","max-image-preview":"max-image-preview:large","max-video-preview":"max-video-preview:-1"},"canonical":"https:\/\/realites.com.tn\/fr\/tunisie-le-conseil-de-la-presse-exige-la-liberation-du-journaliste-mohamed-youssfi\/","og_locale":"fr_FR","og_type":"article","og_title":"Tunisie : Le Conseil de la Presse exige la lib\u00e9ration du journaliste Mohamed Youssfi - R\u00e9alit\u00e9s Magazine","og_description":"Dans un communiqu\u00e9 rendu public le 5 septembre 2026, le Conseil de la Presse a exprim\u00e9 sa vive inqui\u00e9tude \u00e0 la suite de l'arrestation du journaliste","og_url":"https:\/\/realites.com.tn\/fr\/tunisie-le-conseil-de-la-presse-exige-la-liberation-du-journaliste-mohamed-youssfi\/","og_site_name":"R\u00e9alit\u00e9s Magazine","article_publisher":"https:\/\/www.facebook.com\/realites.tn\/","article_published_time":"2026-09-05T18:09:41+00:00","og_image":[{"width":684,"height":463,"url":"https:\/\/realites.com.tn\/fr\/wp-content\/uploads\/2025\/09\/conseil-de-presse.jpg","type":"image\/jpeg"}],"author":"M. A","twitter_card":"summary_large_image","twitter_misc":{"\u00c9crit par":"M. A","Dur\u00e9e de lecture estim\u00e9e":"2 minutes"},"schema":{"@context":"https:\/\/schema.org","@graph":[{"@type":"WebPage","@id":"https:\/\/realites.com.tn\/fr\/tunisie-le-conseil-de-la-presse-exige-la-liberation-du-journaliste-mohamed-youssfi\/","url":"https:\/\/realites.com.tn\/fr\/tunisie-le-conseil-de-la-presse-exige-la-liberation-du-journaliste-mohamed-youssfi\/","name":"Tunisie : Le Conseil de la Presse exige la lib\u00e9ration du journaliste Mohamed Youssfi - R\u00e9alit\u00e9s Magazine","isPartOf":{"@id":"https:\/\/realites.com.tn\/fr\/#website"},"primaryImageOfPage":{"@id":"https:\/\/realites.com.tn\/fr\/tunisie-le-conseil-de-la-presse-exige-la-liberation-du-journaliste-mohamed-youssfi\/#primaryimage"},"image":{"@id":"https:\/\/realites.com.tn\/fr\/tunisie-le-conseil-de-la-presse-exige-la-liberation-du-journaliste-mohamed-youssfi\/#primaryimage"},"thumbnailUrl":"https:\/\/realites.com.tn\/fr\/wp-content\/uploads\/2025\/09\/conseil-de-presse.jpg","datePublished":"2026-09-05T18:09:41+00:00","author":{"@id":"https:\/\/realites.com.tn\/fr\/#\/schema\/person\/515fe3e54fbbc075df64dd746b52c530"},"description":"Dans un communiqu\u00e9 rendu public le 5 septembre 2026, le Conseil de la Presse a exprim\u00e9 sa vive inqui\u00e9tude \u00e0 la suite de l'arrestation du journaliste","breadcrumb":{"@id":"https:\/\/realites.com.tn\/fr\/tunisie-le-conseil-de-la-presse-exige-la-liberation-du-journaliste-mohamed-youssfi\/#breadcrumb"},"inLanguage":"fr-FR","potentialAction":[{"@type":"ReadAction","target":["https:\/\/realites.com.tn\/fr\/tunisie-le-conseil-de-la-presse-exige-la-liberation-du-journaliste-mohamed-youssfi\/"]}]},{"@type":"ImageObject","inLanguage":"fr-FR","@id":"https:\/\/realites.com.tn\/fr\/tunisie-le-conseil-de-la-presse-exige-la-liberation-du-journaliste-mohamed-youssfi\/#primaryimage","url":"https:\/\/realites.com.tn\/fr\/wp-content\/uploads\/2025\/09\/conseil-de-presse.jpg","contentUrl":"https:\/\/realites.com.tn\/fr\/wp-content\/uploads\/2025\/09\/conseil-de-presse.jpg","width":684,"height":463},{"@type":"BreadcrumbList","@id":"https:\/\/realites.com.tn\/fr\/tunisie-le-conseil-de-la-presse-exige-la-liberation-du-journaliste-mohamed-youssfi\/#breadcrumb","itemListElement":[{"@type":"ListItem","position":1,"name":"Home","item":"https:\/\/realites.com.tn\/fr\/"},{"@type":"ListItem","position":2,"name":"Tunisie : Le Conseil de la Presse exige la lib\u00e9ration du journaliste Mohamed Youssfi"}]},{"@type":"WebSite","@id":"https:\/\/realites.com.tn\/fr\/#website","url":"https:\/\/realites.com.tn\/fr\/","name":"R\u00e9alit\u00e9s Magazine","description":"Actualit\u00e9s de la Tunisie","potentialAction":[{"@type":"SearchAction","target":{"@type":"EntryPoint","urlTemplate":"https:\/\/realites.com.tn\/fr\/?s={search_term_string}"},"query-input":{"@type":"PropertyValueSpecification","valueRequired":true,"valueName":"search_term_string"}}],"inLanguage":"fr-FR"},{"@type":"Person","@id":"https:\/\/realites.com.tn\/fr\/#\/schema\/person\/515fe3e54fbbc075df64dd746b52c530","name":"M. A","image":{"@type":"ImageObject","inLanguage":"fr-FR","@id":"https:\/\/realites.com.tn\/fr\/#\/schema\/person\/image\/","url":"https:\/\/secure.gravatar.com\/avatar\/6cb0d0a36abd98854e1d819008d7569a?s=96&d=mm&r=g","contentUrl":"https:\/\/secure.gravatar.com\/avatar\/6cb0d0a36abd98854e1d819008d7569a?s=96&d=mm&r=g","caption":"M. A"},"url":"https:\/\/realites.com.tn\/fr\/author\/ma2025\/"}]}},"jetpack_featured_media_url":"https:\/\/realites.com.tn\/fr\/wp-content\/uploads\/2025\/09\/conseil-de-presse.jpg","jetpack_sharing_enabled":true,"views":18,"_links":{"self":[{"href":"https:\/\/realites.com.tn\/fr\/wp-json\/wp\/v2\/posts\/395092","targetHints":{"allow":["GET"]}}],"collection":[{"href":"https:\/\/realites.com.tn\/fr\/wp-json\/wp\/v2\/posts"}],"about":[{"href":"https:\/\/realites.com.tn\/fr\/wp-json\/wp\/v2\/types\/post"}],"author":[{"embeddable":true,"href":"https:\/\/realites.com.tn\/fr\/wp-json\/wp\/v2\/users\/145"}],"replies":[{"embeddable":true,"href":"https:\/\/realites.com.tn\/fr\/wp-json\/wp\/v2\/comments?post=395092"}],"version-history":[{"count":1,"href":"https:\/\/realites.com.tn\/fr\/wp-json\/wp\/v2\/posts\/395092\/revisions"}],"predecessor-version":[{"id":395093,"href":"https:\/\/realites.com.tn\/fr\/wp-json\/wp\/v2\/posts\/395092\/revisions\/395093"}],"wp:featuredmedia":[{"embeddable":true,"href":"https:\/\/realites.com.tn\/fr\/wp-json\/wp\/v2\/media\/370560"}],"wp:attachment":[{"href":"https:\/\/realites.com.tn\/fr\/wp-json\/wp\/v2\/media?parent=395092"}],"wp:term":[{"taxonomy":"category","embeddable":true,"href":"https:\/\/realites.com.tn\/fr\/wp-json\/wp\/v2\/categories?post=395092"},{"taxonomy":"post_tag","embeddable":true,"href":"https:\/\/realites.com.tn\/fr\/wp-json\/wp\/v2\/tags?post=395092"}],"curies":[{"name":"wp","href":"https:\/\/api.w.org\/{rel}","templated":true}]}}