{"id":395094,"date":"2026-09-06T20:24:15","date_gmt":"2026-09-06T19:24:15","guid":{"rendered":"https:\/\/realites.com.tn\/fr\/?p=395094"},"modified":"2026-09-06T20:24:15","modified_gmt":"2026-09-06T19:24:15","slug":"crises-et-revolte-virtuelle","status":"publish","type":"post","link":"https:\/\/realites.com.tn\/fr\/crises-et-revolte-virtuelle\/","title":{"rendered":"Crises et \u00ab r\u00e9volte \u00bb virtuelle"},"content":{"rendered":"<p>La Tunisie, qui s\u2019agite, r\u00e9agit, commente, critique, s\u2019emporte, s\u2019organise, milite, accuse, attaque sur les r\u00e9seaux sociaux, n\u2019a rien \u00e0 voir avec la Tunisie officielle, bureaucratique, institutionnelle, r\u00e9galienne, qui publie des communiqu\u00e9s, ne r\u00e9agit pas rapidement, r\u00e9prime les plus t\u00e9m\u00e9raires, occulte les crises complexes, menace mais n\u2019agit pas ou peu. Les exemples sont innombrables.<\/p>\n<p>Sur les r\u00e9seaux sociaux, les Tunisiens sont quasiment \u00e0 la veille d\u2019une r\u00e9volte, comme celle de 2011, ou pire. Famine, soif, pauvret\u00e9, faillite, laisser-aller, incivisme, ins\u00e9curit\u00e9,\u00a0 despotisme, incomp\u00e9tence, isolement r\u00e9gional et international, nihilit\u00e9, non-gouvernance. Ce n\u2019est pas la Tunisie, c\u2019est l\u2019enfer qui a ouvert ses portes devant un peuple qui aspire \u00e0 vivre dignement et librement, \u00e0 s\u2019\u00e9panouir \u00e9conomiquement, socialement et politiquement, \u00e0 assurer l\u2019avenir de ses enfants, \u00e0 \u00e9voluer dans un environnement de cr\u00e9ation, d\u2019innovation, d\u2019ouverture sur le monde. Ceci n\u2019est pas un r\u00eave impossible, c\u2019est une r\u00e9alit\u00e9 v\u00e9cue dans beaucoup d\u2019autres pays proches de nous\u00a0; c\u2019est m\u00eame, en partie, ce qu\u2019\u00e9tait la Tunisie avant 2011. Ce n\u2019\u00e9tait, certes, pas le paradis, mais les jeunes Tunisiens ne mettaient pas leur vie en p\u00e9ril par milliers, ni les comp\u00e9tences leur avenir, pour aller chercher \u00ab\u00a0une chance\u00a0\u00bb sous d\u2019autres cieux, parfois moins cl\u00e9ments que leur propre patrie, surtout avec la mont\u00e9e en puissance du racisme et de la x\u00e9nophobie. Les opposants politiques et les militants des droits de l\u2019homme n\u2019\u00e9taient pas moins pers\u00e9cut\u00e9s qu\u2019aujourd\u2019hui, mais ils faisaient plus de bruit et plus de mal au r\u00e9gime en place parce qu\u2019ils avaient plus de poids dans la soci\u00e9t\u00e9. Aujourd\u2019hui, ils ont peur de l\u2019impr\u00e9vu pouvant r\u00e9sulter d\u2019un hyper-pr\u00e9sidentialisme faisant cavalier seul et silencieux sur les grandes questions nationales qui enflamment le d\u00e9bat public, comme celle des flux massifs et inexpliqu\u00e9s de migrants clandestins subsahariens, obnubil\u00e9 par des comploteurs et des saboteurs, non identifi\u00e9s\u00a0et libres, prenant en otage \u00ab\u00a0le pain du peuple\u00a0\u00bb, impuissant face aux lobbys influents qui \u00ab\u00a0paralysent l\u2019administration et les rouages de l\u2019\u00e9conomie nationale\u00a0\u00bb. Qui sont-ils\u00a0? Pourquoi sont-ils indomptables\u00a0? Comment agissent-ils\u00a0? Toutes ces questions restent sans r\u00e9ponses. Hormis quelques communiqu\u00e9s laconiques, qui arrivent toujours trop tard quand la pol\u00e9mique a atteint son point culminant, les\u00a0 responsables administratifs et politiques fuient les m\u00e9dias, les interviews et autres conf\u00e9rences de presse, ne r\u00e9pondent pas \u00e0 toutes les interrogations qui pr\u00e9occupent l\u2019opinion publique, se cantonnent dans leurs bureaux et dans leurs dossiers. Le r\u00e9sultat est d\u00e9sastreux\u00a0: la confiance du citoyen dans les institutions s\u2019\u00e9rode et le travail de ces derni\u00e8res est d\u00e9valoris\u00e9.<\/p>\n<p>Alors, il y a lieu de s\u2019interroger\u00a0: pourquoi un aussi important pouvoir politique concentr\u00e9 dans une seule fonction n\u2019arrive-t-il pas \u00e0 d\u00e9raciner les crises, \u00e0 les contrecarrer ou \u00e0 les contenir \u00e0 temps avant qu\u2019elles ne se transforment en \u00ab\u00a0r\u00e9volte\u00a0\u00bb sur les r\u00e9seaux sociaux ou qu\u2019elles ne d\u00e9bouchent sur des mouvements de protestation populaire avec des routes coup\u00e9es et des pneus incendi\u00e9s ou des manifestations brandissant des slogans diffamants n\u2019ayant rien \u00e0 voir avec la prise de position politique\u00a0? Est-ce l\u2019absence de dialogue et d\u2019\u00e9coute\u00a0? La plus grande faille du syst\u00e8me actuel, c\u2019est sa communication, le culte du silence, un mutisme qui frise l\u2019arrogance. A force de ne pas communiquer, de ne pas \u00e9changer avec les relais de l\u2019information (les journalistes), de ne pas expliquer publiquement, de cultiver la f\u00e9brilit\u00e9, l\u2019individualisme, ce syst\u00e8me n\u2019est pas compris et, au final, il n\u2019est plus entendu. Les sorties nocturnes du pr\u00e9sident de la r\u00e9publique, ses menaces, il sait s\u00fbrement de quoi il parle, et ses injonctions ne suffisent pas. Le Pr\u00e9sident ne dit pas tout, il insinue. Et le flou ne convainc pas. Les propos d\u2019un chef d\u2019Etat doivent toujours \u00eatre suivis de r\u00e9actions, d\u2019explications et d\u2019analyses, au grand jour et \u00e0 grande \u00e9chelle, par les ministres, les \u00e9lus, l\u2019opposition, la soci\u00e9t\u00e9 civile. C\u2019est cette transparence qui permet de d\u00e9nicher les failles du syst\u00e8me, les raisons originelles des crises et les solutions \u00e0 m\u00eame de les r\u00e9soudre, totalement ou en partie. La sp\u00e9culation, le monopole, pour ne citer que ces deux ph\u00e9nom\u00e8nes, il faut aussi les combattre par la publicit\u00e9, il faut appeler les choses par leurs noms, la r\u00e9pression s\u00e9curitaire et judiciaire ne suffit pas. L\u2019opinion publique doit savoir qui fait quoi et comprendre pour, d\u2019abord, ne pas tomber dans le pi\u00e8ge des rumeurs fallacieuses, \u2014elles sont nombreuses et multiples\u2014, et, ensuite, agir en toute responsabilit\u00e9 envers les fauteurs de troubles et les incomp\u00e9tents.<\/p>\n<p>Les \u00ab\u00a0mesurettes\u00a0\u00bb ponctuelles auxquelles l\u2019Etat a toujours recours pour \u00e9teindre les toll\u00e9s provoqu\u00e9s par les p\u00e9nuries et les pol\u00e9miques n\u2019ont, \u00e0 ce jour, r\u00e9solu aucune crise et ont, plut\u00f4t, contribu\u00e9 \u00e0 dessiner l\u2019image d\u2019un r\u00e9gime incapable de fermet\u00e9 et d\u2019efficacit\u00e9 et en d\u00e9clin. Un terreau favorable \u00e0 la r\u00e9volte.<\/p>\n","protected":false},"excerpt":{"rendered":"<p>La Tunisie, qui s\u2019agite, r\u00e9agit, commente, critique, s\u2019emporte, s\u2019organise, milite, accuse, attaque sur les r\u00e9seaux sociaux, n\u2019a rien \u00e0 voir avec la Tunisie officielle, bureaucratique, institutionnelle, r\u00e9galienne, qui publie des&hellip;<\/p>\n","protected":false},"author":107,"featured_media":390397,"comment_status":"open","ping_status":"closed","sticky":false,"template":"","format":"standard","meta":{"_lmt_disableupdate":"no","_lmt_disable":"","_jetpack_memberships_contains_paid_content":false,"footnotes":""},"categories":[11],"tags":[],"class_list":["post-395094","post","type-post","status-publish","format-standard","has-post-thumbnail","hentry","category-opinions"],"yoast_head":"<!-- This site is optimized with the Yoast SEO plugin v26.3 - https:\/\/yoast.com\/wordpress\/plugins\/seo\/ -->\n<title>Crises et \u00ab r\u00e9volte \u00bb virtuelle - R\u00e9alit\u00e9s Magazine<\/title>\n<meta name=\"description\" content=\"La Tunisie, qui s\u2019agite, r\u00e9agit, commente, critique, s\u2019emporte, s\u2019organise, milite, accuse, attaque sur les r\u00e9seaux sociaux, n\u2019a rien \u00e0 voir avec la\" \/>\n<meta name=\"robots\" content=\"index, follow, max-snippet:-1, max-image-preview:large, max-video-preview:-1\" \/>\n<link rel=\"canonical\" href=\"https:\/\/realites.com.tn\/fr\/crises-et-revolte-virtuelle\/\" \/>\n<meta property=\"og:locale\" content=\"fr_FR\" \/>\n<meta property=\"og:type\" content=\"article\" \/>\n<meta property=\"og:title\" content=\"Crises et \u00ab r\u00e9volte \u00bb virtuelle - R\u00e9alit\u00e9s Magazine\" \/>\n<meta property=\"og:description\" content=\"La Tunisie, qui s\u2019agite, r\u00e9agit, commente, critique, s\u2019emporte, s\u2019organise, milite, accuse, attaque sur les r\u00e9seaux sociaux, n\u2019a rien \u00e0 voir avec la\" \/>\n<meta property=\"og:url\" content=\"https:\/\/realites.com.tn\/fr\/crises-et-revolte-virtuelle\/\" \/>\n<meta property=\"og:site_name\" content=\"R\u00e9alit\u00e9s Magazine\" \/>\n<meta property=\"article:publisher\" content=\"https:\/\/www.facebook.com\/realites.tn\/\" \/>\n<meta property=\"article:published_time\" content=\"2026-09-06T19:24:15+00:00\" \/>\n<meta property=\"og:image\" content=\"https:\/\/realites.com.tn\/fr\/wp-content\/uploads\/2026\/06\/ledito.jpg\" \/>\n\t<meta property=\"og:image:width\" content=\"1376\" \/>\n\t<meta property=\"og:image:height\" content=\"768\" \/>\n\t<meta property=\"og:image:type\" content=\"image\/jpeg\" \/>\n<meta name=\"author\" content=\"Yasmine Arabi\" \/>\n<meta name=\"twitter:card\" content=\"summary_large_image\" \/>\n<meta name=\"twitter:label1\" content=\"\u00c9crit par\" \/>\n\t<meta name=\"twitter:data1\" content=\"Yasmine Arabi\" \/>\n\t<meta name=\"twitter:label2\" content=\"Dur\u00e9e de lecture estim\u00e9e\" \/>\n\t<meta name=\"twitter:data2\" content=\"5 minutes\" \/>\n<script type=\"application\/ld+json\" class=\"yoast-schema-graph\">{\"@context\":\"https:\/\/schema.org\",\"@graph\":[{\"@type\":\"WebPage\",\"@id\":\"https:\/\/realites.com.tn\/fr\/crises-et-revolte-virtuelle\/\",\"url\":\"https:\/\/realites.com.tn\/fr\/crises-et-revolte-virtuelle\/\",\"name\":\"Crises et \u00ab r\u00e9volte \u00bb virtuelle - R\u00e9alit\u00e9s Magazine\",\"isPartOf\":{\"@id\":\"https:\/\/realites.com.tn\/fr\/#website\"},\"primaryImageOfPage\":{\"@id\":\"https:\/\/realites.com.tn\/fr\/crises-et-revolte-virtuelle\/#primaryimage\"},\"image\":{\"@id\":\"https:\/\/realites.com.tn\/fr\/crises-et-revolte-virtuelle\/#primaryimage\"},\"thumbnailUrl\":\"https:\/\/realites.com.tn\/fr\/wp-content\/uploads\/2026\/06\/ledito.jpg\",\"datePublished\":\"2026-09-06T19:24:15+00:00\",\"author\":{\"@id\":\"https:\/\/realites.com.tn\/fr\/#\/schema\/person\/06a511b4d2fe915f476de4f87e6bb2c8\"},\"description\":\"La Tunisie, qui s\u2019agite, r\u00e9agit, commente, critique, s\u2019emporte, s\u2019organise, milite, accuse, attaque sur les r\u00e9seaux sociaux, n\u2019a rien \u00e0 voir avec la\",\"breadcrumb\":{\"@id\":\"https:\/\/realites.com.tn\/fr\/crises-et-revolte-virtuelle\/#breadcrumb\"},\"inLanguage\":\"fr-FR\",\"potentialAction\":[{\"@type\":\"ReadAction\",\"target\":[\"https:\/\/realites.com.tn\/fr\/crises-et-revolte-virtuelle\/\"]}]},{\"@type\":\"ImageObject\",\"inLanguage\":\"fr-FR\",\"@id\":\"https:\/\/realites.com.tn\/fr\/crises-et-revolte-virtuelle\/#primaryimage\",\"url\":\"https:\/\/realites.com.tn\/fr\/wp-content\/uploads\/2026\/06\/ledito.jpg\",\"contentUrl\":\"https:\/\/realites.com.tn\/fr\/wp-content\/uploads\/2026\/06\/ledito.jpg\",\"width\":1376,\"height\":768},{\"@type\":\"BreadcrumbList\",\"@id\":\"https:\/\/realites.com.tn\/fr\/crises-et-revolte-virtuelle\/#breadcrumb\",\"itemListElement\":[{\"@type\":\"ListItem\",\"position\":1,\"name\":\"Home\",\"item\":\"https:\/\/realites.com.tn\/fr\/\"},{\"@type\":\"ListItem\",\"position\":2,\"name\":\"Crises et \u00ab r\u00e9volte \u00bb virtuelle\"}]},{\"@type\":\"WebSite\",\"@id\":\"https:\/\/realites.com.tn\/fr\/#website\",\"url\":\"https:\/\/realites.com.tn\/fr\/\",\"name\":\"R\u00e9alit\u00e9s Magazine\",\"description\":\"Actualit\u00e9s de la Tunisie\",\"potentialAction\":[{\"@type\":\"SearchAction\",\"target\":{\"@type\":\"EntryPoint\",\"urlTemplate\":\"https:\/\/realites.com.tn\/fr\/?s={search_term_string}\"},\"query-input\":{\"@type\":\"PropertyValueSpecification\",\"valueRequired\":true,\"valueName\":\"search_term_string\"}}],\"inLanguage\":\"fr-FR\"},{\"@type\":\"Person\",\"@id\":\"https:\/\/realites.com.tn\/fr\/#\/schema\/person\/06a511b4d2fe915f476de4f87e6bb2c8\",\"name\":\"Yasmine Arabi\",\"image\":{\"@type\":\"ImageObject\",\"inLanguage\":\"fr-FR\",\"@id\":\"https:\/\/realites.com.tn\/fr\/#\/schema\/person\/image\/\",\"url\":\"https:\/\/secure.gravatar.com\/avatar\/72452549604596af346e7e0fd432b2db?s=96&d=mm&r=g\",\"contentUrl\":\"https:\/\/secure.gravatar.com\/avatar\/72452549604596af346e7e0fd432b2db?s=96&d=mm&r=g\",\"caption\":\"Yasmine Arabi\"},\"url\":\"https:\/\/realites.com.tn\/fr\/author\/yasmine-arabi\/\"}]}<\/script>\n<!-- \/ Yoast SEO plugin. -->","yoast_head_json":{"title":"Crises et \u00ab r\u00e9volte \u00bb virtuelle - R\u00e9alit\u00e9s Magazine","description":"La Tunisie, qui s\u2019agite, r\u00e9agit, commente, critique, s\u2019emporte, s\u2019organise, milite, accuse, attaque sur les r\u00e9seaux sociaux, n\u2019a rien \u00e0 voir avec la","robots":{"index":"index","follow":"follow","max-snippet":"max-snippet:-1","max-image-preview":"max-image-preview:large","max-video-preview":"max-video-preview:-1"},"canonical":"https:\/\/realites.com.tn\/fr\/crises-et-revolte-virtuelle\/","og_locale":"fr_FR","og_type":"article","og_title":"Crises et \u00ab r\u00e9volte \u00bb virtuelle - R\u00e9alit\u00e9s Magazine","og_description":"La Tunisie, qui s\u2019agite, r\u00e9agit, commente, critique, s\u2019emporte, s\u2019organise, milite, accuse, attaque sur les r\u00e9seaux sociaux, n\u2019a rien \u00e0 voir avec la","og_url":"https:\/\/realites.com.tn\/fr\/crises-et-revolte-virtuelle\/","og_site_name":"R\u00e9alit\u00e9s Magazine","article_publisher":"https:\/\/www.facebook.com\/realites.tn\/","article_published_time":"2026-09-06T19:24:15+00:00","og_image":[{"width":1376,"height":768,"url":"https:\/\/realites.com.tn\/fr\/wp-content\/uploads\/2026\/06\/ledito.jpg","type":"image\/jpeg"}],"author":"Yasmine Arabi","twitter_card":"summary_large_image","twitter_misc":{"\u00c9crit par":"Yasmine Arabi","Dur\u00e9e de lecture estim\u00e9e":"5 minutes"},"schema":{"@context":"https:\/\/schema.org","@graph":[{"@type":"WebPage","@id":"https:\/\/realites.com.tn\/fr\/crises-et-revolte-virtuelle\/","url":"https:\/\/realites.com.tn\/fr\/crises-et-revolte-virtuelle\/","name":"Crises et \u00ab r\u00e9volte \u00bb virtuelle - R\u00e9alit\u00e9s Magazine","isPartOf":{"@id":"https:\/\/realites.com.tn\/fr\/#website"},"primaryImageOfPage":{"@id":"https:\/\/realites.com.tn\/fr\/crises-et-revolte-virtuelle\/#primaryimage"},"image":{"@id":"https:\/\/realites.com.tn\/fr\/crises-et-revolte-virtuelle\/#primaryimage"},"thumbnailUrl":"https:\/\/realites.com.tn\/fr\/wp-content\/uploads\/2026\/06\/ledito.jpg","datePublished":"2026-09-06T19:24:15+00:00","author":{"@id":"https:\/\/realites.com.tn\/fr\/#\/schema\/person\/06a511b4d2fe915f476de4f87e6bb2c8"},"description":"La Tunisie, qui s\u2019agite, r\u00e9agit, commente, critique, s\u2019emporte, s\u2019organise, milite, accuse, attaque sur les r\u00e9seaux sociaux, n\u2019a rien \u00e0 voir avec la","breadcrumb":{"@id":"https:\/\/realites.com.tn\/fr\/crises-et-revolte-virtuelle\/#breadcrumb"},"inLanguage":"fr-FR","potentialAction":[{"@type":"ReadAction","target":["https:\/\/realites.com.tn\/fr\/crises-et-revolte-virtuelle\/"]}]},{"@type":"ImageObject","inLanguage":"fr-FR","@id":"https:\/\/realites.com.tn\/fr\/crises-et-revolte-virtuelle\/#primaryimage","url":"https:\/\/realites.com.tn\/fr\/wp-content\/uploads\/2026\/06\/ledito.jpg","contentUrl":"https:\/\/realites.com.tn\/fr\/wp-content\/uploads\/2026\/06\/ledito.jpg","width":1376,"height":768},{"@type":"BreadcrumbList","@id":"https:\/\/realites.com.tn\/fr\/crises-et-revolte-virtuelle\/#breadcrumb","itemListElement":[{"@type":"ListItem","position":1,"name":"Home","item":"https:\/\/realites.com.tn\/fr\/"},{"@type":"ListItem","position":2,"name":"Crises et \u00ab r\u00e9volte \u00bb virtuelle"}]},{"@type":"WebSite","@id":"https:\/\/realites.com.tn\/fr\/#website","url":"https:\/\/realites.com.tn\/fr\/","name":"R\u00e9alit\u00e9s Magazine","description":"Actualit\u00e9s de la Tunisie","potentialAction":[{"@type":"SearchAction","target":{"@type":"EntryPoint","urlTemplate":"https:\/\/realites.com.tn\/fr\/?s={search_term_string}"},"query-input":{"@type":"PropertyValueSpecification","valueRequired":true,"valueName":"search_term_string"}}],"inLanguage":"fr-FR"},{"@type":"Person","@id":"https:\/\/realites.com.tn\/fr\/#\/schema\/person\/06a511b4d2fe915f476de4f87e6bb2c8","name":"Yasmine Arabi","image":{"@type":"ImageObject","inLanguage":"fr-FR","@id":"https:\/\/realites.com.tn\/fr\/#\/schema\/person\/image\/","url":"https:\/\/secure.gravatar.com\/avatar\/72452549604596af346e7e0fd432b2db?s=96&d=mm&r=g","contentUrl":"https:\/\/secure.gravatar.com\/avatar\/72452549604596af346e7e0fd432b2db?s=96&d=mm&r=g","caption":"Yasmine Arabi"},"url":"https:\/\/realites.com.tn\/fr\/author\/yasmine-arabi\/"}]}},"jetpack_featured_media_url":"https:\/\/realites.com.tn\/fr\/wp-content\/uploads\/2026\/06\/ledito.jpg","jetpack_sharing_enabled":true,"views":6,"_links":{"self":[{"href":"https:\/\/realites.com.tn\/fr\/wp-json\/wp\/v2\/posts\/395094","targetHints":{"allow":["GET"]}}],"collection":[{"href":"https:\/\/realites.com.tn\/fr\/wp-json\/wp\/v2\/posts"}],"about":[{"href":"https:\/\/realites.com.tn\/fr\/wp-json\/wp\/v2\/types\/post"}],"author":[{"embeddable":true,"href":"https:\/\/realites.com.tn\/fr\/wp-json\/wp\/v2\/users\/107"}],"replies":[{"embeddable":true,"href":"https:\/\/realites.com.tn\/fr\/wp-json\/wp\/v2\/comments?post=395094"}],"version-history":[{"count":1,"href":"https:\/\/realites.com.tn\/fr\/wp-json\/wp\/v2\/posts\/395094\/revisions"}],"predecessor-version":[{"id":395095,"href":"https:\/\/realites.com.tn\/fr\/wp-json\/wp\/v2\/posts\/395094\/revisions\/395095"}],"wp:featuredmedia":[{"embeddable":true,"href":"https:\/\/realites.com.tn\/fr\/wp-json\/wp\/v2\/media\/390397"}],"wp:attachment":[{"href":"https:\/\/realites.com.tn\/fr\/wp-json\/wp\/v2\/media?parent=395094"}],"wp:term":[{"taxonomy":"category","embeddable":true,"href":"https:\/\/realites.com.tn\/fr\/wp-json\/wp\/v2\/categories?post=395094"},{"taxonomy":"post_tag","embeddable":true,"href":"https:\/\/realites.com.tn\/fr\/wp-json\/wp\/v2\/tags?post=395094"}],"curies":[{"name":"wp","href":"https:\/\/api.w.org\/{rel}","templated":true}]}}